{"id":10520,"date":"2024-06-26T10:13:44","date_gmt":"2024-06-26T10:13:44","guid":{"rendered":"https:\/\/www.alpvisionresidences.com\/blog\/?p=10520"},"modified":"2025-02-20T10:57:19","modified_gmt":"2025-02-20T10:57:19","slug":"sommerurlaub-alpen","status":"publish","type":"post","link":"https:\/\/www.alpvisionresidences.com\/blog\/de\/sommerurlaub-alpen\/","title":{"rendered":"Ihr Sommerurlaub in den Alpen"},"content":{"rendered":"\t\t<div data-elementor-type=\"wp-post\" data-elementor-id=\"10520\" class=\"elementor elementor-10520 elementor-9380\" data-elementor-post-type=\"post\">\n\t\t\t\t\t\t<section class=\"elementor-section elementor-top-section elementor-element elementor-element-ab947fa elementor-section-boxed elementor-section-height-default elementor-section-height-default\" data-id=\"ab947fa\" data-element_type=\"section\" data-e-type=\"section\">\n\t\t\t\t\t\t<div class=\"elementor-container elementor-column-gap-default\">\n\t\t\t\t\t<div class=\"elementor-column elementor-col-100 elementor-top-column elementor-element elementor-element-4e9220df\" data-id=\"4e9220df\" data-element_type=\"column\" data-e-type=\"column\">\n\t\t\t<div class=\"elementor-widget-wrap elementor-element-populated\">\n\t\t\t\t\t\t<div class=\"elementor-element elementor-element-30ad3991 elementor-widget elementor-widget-text-editor\" data-id=\"30ad3991\" data-element_type=\"widget\" data-e-type=\"widget\" data-widget_type=\"text-editor.default\">\n\t\t\t\t<div class=\"elementor-widget-container\">\n\t\t\t\t\t\t\t\t\t<p>Wenn Sie \u00fcberf\u00fcllte Str\u00e4nde und belebte Stadtzentren gegen gelassene Ruhe eintauschen m\u00f6chten, dann ist ein <strong>Sommerurlaub in den Alpen<\/strong> die perfekte Wahl f\u00fcr Sie, Ihre Familie und Ihre Freunde. Die Vorteile <strong>eines Sommerurlaubs in den Alpen<\/strong> sind, dass Sie jederzeit Abenteuer, Geschichte, Kultur, Natur und Entspannung erleben k\u00f6nnen. Die k\u00fchle Bergluft hilft, den stickigen und feuchten St\u00e4dten zu entfliehen, und die gro\u00dfen Gebirgsketten und T\u00e4ler der Alpen bieten eine atemberaubende Kulisse!<\/p><p>In diesem Blogbeitrag erkl\u00e4ren wir Ihnen alles, was Sie f\u00fcr die Planung des <strong>perfekten Sommerurlaubs in den Alpen<\/strong> wissen m\u00fcssen. Wir haben alle Top-Aktivit\u00e4ten, Attraktionen und Wanderwege f\u00fcr Sie. Au\u00dferdem geben wir Ihnen Vorschl\u00e4ge f\u00fcr Unterk\u00fcnfte, die f\u00fcr alle Arten von Reisenden geeignet sind, unabh\u00e4ngig von der Gr\u00f6\u00dfe oder den Bed\u00fcrfnissen Ihrer Gruppe.<\/p>\t\t\t\t\t\t\t\t<\/div>\n\t\t\t\t<\/div>\n\t\t\t\t\t<\/div>\n\t\t<\/div>\n\t\t\t\t\t<\/div>\n\t\t<\/section>\n\t\t\t\t<section class=\"elementor-section elementor-top-section elementor-element elementor-element-396869d elementor-section-boxed elementor-section-height-default elementor-section-height-default\" data-id=\"396869d\" data-element_type=\"section\" data-e-type=\"section\">\n\t\t\t\t\t\t<div class=\"elementor-container elementor-column-gap-default\">\n\t\t\t\t\t<div class=\"elementor-column elementor-col-100 elementor-top-column elementor-element elementor-element-517ca1b\" data-id=\"517ca1b\" data-element_type=\"column\" data-e-type=\"column\">\n\t\t\t<div class=\"elementor-widget-wrap elementor-element-populated\">\n\t\t\t\t\t\t<div class=\"elementor-element elementor-element-16ce27ab elementor-widget elementor-widget-table-of-contents\" data-id=\"16ce27ab\" data-element_type=\"widget\" data-e-type=\"widget\" data-settings=\"{&quot;headings_by_tags&quot;:[&quot;h2&quot;],&quot;exclude_headings_by_selector&quot;:[],&quot;marker_view&quot;:&quot;bullets&quot;,&quot;icon&quot;:{&quot;value&quot;:&quot;&quot;,&quot;library&quot;:&quot;&quot;},&quot;no_headings_message&quot;:&quot;No headings were found on this page.&quot;,&quot;hierarchical_view&quot;:&quot;yes&quot;,&quot;min_height&quot;:{&quot;unit&quot;:&quot;px&quot;,&quot;size&quot;:&quot;&quot;,&quot;sizes&quot;:[]},&quot;min_height_tablet&quot;:{&quot;unit&quot;:&quot;px&quot;,&quot;size&quot;:&quot;&quot;,&quot;sizes&quot;:[]},&quot;min_height_mobile&quot;:{&quot;unit&quot;:&quot;px&quot;,&quot;size&quot;:&quot;&quot;,&quot;sizes&quot;:[]}}\" data-widget_type=\"table-of-contents.default\">\n\t\t\t\t<div class=\"elementor-widget-container\">\n\t\t\t\t\t\t\t\t\t<div class=\"elementor-toc__header\">\n\t\t\t\t\t\t<div class=\"elementor-toc__header-title\">\n\t\t\t\tVerzeichnis\t\t\t<\/div>\n\t\t\t\t\t\t\t\t<\/div>\n\t\t\t\t<div id=\"elementor-toc__16ce27ab\" class=\"elementor-toc__body\">\n\t\t\t<div class=\"elementor-toc__spinner-container\">\n\t\t\t\t<i class=\"elementor-toc__spinner eicon-animation-spin eicon-loading\" aria-hidden=\"true\"><\/i>\t\t\t<\/div>\n\t\t<\/div>\n\t\t\t\t\t\t<\/div>\n\t\t\t\t<\/div>\n\t\t\t\t\t<\/div>\n\t\t<\/div>\n\t\t\t\t\t<\/div>\n\t\t<\/section>\n\t\t\t\t<section class=\"elementor-section elementor-top-section elementor-element elementor-element-06c9d18 elementor-section-boxed elementor-section-height-default elementor-section-height-default\" data-id=\"06c9d18\" data-element_type=\"section\" data-e-type=\"section\">\n\t\t\t\t\t\t<div class=\"elementor-container elementor-column-gap-default\">\n\t\t\t\t\t<div class=\"elementor-column elementor-col-100 elementor-top-column elementor-element elementor-element-baf7a85\" data-id=\"baf7a85\" data-element_type=\"column\" data-e-type=\"column\">\n\t\t\t<div class=\"elementor-widget-wrap elementor-element-populated\">\n\t\t\t\t\t\t<div class=\"elementor-element elementor-element-4ac74a4 elementor-widget elementor-widget-heading\" data-id=\"4ac74a4\" data-element_type=\"widget\" data-e-type=\"widget\" data-widget_type=\"heading.default\">\n\t\t\t\t<div class=\"elementor-widget-container\">\n\t\t\t\t\t<h2 class=\"elementor-heading-title elementor-size-default\">Sommer in den Alpen\n<\/h2>\t\t\t\t<\/div>\n\t\t\t\t<\/div>\n\t\t\t\t<div class=\"elementor-element elementor-element-88e5c13 elementor-widget elementor-widget-text-editor\" data-id=\"88e5c13\" data-element_type=\"widget\" data-e-type=\"widget\" data-widget_type=\"text-editor.default\">\n\t\t\t\t<div class=\"elementor-widget-container\">\n\t\t\t\t\t\t\t\t\t<p>International als Winterwunderland bekannt, verwandeln sich die Alpen in den Sommermonaten auf atemberaubende Weise in ein \u00fcppiges Gebiet f\u00fcr Naturliebhaber, die die frische Luft in der freien Natur genie\u00dfen m\u00f6chten. Die Alpen erstrecken sich \u00fcber acht L\u00e4nder, darunter <strong>Frankreich<\/strong>, die <strong>Schweiz<\/strong>, Italien, \u00d6sterreich, Deutschland, Slowenien, Monaco und Liechtenstein, wobei jede Region der alpinen Umwelt ihre eigene Note verleiht.<\/p><p>Normalerweise herrschen im Sommer tags\u00fcber angenehm warme Temperaturen zwischen <strong>20 \u00b0C und 25 \u00b0C<\/strong>, die sich ideal zum Wandern, Klettern und Mountainbiken eignen. Beachten Sie jedoch, dass es abends deutlich k\u00fchler wird, weshalb Sie lange Hosen und Pullover einpacken sollten.<\/p><p>\u00dcberall in den Alpen k\u00f6nnen Sie Seen, W\u00e4lder und sogar einige Berggipfel erkunden, die in der w\u00e4rmeren Jahreszeit schneebedeckt bleiben. Es ist das perfekte Ziel f\u00fcr Ihren Sommerurlaub, um in der Natur zu entspannen.<\/p>\t\t\t\t\t\t\t\t<\/div>\n\t\t\t\t<\/div>\n\t\t\t\t\t<\/div>\n\t\t<\/div>\n\t\t\t\t\t<\/div>\n\t\t<\/section>\n\t\t\t\t<section class=\"elementor-section elementor-top-section elementor-element elementor-element-88dc19a elementor-section-boxed elementor-section-height-default elementor-section-height-default\" data-id=\"88dc19a\" data-element_type=\"section\" data-e-type=\"section\">\n\t\t\t\t\t\t<div class=\"elementor-container elementor-column-gap-default\">\n\t\t\t\t\t<div class=\"elementor-column elementor-col-100 elementor-top-column elementor-element elementor-element-aae586e\" data-id=\"aae586e\" data-element_type=\"column\" data-e-type=\"column\">\n\t\t\t<div class=\"elementor-widget-wrap elementor-element-populated\">\n\t\t\t\t\t\t<div class=\"elementor-element elementor-element-a50fc01 elementor-widget elementor-widget-image\" data-id=\"a50fc01\" data-element_type=\"widget\" data-e-type=\"widget\" data-widget_type=\"image.default\">\n\t\t\t\t<div class=\"elementor-widget-container\">\n\t\t\t\t\t\t\t\t\t\t\t\t\t\t\t<img fetchpriority=\"high\" decoding=\"async\" width=\"1254\" height=\"627\" src=\"https:\/\/www.alpvisionresidences.com\/blog\/wp-content\/uploads\/2024\/05\/Summer-in-Alps.jpg\" class=\"attachment-full size-full wp-image-9473\" alt=\"Summer-in-Alps\" srcset=\"https:\/\/www.alpvisionresidences.com\/blog\/wp-content\/uploads\/2024\/05\/Summer-in-Alps.jpg 1254w, https:\/\/www.alpvisionresidences.com\/blog\/wp-content\/uploads\/2024\/05\/Summer-in-Alps-768x384.jpg 768w\" sizes=\"(max-width: 1254px) 100vw, 1254px\" \/>\t\t\t\t\t\t\t\t\t\t\t\t\t\t\t<\/div>\n\t\t\t\t<\/div>\n\t\t\t\t\t<\/div>\n\t\t<\/div>\n\t\t\t\t\t<\/div>\n\t\t<\/section>\n\t\t\t\t<section class=\"elementor-section elementor-top-section elementor-element elementor-element-3a0f377 elementor-section-boxed elementor-section-height-default elementor-section-height-default\" data-id=\"3a0f377\" data-element_type=\"section\" data-e-type=\"section\">\n\t\t\t\t\t\t<div class=\"elementor-container elementor-column-gap-default\">\n\t\t\t\t\t<div class=\"elementor-column elementor-col-100 elementor-top-column elementor-element elementor-element-b3a1610\" data-id=\"b3a1610\" data-element_type=\"column\" data-e-type=\"column\">\n\t\t\t<div class=\"elementor-widget-wrap elementor-element-populated\">\n\t\t\t\t\t\t<div class=\"elementor-element elementor-element-d7a6a4b elementor-widget elementor-widget-heading\" data-id=\"d7a6a4b\" data-element_type=\"widget\" data-e-type=\"widget\" data-widget_type=\"heading.default\">\n\t\t\t\t<div class=\"elementor-widget-container\">\n\t\t\t\t\t<h2 class=\"elementor-heading-title elementor-size-default\">Top-Aktivit\u00e4ten und Attraktionen f\u00fcr alpine Sommerabenteuer\n<\/h2>\t\t\t\t<\/div>\n\t\t\t\t<\/div>\n\t\t\t\t<div class=\"elementor-element elementor-element-373e2ea elementor-widget elementor-widget-text-editor\" data-id=\"373e2ea\" data-element_type=\"widget\" data-e-type=\"widget\" data-widget_type=\"text-editor.default\">\n\t\t\t\t<div class=\"elementor-widget-container\">\n\t\t\t\t\t\t\t\t\t<p>Die Alpen sind ein Paradies f\u00fcr jeden Outdoor-Fan. Vom Mountainbiken \u00fcber das Klettern bis hin zum Gleitschirmfliegen gibt es inmitten der atemberaubenden Sch\u00f6nheit dieser Gebirgsketten so viel zu erleben.<\/p>\t\t\t\t\t\t\t\t<\/div>\n\t\t\t\t<\/div>\n\t\t\t\t\t<\/div>\n\t\t<\/div>\n\t\t\t\t\t<\/div>\n\t\t<\/section>\n\t\t\t\t<section class=\"elementor-section elementor-top-section elementor-element elementor-element-d50d466 elementor-section-boxed elementor-section-height-default elementor-section-height-default\" data-id=\"d50d466\" data-element_type=\"section\" data-e-type=\"section\">\n\t\t\t\t\t\t<div class=\"elementor-container elementor-column-gap-default\">\n\t\t\t\t\t<div class=\"elementor-column elementor-col-33 elementor-top-column elementor-element elementor-element-ce73ac5\" data-id=\"ce73ac5\" data-element_type=\"column\" data-e-type=\"column\">\n\t\t\t<div class=\"elementor-widget-wrap elementor-element-populated\">\n\t\t\t\t\t\t<div class=\"elementor-element elementor-element-780244b elementor-view-default elementor-widget elementor-widget-icon\" data-id=\"780244b\" data-element_type=\"widget\" data-e-type=\"widget\" data-widget_type=\"icon.default\">\n\t\t\t\t<div class=\"elementor-widget-container\">\n\t\t\t\t\t\t\t<div class=\"elementor-icon-wrapper\">\n\t\t\t<div class=\"elementor-icon\">\n\t\t\t<i aria-hidden=\"true\" class=\"fas fa-biking\"><\/i>\t\t\t<\/div>\n\t\t<\/div>\n\t\t\t\t\t\t<\/div>\n\t\t\t\t<\/div>\n\t\t\t\t<div class=\"elementor-element elementor-element-0c99552 elementor-widget elementor-widget-heading\" data-id=\"0c99552\" data-element_type=\"widget\" data-e-type=\"widget\" data-widget_type=\"heading.default\">\n\t\t\t\t<div class=\"elementor-widget-container\">\n\t\t\t\t\t<h3 class=\"elementor-heading-title elementor-size-default\">Mountainbiken<\/h3>\t\t\t\t<\/div>\n\t\t\t\t<\/div>\n\t\t\t\t<div class=\"elementor-element elementor-element-11e2ef0 elementor-widget elementor-widget-text-editor\" data-id=\"11e2ef0\" data-element_type=\"widget\" data-e-type=\"widget\" data-widget_type=\"text-editor.default\">\n\t\t\t\t<div class=\"elementor-widget-container\">\n\t\t\t\t\t\t\t\t\t<p>Mountainbiken in den Alpen ist nichts f\u00fcr schwache Nerven, denn es ist eine aufregende Art, die Gegend zu erkunden. In der Schweiz gibt es in der Gegend von Zermatt Strecken wie den Moos-Trail, die perfekt f\u00fcr Anf\u00e4nger geeignet sind, w\u00e4hrend erfahrene Biker die anspruchsvollen Abfahrten vom Gornergrat bew\u00e4ltigen k\u00f6nnen. In Frankreich bietet die Region Portes du Soleil \u00fcber 600 Kilometer markierte Strecken und den beliebten Col de I\u2019Iseran-Pass, der normalerweise von Juni bis Oktober ge\u00f6ffnet ist.<\/p>\t\t\t\t\t\t\t\t<\/div>\n\t\t\t\t<\/div>\n\t\t\t\t\t<\/div>\n\t\t<\/div>\n\t\t\t\t<div class=\"elementor-column elementor-col-33 elementor-top-column elementor-element elementor-element-eab9281\" data-id=\"eab9281\" data-element_type=\"column\" data-e-type=\"column\">\n\t\t\t<div class=\"elementor-widget-wrap elementor-element-populated\">\n\t\t\t\t\t\t<div class=\"elementor-element elementor-element-3b55200 elementor-view-default elementor-widget elementor-widget-icon\" data-id=\"3b55200\" data-element_type=\"widget\" data-e-type=\"widget\" data-widget_type=\"icon.default\">\n\t\t\t\t<div class=\"elementor-widget-container\">\n\t\t\t\t\t\t\t<div class=\"elementor-icon-wrapper\">\n\t\t\t<div class=\"elementor-icon\">\n\t\t\t<i aria-hidden=\"true\" class=\"fas fa-mountain\"><\/i>\t\t\t<\/div>\n\t\t<\/div>\n\t\t\t\t\t\t<\/div>\n\t\t\t\t<\/div>\n\t\t\t\t<div class=\"elementor-element elementor-element-eddb2f8 elementor-widget elementor-widget-heading\" data-id=\"eddb2f8\" data-element_type=\"widget\" data-e-type=\"widget\" data-widget_type=\"heading.default\">\n\t\t\t\t<div class=\"elementor-widget-container\">\n\t\t\t\t\t<h3 class=\"elementor-heading-title elementor-size-default\">Klettern<\/h3>\t\t\t\t<\/div>\n\t\t\t\t<\/div>\n\t\t\t\t<div class=\"elementor-element elementor-element-c05c202 elementor-widget elementor-widget-text-editor\" data-id=\"c05c202\" data-element_type=\"widget\" data-e-type=\"widget\" data-widget_type=\"text-editor.default\">\n\t\t\t\t<div class=\"elementor-widget-container\">\n\t\t\t\t\t\t\t\t\t<p>Das Chamonix-Tal in Frankreich ist ein weltbekanntes Klettergebiet mit Routen wie der Aiguille du Midi und Les Gaillands, die f\u00fcr verschiedene Schwierigkeitsgrade geeignet sind. In der Schweiz ist das Gebiet um den Grimselpass ber\u00fchmt f\u00fcr seine Granitplatten. Wir empfehlen Ihnen, sich f\u00fcr Ihren Urlaub bei einer gef\u00fchrten Klettertour anzumelden. Dies tr\u00e4gt zu Ihrer Sicherheit bei und die fachkundige Beratung garantiert, dass Sie den Ausflug in vollen Z\u00fcgen genie\u00dfen k\u00f6nnen.<\/p>\t\t\t\t\t\t\t\t<\/div>\n\t\t\t\t<\/div>\n\t\t\t\t\t<\/div>\n\t\t<\/div>\n\t\t\t\t<div class=\"elementor-column elementor-col-33 elementor-top-column elementor-element elementor-element-ca9f178\" data-id=\"ca9f178\" data-element_type=\"column\" data-e-type=\"column\">\n\t\t\t<div class=\"elementor-widget-wrap elementor-element-populated\">\n\t\t\t\t\t\t<div class=\"elementor-element elementor-element-0fb54c9 elementor-view-default elementor-widget elementor-widget-icon\" data-id=\"0fb54c9\" data-element_type=\"widget\" data-e-type=\"widget\" data-widget_type=\"icon.default\">\n\t\t\t\t<div class=\"elementor-widget-container\">\n\t\t\t\t\t\t\t<div class=\"elementor-icon-wrapper\">\n\t\t\t<div class=\"elementor-icon\">\n\t\t\t<i aria-hidden=\"true\" class=\"fas fa-parachute-box\"><\/i>\t\t\t<\/div>\n\t\t<\/div>\n\t\t\t\t\t\t<\/div>\n\t\t\t\t<\/div>\n\t\t\t\t<div class=\"elementor-element elementor-element-831e627 elementor-widget elementor-widget-heading\" data-id=\"831e627\" data-element_type=\"widget\" data-e-type=\"widget\" data-widget_type=\"heading.default\">\n\t\t\t\t<div class=\"elementor-widget-container\">\n\t\t\t\t\t<h3 class=\"elementor-heading-title elementor-size-default\">Gleitschirmfliegen<\/h3>\t\t\t\t<\/div>\n\t\t\t\t<\/div>\n\t\t\t\t<div class=\"elementor-element elementor-element-3b883d5 elementor-widget elementor-widget-text-editor\" data-id=\"3b883d5\" data-element_type=\"widget\" data-e-type=\"widget\" data-widget_type=\"text-editor.default\">\n\t\t\t\t<div class=\"elementor-widget-container\">\n\t\t\t\t\t\t\t\t\t<p>Wenn Sie auf der Suche nach einem wirklich einzigartigen Erlebnis sind, warum entscheiden Sie sich nicht f\u00fcr einen Blick auf die Alpen im Sommer aus der Vogelperspektive? Gleitschirmfliegen ist ein unvergessliches Erlebnis, das wir Ihnen w\u00e4rmstens empfehlen. Obwohl es sich um eine Aktivit\u00e4t handelt, die nur f\u00fcr Adrenalinliebhaber geeignet ist, empfehlen wir sie w\u00e4rmstens, da sie eine bleibende Erinnerung an Ihren Sommerurlaub in den Alpen sein wird.<\/p>\t\t\t\t\t\t\t\t<\/div>\n\t\t\t\t<\/div>\n\t\t\t\t\t<\/div>\n\t\t<\/div>\n\t\t\t\t\t<\/div>\n\t\t<\/section>\n\t\t\t\t<section class=\"elementor-section elementor-top-section elementor-element elementor-element-71460c18 elementor-section-boxed elementor-section-height-default elementor-section-height-default\" data-id=\"71460c18\" data-element_type=\"section\" data-e-type=\"section\">\n\t\t\t\t\t\t<div class=\"elementor-container elementor-column-gap-default\">\n\t\t\t\t\t<div class=\"elementor-column elementor-col-100 elementor-top-column elementor-element elementor-element-76f71d9d\" data-id=\"76f71d9d\" data-element_type=\"column\" data-e-type=\"column\">\n\t\t\t<div class=\"elementor-widget-wrap elementor-element-populated\">\n\t\t\t\t\t\t<div class=\"elementor-element elementor-element-4d352d5a elementor-widget elementor-widget-heading\" data-id=\"4d352d5a\" data-element_type=\"widget\" data-e-type=\"widget\" data-widget_type=\"heading.default\">\n\t\t\t\t<div class=\"elementor-widget-container\">\n\t\t\t\t\t<h3 class=\"elementor-heading-title elementor-size-default\">Wasseraktivit\u00e4ten<\/h3>\t\t\t\t<\/div>\n\t\t\t\t<\/div>\n\t\t\t\t<div class=\"elementor-element elementor-element-28b668b3 elementor-widget elementor-widget-text-editor\" data-id=\"28b668b3\" data-element_type=\"widget\" data-e-type=\"widget\" data-widget_type=\"text-editor.default\">\n\t\t\t\t<div class=\"elementor-widget-container\">\n\t\t\t\t\t\t\t\t\t<p>W\u00e4hrend Ihres Sommerurlaubs in den Alpen m\u00fcssen Sie unbedingt die kristallklaren Seen genie\u00dfen, die sich perfekt f\u00fcr Wassersport eignen. Obwohl die Wassertemperaturen etwas k\u00fchl sind (da die Seen von Gletschern gespeist werden), sind sie ideal zum Kajakfahren und Rafting. Die Rh\u00f4ne in der Schweiz ist ein Muss, wenn Sie ein Fan von Wildwasserfahrten sind.<\/p><p>Wenn Sie es etwas ruhiger angehen lassen m\u00f6chten, k\u00f6nnen Sie ein Picknick am Seeufer planen und ein erfrischendes Bad nehmen.<\/p>\t\t\t\t\t\t\t\t<\/div>\n\t\t\t\t<\/div>\n\t\t\t\t\t<\/div>\n\t\t<\/div>\n\t\t\t\t\t<\/div>\n\t\t<\/section>\n\t\t\t\t<section class=\"elementor-section elementor-top-section elementor-element elementor-element-52585f2 elementor-section-boxed elementor-section-height-default elementor-section-height-default\" data-id=\"52585f2\" data-element_type=\"section\" data-e-type=\"section\">\n\t\t\t\t\t\t<div class=\"elementor-container elementor-column-gap-default\">\n\t\t\t\t\t<div class=\"elementor-column elementor-col-100 elementor-top-column elementor-element elementor-element-c25b41f\" data-id=\"c25b41f\" data-element_type=\"column\" data-e-type=\"column\">\n\t\t\t<div class=\"elementor-widget-wrap elementor-element-populated\">\n\t\t\t\t\t\t<div class=\"elementor-element elementor-element-9ddfac1 elementor-widget elementor-widget-heading\" data-id=\"9ddfac1\" data-element_type=\"widget\" data-e-type=\"widget\" data-widget_type=\"heading.default\">\n\t\t\t\t<div class=\"elementor-widget-container\">\n\t\t\t\t\t<h3 class=\"elementor-heading-title elementor-size-default\">Beliebte Wanderwege<\/h3>\t\t\t\t<\/div>\n\t\t\t\t<\/div>\n\t\t\t\t<div class=\"elementor-element elementor-element-4f6bc62 elementor-widget elementor-widget-text-editor\" data-id=\"4f6bc62\" data-element_type=\"widget\" data-e-type=\"widget\" data-widget_type=\"text-editor.default\">\n\t\t\t\t<div class=\"elementor-widget-container\">\n\t\t\t\t\t\t\t\t\t<p>Die Alpen beherbergen einige der ber\u00fchmtesten Wanderwege der Welt, wie beispielsweise den Col des Fours und die Ultra Trails des Mont Cenis, zwei ikonische Wandererlebnisse, die in den w\u00e4rmeren Jahreszeiten stattfinden. Wir empfehlen Ihnen, einen klaren Weg zu planen sowie zu finden, der zu Ihrer Aktivit\u00e4t und Ihrem Kraftniveau passt. Bereiten Sie sich auf einen Tag in den Bergen vor und denken Sie daran, Insektenspray, einen Hut, bequeme Wanderschuhe, Wasser sowie Snacks mitzubringen.<\/p><p><strong>Sicherheitstipps:<\/strong><\/p><ul><li>Informieren Sie sich immer \u00fcber die Wettervorhersage, bevor Sie sich auf den Weg machen.<\/li><li>Sorgen Sie f\u00fcr ausreichende Fl\u00fcssigkeitszufuhr und machen Sie h\u00e4ufig Pausen.<\/li><li>Bleiben Sie auf den markierten Pfaden.<\/li><\/ul>\t\t\t\t\t\t\t\t<\/div>\n\t\t\t\t<\/div>\n\t\t\t\t\t<\/div>\n\t\t<\/div>\n\t\t\t\t\t<\/div>\n\t\t<\/section>\n\t\t\t\t<section class=\"elementor-section elementor-top-section elementor-element elementor-element-cd0c309 elementor-section-boxed elementor-section-height-default elementor-section-height-default\" data-id=\"cd0c309\" data-element_type=\"section\" data-e-type=\"section\">\n\t\t\t\t\t\t<div class=\"elementor-container elementor-column-gap-default\">\n\t\t\t\t\t<div class=\"elementor-column elementor-col-100 elementor-top-column elementor-element elementor-element-47545c1\" data-id=\"47545c1\" data-element_type=\"column\" data-e-type=\"column\">\n\t\t\t<div class=\"elementor-widget-wrap elementor-element-populated\">\n\t\t\t\t\t\t<div class=\"elementor-element elementor-element-be61930 elementor-widget elementor-widget-image\" data-id=\"be61930\" data-element_type=\"widget\" data-e-type=\"widget\" data-widget_type=\"image.default\">\n\t\t\t\t<div class=\"elementor-widget-container\">\n\t\t\t\t\t\t\t\t\t\t\t\t\t\t\t<img decoding=\"async\" width=\"1254\" height=\"627\" src=\"https:\/\/www.alpvisionresidences.com\/blog\/wp-content\/uploads\/2024\/05\/good-weather-summer.jpg\" class=\"attachment-full size-full wp-image-9466\" alt=\"good-weather-summer\" srcset=\"https:\/\/www.alpvisionresidences.com\/blog\/wp-content\/uploads\/2024\/05\/good-weather-summer.jpg 1254w, https:\/\/www.alpvisionresidences.com\/blog\/wp-content\/uploads\/2024\/05\/good-weather-summer-768x384.jpg 768w\" sizes=\"(max-width: 1254px) 100vw, 1254px\" \/>\t\t\t\t\t\t\t\t\t\t\t\t\t\t\t<\/div>\n\t\t\t\t<\/div>\n\t\t\t\t\t<\/div>\n\t\t<\/div>\n\t\t\t\t\t<\/div>\n\t\t<\/section>\n\t\t\t\t<section class=\"elementor-section elementor-top-section elementor-element elementor-element-32817ff elementor-section-boxed elementor-section-height-default elementor-section-height-default\" data-id=\"32817ff\" data-element_type=\"section\" data-e-type=\"section\">\n\t\t\t\t\t\t<div class=\"elementor-container elementor-column-gap-default\">\n\t\t\t\t\t<div class=\"elementor-column elementor-col-100 elementor-top-column elementor-element elementor-element-a45c7d1\" data-id=\"a45c7d1\" data-element_type=\"column\" data-e-type=\"column\">\n\t\t\t<div class=\"elementor-widget-wrap elementor-element-populated\">\n\t\t\t\t\t\t<div class=\"elementor-element elementor-element-11b4d90 elementor-widget elementor-widget-heading\" data-id=\"11b4d90\" data-element_type=\"widget\" data-e-type=\"widget\" data-widget_type=\"heading.default\">\n\t\t\t\t<div class=\"elementor-widget-container\">\n\t\t\t\t\t<h2 class=\"elementor-heading-title elementor-size-default\">Familienfreundliche Aktivit\u00e4ten in den Alpen<\/h2>\t\t\t\t<\/div>\n\t\t\t\t<\/div>\n\t\t\t\t<div class=\"elementor-element elementor-element-3cb7251 elementor-widget elementor-widget-text-editor\" data-id=\"3cb7251\" data-element_type=\"widget\" data-e-type=\"widget\" data-widget_type=\"text-editor.default\">\n\t\t\t\t<div class=\"elementor-widget-container\">\n\t\t\t\t\t\t\t\t\t<p>Bei der Planung Ihres Sommerurlaubs in den Alpen ist es wichtig, Aktivit\u00e4ten zu finden, die die ganze Familie genie\u00dfen kann. Zum Gl\u00fcck gibt es eine gro\u00dfe Auswahl an unterhaltsamen Ausfl\u00fcgen, an denen alle teilnehmen k\u00f6nnen, von kleineren Kindern bis zu \u00e4lteren Teenagern.<\/p><p>Wenn Sie mit Ihrer Familie gerne in der freien Natur sind, k\u00f6nnen Sie Naturwanderungen und Lehrpfade erkunden. In der Schweiz ist zum Beispiel der Murmeltierpfad in Zermatt eine gro\u00dfartige Wahl, da er mit informativen Schildern \u00fcber die \u00f6rtliche Tier- und Pflanzenwelt gekennzeichnet ist. Auch der Sentier des Marmottes im franz\u00f6sischen <strong>Nationalpark Vanoise<\/strong> ist eine leichte Wanderung mit vielen M\u00f6glichkeiten, Murmeltiere zu beobachten und mehr \u00fcber das \u00d6kosystem der Region zu erfahren. Wenn Sie auf der Suche nach einem Abenteuerpark oder Spielplatz sind, gibt es viele in den St\u00e4dten der Alpen.<\/p><p>Kulturelle Erlebnisse, die Spa\u00df mit Lernen verbinden, sind eine weitere tolle Alternative, Kinder zu unterhalten. Den ganzen Sommer \u00fcber finden in vielen St\u00e4dten und D\u00f6rfern in den Alpen zahlreiche lokale Feste statt, bei denen traditionelle Musik, T\u00e4nze und die lokale K\u00fcche gefeiert werden. Au\u00dferdem gibt es viele Museen und historische St\u00e4tten, die F\u00fchrungen und spezielle Programme f\u00fcr Kinder anbieten.<\/p>\t\t\t\t\t\t\t\t<\/div>\n\t\t\t\t<\/div>\n\t\t\t\t\t<\/div>\n\t\t<\/div>\n\t\t\t\t\t<\/div>\n\t\t<\/section>\n\t\t\t\t<section class=\"elementor-section elementor-top-section elementor-element elementor-element-48ee374 elementor-section-boxed elementor-section-height-default elementor-section-height-default\" data-id=\"48ee374\" data-element_type=\"section\" data-e-type=\"section\">\n\t\t\t\t\t\t<div class=\"elementor-container elementor-column-gap-default\">\n\t\t\t\t\t<div class=\"elementor-column elementor-col-100 elementor-top-column elementor-element elementor-element-37099eb\" data-id=\"37099eb\" data-element_type=\"column\" data-e-type=\"column\">\n\t\t\t<div class=\"elementor-widget-wrap elementor-element-populated\">\n\t\t\t\t\t\t<div class=\"elementor-element elementor-element-1df5dac elementor-widget elementor-widget-heading\" data-id=\"1df5dac\" data-element_type=\"widget\" data-e-type=\"widget\" data-widget_type=\"heading.default\">\n\t\t\t\t<div class=\"elementor-widget-container\">\n\t\t\t\t\t<h2 class=\"elementor-heading-title elementor-size-default\">Genie\u00dfen Sie Ihren Sommerurlaub in den Alpen<\/h2>\t\t\t\t<\/div>\n\t\t\t\t<\/div>\n\t\t\t\t<div class=\"elementor-element elementor-element-2d9a840 elementor-widget elementor-widget-text-editor\" data-id=\"2d9a840\" data-element_type=\"widget\" data-e-type=\"widget\" data-widget_type=\"text-editor.default\">\n\t\t\t\t<div class=\"elementor-widget-container\">\n\t\t\t\t\t\t\t\t\t<p>Ein Sommerurlaub in den Alpen bietet Ihnen und Ihrer Familie ein einzigartiges Erlebnis voller Abenteuer in der Natur und kultureller Aktivit\u00e4ten, die f\u00fcr alle Altersgruppen und Interessen geeignet sind. Vom Wandern auf legend\u00e4ren Pfaden \u00fcber die Erkundung der Natur bis hin zum Erleben der lokalen Kultur \u2013 die Alpen sind einfach ein gro\u00dfartiges Sommerurlaubsziel.<\/p><p>Wenn es darum geht, die perfekte Unterkunft zu finden, bietet Alpvision Residences eine Vielzahl von Unterk\u00fcnften, die auf die Bed\u00fcrfnisse von Paaren und gr\u00f6\u00dferen Familien zugeschnitten sind. Ob Sie eine gem\u00fctliche Wohnung, eine charmante H\u00fctte oder ein ger\u00e4umiges Ferienhaus suchen, Alpvision hat etwas, das perfekt zu Ihren Bed\u00fcrfnissen passt.<\/p>\t\t\t\t\t\t\t\t<\/div>\n\t\t\t\t<\/div>\n\t\t\t\t\t<\/div>\n\t\t<\/div>\n\t\t\t\t\t<\/div>\n\t\t<\/section>\n\t\t\t\t<section class=\"elementor-section elementor-top-section elementor-element elementor-element-97cce47 elementor-section-boxed elementor-section-height-default elementor-section-height-default\" data-id=\"97cce47\" data-element_type=\"section\" data-e-type=\"section\">\n\t\t\t\t\t\t<div class=\"elementor-container elementor-column-gap-default\">\n\t\t\t\t\t<div class=\"elementor-column elementor-col-50 elementor-top-column elementor-element elementor-element-1f38376\" data-id=\"1f38376\" data-element_type=\"column\" data-e-type=\"column\">\n\t\t\t<div class=\"elementor-widget-wrap elementor-element-populated\">\n\t\t\t\t\t\t<div class=\"elementor-element elementor-element-99e7a13 elementor-cta--skin-cover elementor-animated-content elementor-bg-transform elementor-bg-transform-zoom-in elementor-widget elementor-widget-call-to-action\" data-id=\"99e7a13\" data-element_type=\"widget\" data-e-type=\"widget\" data-widget_type=\"call-to-action.default\">\n\t\t\t\t<div class=\"elementor-widget-container\">\n\t\t\t\t\t\t\t<div class=\"elementor-cta\">\n\t\t\t\t\t<div class=\"elementor-cta__bg-wrapper\">\n\t\t\t\t<div class=\"elementor-cta__bg elementor-bg\" style=\"background-image: url(https:\/\/www.alpvisionresidences.com\/blog\/wp-content\/uploads\/2024\/04\/Capture-decran-2024-04-23-121037-e1713867130703.png);\" role=\"img\" aria-label=\"Capture d&#039;\u00e9cran 2024-04-23 121037\"><\/div>\n\t\t\t\t<div class=\"elementor-cta__bg-overlay\"><\/div>\n\t\t\t<\/div>\n\t\t\t\t\t\t\t<div class=\"elementor-cta__content\">\n\t\t\t\t\n\t\t\t\t\t\t\t\t\t<div class=\"elementor-cta__title elementor-cta__content-item elementor-content-item elementor-animated-item--grow\">\n\t\t\t\t\t\tFranz\u00f6sische Alpen Ferien\t\t\t\t\t<\/div>\n\t\t\t\t\n\t\t\t\t\t\t\t\t\t<div class=\"elementor-cta__description elementor-cta__content-item elementor-content-item elementor-animated-item--grow\">\n\t\t\t\t\t\tBuchen Sie Ihren Urlaub f\u00fcr Tourismus in den Franz\u00f6sischen Alpen.\t\t\t\t\t<\/div>\n\t\t\t\t\n\t\t\t\t\t\t\t<\/div>\n\t\t\t\t\t\t<\/div>\n\t\t\t\t\t\t<\/div>\n\t\t\t\t<\/div>\n\t\t\t\t\t<\/div>\n\t\t<\/div>\n\t\t\t\t<div class=\"elementor-column elementor-col-50 elementor-top-column elementor-element elementor-element-c6e3e5a\" data-id=\"c6e3e5a\" data-element_type=\"column\" data-e-type=\"column\">\n\t\t\t<div class=\"elementor-widget-wrap elementor-element-populated\">\n\t\t\t\t\t\t<div class=\"elementor-element elementor-element-1ed3808 elementor-cta--skin-cover elementor-cta--valign-middle elementor-animated-content elementor-bg-transform elementor-bg-transform-zoom-in elementor-widget elementor-widget-call-to-action\" data-id=\"1ed3808\" data-element_type=\"widget\" data-e-type=\"widget\" data-widget_type=\"call-to-action.default\">\n\t\t\t\t<div class=\"elementor-widget-container\">\n\t\t\t\t\t\t\t<div class=\"elementor-cta\">\n\t\t\t\t\t<div class=\"elementor-cta__bg-wrapper\">\n\t\t\t\t<div class=\"elementor-cta__bg elementor-bg\" style=\"background-image: url(https:\/\/www.alpvisionresidences.com\/blog\/wp-content\/uploads\/2022\/11\/Swiss-Alps-Holidays-1920x630.jpg);\" role=\"img\" aria-label=\"Swiss Alps Holidays\"><\/div>\n\t\t\t\t<div class=\"elementor-cta__bg-overlay\"><\/div>\n\t\t\t<\/div>\n\t\t\t\t\t\t\t<div class=\"elementor-cta__content\">\n\t\t\t\t\n\t\t\t\t\t\t\t\t\t<div class=\"elementor-cta__title elementor-cta__content-item elementor-content-item elementor-animated-item--grow\">\n\t\t\t\t\t\tSchweizer Alpen Ferien\t\t\t\t\t<\/div>\n\t\t\t\t\n\t\t\t\t\t\t\t\t\t<div class=\"elementor-cta__description elementor-cta__content-item elementor-content-item elementor-animated-item--grow\">\n\t\t\t\t\t\tBuchen Sie Ihren Urlaub f\u00fcr Tourismus in den Schweizer Alpen\n\n\n\n\n\n\t\t\t\t\t<\/div>\n\t\t\t\t\n\t\t\t\t\t\t\t<\/div>\n\t\t\t\t\t\t<\/div>\n\t\t\t\t\t\t<\/div>\n\t\t\t\t<\/div>\n\t\t\t\t\t<\/div>\n\t\t<\/div>\n\t\t\t\t\t<\/div>\n\t\t<\/section>\n\t\t\t\t<\/div>\n\t\t","protected":false},"excerpt":{"rendered":"<p>Wenn Sie \u00fcberf\u00fcllte Str\u00e4nde und belebte Stadtzentren gegen gelassene Ruhe eintauschen m\u00f6chten, dann ist ein Sommerurlaub in den Alpen die&#8230;<\/p>\n","protected":false},"author":3,"featured_media":9476,"comment_status":"open","ping_status":"open","sticky":false,"template":"","format":"standard","meta":{"footnotes":""},"categories":[32,52,412,416,470],"tags":[],"class_list":["post-10520","post","type-post","status-publish","format-standard","has-post-thumbnail","hentry","category-aktivitaeten-in-der-schweiz","category-aktivitaeten-in-frankreich","category-franzosische-alpen","category-schweizer-alpen","category-sommer"],"yoast_head":"<!-- This site is optimized with the Yoast SEO plugin v27.4 - https:\/\/yoast.com\/product\/yoast-seo-wordpress\/ -->\n<title>Ihr Sommerurlaub in den Alpen - Get Inspired<\/title>\n<meta name=\"description\" content=\"Erleben Sie den Zauber der Alpen im Sommer. Entdecken Sie atemberaubende Wanderungen und atemberaubende Ausblicke f\u00fcr Ihren perfekten Urlaub.\" \/>\n<meta name=\"robots\" content=\"index, follow, max-snippet:-1, max-image-preview:large, max-video-preview:-1\" \/>\n<link rel=\"canonical\" href=\"https:\/\/www.alpvisionresidences.com\/blog\/de\/sommerurlaub-alpen\/\" \/>\n<meta property=\"og:locale\" content=\"de_DE\" \/>\n<meta property=\"og:type\" content=\"article\" \/>\n<meta property=\"og:title\" content=\"Ihr Sommerurlaub in den Alpen - Get Inspired\" \/>\n<meta property=\"og:description\" content=\"Erleben Sie den Zauber der Alpen im Sommer. Entdecken Sie atemberaubende Wanderungen und atemberaubende Ausblicke f\u00fcr Ihren perfekten Urlaub.\" \/>\n<meta property=\"og:url\" content=\"https:\/\/www.alpvisionresidences.com\/blog\/de\/sommerurlaub-alpen\/\" \/>\n<meta property=\"og:site_name\" content=\"Get Inspired\" \/>\n<meta property=\"article:publisher\" content=\"https:\/\/www.facebook.com\/AlpvisionResidences\/\" \/>\n<meta property=\"article:published_time\" content=\"2024-06-26T10:13:44+00:00\" \/>\n<meta property=\"article:modified_time\" content=\"2025-02-20T10:57:19+00:00\" \/>\n<meta property=\"og:image\" content=\"https:\/\/www.alpvisionresidences.com\/blog\/wp-content\/uploads\/2024\/05\/ete-dans-les-alpes.jpg\" \/>\n\t<meta property=\"og:image:width\" content=\"2119\" \/>\n\t<meta property=\"og:image:height\" content=\"706\" \/>\n\t<meta property=\"og:image:type\" content=\"image\/jpeg\" \/>\n<meta name=\"author\" content=\"digitalservices\" \/>\n<meta name=\"twitter:card\" content=\"summary_large_image\" \/>\n<meta name=\"twitter:label1\" content=\"Written by\" \/>\n\t<meta name=\"twitter:data1\" content=\"digitalservices\" \/>\n\t<meta name=\"twitter:label2\" content=\"Est. reading time\" \/>\n\t<meta name=\"twitter:data2\" content=\"7 minutes\" \/>\n<script type=\"application\/ld+json\" class=\"yoast-schema-graph\">{\"@context\":\"https:\\\/\\\/schema.org\",\"@graph\":[{\"@type\":\"Article\",\"@id\":\"https:\\\/\\\/www.alpvisionresidences.com\\\/blog\\\/de\\\/sommerurlaub-alpen\\\/#article\",\"isPartOf\":{\"@id\":\"https:\\\/\\\/www.alpvisionresidences.com\\\/blog\\\/de\\\/sommerurlaub-alpen\\\/\"},\"author\":{\"name\":\"digitalservices\",\"@id\":\"https:\\\/\\\/www.alpvisionresidences.com\\\/blog\\\/de\\\/#\\\/schema\\\/person\\\/6e9d17dd9b9dc7fb1f883ab503416e85\"},\"headline\":\"Ihr Sommerurlaub in den Alpen\",\"datePublished\":\"2024-06-26T10:13:44+00:00\",\"dateModified\":\"2025-02-20T10:57:19+00:00\",\"mainEntityOfPage\":{\"@id\":\"https:\\\/\\\/www.alpvisionresidences.com\\\/blog\\\/de\\\/sommerurlaub-alpen\\\/\"},\"wordCount\":1134,\"commentCount\":0,\"publisher\":{\"@id\":\"https:\\\/\\\/www.alpvisionresidences.com\\\/blog\\\/de\\\/#organization\"},\"image\":{\"@id\":\"https:\\\/\\\/www.alpvisionresidences.com\\\/blog\\\/de\\\/sommerurlaub-alpen\\\/#primaryimage\"},\"thumbnailUrl\":\"https:\\\/\\\/www.alpvisionresidences.com\\\/blog\\\/wp-content\\\/uploads\\\/2024\\\/05\\\/ete-dans-les-alpes.jpg\",\"articleSection\":[\"Aktivit\u00e4ten in der Schweiz\",\"Aktivit\u00e4ten in Frankreich\",\"Franz\u00f6sische Alpen\",\"Schweizer Alpen\",\"Sommer\"],\"inLanguage\":\"de\",\"potentialAction\":[{\"@type\":\"CommentAction\",\"name\":\"Comment\",\"target\":[\"https:\\\/\\\/www.alpvisionresidences.com\\\/blog\\\/de\\\/sommerurlaub-alpen\\\/#respond\"]}]},{\"@type\":\"WebPage\",\"@id\":\"https:\\\/\\\/www.alpvisionresidences.com\\\/blog\\\/de\\\/sommerurlaub-alpen\\\/\",\"url\":\"https:\\\/\\\/www.alpvisionresidences.com\\\/blog\\\/de\\\/sommerurlaub-alpen\\\/\",\"name\":\"Ihr Sommerurlaub in den Alpen - Get Inspired\",\"isPartOf\":{\"@id\":\"https:\\\/\\\/www.alpvisionresidences.com\\\/blog\\\/de\\\/#website\"},\"primaryImageOfPage\":{\"@id\":\"https:\\\/\\\/www.alpvisionresidences.com\\\/blog\\\/de\\\/sommerurlaub-alpen\\\/#primaryimage\"},\"image\":{\"@id\":\"https:\\\/\\\/www.alpvisionresidences.com\\\/blog\\\/de\\\/sommerurlaub-alpen\\\/#primaryimage\"},\"thumbnailUrl\":\"https:\\\/\\\/www.alpvisionresidences.com\\\/blog\\\/wp-content\\\/uploads\\\/2024\\\/05\\\/ete-dans-les-alpes.jpg\",\"datePublished\":\"2024-06-26T10:13:44+00:00\",\"dateModified\":\"2025-02-20T10:57:19+00:00\",\"description\":\"Erleben Sie den Zauber der Alpen im Sommer. Entdecken Sie atemberaubende Wanderungen und atemberaubende Ausblicke f\u00fcr Ihren perfekten Urlaub.\",\"breadcrumb\":{\"@id\":\"https:\\\/\\\/www.alpvisionresidences.com\\\/blog\\\/de\\\/sommerurlaub-alpen\\\/#breadcrumb\"},\"inLanguage\":\"de\",\"potentialAction\":[{\"@type\":\"ReadAction\",\"target\":[\"https:\\\/\\\/www.alpvisionresidences.com\\\/blog\\\/de\\\/sommerurlaub-alpen\\\/\"]}]},{\"@type\":\"ImageObject\",\"inLanguage\":\"de\",\"@id\":\"https:\\\/\\\/www.alpvisionresidences.com\\\/blog\\\/de\\\/sommerurlaub-alpen\\\/#primaryimage\",\"url\":\"https:\\\/\\\/www.alpvisionresidences.com\\\/blog\\\/wp-content\\\/uploads\\\/2024\\\/05\\\/ete-dans-les-alpes.jpg\",\"contentUrl\":\"https:\\\/\\\/www.alpvisionresidences.com\\\/blog\\\/wp-content\\\/uploads\\\/2024\\\/05\\\/ete-dans-les-alpes.jpg\",\"width\":2119,\"height\":706,\"caption\":\"ete-dans-les-alpes\"},{\"@type\":\"BreadcrumbList\",\"@id\":\"https:\\\/\\\/www.alpvisionresidences.com\\\/blog\\\/de\\\/sommerurlaub-alpen\\\/#breadcrumb\",\"itemListElement\":[{\"@type\":\"ListItem\",\"position\":1,\"name\":\"Home\",\"item\":\"https:\\\/\\\/www.alpvisionresidences.com\\\/blog\\\/de\\\/\"},{\"@type\":\"ListItem\",\"position\":2,\"name\":\"Ihr Sommerurlaub in den Alpen\"}]},{\"@type\":\"WebSite\",\"@id\":\"https:\\\/\\\/www.alpvisionresidences.com\\\/blog\\\/de\\\/#website\",\"url\":\"https:\\\/\\\/www.alpvisionresidences.com\\\/blog\\\/de\\\/\",\"name\":\"alpvisionresidences.com\",\"description\":\"Alpvision r\u00e9sidences\",\"publisher\":{\"@id\":\"https:\\\/\\\/www.alpvisionresidences.com\\\/blog\\\/de\\\/#organization\"},\"potentialAction\":[{\"@type\":\"SearchAction\",\"target\":{\"@type\":\"EntryPoint\",\"urlTemplate\":\"https:\\\/\\\/www.alpvisionresidences.com\\\/blog\\\/de\\\/?s={search_term_string}\"},\"query-input\":{\"@type\":\"PropertyValueSpecification\",\"valueRequired\":true,\"valueName\":\"search_term_string\"}}],\"inLanguage\":\"de\"},{\"@type\":\"Organization\",\"@id\":\"https:\\\/\\\/www.alpvisionresidences.com\\\/blog\\\/de\\\/#organization\",\"name\":\"Alpvision Residences\",\"url\":\"https:\\\/\\\/www.alpvisionresidences.com\\\/blog\\\/de\\\/\",\"logo\":{\"@type\":\"ImageObject\",\"inLanguage\":\"de\",\"@id\":\"https:\\\/\\\/www.alpvisionresidences.com\\\/blog\\\/de\\\/#\\\/schema\\\/logo\\\/image\\\/\",\"url\":\"https:\\\/\\\/www.alpvisionresidences.com\\\/blog\\\/wp-content\\\/uploads\\\/2022\\\/01\\\/alpvision_icone1_bleu_negatif-Redimensionne-pour-profil.png\",\"contentUrl\":\"https:\\\/\\\/www.alpvisionresidences.com\\\/blog\\\/wp-content\\\/uploads\\\/2022\\\/01\\\/alpvision_icone1_bleu_negatif-Redimensionne-pour-profil.png\",\"width\":522,\"height\":478,\"caption\":\"Alpvision Residences\"},\"image\":{\"@id\":\"https:\\\/\\\/www.alpvisionresidences.com\\\/blog\\\/de\\\/#\\\/schema\\\/logo\\\/image\\\/\"},\"sameAs\":[\"https:\\\/\\\/www.facebook.com\\\/AlpvisionResidences\\\/\",\"https:\\\/\\\/www.instagram.com\\\/alpvisionresidences\\\/\"]},{\"@type\":\"Person\",\"@id\":\"https:\\\/\\\/www.alpvisionresidences.com\\\/blog\\\/de\\\/#\\\/schema\\\/person\\\/6e9d17dd9b9dc7fb1f883ab503416e85\",\"name\":\"digitalservices\",\"image\":{\"@type\":\"ImageObject\",\"inLanguage\":\"de\",\"@id\":\"https:\\\/\\\/secure.gravatar.com\\\/avatar\\\/af30f88a1904294c1f3eb09a9d7903eec4ffa18fa2cf40c28a8681014ecdfc20?s=96&d=mm&r=g\",\"url\":\"https:\\\/\\\/secure.gravatar.com\\\/avatar\\\/af30f88a1904294c1f3eb09a9d7903eec4ffa18fa2cf40c28a8681014ecdfc20?s=96&d=mm&r=g\",\"contentUrl\":\"https:\\\/\\\/secure.gravatar.com\\\/avatar\\\/af30f88a1904294c1f3eb09a9d7903eec4ffa18fa2cf40c28a8681014ecdfc20?s=96&d=mm&r=g\",\"caption\":\"digitalservices\"},\"url\":\"https:\\\/\\\/www.alpvisionresidences.com\\\/blog\\\/de\\\/author\\\/digitalservices\\\/\"}]}<\/script>\n<!-- \/ Yoast SEO plugin. -->","yoast_head_json":{"title":"Ihr Sommerurlaub in den Alpen - Get Inspired","description":"Erleben Sie den Zauber der Alpen im Sommer. Entdecken Sie atemberaubende Wanderungen und atemberaubende Ausblicke f\u00fcr Ihren perfekten Urlaub.","robots":{"index":"index","follow":"follow","max-snippet":"max-snippet:-1","max-image-preview":"max-image-preview:large","max-video-preview":"max-video-preview:-1"},"canonical":"https:\/\/www.alpvisionresidences.com\/blog\/de\/sommerurlaub-alpen\/","og_locale":"de_DE","og_type":"article","og_title":"Ihr Sommerurlaub in den Alpen - Get Inspired","og_description":"Erleben Sie den Zauber der Alpen im Sommer. Entdecken Sie atemberaubende Wanderungen und atemberaubende Ausblicke f\u00fcr Ihren perfekten Urlaub.","og_url":"https:\/\/www.alpvisionresidences.com\/blog\/de\/sommerurlaub-alpen\/","og_site_name":"Get Inspired","article_publisher":"https:\/\/www.facebook.com\/AlpvisionResidences\/","article_published_time":"2024-06-26T10:13:44+00:00","article_modified_time":"2025-02-20T10:57:19+00:00","og_image":[{"width":2119,"height":706,"url":"https:\/\/www.alpvisionresidences.com\/blog\/wp-content\/uploads\/2024\/05\/ete-dans-les-alpes.jpg","type":"image\/jpeg"}],"author":"digitalservices","twitter_card":"summary_large_image","twitter_misc":{"Written by":"digitalservices","Est. reading time":"7 minutes"},"schema":{"@context":"https:\/\/schema.org","@graph":[{"@type":"Article","@id":"https:\/\/www.alpvisionresidences.com\/blog\/de\/sommerurlaub-alpen\/#article","isPartOf":{"@id":"https:\/\/www.alpvisionresidences.com\/blog\/de\/sommerurlaub-alpen\/"},"author":{"name":"digitalservices","@id":"https:\/\/www.alpvisionresidences.com\/blog\/de\/#\/schema\/person\/6e9d17dd9b9dc7fb1f883ab503416e85"},"headline":"Ihr Sommerurlaub in den Alpen","datePublished":"2024-06-26T10:13:44+00:00","dateModified":"2025-02-20T10:57:19+00:00","mainEntityOfPage":{"@id":"https:\/\/www.alpvisionresidences.com\/blog\/de\/sommerurlaub-alpen\/"},"wordCount":1134,"commentCount":0,"publisher":{"@id":"https:\/\/www.alpvisionresidences.com\/blog\/de\/#organization"},"image":{"@id":"https:\/\/www.alpvisionresidences.com\/blog\/de\/sommerurlaub-alpen\/#primaryimage"},"thumbnailUrl":"https:\/\/www.alpvisionresidences.com\/blog\/wp-content\/uploads\/2024\/05\/ete-dans-les-alpes.jpg","articleSection":["Aktivit\u00e4ten in der Schweiz","Aktivit\u00e4ten in Frankreich","Franz\u00f6sische Alpen","Schweizer Alpen","Sommer"],"inLanguage":"de","potentialAction":[{"@type":"CommentAction","name":"Comment","target":["https:\/\/www.alpvisionresidences.com\/blog\/de\/sommerurlaub-alpen\/#respond"]}]},{"@type":"WebPage","@id":"https:\/\/www.alpvisionresidences.com\/blog\/de\/sommerurlaub-alpen\/","url":"https:\/\/www.alpvisionresidences.com\/blog\/de\/sommerurlaub-alpen\/","name":"Ihr Sommerurlaub in den Alpen - Get Inspired","isPartOf":{"@id":"https:\/\/www.alpvisionresidences.com\/blog\/de\/#website"},"primaryImageOfPage":{"@id":"https:\/\/www.alpvisionresidences.com\/blog\/de\/sommerurlaub-alpen\/#primaryimage"},"image":{"@id":"https:\/\/www.alpvisionresidences.com\/blog\/de\/sommerurlaub-alpen\/#primaryimage"},"thumbnailUrl":"https:\/\/www.alpvisionresidences.com\/blog\/wp-content\/uploads\/2024\/05\/ete-dans-les-alpes.jpg","datePublished":"2024-06-26T10:13:44+00:00","dateModified":"2025-02-20T10:57:19+00:00","description":"Erleben Sie den Zauber der Alpen im Sommer. Entdecken Sie atemberaubende Wanderungen und atemberaubende Ausblicke f\u00fcr Ihren perfekten Urlaub.","breadcrumb":{"@id":"https:\/\/www.alpvisionresidences.com\/blog\/de\/sommerurlaub-alpen\/#breadcrumb"},"inLanguage":"de","potentialAction":[{"@type":"ReadAction","target":["https:\/\/www.alpvisionresidences.com\/blog\/de\/sommerurlaub-alpen\/"]}]},{"@type":"ImageObject","inLanguage":"de","@id":"https:\/\/www.alpvisionresidences.com\/blog\/de\/sommerurlaub-alpen\/#primaryimage","url":"https:\/\/www.alpvisionresidences.com\/blog\/wp-content\/uploads\/2024\/05\/ete-dans-les-alpes.jpg","contentUrl":"https:\/\/www.alpvisionresidences.com\/blog\/wp-content\/uploads\/2024\/05\/ete-dans-les-alpes.jpg","width":2119,"height":706,"caption":"ete-dans-les-alpes"},{"@type":"BreadcrumbList","@id":"https:\/\/www.alpvisionresidences.com\/blog\/de\/sommerurlaub-alpen\/#breadcrumb","itemListElement":[{"@type":"ListItem","position":1,"name":"Home","item":"https:\/\/www.alpvisionresidences.com\/blog\/de\/"},{"@type":"ListItem","position":2,"name":"Ihr Sommerurlaub in den Alpen"}]},{"@type":"WebSite","@id":"https:\/\/www.alpvisionresidences.com\/blog\/de\/#website","url":"https:\/\/www.alpvisionresidences.com\/blog\/de\/","name":"alpvisionresidences.com","description":"Alpvision r\u00e9sidences","publisher":{"@id":"https:\/\/www.alpvisionresidences.com\/blog\/de\/#organization"},"potentialAction":[{"@type":"SearchAction","target":{"@type":"EntryPoint","urlTemplate":"https:\/\/www.alpvisionresidences.com\/blog\/de\/?s={search_term_string}"},"query-input":{"@type":"PropertyValueSpecification","valueRequired":true,"valueName":"search_term_string"}}],"inLanguage":"de"},{"@type":"Organization","@id":"https:\/\/www.alpvisionresidences.com\/blog\/de\/#organization","name":"Alpvision Residences","url":"https:\/\/www.alpvisionresidences.com\/blog\/de\/","logo":{"@type":"ImageObject","inLanguage":"de","@id":"https:\/\/www.alpvisionresidences.com\/blog\/de\/#\/schema\/logo\/image\/","url":"https:\/\/www.alpvisionresidences.com\/blog\/wp-content\/uploads\/2022\/01\/alpvision_icone1_bleu_negatif-Redimensionne-pour-profil.png","contentUrl":"https:\/\/www.alpvisionresidences.com\/blog\/wp-content\/uploads\/2022\/01\/alpvision_icone1_bleu_negatif-Redimensionne-pour-profil.png","width":522,"height":478,"caption":"Alpvision Residences"},"image":{"@id":"https:\/\/www.alpvisionresidences.com\/blog\/de\/#\/schema\/logo\/image\/"},"sameAs":["https:\/\/www.facebook.com\/AlpvisionResidences\/","https:\/\/www.instagram.com\/alpvisionresidences\/"]},{"@type":"Person","@id":"https:\/\/www.alpvisionresidences.com\/blog\/de\/#\/schema\/person\/6e9d17dd9b9dc7fb1f883ab503416e85","name":"digitalservices","image":{"@type":"ImageObject","inLanguage":"de","@id":"https:\/\/secure.gravatar.com\/avatar\/af30f88a1904294c1f3eb09a9d7903eec4ffa18fa2cf40c28a8681014ecdfc20?s=96&d=mm&r=g","url":"https:\/\/secure.gravatar.com\/avatar\/af30f88a1904294c1f3eb09a9d7903eec4ffa18fa2cf40c28a8681014ecdfc20?s=96&d=mm&r=g","contentUrl":"https:\/\/secure.gravatar.com\/avatar\/af30f88a1904294c1f3eb09a9d7903eec4ffa18fa2cf40c28a8681014ecdfc20?s=96&d=mm&r=g","caption":"digitalservices"},"url":"https:\/\/www.alpvisionresidences.com\/blog\/de\/author\/digitalservices\/"}]}},"_links":{"self":[{"href":"https:\/\/www.alpvisionresidences.com\/blog\/de\/wp-json\/wp\/v2\/posts\/10520","targetHints":{"allow":["GET"]}}],"collection":[{"href":"https:\/\/www.alpvisionresidences.com\/blog\/de\/wp-json\/wp\/v2\/posts"}],"about":[{"href":"https:\/\/www.alpvisionresidences.com\/blog\/de\/wp-json\/wp\/v2\/types\/post"}],"author":[{"embeddable":true,"href":"https:\/\/www.alpvisionresidences.com\/blog\/de\/wp-json\/wp\/v2\/users\/3"}],"replies":[{"embeddable":true,"href":"https:\/\/www.alpvisionresidences.com\/blog\/de\/wp-json\/wp\/v2\/comments?post=10520"}],"version-history":[{"count":11,"href":"https:\/\/www.alpvisionresidences.com\/blog\/de\/wp-json\/wp\/v2\/posts\/10520\/revisions"}],"predecessor-version":[{"id":10559,"href":"https:\/\/www.alpvisionresidences.com\/blog\/de\/wp-json\/wp\/v2\/posts\/10520\/revisions\/10559"}],"wp:featuredmedia":[{"embeddable":true,"href":"https:\/\/www.alpvisionresidences.com\/blog\/de\/wp-json\/wp\/v2\/media\/9476"}],"wp:attachment":[{"href":"https:\/\/www.alpvisionresidences.com\/blog\/de\/wp-json\/wp\/v2\/media?parent=10520"}],"wp:term":[{"taxonomy":"category","embeddable":true,"href":"https:\/\/www.alpvisionresidences.com\/blog\/de\/wp-json\/wp\/v2\/categories?post=10520"},{"taxonomy":"post_tag","embeddable":true,"href":"https:\/\/www.alpvisionresidences.com\/blog\/de\/wp-json\/wp\/v2\/tags?post=10520"}],"curies":[{"name":"wp","href":"https:\/\/api.w.org\/{rel}","templated":true}]}}