{"id":11391,"date":"2024-09-13T09:18:31","date_gmt":"2024-09-13T09:18:31","guid":{"rendered":"https:\/\/www.alpvisionresidences.com\/blog\/?p=11391"},"modified":"2025-02-20T10:52:50","modified_gmt":"2025-02-20T10:52:50","slug":"chatel-bike-park","status":"publish","type":"post","link":"https:\/\/www.alpvisionresidences.com\/blog\/de\/chatel-bike-park\/","title":{"rendered":"Ihr Leitfaden f\u00fcr den Bike Park Ch\u00e2tel"},"content":{"rendered":"\t\t<div data-elementor-type=\"wp-post\" data-elementor-id=\"11391\" class=\"elementor elementor-11391 elementor-11216\" data-elementor-post-type=\"post\">\n\t\t\t\t\t\t<section class=\"elementor-section elementor-top-section elementor-element elementor-element-59e62d5f elementor-section-boxed elementor-section-height-default elementor-section-height-default\" data-id=\"59e62d5f\" data-element_type=\"section\" data-e-type=\"section\">\n\t\t\t\t\t\t<div class=\"elementor-container elementor-column-gap-default\">\n\t\t\t\t\t<div class=\"elementor-column elementor-col-100 elementor-top-column elementor-element elementor-element-7d90a825\" data-id=\"7d90a825\" data-element_type=\"column\" data-e-type=\"column\">\n\t\t\t<div class=\"elementor-widget-wrap elementor-element-populated\">\n\t\t\t\t\t\t<div class=\"elementor-element elementor-element-87d7388 elementor-widget elementor-widget-text-editor\" data-id=\"87d7388\" data-element_type=\"widget\" data-e-type=\"widget\" data-widget_type=\"text-editor.default\">\n\t\t\t\t<div class=\"elementor-widget-container\">\n\t\t\t\t\t\t\t\t\t<p>Der Ch\u00e2tel Bike Park befindet sich im Herzen von Portes du Soleil in Frankreich. Es ist eines der gr\u00f6\u00dften Mountainbike-Gebiete der Welt, das sich \u00fcber Frankreich und die Schweiz erstreckt. Der Park liegt im atemberaubenden Gebiet Pr\u00e9-la-Joux in Ch\u00e2tel und ist ein traumhaftes Urlaubsziel f\u00fcr Mountainbike-Fans, umgeben von der nat\u00fcrlichen Sch\u00f6nheit der Alpen. Egal, ob Sie ein Adrenalinjunkie sind, der eine Herausforderung sucht, oder ein Freizeitfahrer, der die alpine Landschaft genie\u00dfen m\u00f6chte, der Ch\u00e2tel Bike Park bietet die perfekte Mischung aus Abenteuer und Entspannung.<\/p><p>In diesem Artikel verraten wir Ihnen alle Einzelheiten zum Ch\u00e2tel Bike Park und wie Sie Ihren n\u00e4chsten Mountainbike-Urlaub planen k\u00f6nnen!<\/p>\t\t\t\t\t\t\t\t<\/div>\n\t\t\t\t<\/div>\n\t\t\t\t\t<\/div>\n\t\t<\/div>\n\t\t\t\t\t<\/div>\n\t\t<\/section>\n\t\t\t\t<section class=\"elementor-section elementor-top-section elementor-element elementor-element-f635f66 elementor-section-boxed elementor-section-height-default elementor-section-height-default\" data-id=\"f635f66\" data-element_type=\"section\" data-e-type=\"section\">\n\t\t\t\t\t\t<div class=\"elementor-container elementor-column-gap-default\">\n\t\t\t\t\t<div class=\"elementor-column elementor-col-100 elementor-top-column elementor-element elementor-element-6babb623\" data-id=\"6babb623\" data-element_type=\"column\" data-e-type=\"column\">\n\t\t\t<div class=\"elementor-widget-wrap elementor-element-populated\">\n\t\t\t\t\t\t<div class=\"elementor-element elementor-element-7c1d404d elementor-widget elementor-widget-table-of-contents\" data-id=\"7c1d404d\" data-element_type=\"widget\" data-e-type=\"widget\" data-settings=\"{&quot;headings_by_tags&quot;:[&quot;h2&quot;],&quot;exclude_headings_by_selector&quot;:[],&quot;marker_view&quot;:&quot;bullets&quot;,&quot;icon&quot;:{&quot;value&quot;:&quot;&quot;,&quot;library&quot;:&quot;&quot;},&quot;no_headings_message&quot;:&quot;No headings were found on this page.&quot;,&quot;hierarchical_view&quot;:&quot;yes&quot;,&quot;min_height&quot;:{&quot;unit&quot;:&quot;px&quot;,&quot;size&quot;:&quot;&quot;,&quot;sizes&quot;:[]},&quot;min_height_tablet&quot;:{&quot;unit&quot;:&quot;px&quot;,&quot;size&quot;:&quot;&quot;,&quot;sizes&quot;:[]},&quot;min_height_mobile&quot;:{&quot;unit&quot;:&quot;px&quot;,&quot;size&quot;:&quot;&quot;,&quot;sizes&quot;:[]}}\" data-widget_type=\"table-of-contents.default\">\n\t\t\t\t<div class=\"elementor-widget-container\">\n\t\t\t\t\t\t\t\t\t<div class=\"elementor-toc__header\">\n\t\t\t\t\t\t<div class=\"elementor-toc__header-title\">\n\t\t\t\tVerzeichnis\t\t\t<\/div>\n\t\t\t\t\t\t\t\t<\/div>\n\t\t\t\t<div id=\"elementor-toc__7c1d404d\" class=\"elementor-toc__body\">\n\t\t\t<div class=\"elementor-toc__spinner-container\">\n\t\t\t\t<i class=\"elementor-toc__spinner eicon-animation-spin eicon-loading\" aria-hidden=\"true\"><\/i>\t\t\t<\/div>\n\t\t<\/div>\n\t\t\t\t\t\t<\/div>\n\t\t\t\t<\/div>\n\t\t\t\t\t<\/div>\n\t\t<\/div>\n\t\t\t\t\t<\/div>\n\t\t<\/section>\n\t\t\t\t<section class=\"elementor-section elementor-top-section elementor-element elementor-element-6f8037b0 elementor-section-boxed elementor-section-height-default elementor-section-height-default\" data-id=\"6f8037b0\" data-element_type=\"section\" data-e-type=\"section\">\n\t\t\t\t\t\t<div class=\"elementor-container elementor-column-gap-default\">\n\t\t\t\t\t<div class=\"elementor-column elementor-col-100 elementor-top-column elementor-element elementor-element-63272e35\" data-id=\"63272e35\" data-element_type=\"column\" data-e-type=\"column\">\n\t\t\t<div class=\"elementor-widget-wrap elementor-element-populated\">\n\t\t\t\t\t\t<div class=\"elementor-element elementor-element-151d728 elementor-widget elementor-widget-heading\" data-id=\"151d728\" data-element_type=\"widget\" data-e-type=\"widget\" data-widget_type=\"heading.default\">\n\t\t\t\t<div class=\"elementor-widget-container\">\n\t\t\t\t\t<h2 class=\"elementor-heading-title elementor-size-default\">Wann man den Bike Park Ch\u00e2tel besuchen kann und wie man dorthin kommt\n<\/h2>\t\t\t\t<\/div>\n\t\t\t\t<\/div>\n\t\t\t\t<div class=\"elementor-element elementor-element-133a5bde elementor-widget elementor-widget-text-editor\" data-id=\"133a5bde\" data-element_type=\"widget\" data-e-type=\"widget\" data-widget_type=\"text-editor.default\">\n\t\t\t\t<div class=\"elementor-widget-container\">\n\t\t\t\t\t\t\t\t\t<p>Der Bike Park Ch\u00e2tel ist vom 21. Juni bis zum 1. September t\u00e4glich und an den Wochenenden bis in die Herbstmonate ge\u00f6ffnet. Zwei Sessellifte im Gebiet Pr\u00e9-la-Joux starten um 10:00 Uhr mit den Fahrten zum Bike Park. Bei Pierre-Longue ist die letzte Bergfahrt um 16:30 Uhr, bei Rochassons um 16:15 Uhr.<\/p>\t\t\t\t\t\t\t\t<\/div>\n\t\t\t\t<\/div>\n\t\t\t\t\t<\/div>\n\t\t<\/div>\n\t\t\t\t\t<\/div>\n\t\t<\/section>\n\t\t\t\t<section class=\"elementor-section elementor-top-section elementor-element elementor-element-a06d557 elementor-section-boxed elementor-section-height-default elementor-section-height-default\" data-id=\"a06d557\" data-element_type=\"section\" data-e-type=\"section\">\n\t\t\t\t\t\t<div class=\"elementor-container elementor-column-gap-default\">\n\t\t\t\t\t<div class=\"elementor-column elementor-col-100 elementor-top-column elementor-element elementor-element-c6743e4\" data-id=\"c6743e4\" data-element_type=\"column\" data-e-type=\"column\">\n\t\t\t<div class=\"elementor-widget-wrap elementor-element-populated\">\n\t\t\t\t\t\t<div class=\"elementor-element elementor-element-877f99c elementor-widget elementor-widget-heading\" data-id=\"877f99c\" data-element_type=\"widget\" data-e-type=\"widget\" data-widget_type=\"heading.default\">\n\t\t\t\t<div class=\"elementor-widget-container\">\n\t\t\t\t\t<h2 class=\"elementor-heading-title elementor-size-default\">Ticketinformationen f\u00fcr den Ch\u00e2tel Bike Park\n<\/h2>\t\t\t\t<\/div>\n\t\t\t\t<\/div>\n\t\t\t\t<div class=\"elementor-element elementor-element-e4cea14 elementor-widget elementor-widget-text-editor\" data-id=\"e4cea14\" data-element_type=\"widget\" data-e-type=\"widget\" data-widget_type=\"text-editor.default\">\n\t\t\t\t<div class=\"elementor-widget-container\">\n\t\t\t\t\t\t\t\t\t<p>F\u00fcr den Eintritt in den Bike Park gibt es verschiedene Ticketoptionen, die sich nach der Anzahl der Stunden, die Sie fahren m\u00f6chten, und nach Ihrem Budget richten. Liftp\u00e4sse k\u00f6nnen f\u00fcr einzelne Auffahrten gekauft werden oder man erwirbt ein Paket mit mehreren Fahrten, wobei die Auswahl zwischen drei und zehn Auffahrten reicht. F\u00fcr diejenigen, die l\u00e4ngere Zeit auf den Pisten verbringen m\u00f6chten, gibt es auch Ganztags- und Mehrtagesp\u00e4sse.<\/p><p>Sie k\u00f6nnen die Karten an der Liftkasse oder online kaufen. Auch Familienerm\u00e4\u00dfigungen sind m\u00f6glich.<\/p>\t\t\t\t\t\t\t\t<\/div>\n\t\t\t\t<\/div>\n\t\t\t\t\t<\/div>\n\t\t<\/div>\n\t\t\t\t\t<\/div>\n\t\t<\/section>\n\t\t\t\t<section class=\"elementor-section elementor-top-section elementor-element elementor-element-82b84d7 elementor-section-boxed elementor-section-height-default elementor-section-height-default\" data-id=\"82b84d7\" data-element_type=\"section\" data-e-type=\"section\">\n\t\t\t\t\t\t<div class=\"elementor-container elementor-column-gap-default\">\n\t\t\t\t\t<div class=\"elementor-column elementor-col-100 elementor-top-column elementor-element elementor-element-e19d153\" data-id=\"e19d153\" data-element_type=\"column\" data-e-type=\"column\">\n\t\t\t<div class=\"elementor-widget-wrap elementor-element-populated\">\n\t\t\t\t\t\t<div class=\"elementor-element elementor-element-957be64 elementor-widget elementor-widget-image\" data-id=\"957be64\" data-element_type=\"widget\" data-e-type=\"widget\" data-widget_type=\"image.default\">\n\t\t\t\t<div class=\"elementor-widget-container\">\n\t\t\t\t\t\t\t\t\t\t\t\t\t\t\t<img decoding=\"async\" src=\"https:\/\/www.alpvisionresidences.com\/blog\/wp-content\/uploads\/elementor\/thumbs\/activites-Chatel-Bike-Park-qtufqhx3xm8jbqix7sha17j2obfpg1tz8j5io8nofk.jpg\" title=\"activites-Chatel-Bike-Park\" alt=\"activites-Chatel-Bike-Park\" loading=\"lazy\" \/>\t\t\t\t\t\t\t\t\t\t\t\t\t\t\t<\/div>\n\t\t\t\t<\/div>\n\t\t\t\t\t<\/div>\n\t\t<\/div>\n\t\t\t\t\t<\/div>\n\t\t<\/section>\n\t\t\t\t<section class=\"elementor-section elementor-top-section elementor-element elementor-element-44743d5 elementor-section-boxed elementor-section-height-default elementor-section-height-default\" data-id=\"44743d5\" data-element_type=\"section\" data-e-type=\"section\">\n\t\t\t\t\t\t<div class=\"elementor-container elementor-column-gap-default\">\n\t\t\t\t\t<div class=\"elementor-column elementor-col-100 elementor-top-column elementor-element elementor-element-ce9a1b0\" data-id=\"ce9a1b0\" data-element_type=\"column\" data-e-type=\"column\">\n\t\t\t<div class=\"elementor-widget-wrap elementor-element-populated\">\n\t\t\t\t\t\t<div class=\"elementor-element elementor-element-b01b8e7 elementor-widget elementor-widget-heading\" data-id=\"b01b8e7\" data-element_type=\"widget\" data-e-type=\"widget\" data-widget_type=\"heading.default\">\n\t\t\t\t<div class=\"elementor-widget-container\">\n\t\t\t\t\t<h2 class=\"elementor-heading-title elementor-size-default\">Die wichtigsten Routen und Strecken im Ch\u00e2tel Bike Park\n<\/h2>\t\t\t\t<\/div>\n\t\t\t\t<\/div>\n\t\t\t\t<div class=\"elementor-element elementor-element-edac512 elementor-widget elementor-widget-text-editor\" data-id=\"edac512\" data-element_type=\"widget\" data-e-type=\"widget\" data-widget_type=\"text-editor.default\">\n\t\t\t\t<div class=\"elementor-widget-container\">\n\t\t\t\t\t\t\t\t\t<p>Was den Ch\u00e2tel Bike Park zu einem au\u00dfergew\u00f6hnlichen Mountainbike-Erlebnis macht, sind nicht nur seine Lage und die Aussicht, sondern auch die unglaubliche Vielfalt an Trails f\u00fcr alle Schwierigkeitsgrade. Es gibt \u00fcber 20 Strecken, die nach Schwierigkeitsgraden in Farbcodes eingeteilt sind: gr\u00fcn, blau, rot und schwarz.<\/p><p>Hier sind ein paar unserer Favoriten:<\/p>\t\t\t\t\t\t\t\t<\/div>\n\t\t\t\t<\/div>\n\t\t\t\t\t<\/div>\n\t\t<\/div>\n\t\t\t\t\t<\/div>\n\t\t<\/section>\n\t\t\t\t<section class=\"elementor-section elementor-top-section elementor-element elementor-element-b180264 elementor-section-boxed elementor-section-height-default elementor-section-height-default\" data-id=\"b180264\" data-element_type=\"section\" data-e-type=\"section\">\n\t\t\t\t\t\t<div class=\"elementor-container elementor-column-gap-default\">\n\t\t\t\t\t<div class=\"elementor-column elementor-col-25 elementor-top-column elementor-element elementor-element-8469a59\" data-id=\"8469a59\" data-element_type=\"column\" data-e-type=\"column\">\n\t\t\t<div class=\"elementor-widget-wrap elementor-element-populated\">\n\t\t\t\t\t\t<div class=\"elementor-element elementor-element-5e2b669e elementor-widget elementor-widget-heading\" data-id=\"5e2b669e\" data-element_type=\"widget\" data-e-type=\"widget\" data-widget_type=\"heading.default\">\n\t\t\t\t<div class=\"elementor-widget-container\">\n\t\t\t\t\t<h3 class=\"elementor-heading-title elementor-size-default\">Panoramic (Gr\u00fcner Trail)\n<\/h3>\t\t\t\t<\/div>\n\t\t\t\t<\/div>\n\t\t\t\t<div class=\"elementor-element elementor-element-50e50334 elementor-widget elementor-widget-text-editor\" data-id=\"50e50334\" data-element_type=\"widget\" data-e-type=\"widget\" data-widget_type=\"text-editor.default\">\n\t\t\t\t<div class=\"elementor-widget-container\">\n\t\t\t\t\t\t\t\t\t<p>Dies ist der ideale Ort, um mit dem Mountainbiken zu beginnen, oder f\u00fcr diejenigen, die eine entspannte und landschaftlich reizvolle Strecke bevorzugen. Mit breiten Wegen und kleinen Spr\u00fcngen ist die Strecke f\u00fcr alle Fahrer geeignet. Sie ist eine gro\u00dfartige Option f\u00fcr Mountainbiker, die mit der Familie unterwegs sind und die Sch\u00f6nheit von Ch\u00e2tel genie\u00dfen wollen.<\/p>\t\t\t\t\t\t\t\t<\/div>\n\t\t\t\t<\/div>\n\t\t\t\t\t<\/div>\n\t\t<\/div>\n\t\t\t\t<div class=\"elementor-column elementor-col-25 elementor-top-column elementor-element elementor-element-5930f69\" data-id=\"5930f69\" data-element_type=\"column\" data-e-type=\"column\">\n\t\t\t<div class=\"elementor-widget-wrap elementor-element-populated\">\n\t\t\t\t\t\t<div class=\"elementor-element elementor-element-9d629a4 elementor-widget elementor-widget-heading\" data-id=\"9d629a4\" data-element_type=\"widget\" data-e-type=\"widget\" data-widget_type=\"heading.default\">\n\t\t\t\t<div class=\"elementor-widget-container\">\n\t\t\t\t\t<h3 class=\"elementor-heading-title elementor-size-default\">The People (Blauer Trail)\n<\/h3>\t\t\t\t<\/div>\n\t\t\t\t<\/div>\n\t\t\t\t<div class=\"elementor-element elementor-element-9d59e53 elementor-widget elementor-widget-text-editor\" data-id=\"9d59e53\" data-element_type=\"widget\" data-e-type=\"widget\" data-widget_type=\"text-editor.default\">\n\t\t\t\t<div class=\"elementor-widget-container\">\n\t\t\t\t\t\t\t\t\t<p>Der People Trail ist 2,5 Kilometer lang und eignet sich perfekt f\u00fcr fortgeschrittene Radfahrer. Er beginnt mit breiten, gewundenen Wegen, die es Ihnen erm\u00f6glichen, beim Abw\u00e4rtsfahren Vertrauen aufzubauen.<\/p>\t\t\t\t\t\t\t\t<\/div>\n\t\t\t\t<\/div>\n\t\t\t\t\t<\/div>\n\t\t<\/div>\n\t\t\t\t<div class=\"elementor-column elementor-col-25 elementor-top-column elementor-element elementor-element-af4a6e6\" data-id=\"af4a6e6\" data-element_type=\"column\" data-e-type=\"column\">\n\t\t\t<div class=\"elementor-widget-wrap elementor-element-populated\">\n\t\t\t\t\t\t<div class=\"elementor-element elementor-element-8d6c7ed elementor-widget elementor-widget-heading\" data-id=\"8d6c7ed\" data-element_type=\"widget\" data-e-type=\"widget\" data-widget_type=\"heading.default\">\n\t\t\t\t<div class=\"elementor-widget-container\">\n\t\t\t\t\t<h3 class=\"elementor-heading-title elementor-size-default\">Eterlou (Roter Trail)\n<\/h3>\t\t\t\t<\/div>\n\t\t\t\t<\/div>\n\t\t\t\t<div class=\"elementor-element elementor-element-4429833 elementor-widget elementor-widget-text-editor\" data-id=\"4429833\" data-element_type=\"widget\" data-e-type=\"widget\" data-widget_type=\"text-editor.default\">\n\t\t\t\t<div class=\"elementor-widget-container\">\n\t\t\t\t\t\t\t\t\t<p>Wenn Sie einen h\u00f6heren Schwierigkeitsgrad suchen, ist die Strecke Eterlou eine beliebte Option. Sie weist m\u00e4\u00dfige Steigungen auf und ist so angelegt, dass die Fahrer mit Spr\u00fcngen und Kurven besch\u00e4ftigt sind.<\/p>\t\t\t\t\t\t\t\t<\/div>\n\t\t\t\t<\/div>\n\t\t\t\t\t<\/div>\n\t\t<\/div>\n\t\t\t\t<div class=\"elementor-column elementor-col-25 elementor-top-column elementor-element elementor-element-e342980\" data-id=\"e342980\" data-element_type=\"column\" data-e-type=\"column\">\n\t\t\t<div class=\"elementor-widget-wrap elementor-element-populated\">\n\t\t\t\t\t\t<div class=\"elementor-element elementor-element-ef980a9 elementor-widget elementor-widget-heading\" data-id=\"ef980a9\" data-element_type=\"widget\" data-e-type=\"widget\" data-widget_type=\"heading.default\">\n\t\t\t\t<div class=\"elementor-widget-container\">\n\t\t\t\t\t<h3 class=\"elementor-heading-title elementor-size-default\">Black Shore (Schwarzer Trail)\n<\/h3>\t\t\t\t<\/div>\n\t\t\t\t<\/div>\n\t\t\t\t<div class=\"elementor-element elementor-element-78ac029 elementor-widget elementor-widget-text-editor\" data-id=\"78ac029\" data-element_type=\"widget\" data-e-type=\"widget\" data-widget_type=\"text-editor.default\">\n\t\t\t\t<div class=\"elementor-widget-container\">\n\t\t\t\t\t\t\t\t\t<p>F\u00fcr fortgeschrittene Fahrer, die eine technische Herausforderung suchen, ist der Black Shore Trail ein Muss! Im Vergleich zu kanadischen Trails weist er viele Br\u00fccken, Stufen und Spr\u00fcnge auf. Die Strecke ist sehr anspruchsvoll und wir empfehlen, das Gel\u00e4nde vorher auf einer Karte zu studieren.<\/p>\t\t\t\t\t\t\t\t<\/div>\n\t\t\t\t<\/div>\n\t\t\t\t\t<\/div>\n\t\t<\/div>\n\t\t\t\t\t<\/div>\n\t\t<\/section>\n\t\t\t\t<section class=\"elementor-section elementor-top-section elementor-element elementor-element-7d66658 elementor-section-boxed elementor-section-height-default elementor-section-height-default\" data-id=\"7d66658\" data-element_type=\"section\" data-e-type=\"section\">\n\t\t\t\t\t\t<div class=\"elementor-container elementor-column-gap-default\">\n\t\t\t\t\t<div class=\"elementor-column elementor-col-100 elementor-top-column elementor-element elementor-element-d987ecb\" data-id=\"d987ecb\" data-element_type=\"column\" data-e-type=\"column\">\n\t\t\t<div class=\"elementor-widget-wrap elementor-element-populated\">\n\t\t\t\t\t\t<div class=\"elementor-element elementor-element-1789794 elementor-widget elementor-widget-image\" data-id=\"1789794\" data-element_type=\"widget\" data-e-type=\"widget\" data-widget_type=\"image.default\">\n\t\t\t\t<div class=\"elementor-widget-container\">\n\t\t\t\t\t\t\t\t\t\t\t\t\t\t\t<img fetchpriority=\"high\" decoding=\"async\" width=\"1254\" height=\"626\" src=\"https:\/\/www.alpvisionresidences.com\/blog\/wp-content\/uploads\/2024\/09\/Visiter-Chatel-Bike-Park.jpg\" class=\"attachment-full size-full wp-image-11367\" alt=\"Visiter-Chatel-Bike-Park\" srcset=\"https:\/\/www.alpvisionresidences.com\/blog\/wp-content\/uploads\/2024\/09\/Visiter-Chatel-Bike-Park.jpg 1254w, https:\/\/www.alpvisionresidences.com\/blog\/wp-content\/uploads\/2024\/09\/Visiter-Chatel-Bike-Park-768x383.jpg 768w\" sizes=\"(max-width: 1254px) 100vw, 1254px\" \/>\t\t\t\t\t\t\t\t\t\t\t\t\t\t\t<\/div>\n\t\t\t\t<\/div>\n\t\t\t\t\t<\/div>\n\t\t<\/div>\n\t\t\t\t\t<\/div>\n\t\t<\/section>\n\t\t\t\t<section class=\"elementor-section elementor-top-section elementor-element elementor-element-7fc63f7 elementor-section-boxed elementor-section-height-default elementor-section-height-default\" data-id=\"7fc63f7\" data-element_type=\"section\" data-e-type=\"section\">\n\t\t\t\t\t\t<div class=\"elementor-container elementor-column-gap-default\">\n\t\t\t\t\t<div class=\"elementor-column elementor-col-100 elementor-top-column elementor-element elementor-element-9088a2a\" data-id=\"9088a2a\" data-element_type=\"column\" data-e-type=\"column\">\n\t\t\t<div class=\"elementor-widget-wrap elementor-element-populated\">\n\t\t\t\t\t\t<div class=\"elementor-element elementor-element-549e097 elementor-widget elementor-widget-heading\" data-id=\"549e097\" data-element_type=\"widget\" data-e-type=\"widget\" data-widget_type=\"heading.default\">\n\t\t\t\t<div class=\"elementor-widget-container\">\n\t\t\t\t\t<h2 class=\"elementor-heading-title elementor-size-default\">Veranstaltungen und Wettbewerbe im Bike Park Ch\u00e2tel\n<\/h2>\t\t\t\t<\/div>\n\t\t\t\t<\/div>\n\t\t\t\t<div class=\"elementor-element elementor-element-f418ea6 elementor-widget elementor-widget-text-editor\" data-id=\"f418ea6\" data-element_type=\"widget\" data-e-type=\"widget\" data-widget_type=\"text-editor.default\">\n\t\t\t\t<div class=\"elementor-widget-container\">\n\t\t\t\t\t\t\t\t\t<p>Im Bike Park Ch\u00e2tel finden w\u00e4hrend der Saison zahlreiche Veranstaltungen und Wettk\u00e4mpfe statt, darunter einige der aufregendsten j\u00e4hrlichen Mountainbike-Wettbewerbe in Europa! Der European Downhill Cup ist ein Wettbewerb, der jeden Sommer auf der schwarzen Strecke \u201eBike Patrol\u201c ausgetragen wird. MTB-Sportler und Zuschauer aus ganz Europa und der Welt kommen hierher, um an diesem intensiven Event teilzunehmen und es mitzuerleben.<\/p><p>Au\u00dferdem gibt es zahlreiche lokale und kommunale Veranstaltungen, die an den Wochenenden w\u00e4hrend der Freiluftsaison stattfinden. Dazu geh\u00f6ren Rennen, die f\u00fcr Fahrer aller Niveaus gedacht sind, und auch Freestyle-Wettbewerbe.<\/p><p>F\u00fcr alle diese Veranstaltungen gibt es eine Online-Anmeldung und wir empfehlen, dass Sie Ihren Platz und Ihre Unterkunft vor Ort fr\u00fchzeitig buchen.<\/p>\t\t\t\t\t\t\t\t<\/div>\n\t\t\t\t<\/div>\n\t\t\t\t\t<\/div>\n\t\t<\/div>\n\t\t\t\t\t<\/div>\n\t\t<\/section>\n\t\t\t\t<section class=\"elementor-section elementor-top-section elementor-element elementor-element-1c6c29d elementor-section-boxed elementor-section-height-default elementor-section-height-default\" data-id=\"1c6c29d\" data-element_type=\"section\" data-e-type=\"section\">\n\t\t\t\t\t\t<div class=\"elementor-container elementor-column-gap-default\">\n\t\t\t\t\t<div class=\"elementor-column elementor-col-100 elementor-top-column elementor-element elementor-element-736214a\" data-id=\"736214a\" data-element_type=\"column\" data-e-type=\"column\">\n\t\t\t<div class=\"elementor-widget-wrap elementor-element-populated\">\n\t\t\t\t\t\t<div class=\"elementor-element elementor-element-d58bf97 elementor-widget elementor-widget-heading\" data-id=\"d58bf97\" data-element_type=\"widget\" data-e-type=\"widget\" data-widget_type=\"heading.default\">\n\t\t\t\t<div class=\"elementor-widget-container\">\n\t\t\t\t\t<h2 class=\"elementor-heading-title elementor-size-default\">Dienstleistungen und Einrichtungen im Ch\u00e2tel Bike Park\n<\/h2>\t\t\t\t<\/div>\n\t\t\t\t<\/div>\n\t\t\t\t<div class=\"elementor-element elementor-element-457037c elementor-widget elementor-widget-text-editor\" data-id=\"457037c\" data-element_type=\"widget\" data-e-type=\"widget\" data-widget_type=\"text-editor.default\">\n\t\t\t\t<div class=\"elementor-widget-container\">\n\t\t\t\t\t\t\t\t\t<p>Mit den beiden Sesselliften gelangen Sie einfach und bequem zum Gipfel der Strecken des Ch\u00e2tel Bike Park. Die Sessellifte <em>Pierre-Longue<\/em> und <em>Rochassons<\/em> sind von Mitte Juli bis Ende August t\u00e4glich in Betrieb und haben an den Wochenenden verl\u00e4ngerte \u00d6ffnungszeiten.<\/p><p>Wenn Sie Ihr Fahrrad zu Hause vergessen haben, machen Sie sich keine Sorgen! Ch\u00e2tel ist mit zahlreichen Fahrradverleihen gut ausgestattet. Bei diesen Verleihern k\u00f6nnen Sie auch Schutzkleidung und Ausr\u00fcstung mieten. Wenn Sie eine Ausbesserung oder eine schnelle Reparatur ben\u00f6tigen, gibt es in der N\u00e4he des Parks zahlreiche Fahrradwerkst\u00e4tten. Sicherheit hat oberste Priorit\u00e4t, deshalb sind auf den Wegen des Parks <strong>Bike Patrol<\/strong>-Teams stationiert, die im Falle eines Unfalls oder Notfalls zur Stelle sind.<\/p><p>Wenn Sie den Bike Park Ch\u00e2tel zum ersten Mal besuchen, k\u00f6nnen Sie an einer gef\u00fchrten Tour teilnehmen oder sich f\u00fcr einen Kurs anmelden. Das Angebot an Touren und Kursen reicht von Mountainbike-Anf\u00e4ngern \u00fcber Spr\u00fcnge und Tricks bis hin zu einem Einf\u00fchrungskurs in das elektrische Mountainbiken. Auf der offiziellen Website finden Sie eine Liste der verf\u00fcgbaren Optionen.<\/p>\t\t\t\t\t\t\t\t<\/div>\n\t\t\t\t<\/div>\n\t\t\t\t\t<\/div>\n\t\t<\/div>\n\t\t\t\t\t<\/div>\n\t\t<\/section>\n\t\t\t\t<section class=\"elementor-section elementor-top-section elementor-element elementor-element-9a9acb8 elementor-section-boxed elementor-section-height-default elementor-section-height-default\" data-id=\"9a9acb8\" data-element_type=\"section\" data-e-type=\"section\">\n\t\t\t\t\t\t<div class=\"elementor-container elementor-column-gap-default\">\n\t\t\t\t\t<div class=\"elementor-column elementor-col-100 elementor-top-column elementor-element elementor-element-c3bd7e2\" data-id=\"c3bd7e2\" data-element_type=\"column\" data-e-type=\"column\">\n\t\t\t<div class=\"elementor-widget-wrap elementor-element-populated\">\n\t\t\t\t\t\t<div class=\"elementor-element elementor-element-643aa38 elementor-widget elementor-widget-image\" data-id=\"643aa38\" data-element_type=\"widget\" data-e-type=\"widget\" data-widget_type=\"image.default\">\n\t\t\t\t<div class=\"elementor-widget-container\">\n\t\t\t\t\t\t\t\t\t\t\t\t\t\t\t<img decoding=\"async\" width=\"1920\" height=\"631\" src=\"https:\/\/www.alpvisionresidences.com\/blog\/wp-content\/uploads\/2024\/09\/Chatel-Bike-Park.jpg\" class=\"attachment-full size-full wp-image-11372\" alt=\"Chatel-Bike-Park\" srcset=\"https:\/\/www.alpvisionresidences.com\/blog\/wp-content\/uploads\/2024\/09\/Chatel-Bike-Park.jpg 1920w, https:\/\/www.alpvisionresidences.com\/blog\/wp-content\/uploads\/2024\/09\/Chatel-Bike-Park-768x252.jpg 768w, https:\/\/www.alpvisionresidences.com\/blog\/wp-content\/uploads\/2024\/09\/Chatel-Bike-Park-1536x505.jpg 1536w\" sizes=\"(max-width: 1920px) 100vw, 1920px\" \/>\t\t\t\t\t\t\t\t\t\t\t\t\t\t\t<\/div>\n\t\t\t\t<\/div>\n\t\t\t\t\t<\/div>\n\t\t<\/div>\n\t\t\t\t\t<\/div>\n\t\t<\/section>\n\t\t\t\t<section class=\"elementor-section elementor-top-section elementor-element elementor-element-6ff9843 elementor-section-boxed elementor-section-height-default elementor-section-height-default\" data-id=\"6ff9843\" data-element_type=\"section\" data-e-type=\"section\">\n\t\t\t\t\t\t<div class=\"elementor-container elementor-column-gap-default\">\n\t\t\t\t\t<div class=\"elementor-column elementor-col-100 elementor-top-column elementor-element elementor-element-34111ed\" data-id=\"34111ed\" data-element_type=\"column\" data-e-type=\"column\">\n\t\t\t<div class=\"elementor-widget-wrap elementor-element-populated\">\n\t\t\t\t\t\t<div class=\"elementor-element elementor-element-6e17ee6 elementor-widget elementor-widget-heading\" data-id=\"6e17ee6\" data-element_type=\"widget\" data-e-type=\"widget\" data-widget_type=\"heading.default\">\n\t\t\t\t<div class=\"elementor-widget-container\">\n\t\t\t\t\t<h2 class=\"elementor-heading-title elementor-size-default\">Tipps zum Mountainbiken im Ch\u00e2tel Bike Park\n<\/h2>\t\t\t\t<\/div>\n\t\t\t\t<\/div>\n\t\t\t\t<div class=\"elementor-element elementor-element-6c7b686 elementor-widget elementor-widget-text-editor\" data-id=\"6c7b686\" data-element_type=\"widget\" data-e-type=\"widget\" data-widget_type=\"text-editor.default\">\n\t\t\t\t<div class=\"elementor-widget-container\">\n\t\t\t\t\t\t\t\t\t<p><strong>W\u00e4hlen Sie das richtige Fahrrad<\/strong>: Entweder ein \u201eFreeRide\u201c- oder ein \u201eDownhill\u201c-Mountainbike, das am besten f\u00fcr die Strecken geeignet ist, die Sie befahren werden.<br \/><strong>Tragen Sie eine Sicherheitsausr\u00fcstung<\/strong>: Helme sind Pflicht und das Tragen von zus\u00e4tzlicher Schutzausr\u00fcstung wird dringend empfohlen.\u2028<br \/><strong>Folgen Sie der Beschilderung und bleiben Sie auf den Wegen<\/strong>: Bitte bleiben Sie auf den deutlich markierten Wegen und verlassen Sie nicht die Strecke.\u2028<br \/><strong>Machen Sie sich mit den Strecken vertraut<\/strong>: Informieren Sie sich \u00fcber die H\u00e4nge und Hindernisse, bevor Sie sich auf den Weg machen.\u2028<br \/><strong>Informieren Sie sich \u00fcber Notfallkontaktinformationen<\/strong>: Informieren Sie sich \u00fcber die entsprechenden Telefonnummern und wo Sie die Bike Patrol-Teams finden.<\/p>\t\t\t\t\t\t\t\t<\/div>\n\t\t\t\t<\/div>\n\t\t\t\t\t<\/div>\n\t\t<\/div>\n\t\t\t\t\t<\/div>\n\t\t<\/section>\n\t\t\t\t<section class=\"elementor-section elementor-top-section elementor-element elementor-element-a70c5d9 elementor-section-boxed elementor-section-height-default elementor-section-height-default\" data-id=\"a70c5d9\" data-element_type=\"section\" data-e-type=\"section\">\n\t\t\t\t\t\t<div class=\"elementor-container elementor-column-gap-default\">\n\t\t\t\t\t<div class=\"elementor-column elementor-col-100 elementor-top-column elementor-element elementor-element-40c777c\" data-id=\"40c777c\" data-element_type=\"column\" data-e-type=\"column\">\n\t\t\t<div class=\"elementor-widget-wrap elementor-element-populated\">\n\t\t\t\t\t\t<div class=\"elementor-element elementor-element-c8d2e65 elementor-widget elementor-widget-heading\" data-id=\"c8d2e65\" data-element_type=\"widget\" data-e-type=\"widget\" data-widget_type=\"heading.default\">\n\t\t\t\t<div class=\"elementor-widget-container\">\n\t\t\t\t\t<h2 class=\"elementor-heading-title elementor-size-default\">Ihr Mountainbike-Abenteuer in Ch\u00e2tel erwartet Sie\n<\/h2>\t\t\t\t<\/div>\n\t\t\t\t<\/div>\n\t\t\t\t<div class=\"elementor-element elementor-element-166ea93 elementor-widget elementor-widget-text-editor\" data-id=\"166ea93\" data-element_type=\"widget\" data-e-type=\"widget\" data-widget_type=\"text-editor.default\">\n\t\t\t\t<div class=\"elementor-widget-container\">\n\t\t\t\t\t\t\t\t\t<p>Der Ch\u00e2tel Bike Park bietet ein einzigartiges Mountainbike-Erlebnis. Die aufregenden Trails sind perfekt f\u00fcr jedes Fahrerniveau, die herrliche Aussicht auf die Alpen und der erstklassige Service garantieren einen unterhaltsamen und sicheren Tag auf den Trails.<\/p><p>Verlassen Sie sich bei der Planung Ihrer Reise unbedingt auf Alpvision Residences, wenn Sie eine Unterkunft in der Gegend suchen. Mit komfortablen und gut ausgestatteten Unterk\u00fcnften, die sich in der N\u00e4he des Ch\u00e2tel Bike Park und anderer D\u00f6rfer befinden, werden Sie sicher eine Unterkunft finden, die Ihren Bed\u00fcrfnissen entspricht.<\/p>\t\t\t\t\t\t\t\t<\/div>\n\t\t\t\t<\/div>\n\t\t\t\t\t<\/div>\n\t\t<\/div>\n\t\t\t\t\t<\/div>\n\t\t<\/section>\n\t\t\t\t<section class=\"elementor-section elementor-top-section elementor-element elementor-element-52805f20 elementor-section-boxed elementor-section-height-default elementor-section-height-default\" data-id=\"52805f20\" data-element_type=\"section\" data-e-type=\"section\">\n\t\t\t\t\t\t<div class=\"elementor-container elementor-column-gap-default\">\n\t\t\t\t\t<div class=\"elementor-column elementor-col-33 elementor-top-column elementor-element elementor-element-2f260e13\" data-id=\"2f260e13\" data-element_type=\"column\" data-e-type=\"column\">\n\t\t\t<div class=\"elementor-widget-wrap elementor-element-populated\">\n\t\t\t\t\t\t<div class=\"elementor-element elementor-element-12674070 elementor-align-center elementor-widget elementor-widget-button\" data-id=\"12674070\" data-element_type=\"widget\" data-e-type=\"widget\" data-widget_type=\"button.default\">\n\t\t\t\t<div class=\"elementor-widget-container\">\n\t\t\t\t\t\t\t\t\t<div class=\"elementor-button-wrapper\">\n\t\t\t\t\t<a class=\"elementor-button elementor-button-link elementor-size-lg\" href=\"https:\/\/www.alpvisionresidences.com\/de\/vermietung\/vermietungen-chatel-d35164\/\">\n\t\t\t\t\t\t<span class=\"elementor-button-content-wrapper\">\n\t\t\t\t\t\t\t\t\t<span class=\"elementor-button-text\">Unterkunft in Ch\u00e2tel<\/span>\n\t\t\t\t\t<\/span>\n\t\t\t\t\t<\/a>\n\t\t\t\t<\/div>\n\t\t\t\t\t\t\t\t<\/div>\n\t\t\t\t<\/div>\n\t\t\t\t\t<\/div>\n\t\t<\/div>\n\t\t\t\t<div class=\"elementor-column elementor-col-33 elementor-top-column elementor-element elementor-element-2036921d\" data-id=\"2036921d\" data-element_type=\"column\" data-e-type=\"column\">\n\t\t\t<div class=\"elementor-widget-wrap elementor-element-populated\">\n\t\t\t\t\t\t<div class=\"elementor-element elementor-element-66cdffc9 elementor-align-center elementor-widget elementor-widget-button\" data-id=\"66cdffc9\" data-element_type=\"widget\" data-e-type=\"widget\" data-widget_type=\"button.default\">\n\t\t\t\t<div class=\"elementor-widget-container\">\n\t\t\t\t\t\t\t\t\t<div class=\"elementor-button-wrapper\">\n\t\t\t\t\t<a class=\"elementor-button elementor-button-link elementor-size-lg\" href=\"https:\/\/www.alpvisionresidences.com\/de\/vermietung\/vermietungen-chatel-d35164\/\">\n\t\t\t\t\t\t<span class=\"elementor-button-content-wrapper\">\n\t\t\t\t\t\t\t\t\t<span class=\"elementor-button-text\">Ferienwohnungen in Ch\u00e2tel<\/span>\n\t\t\t\t\t<\/span>\n\t\t\t\t\t<\/a>\n\t\t\t\t<\/div>\n\t\t\t\t\t\t\t\t<\/div>\n\t\t\t\t<\/div>\n\t\t\t\t\t<\/div>\n\t\t<\/div>\n\t\t\t\t<div class=\"elementor-column elementor-col-33 elementor-top-column elementor-element elementor-element-33dc23da\" data-id=\"33dc23da\" data-element_type=\"column\" data-e-type=\"column\">\n\t\t\t<div class=\"elementor-widget-wrap elementor-element-populated\">\n\t\t\t\t\t\t<div class=\"elementor-element elementor-element-5118947f elementor-align-center elementor-widget elementor-widget-button\" data-id=\"5118947f\" data-element_type=\"widget\" data-e-type=\"widget\" data-widget_type=\"button.default\">\n\t\t\t\t<div class=\"elementor-widget-container\">\n\t\t\t\t\t\t\t\t\t<div class=\"elementor-button-wrapper\">\n\t\t\t\t\t<a class=\"elementor-button elementor-button-link elementor-size-lg\" href=\"https:\/\/www.alpvisionresidences.com\/de\/vermietung\/chalets-chatel-c20d35164\/\">\n\t\t\t\t\t\t<span class=\"elementor-button-content-wrapper\">\n\t\t\t\t\t\t\t\t\t<span class=\"elementor-button-text\">Chalets in Ch\u00e2tel<\/span>\n\t\t\t\t\t<\/span>\n\t\t\t\t\t<\/a>\n\t\t\t\t<\/div>\n\t\t\t\t\t\t\t\t<\/div>\n\t\t\t\t<\/div>\n\t\t\t\t\t<\/div>\n\t\t<\/div>\n\t\t\t\t\t<\/div>\n\t\t<\/section>\n\t\t\t\t<\/div>\n\t\t","protected":false},"excerpt":{"rendered":"<p>Der Ch\u00e2tel Bike Park befindet sich im Herzen von Portes du Soleil in Frankreich. Es ist eines der gr\u00f6\u00dften Mountainbike-Gebiete&#8230;<\/p>\n","protected":false},"author":3,"featured_media":11372,"comment_status":"open","ping_status":"open","sticky":false,"template":"","format":"standard","meta":{"footnotes":""},"categories":[52,455,458,412,470],"tags":[],"class_list":["post-11391","post","type-post","status-publish","format-standard","has-post-thumbnail","hentry","category-aktivitaeten-in-frankreich","category-chatel-de","category-fahrradrouten","category-franzosische-alpen","category-sommer"],"yoast_head":"<!-- This site is optimized with the Yoast SEO plugin v27.4 - https:\/\/yoast.com\/product\/yoast-seo-wordpress\/ -->\n<title>Ihr Leitfaden f\u00fcr den Bike Park Ch\u00e2tel - Get Inspired<\/title>\n<meta name=\"description\" content=\"Erleben Sie das Adrenalin im Chatel Bike Park, einem Mountainbike-Paradies mit aufregenden Trails und atemberaubenden Landschaften.\" \/>\n<meta name=\"robots\" content=\"index, follow, max-snippet:-1, max-image-preview:large, max-video-preview:-1\" \/>\n<link rel=\"canonical\" href=\"https:\/\/www.alpvisionresidences.com\/blog\/de\/chatel-bike-park\/\" \/>\n<meta property=\"og:locale\" content=\"de_DE\" \/>\n<meta property=\"og:type\" content=\"article\" \/>\n<meta property=\"og:title\" content=\"Ihr Leitfaden f\u00fcr den Bike Park Ch\u00e2tel - Get Inspired\" \/>\n<meta property=\"og:description\" content=\"Erleben Sie das Adrenalin im Chatel Bike Park, einem Mountainbike-Paradies mit aufregenden Trails und atemberaubenden Landschaften.\" \/>\n<meta property=\"og:url\" content=\"https:\/\/www.alpvisionresidences.com\/blog\/de\/chatel-bike-park\/\" \/>\n<meta property=\"og:site_name\" content=\"Get Inspired\" \/>\n<meta property=\"article:publisher\" content=\"https:\/\/www.facebook.com\/AlpvisionResidences\/\" \/>\n<meta property=\"article:published_time\" content=\"2024-09-13T09:18:31+00:00\" \/>\n<meta property=\"article:modified_time\" content=\"2025-02-20T10:52:50+00:00\" \/>\n<meta property=\"og:image\" content=\"https:\/\/www.alpvisionresidences.com\/blog\/wp-content\/uploads\/2024\/09\/Chatel-Bike-Park.jpg\" \/>\n\t<meta property=\"og:image:width\" content=\"1920\" \/>\n\t<meta property=\"og:image:height\" content=\"631\" \/>\n\t<meta property=\"og:image:type\" content=\"image\/jpeg\" \/>\n<meta name=\"author\" content=\"digitalservices\" \/>\n<meta name=\"twitter:card\" content=\"summary_large_image\" \/>\n<meta name=\"twitter:label1\" content=\"Written by\" \/>\n\t<meta name=\"twitter:data1\" content=\"digitalservices\" \/>\n\t<meta name=\"twitter:label2\" content=\"Est. reading time\" \/>\n\t<meta name=\"twitter:data2\" content=\"7 minutes\" \/>\n<script type=\"application\/ld+json\" class=\"yoast-schema-graph\">{\"@context\":\"https:\\\/\\\/schema.org\",\"@graph\":[{\"@type\":\"Article\",\"@id\":\"https:\\\/\\\/www.alpvisionresidences.com\\\/blog\\\/de\\\/chatel-bike-park\\\/#article\",\"isPartOf\":{\"@id\":\"https:\\\/\\\/www.alpvisionresidences.com\\\/blog\\\/de\\\/chatel-bike-park\\\/\"},\"author\":{\"name\":\"digitalservices\",\"@id\":\"https:\\\/\\\/www.alpvisionresidences.com\\\/blog\\\/de\\\/#\\\/schema\\\/person\\\/6e9d17dd9b9dc7fb1f883ab503416e85\"},\"headline\":\"Ihr Leitfaden f\u00fcr den Bike Park Ch\u00e2tel\",\"datePublished\":\"2024-09-13T09:18:31+00:00\",\"dateModified\":\"2025-02-20T10:52:50+00:00\",\"mainEntityOfPage\":{\"@id\":\"https:\\\/\\\/www.alpvisionresidences.com\\\/blog\\\/de\\\/chatel-bike-park\\\/\"},\"wordCount\":1099,\"commentCount\":0,\"publisher\":{\"@id\":\"https:\\\/\\\/www.alpvisionresidences.com\\\/blog\\\/de\\\/#organization\"},\"image\":{\"@id\":\"https:\\\/\\\/www.alpvisionresidences.com\\\/blog\\\/de\\\/chatel-bike-park\\\/#primaryimage\"},\"thumbnailUrl\":\"https:\\\/\\\/www.alpvisionresidences.com\\\/blog\\\/wp-content\\\/uploads\\\/2024\\\/09\\\/Chatel-Bike-Park.jpg\",\"articleSection\":[\"Aktivit\u00e4ten in Frankreich\",\"Ch\u00e2tel\",\"Fahrradrouten\",\"Franz\u00f6sische Alpen\",\"Sommer\"],\"inLanguage\":\"de\",\"potentialAction\":[{\"@type\":\"CommentAction\",\"name\":\"Comment\",\"target\":[\"https:\\\/\\\/www.alpvisionresidences.com\\\/blog\\\/de\\\/chatel-bike-park\\\/#respond\"]}]},{\"@type\":\"WebPage\",\"@id\":\"https:\\\/\\\/www.alpvisionresidences.com\\\/blog\\\/de\\\/chatel-bike-park\\\/\",\"url\":\"https:\\\/\\\/www.alpvisionresidences.com\\\/blog\\\/de\\\/chatel-bike-park\\\/\",\"name\":\"Ihr Leitfaden f\u00fcr den Bike Park Ch\u00e2tel - Get Inspired\",\"isPartOf\":{\"@id\":\"https:\\\/\\\/www.alpvisionresidences.com\\\/blog\\\/de\\\/#website\"},\"primaryImageOfPage\":{\"@id\":\"https:\\\/\\\/www.alpvisionresidences.com\\\/blog\\\/de\\\/chatel-bike-park\\\/#primaryimage\"},\"image\":{\"@id\":\"https:\\\/\\\/www.alpvisionresidences.com\\\/blog\\\/de\\\/chatel-bike-park\\\/#primaryimage\"},\"thumbnailUrl\":\"https:\\\/\\\/www.alpvisionresidences.com\\\/blog\\\/wp-content\\\/uploads\\\/2024\\\/09\\\/Chatel-Bike-Park.jpg\",\"datePublished\":\"2024-09-13T09:18:31+00:00\",\"dateModified\":\"2025-02-20T10:52:50+00:00\",\"description\":\"Erleben Sie das Adrenalin im Chatel Bike Park, einem Mountainbike-Paradies mit aufregenden Trails und atemberaubenden Landschaften.\",\"breadcrumb\":{\"@id\":\"https:\\\/\\\/www.alpvisionresidences.com\\\/blog\\\/de\\\/chatel-bike-park\\\/#breadcrumb\"},\"inLanguage\":\"de\",\"potentialAction\":[{\"@type\":\"ReadAction\",\"target\":[\"https:\\\/\\\/www.alpvisionresidences.com\\\/blog\\\/de\\\/chatel-bike-park\\\/\"]}]},{\"@type\":\"ImageObject\",\"inLanguage\":\"de\",\"@id\":\"https:\\\/\\\/www.alpvisionresidences.com\\\/blog\\\/de\\\/chatel-bike-park\\\/#primaryimage\",\"url\":\"https:\\\/\\\/www.alpvisionresidences.com\\\/blog\\\/wp-content\\\/uploads\\\/2024\\\/09\\\/Chatel-Bike-Park.jpg\",\"contentUrl\":\"https:\\\/\\\/www.alpvisionresidences.com\\\/blog\\\/wp-content\\\/uploads\\\/2024\\\/09\\\/Chatel-Bike-Park.jpg\",\"width\":1920,\"height\":631,\"caption\":\"Chatel-Bike-Park\"},{\"@type\":\"BreadcrumbList\",\"@id\":\"https:\\\/\\\/www.alpvisionresidences.com\\\/blog\\\/de\\\/chatel-bike-park\\\/#breadcrumb\",\"itemListElement\":[{\"@type\":\"ListItem\",\"position\":1,\"name\":\"Home\",\"item\":\"https:\\\/\\\/www.alpvisionresidences.com\\\/blog\\\/de\\\/\"},{\"@type\":\"ListItem\",\"position\":2,\"name\":\"Ihr Leitfaden f\u00fcr den Bike Park Ch\u00e2tel\"}]},{\"@type\":\"WebSite\",\"@id\":\"https:\\\/\\\/www.alpvisionresidences.com\\\/blog\\\/de\\\/#website\",\"url\":\"https:\\\/\\\/www.alpvisionresidences.com\\\/blog\\\/de\\\/\",\"name\":\"alpvisionresidences.com\",\"description\":\"Alpvision r\u00e9sidences\",\"publisher\":{\"@id\":\"https:\\\/\\\/www.alpvisionresidences.com\\\/blog\\\/de\\\/#organization\"},\"potentialAction\":[{\"@type\":\"SearchAction\",\"target\":{\"@type\":\"EntryPoint\",\"urlTemplate\":\"https:\\\/\\\/www.alpvisionresidences.com\\\/blog\\\/de\\\/?s={search_term_string}\"},\"query-input\":{\"@type\":\"PropertyValueSpecification\",\"valueRequired\":true,\"valueName\":\"search_term_string\"}}],\"inLanguage\":\"de\"},{\"@type\":\"Organization\",\"@id\":\"https:\\\/\\\/www.alpvisionresidences.com\\\/blog\\\/de\\\/#organization\",\"name\":\"Alpvision Residences\",\"url\":\"https:\\\/\\\/www.alpvisionresidences.com\\\/blog\\\/de\\\/\",\"logo\":{\"@type\":\"ImageObject\",\"inLanguage\":\"de\",\"@id\":\"https:\\\/\\\/www.alpvisionresidences.com\\\/blog\\\/de\\\/#\\\/schema\\\/logo\\\/image\\\/\",\"url\":\"https:\\\/\\\/www.alpvisionresidences.com\\\/blog\\\/wp-content\\\/uploads\\\/2022\\\/01\\\/alpvision_icone1_bleu_negatif-Redimensionne-pour-profil.png\",\"contentUrl\":\"https:\\\/\\\/www.alpvisionresidences.com\\\/blog\\\/wp-content\\\/uploads\\\/2022\\\/01\\\/alpvision_icone1_bleu_negatif-Redimensionne-pour-profil.png\",\"width\":522,\"height\":478,\"caption\":\"Alpvision Residences\"},\"image\":{\"@id\":\"https:\\\/\\\/www.alpvisionresidences.com\\\/blog\\\/de\\\/#\\\/schema\\\/logo\\\/image\\\/\"},\"sameAs\":[\"https:\\\/\\\/www.facebook.com\\\/AlpvisionResidences\\\/\",\"https:\\\/\\\/www.instagram.com\\\/alpvisionresidences\\\/\"]},{\"@type\":\"Person\",\"@id\":\"https:\\\/\\\/www.alpvisionresidences.com\\\/blog\\\/de\\\/#\\\/schema\\\/person\\\/6e9d17dd9b9dc7fb1f883ab503416e85\",\"name\":\"digitalservices\",\"image\":{\"@type\":\"ImageObject\",\"inLanguage\":\"de\",\"@id\":\"https:\\\/\\\/secure.gravatar.com\\\/avatar\\\/af30f88a1904294c1f3eb09a9d7903eec4ffa18fa2cf40c28a8681014ecdfc20?s=96&d=mm&r=g\",\"url\":\"https:\\\/\\\/secure.gravatar.com\\\/avatar\\\/af30f88a1904294c1f3eb09a9d7903eec4ffa18fa2cf40c28a8681014ecdfc20?s=96&d=mm&r=g\",\"contentUrl\":\"https:\\\/\\\/secure.gravatar.com\\\/avatar\\\/af30f88a1904294c1f3eb09a9d7903eec4ffa18fa2cf40c28a8681014ecdfc20?s=96&d=mm&r=g\",\"caption\":\"digitalservices\"},\"url\":\"https:\\\/\\\/www.alpvisionresidences.com\\\/blog\\\/de\\\/author\\\/digitalservices\\\/\"}]}<\/script>\n<!-- \/ Yoast SEO plugin. -->","yoast_head_json":{"title":"Ihr Leitfaden f\u00fcr den Bike Park Ch\u00e2tel - Get Inspired","description":"Erleben Sie das Adrenalin im Chatel Bike Park, einem Mountainbike-Paradies mit aufregenden Trails und atemberaubenden Landschaften.","robots":{"index":"index","follow":"follow","max-snippet":"max-snippet:-1","max-image-preview":"max-image-preview:large","max-video-preview":"max-video-preview:-1"},"canonical":"https:\/\/www.alpvisionresidences.com\/blog\/de\/chatel-bike-park\/","og_locale":"de_DE","og_type":"article","og_title":"Ihr Leitfaden f\u00fcr den Bike Park Ch\u00e2tel - Get Inspired","og_description":"Erleben Sie das Adrenalin im Chatel Bike Park, einem Mountainbike-Paradies mit aufregenden Trails und atemberaubenden Landschaften.","og_url":"https:\/\/www.alpvisionresidences.com\/blog\/de\/chatel-bike-park\/","og_site_name":"Get Inspired","article_publisher":"https:\/\/www.facebook.com\/AlpvisionResidences\/","article_published_time":"2024-09-13T09:18:31+00:00","article_modified_time":"2025-02-20T10:52:50+00:00","og_image":[{"width":1920,"height":631,"url":"https:\/\/www.alpvisionresidences.com\/blog\/wp-content\/uploads\/2024\/09\/Chatel-Bike-Park.jpg","type":"image\/jpeg"}],"author":"digitalservices","twitter_card":"summary_large_image","twitter_misc":{"Written by":"digitalservices","Est. reading time":"7 minutes"},"schema":{"@context":"https:\/\/schema.org","@graph":[{"@type":"Article","@id":"https:\/\/www.alpvisionresidences.com\/blog\/de\/chatel-bike-park\/#article","isPartOf":{"@id":"https:\/\/www.alpvisionresidences.com\/blog\/de\/chatel-bike-park\/"},"author":{"name":"digitalservices","@id":"https:\/\/www.alpvisionresidences.com\/blog\/de\/#\/schema\/person\/6e9d17dd9b9dc7fb1f883ab503416e85"},"headline":"Ihr Leitfaden f\u00fcr den Bike Park Ch\u00e2tel","datePublished":"2024-09-13T09:18:31+00:00","dateModified":"2025-02-20T10:52:50+00:00","mainEntityOfPage":{"@id":"https:\/\/www.alpvisionresidences.com\/blog\/de\/chatel-bike-park\/"},"wordCount":1099,"commentCount":0,"publisher":{"@id":"https:\/\/www.alpvisionresidences.com\/blog\/de\/#organization"},"image":{"@id":"https:\/\/www.alpvisionresidences.com\/blog\/de\/chatel-bike-park\/#primaryimage"},"thumbnailUrl":"https:\/\/www.alpvisionresidences.com\/blog\/wp-content\/uploads\/2024\/09\/Chatel-Bike-Park.jpg","articleSection":["Aktivit\u00e4ten in Frankreich","Ch\u00e2tel","Fahrradrouten","Franz\u00f6sische Alpen","Sommer"],"inLanguage":"de","potentialAction":[{"@type":"CommentAction","name":"Comment","target":["https:\/\/www.alpvisionresidences.com\/blog\/de\/chatel-bike-park\/#respond"]}]},{"@type":"WebPage","@id":"https:\/\/www.alpvisionresidences.com\/blog\/de\/chatel-bike-park\/","url":"https:\/\/www.alpvisionresidences.com\/blog\/de\/chatel-bike-park\/","name":"Ihr Leitfaden f\u00fcr den Bike Park Ch\u00e2tel - Get Inspired","isPartOf":{"@id":"https:\/\/www.alpvisionresidences.com\/blog\/de\/#website"},"primaryImageOfPage":{"@id":"https:\/\/www.alpvisionresidences.com\/blog\/de\/chatel-bike-park\/#primaryimage"},"image":{"@id":"https:\/\/www.alpvisionresidences.com\/blog\/de\/chatel-bike-park\/#primaryimage"},"thumbnailUrl":"https:\/\/www.alpvisionresidences.com\/blog\/wp-content\/uploads\/2024\/09\/Chatel-Bike-Park.jpg","datePublished":"2024-09-13T09:18:31+00:00","dateModified":"2025-02-20T10:52:50+00:00","description":"Erleben Sie das Adrenalin im Chatel Bike Park, einem Mountainbike-Paradies mit aufregenden Trails und atemberaubenden Landschaften.","breadcrumb":{"@id":"https:\/\/www.alpvisionresidences.com\/blog\/de\/chatel-bike-park\/#breadcrumb"},"inLanguage":"de","potentialAction":[{"@type":"ReadAction","target":["https:\/\/www.alpvisionresidences.com\/blog\/de\/chatel-bike-park\/"]}]},{"@type":"ImageObject","inLanguage":"de","@id":"https:\/\/www.alpvisionresidences.com\/blog\/de\/chatel-bike-park\/#primaryimage","url":"https:\/\/www.alpvisionresidences.com\/blog\/wp-content\/uploads\/2024\/09\/Chatel-Bike-Park.jpg","contentUrl":"https:\/\/www.alpvisionresidences.com\/blog\/wp-content\/uploads\/2024\/09\/Chatel-Bike-Park.jpg","width":1920,"height":631,"caption":"Chatel-Bike-Park"},{"@type":"BreadcrumbList","@id":"https:\/\/www.alpvisionresidences.com\/blog\/de\/chatel-bike-park\/#breadcrumb","itemListElement":[{"@type":"ListItem","position":1,"name":"Home","item":"https:\/\/www.alpvisionresidences.com\/blog\/de\/"},{"@type":"ListItem","position":2,"name":"Ihr Leitfaden f\u00fcr den Bike Park Ch\u00e2tel"}]},{"@type":"WebSite","@id":"https:\/\/www.alpvisionresidences.com\/blog\/de\/#website","url":"https:\/\/www.alpvisionresidences.com\/blog\/de\/","name":"alpvisionresidences.com","description":"Alpvision r\u00e9sidences","publisher":{"@id":"https:\/\/www.alpvisionresidences.com\/blog\/de\/#organization"},"potentialAction":[{"@type":"SearchAction","target":{"@type":"EntryPoint","urlTemplate":"https:\/\/www.alpvisionresidences.com\/blog\/de\/?s={search_term_string}"},"query-input":{"@type":"PropertyValueSpecification","valueRequired":true,"valueName":"search_term_string"}}],"inLanguage":"de"},{"@type":"Organization","@id":"https:\/\/www.alpvisionresidences.com\/blog\/de\/#organization","name":"Alpvision Residences","url":"https:\/\/www.alpvisionresidences.com\/blog\/de\/","logo":{"@type":"ImageObject","inLanguage":"de","@id":"https:\/\/www.alpvisionresidences.com\/blog\/de\/#\/schema\/logo\/image\/","url":"https:\/\/www.alpvisionresidences.com\/blog\/wp-content\/uploads\/2022\/01\/alpvision_icone1_bleu_negatif-Redimensionne-pour-profil.png","contentUrl":"https:\/\/www.alpvisionresidences.com\/blog\/wp-content\/uploads\/2022\/01\/alpvision_icone1_bleu_negatif-Redimensionne-pour-profil.png","width":522,"height":478,"caption":"Alpvision Residences"},"image":{"@id":"https:\/\/www.alpvisionresidences.com\/blog\/de\/#\/schema\/logo\/image\/"},"sameAs":["https:\/\/www.facebook.com\/AlpvisionResidences\/","https:\/\/www.instagram.com\/alpvisionresidences\/"]},{"@type":"Person","@id":"https:\/\/www.alpvisionresidences.com\/blog\/de\/#\/schema\/person\/6e9d17dd9b9dc7fb1f883ab503416e85","name":"digitalservices","image":{"@type":"ImageObject","inLanguage":"de","@id":"https:\/\/secure.gravatar.com\/avatar\/af30f88a1904294c1f3eb09a9d7903eec4ffa18fa2cf40c28a8681014ecdfc20?s=96&d=mm&r=g","url":"https:\/\/secure.gravatar.com\/avatar\/af30f88a1904294c1f3eb09a9d7903eec4ffa18fa2cf40c28a8681014ecdfc20?s=96&d=mm&r=g","contentUrl":"https:\/\/secure.gravatar.com\/avatar\/af30f88a1904294c1f3eb09a9d7903eec4ffa18fa2cf40c28a8681014ecdfc20?s=96&d=mm&r=g","caption":"digitalservices"},"url":"https:\/\/www.alpvisionresidences.com\/blog\/de\/author\/digitalservices\/"}]}},"_links":{"self":[{"href":"https:\/\/www.alpvisionresidences.com\/blog\/de\/wp-json\/wp\/v2\/posts\/11391","targetHints":{"allow":["GET"]}}],"collection":[{"href":"https:\/\/www.alpvisionresidences.com\/blog\/de\/wp-json\/wp\/v2\/posts"}],"about":[{"href":"https:\/\/www.alpvisionresidences.com\/blog\/de\/wp-json\/wp\/v2\/types\/post"}],"author":[{"embeddable":true,"href":"https:\/\/www.alpvisionresidences.com\/blog\/de\/wp-json\/wp\/v2\/users\/3"}],"replies":[{"embeddable":true,"href":"https:\/\/www.alpvisionresidences.com\/blog\/de\/wp-json\/wp\/v2\/comments?post=11391"}],"version-history":[{"count":8,"href":"https:\/\/www.alpvisionresidences.com\/blog\/de\/wp-json\/wp\/v2\/posts\/11391\/revisions"}],"predecessor-version":[{"id":11570,"href":"https:\/\/www.alpvisionresidences.com\/blog\/de\/wp-json\/wp\/v2\/posts\/11391\/revisions\/11570"}],"wp:featuredmedia":[{"embeddable":true,"href":"https:\/\/www.alpvisionresidences.com\/blog\/de\/wp-json\/wp\/v2\/media\/11372"}],"wp:attachment":[{"href":"https:\/\/www.alpvisionresidences.com\/blog\/de\/wp-json\/wp\/v2\/media?parent=11391"}],"wp:term":[{"taxonomy":"category","embeddable":true,"href":"https:\/\/www.alpvisionresidences.com\/blog\/de\/wp-json\/wp\/v2\/categories?post=11391"},{"taxonomy":"post_tag","embeddable":true,"href":"https:\/\/www.alpvisionresidences.com\/blog\/de\/wp-json\/wp\/v2\/tags?post=11391"}],"curies":[{"name":"wp","href":"https:\/\/api.w.org\/{rel}","templated":true}]}}