{"id":1244,"date":"2021-10-04T11:13:31","date_gmt":"2021-10-04T11:13:31","guid":{"rendered":"https:\/\/www.alpvisionresidences.com\/blog\/?p=1244"},"modified":"2025-08-01T11:39:28","modified_gmt":"2025-08-01T11:39:28","slug":"eine-neue-seilbahnverbindung-orelle-val-thorens-die-zu-fus-und-mit-skiern-erreichbar-ist","status":"publish","type":"post","link":"https:\/\/www.alpvisionresidences.com\/blog\/de\/eine-neue-seilbahnverbindung-orelle-val-thorens-die-zu-fus-und-mit-skiern-erreichbar-ist\/","title":{"rendered":"Eine neue Seilbahnverbindung Orelle-Val Thorens, die zu Fu\u00df und mit Skiern erreichbar ist"},"content":{"rendered":"\n<p>Genie\u00dfen Sie Ihren Winterurlaub in Orelle wie nie zuvor dank der neuen Gondel ab Anfang Dezember!<\/p>\n\n\n\n<p>Wie erwartet, erm\u00f6glicht Ihnen das 3-T\u00e4ler-Gebiet endlich den Zugang zum Val Thorens vom Maurienne-Tal \u00fcber den legend\u00e4ren Cime Caron und sein unglaubliches 360-Grad-Panorama der Alpen. Keine Notwendigkeit, auf die Piste oder auf die Stra\u00dfe zu fahren, es gibt so viele Gr\u00fcnde, den Winter zu genie\u00dfen und in Orelle zu bleiben, und das alles mit trockenem Gep\u00e4ck. Entdecken Sie die Vorteile, die Ihnen diese Gondel bietet und warum Sie jetzt Ihre Unterkunft buchen sollten, um davon profitieren zu k\u00f6nnen!<\/p>\n\n\n\n<blockquote class=\"wp-block-quote is-layout-flow wp-block-quote-is-layout-flow\"><p><em>\u201eDies ist ein gro\u00dfes und strukturierendes Projekt f\u00fcr den Skisport, das im Winter viel mehr Fl\u00fcssigkeit bringen wird. Wir werden mehr Menschen transportieren k\u00f6nnen. Dies wird auch die Caron-Seilbahn dank des zweiten Abschnitts entlasten\u201c, erkl\u00e4rt Robert Guillermet, Direktor von STOR.<\/em><\/p><\/blockquote>\n\n\n\n<figure class=\"wp-block-image size-large\"><img fetchpriority=\"high\" decoding=\"async\" width=\"772\" height=\"437\" src=\"https:\/\/www.alpvisionresidences.com\/blog\/wp-content\/uploads\/2021\/10\/cime-caron-en-val-thorens-72885900.jpg\" alt=\"\" class=\"wp-image-1220\" srcset=\"https:\/\/www.alpvisionresidences.com\/blog\/wp-content\/uploads\/2021\/10\/cime-caron-en-val-thorens-72885900.jpg 772w, https:\/\/www.alpvisionresidences.com\/blog\/wp-content\/uploads\/2021\/10\/cime-caron-en-val-thorens-72885900-768x435.jpg 768w\" sizes=\"(max-width: 772px) 100vw, 772px\" \/><\/figure>\n\n\n<h1 style=\"text-align: center;\"><span style=\"color: #0c76aa;\">Doppelt so schnell an die Spitze<\/span><\/h1>\n\n\n<p align=\"align\">Die Geschwindigkeit von Orelle-Cime Caron wird mit 2 multipliziert und ist damit eine der schnellsten Gondeln Frankreichs! Was gibt es Sch\u00f6neres, als in weniger als 20 Minuten von Orelle zum legend\u00e4ren Cime Caron H\u00f6he zu gewinnen!<\/p>\n\n\n<h1 style=\"text-align: center;\"><span style=\"color: #0c76aa;\">Seien Sie mit maximalem Komfort ganz oben<\/span><\/h1>\n\n\n<p align=\"align\">Diese neue Gondelbahn verspricht Ihnen optimalen Service mit 10 Sitzpl\u00e4tzen, Indoor-Stellpl\u00e4tzen f\u00fcr Ski und Gep\u00e4ck. Profitieren Sie auch von Skipassverteilern, Gruppen- und Familienumkleidekabinen und Skischr\u00e4nken am Start der Seilbahn. Aber das ist noch nicht alles, Sie profitieren auch von 150 Skischr\u00e4nken, davon 38 Schlie\u00dff\u00e4cher f\u00fcr 2 Personen, 112 Schlie\u00dff\u00e4cher f\u00fcr 4 Personen zum Preis von 6 \u20ac pro Nacht f\u00fcr Schlie\u00dff\u00e4cher f\u00fcr 2 Personen \/ 12 \u20ac pro Nacht f\u00fcr Schlie\u00dff\u00e4cher f\u00fcr 4 Personen. UND das Parken ist KOSTENLOS.<\/p>\n\n\n<h1 style=\"text-align: center;\"><span style=\"color: #0c76aa;\">Ein &#8220;FreeRando&#8221;-Sektor<\/span><\/h1>\n\n\n<p align=\"align\">Ein neues sicheres und markiertes Gebiet empf\u00e4ngt Wanderer oder Skitourengeher im Borgne-Sektor. Dieses Naturgebiet wird auch Gruppen f\u00fcr Pr\u00e4ventionssitzungen und Einf\u00fchrung in die Verwendung von Bergsicherheitsausr\u00fcstung willkommen hei\u00dfen.<\/p>\n\n\n\n<p><a href=\"https:\/\/www.alpvisionresidences.com\/de\/vermietung\/vermietungen-orelle-d36537\/\" target=\"_blank\" rel=\"noreferrer noopener\">Buchen Sie jetzt Ihre Unterkunft!<\/a><\/p>\n\n\n\n<iframe src=\"https:\/\/www.facebook.com\/plugins\/like.php?href=https%3A%2F%2Fwww.facebook.com%2FAlpvisionResidences&amp;width=450&amp;layout=standard&amp;action=like&amp;size=small&amp;share=true&amp;height=35&amp;appId\" width=\"450\" height=\"35\" style=\"border:none;overflow:hidden\" scrolling=\"no\" frameborder=\"0\" allowfullscreen=\"true\" allow=\"autoplay; clipboard-write; encrypted-media; picture-in-picture; web-share\"><\/iframe>\n\n\n\n<iframe src=\"https:\/\/www.facebook.com\/plugins\/page.php?href=https%3A%2F%2Fwww.facebook.com%2FAlpvisionResidences%2F&amp;tabs&amp;width=340&amp;height=130&amp;small_header=false&amp;adapt_container_width=true&amp;hide_cover=false&amp;show_facepile=true&amp;appId\" width=\"340\" height=\"130\" style=\"border:none;overflow:hidden\" scrolling=\"no\" frameborder=\"0\" allowfullscreen=\"true\" allow=\"autoplay; clipboard-write; encrypted-media; picture-in-picture; web-share\"><\/iframe>\n\n\n\n<p><\/p>\n","protected":false},"excerpt":{"rendered":"<p>Genie\u00dfen Sie Ihren Winterurlaub in Orelle wie nie zuvor dank der neuen Gondel ab Anfang Dezember! Wie erwartet, erm\u00f6glicht Ihnen&#8230;<\/p>\n","protected":false},"author":2,"featured_media":1220,"comment_status":"open","ping_status":"open","sticky":false,"template":"","format":"standard","meta":{"footnotes":""},"categories":[32,52],"tags":[],"class_list":["post-1244","post","type-post","status-publish","format-standard","has-post-thumbnail","hentry","category-aktivitaeten-in-der-schweiz","category-aktivitaeten-in-frankreich"],"yoast_head":"<!-- This site is optimized with the Yoast SEO plugin v27.4 - https:\/\/yoast.com\/product\/yoast-seo-wordpress\/ -->\n<title>Eine neue Seilbahnverbindung Orelle-Val Thorens, die zu Fu\u00df und mit Skiern erreichbar ist - Get Inspired<\/title>\n<meta name=\"robots\" content=\"index, follow, max-snippet:-1, max-image-preview:large, max-video-preview:-1\" \/>\n<link rel=\"canonical\" href=\"https:\/\/www.alpvisionresidences.com\/blog\/de\/eine-neue-seilbahnverbindung-orelle-val-thorens-die-zu-fus-und-mit-skiern-erreichbar-ist\/\" \/>\n<meta property=\"og:locale\" content=\"de_DE\" \/>\n<meta property=\"og:type\" content=\"article\" \/>\n<meta property=\"og:title\" content=\"Eine neue Seilbahnverbindung Orelle-Val Thorens, die zu Fu\u00df und mit Skiern erreichbar ist - Get Inspired\" \/>\n<meta property=\"og:description\" content=\"Genie\u00dfen Sie Ihren Winterurlaub in Orelle wie nie zuvor dank der neuen Gondel ab Anfang Dezember! Wie erwartet, erm\u00f6glicht Ihnen...\" \/>\n<meta property=\"og:url\" content=\"https:\/\/www.alpvisionresidences.com\/blog\/de\/eine-neue-seilbahnverbindung-orelle-val-thorens-die-zu-fus-und-mit-skiern-erreichbar-ist\/\" \/>\n<meta property=\"og:site_name\" content=\"Get Inspired\" \/>\n<meta property=\"article:publisher\" content=\"https:\/\/www.facebook.com\/AlpvisionResidences\/\" \/>\n<meta property=\"article:published_time\" content=\"2021-10-04T11:13:31+00:00\" \/>\n<meta property=\"article:modified_time\" content=\"2025-08-01T11:39:28+00:00\" \/>\n<meta property=\"og:image\" content=\"https:\/\/www.alpvisionresidences.com\/blog\/wp-content\/uploads\/2021\/10\/cime-caron-en-val-thorens-72885900.jpg\" \/>\n\t<meta property=\"og:image:width\" content=\"772\" \/>\n\t<meta property=\"og:image:height\" content=\"437\" \/>\n\t<meta property=\"og:image:type\" content=\"image\/jpeg\" \/>\n<meta name=\"author\" content=\"alpvision\" \/>\n<meta name=\"twitter:card\" content=\"summary_large_image\" \/>\n<meta name=\"twitter:label1\" content=\"Written by\" \/>\n\t<meta name=\"twitter:data1\" content=\"alpvision\" \/>\n\t<meta name=\"twitter:label2\" content=\"Est. reading time\" \/>\n\t<meta name=\"twitter:data2\" content=\"2 minutes\" \/>\n<script type=\"application\/ld+json\" class=\"yoast-schema-graph\">{\"@context\":\"https:\\\/\\\/schema.org\",\"@graph\":[{\"@type\":\"Article\",\"@id\":\"https:\\\/\\\/www.alpvisionresidences.com\\\/blog\\\/de\\\/eine-neue-seilbahnverbindung-orelle-val-thorens-die-zu-fus-und-mit-skiern-erreichbar-ist\\\/#article\",\"isPartOf\":{\"@id\":\"https:\\\/\\\/www.alpvisionresidences.com\\\/blog\\\/de\\\/eine-neue-seilbahnverbindung-orelle-val-thorens-die-zu-fus-und-mit-skiern-erreichbar-ist\\\/\"},\"author\":{\"name\":\"alpvision\",\"@id\":\"https:\\\/\\\/www.alpvisionresidences.com\\\/blog\\\/de\\\/#\\\/schema\\\/person\\\/51ca1eab7ba27fa67ef90f1171928537\"},\"headline\":\"Eine neue Seilbahnverbindung Orelle-Val Thorens, die zu Fu\u00df und mit Skiern erreichbar ist\",\"datePublished\":\"2021-10-04T11:13:31+00:00\",\"dateModified\":\"2025-08-01T11:39:28+00:00\",\"mainEntityOfPage\":{\"@id\":\"https:\\\/\\\/www.alpvisionresidences.com\\\/blog\\\/de\\\/eine-neue-seilbahnverbindung-orelle-val-thorens-die-zu-fus-und-mit-skiern-erreichbar-ist\\\/\"},\"wordCount\":339,\"commentCount\":0,\"publisher\":{\"@id\":\"https:\\\/\\\/www.alpvisionresidences.com\\\/blog\\\/de\\\/#organization\"},\"image\":{\"@id\":\"https:\\\/\\\/www.alpvisionresidences.com\\\/blog\\\/de\\\/eine-neue-seilbahnverbindung-orelle-val-thorens-die-zu-fus-und-mit-skiern-erreichbar-ist\\\/#primaryimage\"},\"thumbnailUrl\":\"https:\\\/\\\/www.alpvisionresidences.com\\\/blog\\\/wp-content\\\/uploads\\\/2021\\\/10\\\/cime-caron-en-val-thorens-72885900.jpg\",\"articleSection\":[\"Aktivit\u00e4ten in der Schweiz\",\"Aktivit\u00e4ten in Frankreich\"],\"inLanguage\":\"de\",\"potentialAction\":[{\"@type\":\"CommentAction\",\"name\":\"Comment\",\"target\":[\"https:\\\/\\\/www.alpvisionresidences.com\\\/blog\\\/de\\\/eine-neue-seilbahnverbindung-orelle-val-thorens-die-zu-fus-und-mit-skiern-erreichbar-ist\\\/#respond\"]}]},{\"@type\":\"WebPage\",\"@id\":\"https:\\\/\\\/www.alpvisionresidences.com\\\/blog\\\/de\\\/eine-neue-seilbahnverbindung-orelle-val-thorens-die-zu-fus-und-mit-skiern-erreichbar-ist\\\/\",\"url\":\"https:\\\/\\\/www.alpvisionresidences.com\\\/blog\\\/de\\\/eine-neue-seilbahnverbindung-orelle-val-thorens-die-zu-fus-und-mit-skiern-erreichbar-ist\\\/\",\"name\":\"Eine neue Seilbahnverbindung Orelle-Val Thorens, die zu Fu\u00df und mit Skiern erreichbar ist - Get Inspired\",\"isPartOf\":{\"@id\":\"https:\\\/\\\/www.alpvisionresidences.com\\\/blog\\\/de\\\/#website\"},\"primaryImageOfPage\":{\"@id\":\"https:\\\/\\\/www.alpvisionresidences.com\\\/blog\\\/de\\\/eine-neue-seilbahnverbindung-orelle-val-thorens-die-zu-fus-und-mit-skiern-erreichbar-ist\\\/#primaryimage\"},\"image\":{\"@id\":\"https:\\\/\\\/www.alpvisionresidences.com\\\/blog\\\/de\\\/eine-neue-seilbahnverbindung-orelle-val-thorens-die-zu-fus-und-mit-skiern-erreichbar-ist\\\/#primaryimage\"},\"thumbnailUrl\":\"https:\\\/\\\/www.alpvisionresidences.com\\\/blog\\\/wp-content\\\/uploads\\\/2021\\\/10\\\/cime-caron-en-val-thorens-72885900.jpg\",\"datePublished\":\"2021-10-04T11:13:31+00:00\",\"dateModified\":\"2025-08-01T11:39:28+00:00\",\"breadcrumb\":{\"@id\":\"https:\\\/\\\/www.alpvisionresidences.com\\\/blog\\\/de\\\/eine-neue-seilbahnverbindung-orelle-val-thorens-die-zu-fus-und-mit-skiern-erreichbar-ist\\\/#breadcrumb\"},\"inLanguage\":\"de\",\"potentialAction\":[{\"@type\":\"ReadAction\",\"target\":[\"https:\\\/\\\/www.alpvisionresidences.com\\\/blog\\\/de\\\/eine-neue-seilbahnverbindung-orelle-val-thorens-die-zu-fus-und-mit-skiern-erreichbar-ist\\\/\"]}]},{\"@type\":\"ImageObject\",\"inLanguage\":\"de\",\"@id\":\"https:\\\/\\\/www.alpvisionresidences.com\\\/blog\\\/de\\\/eine-neue-seilbahnverbindung-orelle-val-thorens-die-zu-fus-und-mit-skiern-erreichbar-ist\\\/#primaryimage\",\"url\":\"https:\\\/\\\/www.alpvisionresidences.com\\\/blog\\\/wp-content\\\/uploads\\\/2021\\\/10\\\/cime-caron-en-val-thorens-72885900.jpg\",\"contentUrl\":\"https:\\\/\\\/www.alpvisionresidences.com\\\/blog\\\/wp-content\\\/uploads\\\/2021\\\/10\\\/cime-caron-en-val-thorens-72885900.jpg\",\"width\":772,\"height\":437},{\"@type\":\"BreadcrumbList\",\"@id\":\"https:\\\/\\\/www.alpvisionresidences.com\\\/blog\\\/de\\\/eine-neue-seilbahnverbindung-orelle-val-thorens-die-zu-fus-und-mit-skiern-erreichbar-ist\\\/#breadcrumb\",\"itemListElement\":[{\"@type\":\"ListItem\",\"position\":1,\"name\":\"Home\",\"item\":\"https:\\\/\\\/www.alpvisionresidences.com\\\/blog\\\/de\\\/\"},{\"@type\":\"ListItem\",\"position\":2,\"name\":\"Eine neue Seilbahnverbindung Orelle-Val Thorens, die zu Fu\u00df und mit Skiern erreichbar ist\"}]},{\"@type\":\"WebSite\",\"@id\":\"https:\\\/\\\/www.alpvisionresidences.com\\\/blog\\\/de\\\/#website\",\"url\":\"https:\\\/\\\/www.alpvisionresidences.com\\\/blog\\\/de\\\/\",\"name\":\"alpvisionresidences.com\",\"description\":\"Alpvision r\u00e9sidences\",\"publisher\":{\"@id\":\"https:\\\/\\\/www.alpvisionresidences.com\\\/blog\\\/de\\\/#organization\"},\"potentialAction\":[{\"@type\":\"SearchAction\",\"target\":{\"@type\":\"EntryPoint\",\"urlTemplate\":\"https:\\\/\\\/www.alpvisionresidences.com\\\/blog\\\/de\\\/?s={search_term_string}\"},\"query-input\":{\"@type\":\"PropertyValueSpecification\",\"valueRequired\":true,\"valueName\":\"search_term_string\"}}],\"inLanguage\":\"de\"},{\"@type\":\"Organization\",\"@id\":\"https:\\\/\\\/www.alpvisionresidences.com\\\/blog\\\/de\\\/#organization\",\"name\":\"Alpvision Residences\",\"url\":\"https:\\\/\\\/www.alpvisionresidences.com\\\/blog\\\/de\\\/\",\"logo\":{\"@type\":\"ImageObject\",\"inLanguage\":\"de\",\"@id\":\"https:\\\/\\\/www.alpvisionresidences.com\\\/blog\\\/de\\\/#\\\/schema\\\/logo\\\/image\\\/\",\"url\":\"https:\\\/\\\/www.alpvisionresidences.com\\\/blog\\\/wp-content\\\/uploads\\\/2022\\\/01\\\/alpvision_icone1_bleu_negatif-Redimensionne-pour-profil.png\",\"contentUrl\":\"https:\\\/\\\/www.alpvisionresidences.com\\\/blog\\\/wp-content\\\/uploads\\\/2022\\\/01\\\/alpvision_icone1_bleu_negatif-Redimensionne-pour-profil.png\",\"width\":522,\"height\":478,\"caption\":\"Alpvision Residences\"},\"image\":{\"@id\":\"https:\\\/\\\/www.alpvisionresidences.com\\\/blog\\\/de\\\/#\\\/schema\\\/logo\\\/image\\\/\"},\"sameAs\":[\"https:\\\/\\\/www.facebook.com\\\/AlpvisionResidences\\\/\",\"https:\\\/\\\/www.instagram.com\\\/alpvisionresidences\\\/\"]},{\"@type\":\"Person\",\"@id\":\"https:\\\/\\\/www.alpvisionresidences.com\\\/blog\\\/de\\\/#\\\/schema\\\/person\\\/51ca1eab7ba27fa67ef90f1171928537\",\"name\":\"alpvision\",\"image\":{\"@type\":\"ImageObject\",\"inLanguage\":\"de\",\"@id\":\"https:\\\/\\\/secure.gravatar.com\\\/avatar\\\/12aed967b3ee801371482470bdc1042c671499c3614a04f8a6980d7e3bbc65d0?s=96&d=mm&r=g\",\"url\":\"https:\\\/\\\/secure.gravatar.com\\\/avatar\\\/12aed967b3ee801371482470bdc1042c671499c3614a04f8a6980d7e3bbc65d0?s=96&d=mm&r=g\",\"contentUrl\":\"https:\\\/\\\/secure.gravatar.com\\\/avatar\\\/12aed967b3ee801371482470bdc1042c671499c3614a04f8a6980d7e3bbc65d0?s=96&d=mm&r=g\",\"caption\":\"alpvision\"},\"url\":\"https:\\\/\\\/www.alpvisionresidences.com\\\/blog\\\/de\\\/author\\\/alpvision\\\/\"}]}<\/script>\n<!-- \/ Yoast SEO plugin. -->","yoast_head_json":{"title":"Eine neue Seilbahnverbindung Orelle-Val Thorens, die zu Fu\u00df und mit Skiern erreichbar ist - Get Inspired","robots":{"index":"index","follow":"follow","max-snippet":"max-snippet:-1","max-image-preview":"max-image-preview:large","max-video-preview":"max-video-preview:-1"},"canonical":"https:\/\/www.alpvisionresidences.com\/blog\/de\/eine-neue-seilbahnverbindung-orelle-val-thorens-die-zu-fus-und-mit-skiern-erreichbar-ist\/","og_locale":"de_DE","og_type":"article","og_title":"Eine neue Seilbahnverbindung Orelle-Val Thorens, die zu Fu\u00df und mit Skiern erreichbar ist - Get Inspired","og_description":"Genie\u00dfen Sie Ihren Winterurlaub in Orelle wie nie zuvor dank der neuen Gondel ab Anfang Dezember! Wie erwartet, erm\u00f6glicht Ihnen...","og_url":"https:\/\/www.alpvisionresidences.com\/blog\/de\/eine-neue-seilbahnverbindung-orelle-val-thorens-die-zu-fus-und-mit-skiern-erreichbar-ist\/","og_site_name":"Get Inspired","article_publisher":"https:\/\/www.facebook.com\/AlpvisionResidences\/","article_published_time":"2021-10-04T11:13:31+00:00","article_modified_time":"2025-08-01T11:39:28+00:00","og_image":[{"width":772,"height":437,"url":"https:\/\/www.alpvisionresidences.com\/blog\/wp-content\/uploads\/2021\/10\/cime-caron-en-val-thorens-72885900.jpg","type":"image\/jpeg"}],"author":"alpvision","twitter_card":"summary_large_image","twitter_misc":{"Written by":"alpvision","Est. reading time":"2 minutes"},"schema":{"@context":"https:\/\/schema.org","@graph":[{"@type":"Article","@id":"https:\/\/www.alpvisionresidences.com\/blog\/de\/eine-neue-seilbahnverbindung-orelle-val-thorens-die-zu-fus-und-mit-skiern-erreichbar-ist\/#article","isPartOf":{"@id":"https:\/\/www.alpvisionresidences.com\/blog\/de\/eine-neue-seilbahnverbindung-orelle-val-thorens-die-zu-fus-und-mit-skiern-erreichbar-ist\/"},"author":{"name":"alpvision","@id":"https:\/\/www.alpvisionresidences.com\/blog\/de\/#\/schema\/person\/51ca1eab7ba27fa67ef90f1171928537"},"headline":"Eine neue Seilbahnverbindung Orelle-Val Thorens, die zu Fu\u00df und mit Skiern erreichbar ist","datePublished":"2021-10-04T11:13:31+00:00","dateModified":"2025-08-01T11:39:28+00:00","mainEntityOfPage":{"@id":"https:\/\/www.alpvisionresidences.com\/blog\/de\/eine-neue-seilbahnverbindung-orelle-val-thorens-die-zu-fus-und-mit-skiern-erreichbar-ist\/"},"wordCount":339,"commentCount":0,"publisher":{"@id":"https:\/\/www.alpvisionresidences.com\/blog\/de\/#organization"},"image":{"@id":"https:\/\/www.alpvisionresidences.com\/blog\/de\/eine-neue-seilbahnverbindung-orelle-val-thorens-die-zu-fus-und-mit-skiern-erreichbar-ist\/#primaryimage"},"thumbnailUrl":"https:\/\/www.alpvisionresidences.com\/blog\/wp-content\/uploads\/2021\/10\/cime-caron-en-val-thorens-72885900.jpg","articleSection":["Aktivit\u00e4ten in der Schweiz","Aktivit\u00e4ten in Frankreich"],"inLanguage":"de","potentialAction":[{"@type":"CommentAction","name":"Comment","target":["https:\/\/www.alpvisionresidences.com\/blog\/de\/eine-neue-seilbahnverbindung-orelle-val-thorens-die-zu-fus-und-mit-skiern-erreichbar-ist\/#respond"]}]},{"@type":"WebPage","@id":"https:\/\/www.alpvisionresidences.com\/blog\/de\/eine-neue-seilbahnverbindung-orelle-val-thorens-die-zu-fus-und-mit-skiern-erreichbar-ist\/","url":"https:\/\/www.alpvisionresidences.com\/blog\/de\/eine-neue-seilbahnverbindung-orelle-val-thorens-die-zu-fus-und-mit-skiern-erreichbar-ist\/","name":"Eine neue Seilbahnverbindung Orelle-Val Thorens, die zu Fu\u00df und mit Skiern erreichbar ist - Get Inspired","isPartOf":{"@id":"https:\/\/www.alpvisionresidences.com\/blog\/de\/#website"},"primaryImageOfPage":{"@id":"https:\/\/www.alpvisionresidences.com\/blog\/de\/eine-neue-seilbahnverbindung-orelle-val-thorens-die-zu-fus-und-mit-skiern-erreichbar-ist\/#primaryimage"},"image":{"@id":"https:\/\/www.alpvisionresidences.com\/blog\/de\/eine-neue-seilbahnverbindung-orelle-val-thorens-die-zu-fus-und-mit-skiern-erreichbar-ist\/#primaryimage"},"thumbnailUrl":"https:\/\/www.alpvisionresidences.com\/blog\/wp-content\/uploads\/2021\/10\/cime-caron-en-val-thorens-72885900.jpg","datePublished":"2021-10-04T11:13:31+00:00","dateModified":"2025-08-01T11:39:28+00:00","breadcrumb":{"@id":"https:\/\/www.alpvisionresidences.com\/blog\/de\/eine-neue-seilbahnverbindung-orelle-val-thorens-die-zu-fus-und-mit-skiern-erreichbar-ist\/#breadcrumb"},"inLanguage":"de","potentialAction":[{"@type":"ReadAction","target":["https:\/\/www.alpvisionresidences.com\/blog\/de\/eine-neue-seilbahnverbindung-orelle-val-thorens-die-zu-fus-und-mit-skiern-erreichbar-ist\/"]}]},{"@type":"ImageObject","inLanguage":"de","@id":"https:\/\/www.alpvisionresidences.com\/blog\/de\/eine-neue-seilbahnverbindung-orelle-val-thorens-die-zu-fus-und-mit-skiern-erreichbar-ist\/#primaryimage","url":"https:\/\/www.alpvisionresidences.com\/blog\/wp-content\/uploads\/2021\/10\/cime-caron-en-val-thorens-72885900.jpg","contentUrl":"https:\/\/www.alpvisionresidences.com\/blog\/wp-content\/uploads\/2021\/10\/cime-caron-en-val-thorens-72885900.jpg","width":772,"height":437},{"@type":"BreadcrumbList","@id":"https:\/\/www.alpvisionresidences.com\/blog\/de\/eine-neue-seilbahnverbindung-orelle-val-thorens-die-zu-fus-und-mit-skiern-erreichbar-ist\/#breadcrumb","itemListElement":[{"@type":"ListItem","position":1,"name":"Home","item":"https:\/\/www.alpvisionresidences.com\/blog\/de\/"},{"@type":"ListItem","position":2,"name":"Eine neue Seilbahnverbindung Orelle-Val Thorens, die zu Fu\u00df und mit Skiern erreichbar ist"}]},{"@type":"WebSite","@id":"https:\/\/www.alpvisionresidences.com\/blog\/de\/#website","url":"https:\/\/www.alpvisionresidences.com\/blog\/de\/","name":"alpvisionresidences.com","description":"Alpvision r\u00e9sidences","publisher":{"@id":"https:\/\/www.alpvisionresidences.com\/blog\/de\/#organization"},"potentialAction":[{"@type":"SearchAction","target":{"@type":"EntryPoint","urlTemplate":"https:\/\/www.alpvisionresidences.com\/blog\/de\/?s={search_term_string}"},"query-input":{"@type":"PropertyValueSpecification","valueRequired":true,"valueName":"search_term_string"}}],"inLanguage":"de"},{"@type":"Organization","@id":"https:\/\/www.alpvisionresidences.com\/blog\/de\/#organization","name":"Alpvision Residences","url":"https:\/\/www.alpvisionresidences.com\/blog\/de\/","logo":{"@type":"ImageObject","inLanguage":"de","@id":"https:\/\/www.alpvisionresidences.com\/blog\/de\/#\/schema\/logo\/image\/","url":"https:\/\/www.alpvisionresidences.com\/blog\/wp-content\/uploads\/2022\/01\/alpvision_icone1_bleu_negatif-Redimensionne-pour-profil.png","contentUrl":"https:\/\/www.alpvisionresidences.com\/blog\/wp-content\/uploads\/2022\/01\/alpvision_icone1_bleu_negatif-Redimensionne-pour-profil.png","width":522,"height":478,"caption":"Alpvision Residences"},"image":{"@id":"https:\/\/www.alpvisionresidences.com\/blog\/de\/#\/schema\/logo\/image\/"},"sameAs":["https:\/\/www.facebook.com\/AlpvisionResidences\/","https:\/\/www.instagram.com\/alpvisionresidences\/"]},{"@type":"Person","@id":"https:\/\/www.alpvisionresidences.com\/blog\/de\/#\/schema\/person\/51ca1eab7ba27fa67ef90f1171928537","name":"alpvision","image":{"@type":"ImageObject","inLanguage":"de","@id":"https:\/\/secure.gravatar.com\/avatar\/12aed967b3ee801371482470bdc1042c671499c3614a04f8a6980d7e3bbc65d0?s=96&d=mm&r=g","url":"https:\/\/secure.gravatar.com\/avatar\/12aed967b3ee801371482470bdc1042c671499c3614a04f8a6980d7e3bbc65d0?s=96&d=mm&r=g","contentUrl":"https:\/\/secure.gravatar.com\/avatar\/12aed967b3ee801371482470bdc1042c671499c3614a04f8a6980d7e3bbc65d0?s=96&d=mm&r=g","caption":"alpvision"},"url":"https:\/\/www.alpvisionresidences.com\/blog\/de\/author\/alpvision\/"}]}},"_links":{"self":[{"href":"https:\/\/www.alpvisionresidences.com\/blog\/de\/wp-json\/wp\/v2\/posts\/1244","targetHints":{"allow":["GET"]}}],"collection":[{"href":"https:\/\/www.alpvisionresidences.com\/blog\/de\/wp-json\/wp\/v2\/posts"}],"about":[{"href":"https:\/\/www.alpvisionresidences.com\/blog\/de\/wp-json\/wp\/v2\/types\/post"}],"author":[{"embeddable":true,"href":"https:\/\/www.alpvisionresidences.com\/blog\/de\/wp-json\/wp\/v2\/users\/2"}],"replies":[{"embeddable":true,"href":"https:\/\/www.alpvisionresidences.com\/blog\/de\/wp-json\/wp\/v2\/comments?post=1244"}],"version-history":[{"count":1,"href":"https:\/\/www.alpvisionresidences.com\/blog\/de\/wp-json\/wp\/v2\/posts\/1244\/revisions"}],"predecessor-version":[{"id":1245,"href":"https:\/\/www.alpvisionresidences.com\/blog\/de\/wp-json\/wp\/v2\/posts\/1244\/revisions\/1245"}],"wp:featuredmedia":[{"embeddable":true,"href":"https:\/\/www.alpvisionresidences.com\/blog\/de\/wp-json\/wp\/v2\/media\/1220"}],"wp:attachment":[{"href":"https:\/\/www.alpvisionresidences.com\/blog\/de\/wp-json\/wp\/v2\/media?parent=1244"}],"wp:term":[{"taxonomy":"category","embeddable":true,"href":"https:\/\/www.alpvisionresidences.com\/blog\/de\/wp-json\/wp\/v2\/categories?post=1244"},{"taxonomy":"post_tag","embeddable":true,"href":"https:\/\/www.alpvisionresidences.com\/blog\/de\/wp-json\/wp\/v2\/tags?post=1244"}],"curies":[{"name":"wp","href":"https:\/\/api.w.org\/{rel}","templated":true}]}}