{"id":14796,"date":"2025-06-23T13:12:58","date_gmt":"2025-06-23T13:12:58","guid":{"rendered":"https:\/\/www.alpvisionresidences.com\/blog\/?p=14796"},"modified":"2025-06-23T13:12:58","modified_gmt":"2025-06-23T13:12:58","slug":"chateau-de-sechilienne","status":"publish","type":"post","link":"https:\/\/www.alpvisionresidences.com\/blog\/de\/chateau-de-sechilienne\/","title":{"rendered":"Besuchen Sie das Ch\u00e2teau de S\u00e9chilienne"},"content":{"rendered":"\t\t<div data-elementor-type=\"wp-post\" data-elementor-id=\"14796\" class=\"elementor elementor-14796 elementor-14771\" data-elementor-post-type=\"post\">\n\t\t\t\t<div class=\"elementor-element elementor-element-cf8dd55 e-flex e-con-boxed e-con e-parent\" data-id=\"cf8dd55\" data-element_type=\"container\" data-e-type=\"container\">\n\t\t\t\t\t<div class=\"e-con-inner\">\n\t\t\t\t<div class=\"elementor-element elementor-element-bd89d37 elementor-widget elementor-widget-text-editor\" data-id=\"bd89d37\" data-element_type=\"widget\" data-e-type=\"widget\" data-widget_type=\"text-editor.default\">\n\t\t\t\t<div class=\"elementor-widget-container\">\n\t\t\t\t\t\t\t\t\t<p><\/p>\n<p>Versteckt in der malerischen Region Is\u00e8re, nahe Grenoble, ist das <strong>Ch\u00e2teau de S\u00e9chilienne<\/strong> ein wundersch\u00f6ner Ort zum Besichtigen. Am Hang am Fu\u00dfe der Belledonne-Berge gelegen, ist das Schloss von W\u00e4ldern und alpinen Ausblicken umgeben.  <\/p>\n<p> <\/p>\n<p>In diesem Artikel werden wir die faszinierende Geschichte des <strong>Ch\u00e2teau de S\u00e9chilienne<\/strong> erkunden, wie man zum <strong>Schloss S\u00e9chilienne<\/strong> gelangt, welche Aktivit\u00e4ten man in der N\u00e4he genie\u00dfen kann und hilfreiche Tipps f\u00fcr die optimale Gestaltung Ihres Besuchs geben. Ob Sie ein Geschichtsliebhaber, ein Wanderer oder ein Fotograf auf der Suche nach einer einzigartigen Landschaft sind, das <strong>Ch\u00e2teau de S\u00e9chilienne<\/strong> ist ein gro\u00dfartiger verborgener Ort.  <\/p>\n<p><\/p>\t\t\t\t\t\t\t\t<\/div>\n\t\t\t\t<\/div>\n\t\t\t\t\t<\/div>\n\t\t\t\t<\/div>\n\t\t\t\t<section class=\"elementor-section elementor-top-section elementor-element elementor-element-4ffe3c6e elementor-section-boxed elementor-section-height-default elementor-section-height-default\" data-id=\"4ffe3c6e\" data-element_type=\"section\" data-e-type=\"section\">\n\t\t\t\t\t\t<div class=\"elementor-container elementor-column-gap-default\">\n\t\t\t\t\t<div class=\"elementor-column elementor-col-100 elementor-top-column elementor-element elementor-element-3992f74a\" data-id=\"3992f74a\" data-element_type=\"column\" data-e-type=\"column\">\n\t\t\t<div class=\"elementor-widget-wrap elementor-element-populated\">\n\t\t\t\t\t\t<div class=\"elementor-element elementor-element-69091bb8 elementor-widget elementor-widget-table-of-contents\" data-id=\"69091bb8\" data-element_type=\"widget\" data-e-type=\"widget\" data-settings=\"{&quot;headings_by_tags&quot;:[&quot;h2&quot;],&quot;exclude_headings_by_selector&quot;:[],&quot;marker_view&quot;:&quot;bullets&quot;,&quot;icon&quot;:{&quot;value&quot;:&quot;&quot;,&quot;library&quot;:&quot;&quot;},&quot;no_headings_message&quot;:&quot;No headings were found on this page.&quot;,&quot;hierarchical_view&quot;:&quot;yes&quot;,&quot;min_height&quot;:{&quot;unit&quot;:&quot;px&quot;,&quot;size&quot;:&quot;&quot;,&quot;sizes&quot;:[]},&quot;min_height_tablet&quot;:{&quot;unit&quot;:&quot;px&quot;,&quot;size&quot;:&quot;&quot;,&quot;sizes&quot;:[]},&quot;min_height_mobile&quot;:{&quot;unit&quot;:&quot;px&quot;,&quot;size&quot;:&quot;&quot;,&quot;sizes&quot;:[]}}\" data-widget_type=\"table-of-contents.default\">\n\t\t\t\t<div class=\"elementor-widget-container\">\n\t\t\t\t\t\t\t\t\t<div class=\"elementor-toc__header\">\n\t\t\t\t\t\t<div class=\"elementor-toc__header-title\">\n\t\t\t\tInhaltsverzeichnis\t\t\t<\/div>\n\t\t\t\t\t\t\t\t<\/div>\n\t\t\t\t<div id=\"elementor-toc__69091bb8\" class=\"elementor-toc__body\">\n\t\t\t<div class=\"elementor-toc__spinner-container\">\n\t\t\t\t<i class=\"elementor-toc__spinner eicon-animation-spin eicon-loading\" aria-hidden=\"true\"><\/i>\t\t\t<\/div>\n\t\t<\/div>\n\t\t\t\t\t\t<\/div>\n\t\t\t\t<\/div>\n\t\t\t\t\t<\/div>\n\t\t<\/div>\n\t\t\t\t\t<\/div>\n\t\t<\/section>\n\t\t<div class=\"elementor-element elementor-element-684987ac e-flex e-con-boxed e-con e-parent\" data-id=\"684987ac\" data-element_type=\"container\" data-e-type=\"container\">\n\t\t\t\t\t<div class=\"e-con-inner\">\n\t\t\t\t<div class=\"elementor-element elementor-element-75d6315c elementor-widget elementor-widget-text-editor\" data-id=\"75d6315c\" data-element_type=\"widget\" data-e-type=\"widget\" data-widget_type=\"text-editor.default\">\n\t\t\t\t<div class=\"elementor-widget-container\">\n\t\t\t\t\t\t\t\t\t\n<p><\/p>\n\n\n\n<figure class=\"wp-block-image size-large\"><img fetchpriority=\"high\" decoding=\"async\" width=\"1360\" height=\"630\" src=\"https:\/\/www.alpvisionresidences.com\/blog\/wp-content\/uploads\/2025\/06\/castle-Sechilienne-1360x630.webp\" alt=\"Schloss S\u00e9chilienne\" class=\"wp-image-14784\"><\/figure>\n\n\n\n<h2 class=\"wp-block-heading\">Die Geschichte des Ch\u00e2teau de S\u00e9chilienne<\/h2>\n\n\n\n<p>Das <strong>Ch\u00e2teau de S\u00e9chilienne<\/strong> hat eine reiche und turbulente Geschichte, die die Zeiten S\u00fcdostfrankreichs widerspiegelt. Die Urspr\u00fcnge des Schlosses reichen bis ins fr\u00fche 13. Jahrhundert zur\u00fcck, als <strong>Aymar Alleman<\/strong>, ein Mitglied der einflussreichen <strong>Familie Alleman<\/strong>, im Jahre 1226 die L\u00e4ndereien von S\u00e9chilienne erwarb. Diese Transaktion erfolgte durch einen Tausch mit <strong>Dauphin Andr\u00e9 von Burgund<\/strong>.  &nbsp;<\/p>\n\n\n\n<p>Das Schloss wurde urspr\u00fcnglich als mittelalterliche Festung errichtet, hat jedoch im Laufe der Jahrhunderte einige bedeutende Ver\u00e4nderungen erfahren. Im 15. Jahrhundert wurden Renovierungen und Erweiterungen vorgenommen, einschlie\u00dflich eines neuen Turms mit einer einzigartigen Wendeltreppe. Dies ist heute eine der Hauptattraktionen des <strong>Ch\u00e2teau de S\u00e9chilienne<\/strong>. Im 19. Jahrhundert wurden weitere Modifikationen hinzugef\u00fcgt. W\u00e4hrend des Zweiten Weltkriegs setzten deutsche Streitkr\u00e4fte das Schloss jedoch in Brand, um zu verhindern, dass franz\u00f6sische Widerstandsk\u00e4mpfer es als Unterschlupf nutzten. Dies hinterlie\u00df das Ch\u00e2teau in Ruinen.     &nbsp;<\/p>\n\n\n\n<h3 class=\"wp-block-heading\">Erhaltung<\/h3>\n\n\n\n<p>In Anerkennung seiner historischen Bedeutung f\u00fcr die Region erwarb die Gemeinde S\u00e9chilienne das Ch\u00e2teau im Jahr 1949. K\u00fcrzlich haben Bem\u00fchungen zur Restaurierung des Schlosses begonnen. Im Jahr 2019 starteten Studenten der <strong>Grenoble \u00c9cole de Management<\/strong> eine Crowdfunding-Kampagne und sammelten 20.000 \u20ac f\u00fcr den Beginn des Restaurierungsprojekts.  <\/p>\n\n\n\n<figure class=\"wp-block-image size-large\"><img decoding=\"async\" width=\"1360\" height=\"630\" src=\"https:\/\/www.alpvisionresidences.com\/blog\/wp-content\/uploads\/2025\/06\/Chateau-de-Sechilienne-1360x630.webp\" alt=\"\" class=\"wp-image-14772\"><\/figure>\n\n\n\n<p><\/p>\n\n\n\n<h2 class=\"wp-block-heading\">Was man in der N\u00e4he des Ch\u00e2teau de S\u00e9chilienne unternehmen kann<\/h2>\n\n\n\n<p>Das <strong>Ch\u00e2teau de S\u00e9chilienne<\/strong> selbst ist ein Muss. Die Ruinen des Schlosses vor dem Hintergrund der <strong>Belledonne-Berge<\/strong> sind ein wundersch\u00f6ner Anblick. Nur ein kurzer Spaziergang vom Dorf f\u00fchrt Sie zum Schloss.  &nbsp;<\/p>\n\n\n\n<p>Eine weitere Sehensw\u00fcrdigkeit in der Gegend ist das <strong>R\u00e9serve Naturelle Nationale du Lac Luitel<\/strong>. Nur eine kurze Fahrt von S\u00e9chilienne entfernt, bietet dieses Schutzgebiet eine vielf\u00e4ltige Vegetation und malerische Pfade, die sich perfekt f\u00fcr gem\u00fctliche Spazierg\u00e4nge und Wanderungen eignen. Im Sommer gibt es gef\u00fchrte Touren, und im Winter ist Schneeschuhwandern eine beliebte Aktivit\u00e4t.  &nbsp;<\/p>\n\n\n\n<p>Als N\u00e4chstes ist das <strong>Mus\u00e9e de la R\u00e9volution fran\u00e7aise<\/strong>, etwa 5 km von S\u00e9chilienne entfernt, ein wichtiger Halt, wenn Sie mehr \u00fcber die franz\u00f6sische Geschichte erfahren m\u00f6chten. Untergebracht im historischen Ch\u00e2teau de Vizille, ist dieses Museum der Franz\u00f6sischen Revolution gewidmet. &nbsp;<\/p>\n\n\n\n<p>Schlie\u00dflich gibt es in der gesamten Region zahlreiche weitere Wanderwege und Mountainbike-Exkursionen. Vom fr\u00fchen Fr\u00fchling bis zum Herbst k\u00f6nnen Sie die nat\u00fcrliche Umgebung f\u00fcr viele Outdoor-Aktivit\u00e4ten nutzen, bevor die Skisaison beginnt. &nbsp;<\/p>\n\n\n\n<figure class=\"wp-block-image size-large\"><img decoding=\"async\" width=\"1360\" height=\"630\" src=\"https:\/\/www.alpvisionresidences.com\/blog\/wp-content\/uploads\/2025\/06\/Chateau-de-Sechilienne-castle-1360x630.webp\" alt=\"\" class=\"wp-image-14776\"><\/figure>\n\n\n\n<p><\/p>\n\n\n\n<h2 class=\"wp-block-heading\">Wie man zum Schloss S\u00e9chilienne gelangt<\/h2>\n\n\n\n<p>Der Besuch des <strong>Ch\u00e2teau de S\u00e9chilienne<\/strong> ist einfach, ob Sie mit dem Auto, \u00f6ffentlichen Verkehrsmitteln oder zu Fu\u00df anreisen. Das Schloss liegt s\u00fcd\u00f6stlich von Grenoble im D\u00e9partement Is\u00e8re und ist somit ein schneller und einfacher Tagesausflug von vielen umliegenden St\u00e4dten wie <a href=\"https:\/\/www.alpvisionresidences.com\/blog\/de\/in-der-naehe-von-chamrousse-alpe-dhuez-erleben-sie-den-gipfel-des-nervenkitzels\/\">Chamrousse<\/a> und <a href=\"https:\/\/www.alpvisionresidences.com\/blog\/de\/chalet-arnold-thyon-les-collons\/\">Ch\u00e2tel<\/a>. <\/p>\n\n\n\n<h3 class=\"wp-block-heading\">Mit dem Auto<\/h3>\n\n\n\n<p>Von Grenoble aus nehmen Sie die D1091 Richtung Bourg-d&#8217;Oisans. Nach etwa 20 km erreichen Sie das Dorf S\u00e9chilienne. Die Fahrt dauert ungef\u00e4hr 30 Minuten und bietet malerische Ausblicke auf das Romanche-Tal. Parkm\u00f6glichkeiten sind im Dorf vorhanden, einen kurzen Spaziergang vom Schlossgel\u00e4nde entfernt.   <\/p>\n\n\n\n<h3 class=\"wp-block-heading\">Mit dem Bus<\/h3>\n\n\n\n<p>\u00d6ffentliche Verkehrsmittel sind ebenfalls eine bequeme Option. Die Buslinie T75 Transis\u00e8re verbindet Grenoble (Gare Routi\u00e8re) mit S\u00e9chilienne. Steigen Sie an der Haltestelle \u201eS\u00e9chilienne, La Gare\u201c aus, die nur 5 Gehminuten vom Anfang des Schlosswanderwegs entfernt ist. Die Busse verkehren mehrmals t\u00e4glich. Aktuelle Fahrpl\u00e4ne k\u00f6nnen Sie auf der <a href=\"https:\/\/www.reso-m.fr\/\">TAG-Website<\/a> einsehen.    <\/p>\n\n\n\n<h3 class=\"wp-block-heading\">Zu Fu\u00df<\/h3>\n\n\n\n<p>Wenn Sie sich bereits im Dorf befinden, ist das Schloss nur einen kurzen Spaziergang entfernt. Ausgehend vom Rathaus von S\u00e9chilienne folgen Sie der Stra\u00dfe in Richtung Col du Luitel. Nach etwa 50 Metern nehmen Sie den linken Pfad, der sanft bergauf durch den Wald f\u00fchrt. Dieser Weg f\u00fchrt direkt zu den Ruinen des Schlosses.   <\/p>\n\n\n\n<iframe src=\"https:\/\/www.google.com\/maps\/embed?pb=!1m18!1m12!1m3!1d2818.4058152556795!2d5.830317976081508!3d45.057278271070146!2m3!1f0!2f0!3f0!3m2!1i1024!2i768!4f13.1!3m3!1m2!1s0x478a63217624e059%3A0xcb04be3bdd7cce02!2sCh%C3%A2teau%20de%20S%C3%A9chilienne!5e0!3m2!1ses!2ses!4v1750676915857!5m2!1ses!2ses\" width=\"1200\" height=\"600\" style=\"border:0;\" allowfullscreen=\"\" loading=\"lazy\" referrerpolicy=\"no-referrer-when-downgrade\"><\/iframe>\n\n\n\n<p><\/p>\n\n\n\n<h2 class=\"wp-block-heading\">Tipps f\u00fcr den Besuch des Ch\u00e2teau de S\u00e9chilienne<\/h2>\n\n\n\n<p>Ein Besuch des <strong>Ch\u00e2teau de S\u00e9chilienne<\/strong> ist ein hervorragender Tagesausflug, jedoch ist es ratsam, sich angemessen vorzubereiten. Hier einige praktische Hinweise, um Ihren Ausflug optimal zu gestalten: <\/p>\n\n\n\n<ul class=\"wp-block-list\">\n<li>Obwohl das Schlossinnere nicht f\u00fcr die \u00d6ffentlichkeit zug\u00e4nglich ist, sind die umliegenden Anlagen ganzj\u00e4hrig begehbar. Z\u00f6gern Sie nicht, die Wanderwege entlang des Gel\u00e4ndes zu erkunden. &nbsp;<\/li>\n\n\n\n<li>Entlang des Weges finden Sie zahlreiche Informationstafeln, die die Geschichte des Schlosses erl\u00e4utern und Einblicke in die Restaurierungsarbeiten gew\u00e4hren.<\/li>\n\n\n\n<li>Die g\u00fcnstigste Besuchszeit ist der Fr\u00fchling, <a href=\"https:\/\/www.alpvisionresidences.com\/blog\/de\/sommerurlaub-in-den-alpen\/\">Sommer<\/a> oder Herbst, da das Wetter mild ist und die umliegenden W\u00e4lder von Farben und Wildblumen erf\u00fcllt sind.&nbsp;<\/li>\n\n\n\n<li>Entlang des Weges und am Schloss selbst gibt es keine Besuchereinrichtungen, daher empfiehlt es sich, Wasser und Verpflegung mitzubringen.&nbsp;<\/li>\n\n\n\n<li>Das Gel\u00e4nde um das Schloss ist uneben und kann bei Regen rutschig sein. Tragen Sie daher festes Schuhwerk und bleiben Sie auf den markierten Wegen.&nbsp;<\/li>\n\n\n\n<li>Der Weg ist gut ausgeschildert und leicht zu verfolgen, was ihn ideal f\u00fcr Familien mit Kindern macht.&nbsp;<\/li>\n<\/ul>\n\n\n\n<h2 class=\"wp-block-heading\">Weshalb sollte man das Ch\u00e2teau de S\u00e9chilienne besuchen?<\/h2>\n\n\n\n<p>Das <strong>Ch\u00e2teau de S\u00e9chilienne<\/strong> bietet einen hervorragenden und unkomplizierten Ausflug, bei dem Sie franz\u00f6sische Geschichte inmitten der nat\u00fcrlichen Sch\u00f6nheit der Belledonne-Ausl\u00e4ufer entdecken k\u00f6nnen. Genie\u00dfen Sie die Erkundung der malerischen Pfade, erfahren Sie mehr \u00fcber die mittelalterlichen Urspr\u00fcnge oder erfreuen Sie sich einfach am Charme der Region Is\u00e8re. &nbsp;<\/p>\n\n\n\n<p>Wenn Sie einen Aufenthalt in den Alpen planen, buchen Sie Ihre Unterkunft bei <a href=\"https:\/\/www.alpvisionresidences.com\/\">Alpvision Residences<\/a>. Wir bieten eine Auswahl an komfortablen, g\u00fcnstig gelegenen Ferienunterk\u00fcnften, die sich perfekt f\u00fcr die Erkundung des <strong>Schlosses S\u00e9chilienne<\/strong> und der franz\u00f6sischen Alpen eignen. &nbsp;<\/p>\n\n\n\n<p><\/p>\n\t\t\t\t\t\t\t\t<\/div>\n\t\t\t\t<\/div>\n\t\t\t\t\t<\/div>\n\t\t\t\t<\/div>\n\t\t\t\t<section class=\"elementor-section elementor-top-section elementor-element elementor-element-2d8c3db2 elementor-section-boxed elementor-section-height-default elementor-section-height-default\" data-id=\"2d8c3db2\" data-element_type=\"section\" data-e-type=\"section\">\n\t\t\t\t\t\t<div class=\"elementor-container elementor-column-gap-default\">\n\t\t\t\t\t<div class=\"elementor-column elementor-col-100 elementor-top-column elementor-element elementor-element-111eca0e\" data-id=\"111eca0e\" data-element_type=\"column\" data-e-type=\"column\">\n\t\t\t<div class=\"elementor-widget-wrap elementor-element-populated\">\n\t\t\t\t\t\t<div class=\"elementor-element elementor-element-77c88e8d elementor-widget elementor-widget-shortcode\" data-id=\"77c88e8d\" data-element_type=\"widget\" data-e-type=\"widget\" data-widget_type=\"shortcode.default\">\n\t\t\t\t<div class=\"elementor-widget-container\">\n\t\t\t\t\t\t\t<div class=\"elementor-shortcode\">\t\t<div data-elementor-type=\"section\" data-elementor-id=\"5650\" class=\"elementor elementor-5650 elementor-5641 elementor-5641\" data-elementor-post-type=\"elementor_library\">\n\t\t\t\t\t<section class=\"elementor-section elementor-top-section elementor-element elementor-element-15d6f2d8 elementor-section-boxed elementor-section-height-default elementor-section-height-default\" data-id=\"15d6f2d8\" data-element_type=\"section\" data-e-type=\"section\">\n\t\t\t\t\t\t<div class=\"elementor-container elementor-column-gap-default\">\n\t\t\t\t\t<div class=\"elementor-column elementor-col-33 elementor-top-column elementor-element elementor-element-74132d75\" data-id=\"74132d75\" data-element_type=\"column\" data-e-type=\"column\">\n\t\t\t<div class=\"elementor-widget-wrap elementor-element-populated\">\n\t\t\t\t\t\t<div class=\"elementor-element elementor-element-6513a479 elementor-align-center elementor-widget elementor-widget-button\" data-id=\"6513a479\" data-element_type=\"widget\" data-e-type=\"widget\" data-widget_type=\"button.default\">\n\t\t\t\t<div class=\"elementor-widget-container\">\n\t\t\t\t\t\t\t\t\t<div class=\"elementor-button-wrapper\">\n\t\t\t\t\t<a class=\"elementor-button elementor-button-link elementor-size-lg\" href=\"https:\/\/www.alpvisionresidences.com\/de\/vermietung\/vermietungen-chamrousse-d35233\/\">\n\t\t\t\t\t\t<span class=\"elementor-button-content-wrapper\">\n\t\t\t\t\t\t\t\t\t<span class=\"elementor-button-text\">Unterkunft in Chamrousse<\/span>\n\t\t\t\t\t<\/span>\n\t\t\t\t\t<\/a>\n\t\t\t\t<\/div>\n\t\t\t\t\t\t\t\t<\/div>\n\t\t\t\t<\/div>\n\t\t\t\t\t<\/div>\n\t\t<\/div>\n\t\t\t\t<div class=\"elementor-column elementor-col-33 elementor-top-column elementor-element elementor-element-1a24c319\" data-id=\"1a24c319\" data-element_type=\"column\" data-e-type=\"column\">\n\t\t\t<div class=\"elementor-widget-wrap elementor-element-populated\">\n\t\t\t\t\t\t<div class=\"elementor-element elementor-element-50586af elementor-align-center elementor-widget elementor-widget-button\" data-id=\"50586af\" data-element_type=\"widget\" data-e-type=\"widget\" data-widget_type=\"button.default\">\n\t\t\t\t<div class=\"elementor-widget-container\">\n\t\t\t\t\t\t\t\t\t<div class=\"elementor-button-wrapper\">\n\t\t\t\t\t<a class=\"elementor-button elementor-button-link elementor-size-lg\" href=\"https:\/\/www.alpvisionresidences.com\/de\/vermietung\/ferienwohnungen-chamrousse-c1d35233\/\">\n\t\t\t\t\t\t<span class=\"elementor-button-content-wrapper\">\n\t\t\t\t\t\t\t\t\t<span class=\"elementor-button-text\">Ferienwohnungen in Chamrousse<\/span>\n\t\t\t\t\t<\/span>\n\t\t\t\t\t<\/a>\n\t\t\t\t<\/div>\n\t\t\t\t\t\t\t\t<\/div>\n\t\t\t\t<\/div>\n\t\t\t\t\t<\/div>\n\t\t<\/div>\n\t\t\t\t<div class=\"elementor-column elementor-col-33 elementor-top-column elementor-element elementor-element-3793df23\" data-id=\"3793df23\" data-element_type=\"column\" data-e-type=\"column\">\n\t\t\t<div class=\"elementor-widget-wrap elementor-element-populated\">\n\t\t\t\t\t\t<div class=\"elementor-element elementor-element-36722501 elementor-align-center elementor-widget elementor-widget-button\" data-id=\"36722501\" data-element_type=\"widget\" data-e-type=\"widget\" data-widget_type=\"button.default\">\n\t\t\t\t<div class=\"elementor-widget-container\">\n\t\t\t\t\t\t\t\t\t<div class=\"elementor-button-wrapper\">\n\t\t\t\t\t<a class=\"elementor-button elementor-button-link elementor-size-lg\" href=\"https:\/\/www.alpvisionresidences.com\/de\/vermietung\/studios-chamrousse-c14d35233\/\">\n\t\t\t\t\t\t<span class=\"elementor-button-content-wrapper\">\n\t\t\t\t\t\t\t\t\t<span class=\"elementor-button-text\">Studio in Chamrousse<\/span>\n\t\t\t\t\t<\/span>\n\t\t\t\t\t<\/a>\n\t\t\t\t<\/div>\n\t\t\t\t\t\t\t\t<\/div>\n\t\t\t\t<\/div>\n\t\t\t\t\t<\/div>\n\t\t<\/div>\n\t\t\t\t\t<\/div>\n\t\t<\/section>\n\t\t\t\t<\/div>\n\t\t<\/div>\n\t\t\t\t\t\t<\/div>\n\t\t\t\t<\/div>\n\t\t\t\t\t<\/div>\n\t\t<\/div>\n\t\t\t\t\t<\/div>\n\t\t<\/section>\n\t\t\t\t<\/div>\n\t\t","protected":false},"excerpt":{"rendered":"<p>Versteckt in der malerischen Region Is\u00e8re, nahe Grenoble, ist das Ch\u00e2teau de S\u00e9chilienne ein wundersch\u00f6ner Ort zum Besichtigen. Am Hang&#8230;<\/p>\n","protected":false},"author":3,"featured_media":14783,"comment_status":"open","ping_status":"open","sticky":false,"template":"","format":"standard","meta":{"footnotes":""},"categories":[412],"tags":[],"class_list":["post-14796","post","type-post","status-publish","format-standard","has-post-thumbnail","hentry","category-franzosische-alpen"],"yoast_head":"<!-- This site is optimized with the Yoast SEO plugin v27.4 - https:\/\/yoast.com\/product\/yoast-seo-wordpress\/ -->\n<title>Besuchen Sie das Ch\u00e2teau de S\u00e9chilienne - Get Inspired<\/title>\n<meta name=\"description\" content=\"Besuchen Sie das Ch\u00e2teau de S\u00e9chilienne und tauchen Sie ein in die franz\u00f6sische Alpengeschichte.\" \/>\n<meta name=\"robots\" content=\"index, follow, max-snippet:-1, max-image-preview:large, max-video-preview:-1\" \/>\n<link rel=\"canonical\" href=\"https:\/\/www.alpvisionresidences.com\/blog\/de\/chateau-de-sechilienne\/\" \/>\n<meta property=\"og:locale\" content=\"de_DE\" \/>\n<meta property=\"og:type\" content=\"article\" \/>\n<meta property=\"og:title\" content=\"Besuchen Sie das Ch\u00e2teau de S\u00e9chilienne - Get Inspired\" \/>\n<meta property=\"og:description\" content=\"Besuchen Sie das Ch\u00e2teau de S\u00e9chilienne und tauchen Sie ein in die franz\u00f6sische Alpengeschichte.\" \/>\n<meta property=\"og:url\" content=\"https:\/\/www.alpvisionresidences.com\/blog\/de\/chateau-de-sechilienne\/\" \/>\n<meta property=\"og:site_name\" content=\"Get Inspired\" \/>\n<meta property=\"article:publisher\" content=\"https:\/\/www.facebook.com\/AlpvisionResidences\/\" \/>\n<meta property=\"article:published_time\" content=\"2025-06-23T13:12:58+00:00\" \/>\n<meta property=\"og:image\" content=\"https:\/\/www.alpvisionresidences.com\/blog\/wp-content\/uploads\/2025\/06\/castle-Sechilienne-.jpg\" \/>\n\t<meta property=\"og:image:width\" content=\"1920\" \/>\n\t<meta property=\"og:image:height\" content=\"881\" \/>\n\t<meta property=\"og:image:type\" content=\"image\/jpeg\" \/>\n<meta name=\"author\" content=\"digitalservices\" \/>\n<meta name=\"twitter:card\" content=\"summary_large_image\" \/>\n<meta name=\"twitter:label1\" content=\"Written by\" \/>\n\t<meta name=\"twitter:data1\" content=\"digitalservices\" \/>\n\t<meta name=\"twitter:label2\" content=\"Est. reading time\" \/>\n\t<meta name=\"twitter:data2\" content=\"5 minutes\" \/>\n<script type=\"application\/ld+json\" class=\"yoast-schema-graph\">{\"@context\":\"https:\\\/\\\/schema.org\",\"@graph\":[{\"@type\":\"Article\",\"@id\":\"https:\\\/\\\/www.alpvisionresidences.com\\\/blog\\\/de\\\/chateau-de-sechilienne\\\/#article\",\"isPartOf\":{\"@id\":\"https:\\\/\\\/www.alpvisionresidences.com\\\/blog\\\/de\\\/chateau-de-sechilienne\\\/\"},\"author\":{\"name\":\"digitalservices\",\"@id\":\"https:\\\/\\\/www.alpvisionresidences.com\\\/blog\\\/de\\\/#\\\/schema\\\/person\\\/6e9d17dd9b9dc7fb1f883ab503416e85\"},\"headline\":\"Besuchen Sie das Ch\u00e2teau de S\u00e9chilienne\",\"datePublished\":\"2025-06-23T13:12:58+00:00\",\"mainEntityOfPage\":{\"@id\":\"https:\\\/\\\/www.alpvisionresidences.com\\\/blog\\\/de\\\/chateau-de-sechilienne\\\/\"},\"wordCount\":1055,\"commentCount\":0,\"publisher\":{\"@id\":\"https:\\\/\\\/www.alpvisionresidences.com\\\/blog\\\/de\\\/#organization\"},\"image\":{\"@id\":\"https:\\\/\\\/www.alpvisionresidences.com\\\/blog\\\/de\\\/chateau-de-sechilienne\\\/#primaryimage\"},\"thumbnailUrl\":\"https:\\\/\\\/www.alpvisionresidences.com\\\/blog\\\/wp-content\\\/uploads\\\/2025\\\/06\\\/castle-Sechilienne-.jpg\",\"articleSection\":[\"Franz\u00f6sische Alpen\"],\"inLanguage\":\"de\",\"potentialAction\":[{\"@type\":\"CommentAction\",\"name\":\"Comment\",\"target\":[\"https:\\\/\\\/www.alpvisionresidences.com\\\/blog\\\/de\\\/chateau-de-sechilienne\\\/#respond\"]}]},{\"@type\":\"WebPage\",\"@id\":\"https:\\\/\\\/www.alpvisionresidences.com\\\/blog\\\/de\\\/chateau-de-sechilienne\\\/\",\"url\":\"https:\\\/\\\/www.alpvisionresidences.com\\\/blog\\\/de\\\/chateau-de-sechilienne\\\/\",\"name\":\"Besuchen Sie das Ch\u00e2teau de S\u00e9chilienne - Get Inspired\",\"isPartOf\":{\"@id\":\"https:\\\/\\\/www.alpvisionresidences.com\\\/blog\\\/de\\\/#website\"},\"primaryImageOfPage\":{\"@id\":\"https:\\\/\\\/www.alpvisionresidences.com\\\/blog\\\/de\\\/chateau-de-sechilienne\\\/#primaryimage\"},\"image\":{\"@id\":\"https:\\\/\\\/www.alpvisionresidences.com\\\/blog\\\/de\\\/chateau-de-sechilienne\\\/#primaryimage\"},\"thumbnailUrl\":\"https:\\\/\\\/www.alpvisionresidences.com\\\/blog\\\/wp-content\\\/uploads\\\/2025\\\/06\\\/castle-Sechilienne-.jpg\",\"datePublished\":\"2025-06-23T13:12:58+00:00\",\"description\":\"Besuchen Sie das Ch\u00e2teau de S\u00e9chilienne und tauchen Sie ein in die franz\u00f6sische Alpengeschichte.\",\"breadcrumb\":{\"@id\":\"https:\\\/\\\/www.alpvisionresidences.com\\\/blog\\\/de\\\/chateau-de-sechilienne\\\/#breadcrumb\"},\"inLanguage\":\"de\",\"potentialAction\":[{\"@type\":\"ReadAction\",\"target\":[\"https:\\\/\\\/www.alpvisionresidences.com\\\/blog\\\/de\\\/chateau-de-sechilienne\\\/\"]}]},{\"@type\":\"ImageObject\",\"inLanguage\":\"de\",\"@id\":\"https:\\\/\\\/www.alpvisionresidences.com\\\/blog\\\/de\\\/chateau-de-sechilienne\\\/#primaryimage\",\"url\":\"https:\\\/\\\/www.alpvisionresidences.com\\\/blog\\\/wp-content\\\/uploads\\\/2025\\\/06\\\/castle-Sechilienne-.jpg\",\"contentUrl\":\"https:\\\/\\\/www.alpvisionresidences.com\\\/blog\\\/wp-content\\\/uploads\\\/2025\\\/06\\\/castle-Sechilienne-.jpg\",\"width\":1920,\"height\":881,\"caption\":\"castle S\u00e9chilienne\"},{\"@type\":\"BreadcrumbList\",\"@id\":\"https:\\\/\\\/www.alpvisionresidences.com\\\/blog\\\/de\\\/chateau-de-sechilienne\\\/#breadcrumb\",\"itemListElement\":[{\"@type\":\"ListItem\",\"position\":1,\"name\":\"Home\",\"item\":\"https:\\\/\\\/www.alpvisionresidences.com\\\/blog\\\/de\\\/\"},{\"@type\":\"ListItem\",\"position\":2,\"name\":\"Besuchen Sie das Ch\u00e2teau de S\u00e9chilienne\"}]},{\"@type\":\"WebSite\",\"@id\":\"https:\\\/\\\/www.alpvisionresidences.com\\\/blog\\\/de\\\/#website\",\"url\":\"https:\\\/\\\/www.alpvisionresidences.com\\\/blog\\\/de\\\/\",\"name\":\"alpvisionresidences.com\",\"description\":\"Alpvision r\u00e9sidences\",\"publisher\":{\"@id\":\"https:\\\/\\\/www.alpvisionresidences.com\\\/blog\\\/de\\\/#organization\"},\"potentialAction\":[{\"@type\":\"SearchAction\",\"target\":{\"@type\":\"EntryPoint\",\"urlTemplate\":\"https:\\\/\\\/www.alpvisionresidences.com\\\/blog\\\/de\\\/?s={search_term_string}\"},\"query-input\":{\"@type\":\"PropertyValueSpecification\",\"valueRequired\":true,\"valueName\":\"search_term_string\"}}],\"inLanguage\":\"de\"},{\"@type\":\"Organization\",\"@id\":\"https:\\\/\\\/www.alpvisionresidences.com\\\/blog\\\/de\\\/#organization\",\"name\":\"Alpvision Residences\",\"url\":\"https:\\\/\\\/www.alpvisionresidences.com\\\/blog\\\/de\\\/\",\"logo\":{\"@type\":\"ImageObject\",\"inLanguage\":\"de\",\"@id\":\"https:\\\/\\\/www.alpvisionresidences.com\\\/blog\\\/de\\\/#\\\/schema\\\/logo\\\/image\\\/\",\"url\":\"https:\\\/\\\/www.alpvisionresidences.com\\\/blog\\\/wp-content\\\/uploads\\\/2022\\\/01\\\/alpvision_icone1_bleu_negatif-Redimensionne-pour-profil.png\",\"contentUrl\":\"https:\\\/\\\/www.alpvisionresidences.com\\\/blog\\\/wp-content\\\/uploads\\\/2022\\\/01\\\/alpvision_icone1_bleu_negatif-Redimensionne-pour-profil.png\",\"width\":522,\"height\":478,\"caption\":\"Alpvision Residences\"},\"image\":{\"@id\":\"https:\\\/\\\/www.alpvisionresidences.com\\\/blog\\\/de\\\/#\\\/schema\\\/logo\\\/image\\\/\"},\"sameAs\":[\"https:\\\/\\\/www.facebook.com\\\/AlpvisionResidences\\\/\",\"https:\\\/\\\/www.instagram.com\\\/alpvisionresidences\\\/\"]},{\"@type\":\"Person\",\"@id\":\"https:\\\/\\\/www.alpvisionresidences.com\\\/blog\\\/de\\\/#\\\/schema\\\/person\\\/6e9d17dd9b9dc7fb1f883ab503416e85\",\"name\":\"digitalservices\",\"image\":{\"@type\":\"ImageObject\",\"inLanguage\":\"de\",\"@id\":\"https:\\\/\\\/secure.gravatar.com\\\/avatar\\\/af30f88a1904294c1f3eb09a9d7903eec4ffa18fa2cf40c28a8681014ecdfc20?s=96&d=mm&r=g\",\"url\":\"https:\\\/\\\/secure.gravatar.com\\\/avatar\\\/af30f88a1904294c1f3eb09a9d7903eec4ffa18fa2cf40c28a8681014ecdfc20?s=96&d=mm&r=g\",\"contentUrl\":\"https:\\\/\\\/secure.gravatar.com\\\/avatar\\\/af30f88a1904294c1f3eb09a9d7903eec4ffa18fa2cf40c28a8681014ecdfc20?s=96&d=mm&r=g\",\"caption\":\"digitalservices\"},\"url\":\"https:\\\/\\\/www.alpvisionresidences.com\\\/blog\\\/de\\\/author\\\/digitalservices\\\/\"}]}<\/script>\n<!-- \/ Yoast SEO plugin. -->","yoast_head_json":{"title":"Besuchen Sie das Ch\u00e2teau de S\u00e9chilienne - Get Inspired","description":"Besuchen Sie das Ch\u00e2teau de S\u00e9chilienne und tauchen Sie ein in die franz\u00f6sische Alpengeschichte.","robots":{"index":"index","follow":"follow","max-snippet":"max-snippet:-1","max-image-preview":"max-image-preview:large","max-video-preview":"max-video-preview:-1"},"canonical":"https:\/\/www.alpvisionresidences.com\/blog\/de\/chateau-de-sechilienne\/","og_locale":"de_DE","og_type":"article","og_title":"Besuchen Sie das Ch\u00e2teau de S\u00e9chilienne - Get Inspired","og_description":"Besuchen Sie das Ch\u00e2teau de S\u00e9chilienne und tauchen Sie ein in die franz\u00f6sische Alpengeschichte.","og_url":"https:\/\/www.alpvisionresidences.com\/blog\/de\/chateau-de-sechilienne\/","og_site_name":"Get Inspired","article_publisher":"https:\/\/www.facebook.com\/AlpvisionResidences\/","article_published_time":"2025-06-23T13:12:58+00:00","og_image":[{"width":1920,"height":881,"url":"https:\/\/www.alpvisionresidences.com\/blog\/wp-content\/uploads\/2025\/06\/castle-Sechilienne-.jpg","type":"image\/jpeg"}],"author":"digitalservices","twitter_card":"summary_large_image","twitter_misc":{"Written by":"digitalservices","Est. reading time":"5 minutes"},"schema":{"@context":"https:\/\/schema.org","@graph":[{"@type":"Article","@id":"https:\/\/www.alpvisionresidences.com\/blog\/de\/chateau-de-sechilienne\/#article","isPartOf":{"@id":"https:\/\/www.alpvisionresidences.com\/blog\/de\/chateau-de-sechilienne\/"},"author":{"name":"digitalservices","@id":"https:\/\/www.alpvisionresidences.com\/blog\/de\/#\/schema\/person\/6e9d17dd9b9dc7fb1f883ab503416e85"},"headline":"Besuchen Sie das Ch\u00e2teau de S\u00e9chilienne","datePublished":"2025-06-23T13:12:58+00:00","mainEntityOfPage":{"@id":"https:\/\/www.alpvisionresidences.com\/blog\/de\/chateau-de-sechilienne\/"},"wordCount":1055,"commentCount":0,"publisher":{"@id":"https:\/\/www.alpvisionresidences.com\/blog\/de\/#organization"},"image":{"@id":"https:\/\/www.alpvisionresidences.com\/blog\/de\/chateau-de-sechilienne\/#primaryimage"},"thumbnailUrl":"https:\/\/www.alpvisionresidences.com\/blog\/wp-content\/uploads\/2025\/06\/castle-Sechilienne-.jpg","articleSection":["Franz\u00f6sische Alpen"],"inLanguage":"de","potentialAction":[{"@type":"CommentAction","name":"Comment","target":["https:\/\/www.alpvisionresidences.com\/blog\/de\/chateau-de-sechilienne\/#respond"]}]},{"@type":"WebPage","@id":"https:\/\/www.alpvisionresidences.com\/blog\/de\/chateau-de-sechilienne\/","url":"https:\/\/www.alpvisionresidences.com\/blog\/de\/chateau-de-sechilienne\/","name":"Besuchen Sie das Ch\u00e2teau de S\u00e9chilienne - Get Inspired","isPartOf":{"@id":"https:\/\/www.alpvisionresidences.com\/blog\/de\/#website"},"primaryImageOfPage":{"@id":"https:\/\/www.alpvisionresidences.com\/blog\/de\/chateau-de-sechilienne\/#primaryimage"},"image":{"@id":"https:\/\/www.alpvisionresidences.com\/blog\/de\/chateau-de-sechilienne\/#primaryimage"},"thumbnailUrl":"https:\/\/www.alpvisionresidences.com\/blog\/wp-content\/uploads\/2025\/06\/castle-Sechilienne-.jpg","datePublished":"2025-06-23T13:12:58+00:00","description":"Besuchen Sie das Ch\u00e2teau de S\u00e9chilienne und tauchen Sie ein in die franz\u00f6sische Alpengeschichte.","breadcrumb":{"@id":"https:\/\/www.alpvisionresidences.com\/blog\/de\/chateau-de-sechilienne\/#breadcrumb"},"inLanguage":"de","potentialAction":[{"@type":"ReadAction","target":["https:\/\/www.alpvisionresidences.com\/blog\/de\/chateau-de-sechilienne\/"]}]},{"@type":"ImageObject","inLanguage":"de","@id":"https:\/\/www.alpvisionresidences.com\/blog\/de\/chateau-de-sechilienne\/#primaryimage","url":"https:\/\/www.alpvisionresidences.com\/blog\/wp-content\/uploads\/2025\/06\/castle-Sechilienne-.jpg","contentUrl":"https:\/\/www.alpvisionresidences.com\/blog\/wp-content\/uploads\/2025\/06\/castle-Sechilienne-.jpg","width":1920,"height":881,"caption":"castle S\u00e9chilienne"},{"@type":"BreadcrumbList","@id":"https:\/\/www.alpvisionresidences.com\/blog\/de\/chateau-de-sechilienne\/#breadcrumb","itemListElement":[{"@type":"ListItem","position":1,"name":"Home","item":"https:\/\/www.alpvisionresidences.com\/blog\/de\/"},{"@type":"ListItem","position":2,"name":"Besuchen Sie das Ch\u00e2teau de S\u00e9chilienne"}]},{"@type":"WebSite","@id":"https:\/\/www.alpvisionresidences.com\/blog\/de\/#website","url":"https:\/\/www.alpvisionresidences.com\/blog\/de\/","name":"alpvisionresidences.com","description":"Alpvision r\u00e9sidences","publisher":{"@id":"https:\/\/www.alpvisionresidences.com\/blog\/de\/#organization"},"potentialAction":[{"@type":"SearchAction","target":{"@type":"EntryPoint","urlTemplate":"https:\/\/www.alpvisionresidences.com\/blog\/de\/?s={search_term_string}"},"query-input":{"@type":"PropertyValueSpecification","valueRequired":true,"valueName":"search_term_string"}}],"inLanguage":"de"},{"@type":"Organization","@id":"https:\/\/www.alpvisionresidences.com\/blog\/de\/#organization","name":"Alpvision Residences","url":"https:\/\/www.alpvisionresidences.com\/blog\/de\/","logo":{"@type":"ImageObject","inLanguage":"de","@id":"https:\/\/www.alpvisionresidences.com\/blog\/de\/#\/schema\/logo\/image\/","url":"https:\/\/www.alpvisionresidences.com\/blog\/wp-content\/uploads\/2022\/01\/alpvision_icone1_bleu_negatif-Redimensionne-pour-profil.png","contentUrl":"https:\/\/www.alpvisionresidences.com\/blog\/wp-content\/uploads\/2022\/01\/alpvision_icone1_bleu_negatif-Redimensionne-pour-profil.png","width":522,"height":478,"caption":"Alpvision Residences"},"image":{"@id":"https:\/\/www.alpvisionresidences.com\/blog\/de\/#\/schema\/logo\/image\/"},"sameAs":["https:\/\/www.facebook.com\/AlpvisionResidences\/","https:\/\/www.instagram.com\/alpvisionresidences\/"]},{"@type":"Person","@id":"https:\/\/www.alpvisionresidences.com\/blog\/de\/#\/schema\/person\/6e9d17dd9b9dc7fb1f883ab503416e85","name":"digitalservices","image":{"@type":"ImageObject","inLanguage":"de","@id":"https:\/\/secure.gravatar.com\/avatar\/af30f88a1904294c1f3eb09a9d7903eec4ffa18fa2cf40c28a8681014ecdfc20?s=96&d=mm&r=g","url":"https:\/\/secure.gravatar.com\/avatar\/af30f88a1904294c1f3eb09a9d7903eec4ffa18fa2cf40c28a8681014ecdfc20?s=96&d=mm&r=g","contentUrl":"https:\/\/secure.gravatar.com\/avatar\/af30f88a1904294c1f3eb09a9d7903eec4ffa18fa2cf40c28a8681014ecdfc20?s=96&d=mm&r=g","caption":"digitalservices"},"url":"https:\/\/www.alpvisionresidences.com\/blog\/de\/author\/digitalservices\/"}]}},"_links":{"self":[{"href":"https:\/\/www.alpvisionresidences.com\/blog\/de\/wp-json\/wp\/v2\/posts\/14796","targetHints":{"allow":["GET"]}}],"collection":[{"href":"https:\/\/www.alpvisionresidences.com\/blog\/de\/wp-json\/wp\/v2\/posts"}],"about":[{"href":"https:\/\/www.alpvisionresidences.com\/blog\/de\/wp-json\/wp\/v2\/types\/post"}],"author":[{"embeddable":true,"href":"https:\/\/www.alpvisionresidences.com\/blog\/de\/wp-json\/wp\/v2\/users\/3"}],"replies":[{"embeddable":true,"href":"https:\/\/www.alpvisionresidences.com\/blog\/de\/wp-json\/wp\/v2\/comments?post=14796"}],"version-history":[{"count":1,"href":"https:\/\/www.alpvisionresidences.com\/blog\/de\/wp-json\/wp\/v2\/posts\/14796\/revisions"}],"predecessor-version":[{"id":14797,"href":"https:\/\/www.alpvisionresidences.com\/blog\/de\/wp-json\/wp\/v2\/posts\/14796\/revisions\/14797"}],"wp:featuredmedia":[{"embeddable":true,"href":"https:\/\/www.alpvisionresidences.com\/blog\/de\/wp-json\/wp\/v2\/media\/14783"}],"wp:attachment":[{"href":"https:\/\/www.alpvisionresidences.com\/blog\/de\/wp-json\/wp\/v2\/media?parent=14796"}],"wp:term":[{"taxonomy":"category","embeddable":true,"href":"https:\/\/www.alpvisionresidences.com\/blog\/de\/wp-json\/wp\/v2\/categories?post=14796"},{"taxonomy":"post_tag","embeddable":true,"href":"https:\/\/www.alpvisionresidences.com\/blog\/de\/wp-json\/wp\/v2\/tags?post=14796"}],"curies":[{"name":"wp","href":"https:\/\/api.w.org\/{rel}","templated":true}]}}