{"id":480,"date":"2021-03-30T06:38:50","date_gmt":"2021-03-30T06:38:50","guid":{"rendered":"https:\/\/www.alpvisionresidences.com\/blog\/?p=480"},"modified":"2025-08-18T10:46:15","modified_gmt":"2025-08-18T10:46:15","slug":"valfrejus-2","status":"publish","type":"post","link":"https:\/\/www.alpvisionresidences.com\/blog\/de\/valfrejus-2\/","title":{"rendered":"Alpvision R\u00e9sidences Valfr\u00e9jus \u2013 \u00d6ffnungszeiten"},"content":{"rendered":"\n<p>Pr\u00fcfen Sie die \u00d6ffnungszeiten unserer virtuelle Rezeptionen*!<\/p>\n\n\n\n<p>Sie k\u00f6nnen uns jederzeit unter&nbsp;<strong>hello@alpvisionresidences.com<\/strong>&nbsp;erreichen<\/p>\n\n\n\n<p><strong>ZWISCHEN SAISON<\/strong><\/p>\n\n\n\n<p>Virtuelle Rezeption per Telefon unter +33 4 79 65 42 42<br>Montag:<strong> 8h30 &#8211; 12h | 13h30 &#8211; 17h30 <br><\/strong>Dienstag: <strong>8h30 &#8211; 12h | 13h30 &#8211; 17h30 <\/strong><br>Mittwoch: <strong>8h30 &#8211; 12h | 13h30 &#8211; 17h30 <\/strong><br>Donnerstag:<strong> 8h30 &#8211; 12h  | 13h30 &#8211; 17h30 <\/strong><br>Freitag:<strong> 8h30 &#8211; 12h | 13h30 &#8211; 17h30 <\/strong><br>Samstag: <strong>Geschlossen<\/strong><br>Sonntag: <strong>Geschlossen<\/strong><\/p>\n\n\n\n<p>&#8212;<\/p>\n\n\n\n<p><strong>SOMMER SAISON<\/strong><\/p>\n\n\n\n<p>Virtuelle Rezeption per Telefon unter +33 4 79 65 42 42<br>Montag:<strong> 8h30 &#8211; 12h | 13h30 &#8211; 17h30 <br><\/strong>Dienstag: <strong>8h30 &#8211; 12h | 13h30 &#8211; 17h30 <\/strong><br>Mittwoch: <strong>8h30 &#8211; 12h | 13h30 &#8211; 17h30 <\/strong><br>Donnerstag:<strong> 8h30 &#8211; 12h  | 13h30 &#8211; 17h30 <\/strong><br>Freitag:<strong> 8h30 &#8211; 12h | 13h30 &#8211; 17h30 <\/strong><br>Samstag: <strong><strong>8h30 &#8211; 12h | 13h30 &#8211; 17h30 <\/strong><\/strong><br>Sonntag: <strong>Geschlossen<\/strong><\/p>\n\n\n\n<p>&#8212;<\/p>\n\n\n\n<p><strong><strong>WINTERSAISON<\/strong>&nbsp;<\/strong>vom<strong> 20.12.2025 <\/strong>bis<strong> 28.12.2025*<\/strong> \u2013 Virtuelle Rezeption unter +33 4 79 65 42 42<br>Montag:<strong>&nbsp;8h30 \u2013 12h | 13h30 \u2013 17h30<\/strong><br>Dienstag:<strong>&nbsp;8h30 \u2013 12h | 13h30 \u2013 17h30<\/strong><br>Mittwoch:<strong>&nbsp;8h30 \u2013 12h | 13h30 \u2013 17h30<\/strong><br>Donnerstag:<strong>&nbsp;8h30 \u2013 12h | 13h30 \u2013 17h30<\/strong><br>Freitag:<strong>&nbsp;8h30 \u2013 12h | 13h30 \u2013 17h30<\/strong><br>Samstag:<strong>&nbsp;8h30 &#8211; 12h | 13h30 &#8211; 18h&nbsp;<\/strong><br>Sonntag:&nbsp;<strong>9h &#8211; 12h<\/strong><\/p>\n\n\n\n<p>&#8212;<\/p>\n\n\n\n<p><strong><strong>WINTERSAISON<\/strong>&nbsp;<\/strong>vom<strong> 29.12.2025 <\/strong>bis<strong> 17.04.2026*<\/strong> \u2013 Virtuelle Rezeption unter +33 4 79 65 42 42<\/p>\n\n\n\n<p>Montag:<strong>&nbsp;8h30 \u2013 12h | 13h30 \u2013 17h30<\/strong><br>Dienstag:<strong>&nbsp;8h30 \u2013 12h | 13h30 \u2013 17h30<\/strong><br>Mittwoch:<strong>&nbsp;8h30 \u2013 12h | 13h30 \u2013 17h30<\/strong><br>Donnerstag:<strong>&nbsp;8h30 \u2013 12h | 13h30 \u2013 17h30<\/strong><br>Freitag:<strong>&nbsp;8h30 \u2013 12h | 13h30 \u2013 17h30<\/strong><br>Samstag:<strong>&nbsp;8h30 &#8211; 12h | 13h30 &#8211; 18h&nbsp;<\/strong><br>Sonntag:&nbsp;<strong>Geschlossen<\/strong>*<\/p>\n\n\n\n<p>**Virtueller Empfang von <strong>9 bis 12 Uhr<\/strong> an den Sonntagen <strong>16\/02, 23\/02<\/strong> und <strong>02\/03<\/strong>.<\/p>\n\n\n\n<p>*\u00d6ffnungszeiten k\u00f6nnen sich \u00e4ndern.<\/p>\n\n\n\n<p>G\u00e4ste und Eigent\u00fcmer haben Zugang zu einer 24\/7-Notfallnummer.<\/p>\n\n\n\n<p><\/p>\n","protected":false},"excerpt":{"rendered":"<p>Pr\u00fcfen Sie die \u00d6ffnungszeiten unserer virtuelle Rezeptionen*! Sie k\u00f6nnen uns jederzeit unter&nbsp;hello@alpvisionresidences.com&nbsp;erreichen ZWISCHEN SAISON Virtuelle Rezeption per Telefon unter +33&#8230;<\/p>\n","protected":false},"author":2,"featured_media":14240,"comment_status":"closed","ping_status":"closed","sticky":false,"template":"","format":"standard","meta":{"footnotes":""},"categories":[39,43,40,44],"tags":[],"class_list":["post-480","post","type-post","status-publish","format-standard","has-post-thumbnail","hentry","category-oeffnungszeiten","category-oeffnungszeiten-in-frankreich","category-opening-hours","category-opening-hours-in-france"],"yoast_head":"<!-- This site is optimized with the Yoast SEO plugin v27.4 - https:\/\/yoast.com\/product\/yoast-seo-wordpress\/ -->\n<title>Alpvision R\u00e9sidences Valfr\u00e9jus \u2013 \u00d6ffnungszeiten - Get Inspired<\/title>\n<meta name=\"robots\" content=\"index, follow, max-snippet:-1, max-image-preview:large, max-video-preview:-1\" \/>\n<link rel=\"canonical\" href=\"https:\/\/www.alpvisionresidences.com\/blog\/de\/valfrejus-2\/\" \/>\n<meta property=\"og:locale\" content=\"de_DE\" \/>\n<meta property=\"og:type\" content=\"article\" \/>\n<meta property=\"og:title\" content=\"Alpvision R\u00e9sidences Valfr\u00e9jus \u2013 \u00d6ffnungszeiten - Get Inspired\" \/>\n<meta property=\"og:description\" content=\"Pr\u00fcfen Sie die \u00d6ffnungszeiten unserer virtuelle Rezeptionen*! Sie k\u00f6nnen uns jederzeit unter&nbsp;hello@alpvisionresidences.com&nbsp;erreichen ZWISCHEN SAISON Virtuelle Rezeption per Telefon unter +33...\" \/>\n<meta property=\"og:url\" content=\"https:\/\/www.alpvisionresidences.com\/blog\/de\/valfrejus-2\/\" \/>\n<meta property=\"og:site_name\" content=\"Get Inspired\" \/>\n<meta property=\"article:publisher\" content=\"https:\/\/www.facebook.com\/AlpvisionResidences\/\" \/>\n<meta property=\"article:published_time\" content=\"2021-03-30T06:38:50+00:00\" \/>\n<meta property=\"article:modified_time\" content=\"2025-08-18T10:46:15+00:00\" \/>\n<meta property=\"og:image\" content=\"https:\/\/www.alpvisionresidences.com\/blog\/wp-content\/uploads\/2021\/03\/a74f01ec14f2dd20b812e533729cd218-14505045-1407x940-1.jpg\" \/>\n\t<meta property=\"og:image:width\" content=\"1407\" \/>\n\t<meta property=\"og:image:height\" content=\"940\" \/>\n\t<meta property=\"og:image:type\" content=\"image\/jpeg\" \/>\n<meta name=\"author\" content=\"alpvision\" \/>\n<meta name=\"twitter:card\" content=\"summary_large_image\" \/>\n<meta name=\"twitter:label1\" content=\"Written by\" \/>\n\t<meta name=\"twitter:data1\" content=\"alpvision\" \/>\n\t<meta name=\"twitter:label2\" content=\"Est. reading time\" \/>\n\t<meta name=\"twitter:data2\" content=\"2 minutes\" \/>\n<script type=\"application\/ld+json\" class=\"yoast-schema-graph\">{\"@context\":\"https:\\\/\\\/schema.org\",\"@graph\":[{\"@type\":\"Article\",\"@id\":\"https:\\\/\\\/www.alpvisionresidences.com\\\/blog\\\/de\\\/valfrejus-2\\\/#article\",\"isPartOf\":{\"@id\":\"https:\\\/\\\/www.alpvisionresidences.com\\\/blog\\\/de\\\/valfrejus-2\\\/\"},\"author\":{\"name\":\"alpvision\",\"@id\":\"https:\\\/\\\/www.alpvisionresidences.com\\\/blog\\\/de\\\/#\\\/schema\\\/person\\\/51ca1eab7ba27fa67ef90f1171928537\"},\"headline\":\"Alpvision R\u00e9sidences Valfr\u00e9jus \u2013 \u00d6ffnungszeiten\",\"datePublished\":\"2021-03-30T06:38:50+00:00\",\"dateModified\":\"2025-08-18T10:46:15+00:00\",\"mainEntityOfPage\":{\"@id\":\"https:\\\/\\\/www.alpvisionresidences.com\\\/blog\\\/de\\\/valfrejus-2\\\/\"},\"wordCount\":250,\"publisher\":{\"@id\":\"https:\\\/\\\/www.alpvisionresidences.com\\\/blog\\\/de\\\/#organization\"},\"image\":{\"@id\":\"https:\\\/\\\/www.alpvisionresidences.com\\\/blog\\\/de\\\/valfrejus-2\\\/#primaryimage\"},\"thumbnailUrl\":\"https:\\\/\\\/www.alpvisionresidences.com\\\/blog\\\/wp-content\\\/uploads\\\/2021\\\/03\\\/a74f01ec14f2dd20b812e533729cd218-14505045-1407x940-1.jpg\",\"articleSection\":[\"\u00d6ffnungszeiten\",\"\u00d6ffnungszeiten in Frankreich\",\"Opening hours\",\"Opening hours in France\"],\"inLanguage\":\"de\"},{\"@type\":\"WebPage\",\"@id\":\"https:\\\/\\\/www.alpvisionresidences.com\\\/blog\\\/de\\\/valfrejus-2\\\/\",\"url\":\"https:\\\/\\\/www.alpvisionresidences.com\\\/blog\\\/de\\\/valfrejus-2\\\/\",\"name\":\"Alpvision R\u00e9sidences Valfr\u00e9jus \u2013 \u00d6ffnungszeiten - Get Inspired\",\"isPartOf\":{\"@id\":\"https:\\\/\\\/www.alpvisionresidences.com\\\/blog\\\/de\\\/#website\"},\"primaryImageOfPage\":{\"@id\":\"https:\\\/\\\/www.alpvisionresidences.com\\\/blog\\\/de\\\/valfrejus-2\\\/#primaryimage\"},\"image\":{\"@id\":\"https:\\\/\\\/www.alpvisionresidences.com\\\/blog\\\/de\\\/valfrejus-2\\\/#primaryimage\"},\"thumbnailUrl\":\"https:\\\/\\\/www.alpvisionresidences.com\\\/blog\\\/wp-content\\\/uploads\\\/2021\\\/03\\\/a74f01ec14f2dd20b812e533729cd218-14505045-1407x940-1.jpg\",\"datePublished\":\"2021-03-30T06:38:50+00:00\",\"dateModified\":\"2025-08-18T10:46:15+00:00\",\"breadcrumb\":{\"@id\":\"https:\\\/\\\/www.alpvisionresidences.com\\\/blog\\\/de\\\/valfrejus-2\\\/#breadcrumb\"},\"inLanguage\":\"de\",\"potentialAction\":[{\"@type\":\"ReadAction\",\"target\":[\"https:\\\/\\\/www.alpvisionresidences.com\\\/blog\\\/de\\\/valfrejus-2\\\/\"]}]},{\"@type\":\"ImageObject\",\"inLanguage\":\"de\",\"@id\":\"https:\\\/\\\/www.alpvisionresidences.com\\\/blog\\\/de\\\/valfrejus-2\\\/#primaryimage\",\"url\":\"https:\\\/\\\/www.alpvisionresidences.com\\\/blog\\\/wp-content\\\/uploads\\\/2021\\\/03\\\/a74f01ec14f2dd20b812e533729cd218-14505045-1407x940-1.jpg\",\"contentUrl\":\"https:\\\/\\\/www.alpvisionresidences.com\\\/blog\\\/wp-content\\\/uploads\\\/2021\\\/03\\\/a74f01ec14f2dd20b812e533729cd218-14505045-1407x940-1.jpg\",\"width\":1407,\"height\":940,\"caption\":\"Haute Maurienne Vanoise\"},{\"@type\":\"BreadcrumbList\",\"@id\":\"https:\\\/\\\/www.alpvisionresidences.com\\\/blog\\\/de\\\/valfrejus-2\\\/#breadcrumb\",\"itemListElement\":[{\"@type\":\"ListItem\",\"position\":1,\"name\":\"Home\",\"item\":\"https:\\\/\\\/www.alpvisionresidences.com\\\/blog\\\/de\\\/\"},{\"@type\":\"ListItem\",\"position\":2,\"name\":\"Alpvision R\u00e9sidences Valfr\u00e9jus \u2013 \u00d6ffnungszeiten\"}]},{\"@type\":\"WebSite\",\"@id\":\"https:\\\/\\\/www.alpvisionresidences.com\\\/blog\\\/de\\\/#website\",\"url\":\"https:\\\/\\\/www.alpvisionresidences.com\\\/blog\\\/de\\\/\",\"name\":\"alpvisionresidences.com\",\"description\":\"Alpvision r\u00e9sidences\",\"publisher\":{\"@id\":\"https:\\\/\\\/www.alpvisionresidences.com\\\/blog\\\/de\\\/#organization\"},\"potentialAction\":[{\"@type\":\"SearchAction\",\"target\":{\"@type\":\"EntryPoint\",\"urlTemplate\":\"https:\\\/\\\/www.alpvisionresidences.com\\\/blog\\\/de\\\/?s={search_term_string}\"},\"query-input\":{\"@type\":\"PropertyValueSpecification\",\"valueRequired\":true,\"valueName\":\"search_term_string\"}}],\"inLanguage\":\"de\"},{\"@type\":\"Organization\",\"@id\":\"https:\\\/\\\/www.alpvisionresidences.com\\\/blog\\\/de\\\/#organization\",\"name\":\"Alpvision Residences\",\"url\":\"https:\\\/\\\/www.alpvisionresidences.com\\\/blog\\\/de\\\/\",\"logo\":{\"@type\":\"ImageObject\",\"inLanguage\":\"de\",\"@id\":\"https:\\\/\\\/www.alpvisionresidences.com\\\/blog\\\/de\\\/#\\\/schema\\\/logo\\\/image\\\/\",\"url\":\"https:\\\/\\\/www.alpvisionresidences.com\\\/blog\\\/wp-content\\\/uploads\\\/2022\\\/01\\\/alpvision_icone1_bleu_negatif-Redimensionne-pour-profil.png\",\"contentUrl\":\"https:\\\/\\\/www.alpvisionresidences.com\\\/blog\\\/wp-content\\\/uploads\\\/2022\\\/01\\\/alpvision_icone1_bleu_negatif-Redimensionne-pour-profil.png\",\"width\":522,\"height\":478,\"caption\":\"Alpvision Residences\"},\"image\":{\"@id\":\"https:\\\/\\\/www.alpvisionresidences.com\\\/blog\\\/de\\\/#\\\/schema\\\/logo\\\/image\\\/\"},\"sameAs\":[\"https:\\\/\\\/www.facebook.com\\\/AlpvisionResidences\\\/\",\"https:\\\/\\\/www.instagram.com\\\/alpvisionresidences\\\/\"]},{\"@type\":\"Person\",\"@id\":\"https:\\\/\\\/www.alpvisionresidences.com\\\/blog\\\/de\\\/#\\\/schema\\\/person\\\/51ca1eab7ba27fa67ef90f1171928537\",\"name\":\"alpvision\",\"image\":{\"@type\":\"ImageObject\",\"inLanguage\":\"de\",\"@id\":\"https:\\\/\\\/secure.gravatar.com\\\/avatar\\\/12aed967b3ee801371482470bdc1042c671499c3614a04f8a6980d7e3bbc65d0?s=96&d=mm&r=g\",\"url\":\"https:\\\/\\\/secure.gravatar.com\\\/avatar\\\/12aed967b3ee801371482470bdc1042c671499c3614a04f8a6980d7e3bbc65d0?s=96&d=mm&r=g\",\"contentUrl\":\"https:\\\/\\\/secure.gravatar.com\\\/avatar\\\/12aed967b3ee801371482470bdc1042c671499c3614a04f8a6980d7e3bbc65d0?s=96&d=mm&r=g\",\"caption\":\"alpvision\"},\"url\":\"https:\\\/\\\/www.alpvisionresidences.com\\\/blog\\\/de\\\/author\\\/alpvision\\\/\"}]}<\/script>\n<!-- \/ Yoast SEO plugin. -->","yoast_head_json":{"title":"Alpvision R\u00e9sidences Valfr\u00e9jus \u2013 \u00d6ffnungszeiten - Get Inspired","robots":{"index":"index","follow":"follow","max-snippet":"max-snippet:-1","max-image-preview":"max-image-preview:large","max-video-preview":"max-video-preview:-1"},"canonical":"https:\/\/www.alpvisionresidences.com\/blog\/de\/valfrejus-2\/","og_locale":"de_DE","og_type":"article","og_title":"Alpvision R\u00e9sidences Valfr\u00e9jus \u2013 \u00d6ffnungszeiten - Get Inspired","og_description":"Pr\u00fcfen Sie die \u00d6ffnungszeiten unserer virtuelle Rezeptionen*! Sie k\u00f6nnen uns jederzeit unter&nbsp;hello@alpvisionresidences.com&nbsp;erreichen ZWISCHEN SAISON Virtuelle Rezeption per Telefon unter +33...","og_url":"https:\/\/www.alpvisionresidences.com\/blog\/de\/valfrejus-2\/","og_site_name":"Get Inspired","article_publisher":"https:\/\/www.facebook.com\/AlpvisionResidences\/","article_published_time":"2021-03-30T06:38:50+00:00","article_modified_time":"2025-08-18T10:46:15+00:00","og_image":[{"width":1407,"height":940,"url":"https:\/\/www.alpvisionresidences.com\/blog\/wp-content\/uploads\/2021\/03\/a74f01ec14f2dd20b812e533729cd218-14505045-1407x940-1.jpg","type":"image\/jpeg"}],"author":"alpvision","twitter_card":"summary_large_image","twitter_misc":{"Written by":"alpvision","Est. reading time":"2 minutes"},"schema":{"@context":"https:\/\/schema.org","@graph":[{"@type":"Article","@id":"https:\/\/www.alpvisionresidences.com\/blog\/de\/valfrejus-2\/#article","isPartOf":{"@id":"https:\/\/www.alpvisionresidences.com\/blog\/de\/valfrejus-2\/"},"author":{"name":"alpvision","@id":"https:\/\/www.alpvisionresidences.com\/blog\/de\/#\/schema\/person\/51ca1eab7ba27fa67ef90f1171928537"},"headline":"Alpvision R\u00e9sidences Valfr\u00e9jus \u2013 \u00d6ffnungszeiten","datePublished":"2021-03-30T06:38:50+00:00","dateModified":"2025-08-18T10:46:15+00:00","mainEntityOfPage":{"@id":"https:\/\/www.alpvisionresidences.com\/blog\/de\/valfrejus-2\/"},"wordCount":250,"publisher":{"@id":"https:\/\/www.alpvisionresidences.com\/blog\/de\/#organization"},"image":{"@id":"https:\/\/www.alpvisionresidences.com\/blog\/de\/valfrejus-2\/#primaryimage"},"thumbnailUrl":"https:\/\/www.alpvisionresidences.com\/blog\/wp-content\/uploads\/2021\/03\/a74f01ec14f2dd20b812e533729cd218-14505045-1407x940-1.jpg","articleSection":["\u00d6ffnungszeiten","\u00d6ffnungszeiten in Frankreich","Opening hours","Opening hours in France"],"inLanguage":"de"},{"@type":"WebPage","@id":"https:\/\/www.alpvisionresidences.com\/blog\/de\/valfrejus-2\/","url":"https:\/\/www.alpvisionresidences.com\/blog\/de\/valfrejus-2\/","name":"Alpvision R\u00e9sidences Valfr\u00e9jus \u2013 \u00d6ffnungszeiten - Get Inspired","isPartOf":{"@id":"https:\/\/www.alpvisionresidences.com\/blog\/de\/#website"},"primaryImageOfPage":{"@id":"https:\/\/www.alpvisionresidences.com\/blog\/de\/valfrejus-2\/#primaryimage"},"image":{"@id":"https:\/\/www.alpvisionresidences.com\/blog\/de\/valfrejus-2\/#primaryimage"},"thumbnailUrl":"https:\/\/www.alpvisionresidences.com\/blog\/wp-content\/uploads\/2021\/03\/a74f01ec14f2dd20b812e533729cd218-14505045-1407x940-1.jpg","datePublished":"2021-03-30T06:38:50+00:00","dateModified":"2025-08-18T10:46:15+00:00","breadcrumb":{"@id":"https:\/\/www.alpvisionresidences.com\/blog\/de\/valfrejus-2\/#breadcrumb"},"inLanguage":"de","potentialAction":[{"@type":"ReadAction","target":["https:\/\/www.alpvisionresidences.com\/blog\/de\/valfrejus-2\/"]}]},{"@type":"ImageObject","inLanguage":"de","@id":"https:\/\/www.alpvisionresidences.com\/blog\/de\/valfrejus-2\/#primaryimage","url":"https:\/\/www.alpvisionresidences.com\/blog\/wp-content\/uploads\/2021\/03\/a74f01ec14f2dd20b812e533729cd218-14505045-1407x940-1.jpg","contentUrl":"https:\/\/www.alpvisionresidences.com\/blog\/wp-content\/uploads\/2021\/03\/a74f01ec14f2dd20b812e533729cd218-14505045-1407x940-1.jpg","width":1407,"height":940,"caption":"Haute Maurienne Vanoise"},{"@type":"BreadcrumbList","@id":"https:\/\/www.alpvisionresidences.com\/blog\/de\/valfrejus-2\/#breadcrumb","itemListElement":[{"@type":"ListItem","position":1,"name":"Home","item":"https:\/\/www.alpvisionresidences.com\/blog\/de\/"},{"@type":"ListItem","position":2,"name":"Alpvision R\u00e9sidences Valfr\u00e9jus \u2013 \u00d6ffnungszeiten"}]},{"@type":"WebSite","@id":"https:\/\/www.alpvisionresidences.com\/blog\/de\/#website","url":"https:\/\/www.alpvisionresidences.com\/blog\/de\/","name":"alpvisionresidences.com","description":"Alpvision r\u00e9sidences","publisher":{"@id":"https:\/\/www.alpvisionresidences.com\/blog\/de\/#organization"},"potentialAction":[{"@type":"SearchAction","target":{"@type":"EntryPoint","urlTemplate":"https:\/\/www.alpvisionresidences.com\/blog\/de\/?s={search_term_string}"},"query-input":{"@type":"PropertyValueSpecification","valueRequired":true,"valueName":"search_term_string"}}],"inLanguage":"de"},{"@type":"Organization","@id":"https:\/\/www.alpvisionresidences.com\/blog\/de\/#organization","name":"Alpvision Residences","url":"https:\/\/www.alpvisionresidences.com\/blog\/de\/","logo":{"@type":"ImageObject","inLanguage":"de","@id":"https:\/\/www.alpvisionresidences.com\/blog\/de\/#\/schema\/logo\/image\/","url":"https:\/\/www.alpvisionresidences.com\/blog\/wp-content\/uploads\/2022\/01\/alpvision_icone1_bleu_negatif-Redimensionne-pour-profil.png","contentUrl":"https:\/\/www.alpvisionresidences.com\/blog\/wp-content\/uploads\/2022\/01\/alpvision_icone1_bleu_negatif-Redimensionne-pour-profil.png","width":522,"height":478,"caption":"Alpvision Residences"},"image":{"@id":"https:\/\/www.alpvisionresidences.com\/blog\/de\/#\/schema\/logo\/image\/"},"sameAs":["https:\/\/www.facebook.com\/AlpvisionResidences\/","https:\/\/www.instagram.com\/alpvisionresidences\/"]},{"@type":"Person","@id":"https:\/\/www.alpvisionresidences.com\/blog\/de\/#\/schema\/person\/51ca1eab7ba27fa67ef90f1171928537","name":"alpvision","image":{"@type":"ImageObject","inLanguage":"de","@id":"https:\/\/secure.gravatar.com\/avatar\/12aed967b3ee801371482470bdc1042c671499c3614a04f8a6980d7e3bbc65d0?s=96&d=mm&r=g","url":"https:\/\/secure.gravatar.com\/avatar\/12aed967b3ee801371482470bdc1042c671499c3614a04f8a6980d7e3bbc65d0?s=96&d=mm&r=g","contentUrl":"https:\/\/secure.gravatar.com\/avatar\/12aed967b3ee801371482470bdc1042c671499c3614a04f8a6980d7e3bbc65d0?s=96&d=mm&r=g","caption":"alpvision"},"url":"https:\/\/www.alpvisionresidences.com\/blog\/de\/author\/alpvision\/"}]}},"_links":{"self":[{"href":"https:\/\/www.alpvisionresidences.com\/blog\/de\/wp-json\/wp\/v2\/posts\/480","targetHints":{"allow":["GET"]}}],"collection":[{"href":"https:\/\/www.alpvisionresidences.com\/blog\/de\/wp-json\/wp\/v2\/posts"}],"about":[{"href":"https:\/\/www.alpvisionresidences.com\/blog\/de\/wp-json\/wp\/v2\/types\/post"}],"author":[{"embeddable":true,"href":"https:\/\/www.alpvisionresidences.com\/blog\/de\/wp-json\/wp\/v2\/users\/2"}],"replies":[{"embeddable":true,"href":"https:\/\/www.alpvisionresidences.com\/blog\/de\/wp-json\/wp\/v2\/comments?post=480"}],"version-history":[{"count":20,"href":"https:\/\/www.alpvisionresidences.com\/blog\/de\/wp-json\/wp\/v2\/posts\/480\/revisions"}],"predecessor-version":[{"id":15433,"href":"https:\/\/www.alpvisionresidences.com\/blog\/de\/wp-json\/wp\/v2\/posts\/480\/revisions\/15433"}],"wp:featuredmedia":[{"embeddable":true,"href":"https:\/\/www.alpvisionresidences.com\/blog\/de\/wp-json\/wp\/v2\/media\/14240"}],"wp:attachment":[{"href":"https:\/\/www.alpvisionresidences.com\/blog\/de\/wp-json\/wp\/v2\/media?parent=480"}],"wp:term":[{"taxonomy":"category","embeddable":true,"href":"https:\/\/www.alpvisionresidences.com\/blog\/de\/wp-json\/wp\/v2\/categories?post=480"},{"taxonomy":"post_tag","embeddable":true,"href":"https:\/\/www.alpvisionresidences.com\/blog\/de\/wp-json\/wp\/v2\/tags?post=480"}],"curies":[{"name":"wp","href":"https:\/\/api.w.org\/{rel}","templated":true}]}}