{"id":5648,"date":"2023-06-22T06:18:23","date_gmt":"2023-06-22T06:18:23","guid":{"rendered":"https:\/\/www.alpvisionresidences.com\/blog\/?p=5648"},"modified":"2025-02-20T15:14:25","modified_gmt":"2025-02-20T15:14:25","slug":"erkunden-deux-alpes","status":"publish","type":"post","link":"https:\/\/www.alpvisionresidences.com\/blog\/de\/erkunden-deux-alpes\/","title":{"rendered":"Les Deux Alpes: Wo befindet sich dieses au\u00dfergew\u00f6hnliche Skigebiet?"},"content":{"rendered":"\t\t<div data-elementor-type=\"wp-post\" data-elementor-id=\"5648\" class=\"elementor elementor-5648 elementor-5551\" data-elementor-post-type=\"post\">\n\t\t\t\t\t\t<section class=\"elementor-section elementor-top-section elementor-element elementor-element-4314674f elementor-section-boxed elementor-section-height-default elementor-section-height-default\" data-id=\"4314674f\" data-element_type=\"section\" data-e-type=\"section\">\n\t\t\t\t\t\t<div class=\"elementor-container elementor-column-gap-default\">\n\t\t\t\t\t<div class=\"elementor-column elementor-col-100 elementor-top-column elementor-element elementor-element-a0c73b3\" data-id=\"a0c73b3\" data-element_type=\"column\" data-e-type=\"column\">\n\t\t\t<div class=\"elementor-widget-wrap elementor-element-populated\">\n\t\t\t\t\t\t<div class=\"elementor-element elementor-element-5b01a89e elementor-widget elementor-widget-heading\" data-id=\"5b01a89e\" data-element_type=\"widget\" data-e-type=\"widget\" data-widget_type=\"heading.default\">\n\t\t\t\t<div class=\"elementor-widget-container\">\n\t\t\t\t\t<h2 class=\"elementor-heading-title elementor-size-default\">Wo befindet sich Les Deux Alpes?\n<\/h2>\t\t\t\t<\/div>\n\t\t\t\t<\/div>\n\t\t\t\t<div class=\"elementor-element elementor-element-6af94ce7 elementor-widget elementor-widget-text-editor\" data-id=\"6af94ce7\" data-element_type=\"widget\" data-e-type=\"widget\" data-widget_type=\"text-editor.default\">\n\t\t\t\t<div class=\"elementor-widget-container\">\n\t\t\t\t\t\t\t\t\t<p><span style=\"font-weight: 400;\">Les Deux Alpes ist ein ber\u00fchmtes, international angesehenes Skigebiet in den franz\u00f6sischen Alpen. Es ist im Departement Is\u00e8re im Herzen des \u00c9crins-Massivs gelegen.\u00a0<\/span><span style=\"background-color: transparent;\">Der Ferienort Les Deux Alpes ist bekannt f\u00fcr sein weitl\u00e4ufiges Skigebiet, das sich \u00fcber einen Gletscher erstreckt und somit das ganze Jahr \u00fcber garantiert Naturschnee bietet.<\/span><\/p><p><span style=\"font-weight: 400;\">Willkommen bei unserem ultimativen Wegweiser f\u00fcr einen fantastischen Aufenthalt im Skigebiet Les Deux Alpes, einem wahren Paradies f\u00fcr Brettsportbegeisterte!<\/span><\/p>\t\t\t\t\t\t\t\t<\/div>\n\t\t\t\t<\/div>\n\t\t\t\t\t<\/div>\n\t\t<\/div>\n\t\t\t\t\t<\/div>\n\t\t<\/section>\n\t\t\t\t<section class=\"elementor-section elementor-top-section elementor-element elementor-element-54116f77 elementor-section-boxed elementor-section-height-default elementor-section-height-default\" data-id=\"54116f77\" data-element_type=\"section\" data-e-type=\"section\">\n\t\t\t\t\t\t<div class=\"elementor-container elementor-column-gap-default\">\n\t\t\t\t\t<div class=\"elementor-column elementor-col-100 elementor-top-column elementor-element elementor-element-6b6ffd48\" data-id=\"6b6ffd48\" data-element_type=\"column\" data-e-type=\"column\">\n\t\t\t<div class=\"elementor-widget-wrap elementor-element-populated\">\n\t\t\t\t\t\t<div class=\"elementor-element elementor-element-24539774 elementor-widget elementor-widget-heading\" data-id=\"24539774\" data-element_type=\"widget\" data-e-type=\"widget\" data-widget_type=\"heading.default\">\n\t\t\t\t<div class=\"elementor-widget-container\">\n\t\t\t\t\t<h2 class=\"elementor-heading-title elementor-size-default\">Karte von Deux Alpes\n<\/h2>\t\t\t\t<\/div>\n\t\t\t\t<\/div>\n\t\t\t\t<div class=\"elementor-element elementor-element-6bb0b8aa elementor-widget elementor-widget-text-editor\" data-id=\"6bb0b8aa\" data-element_type=\"widget\" data-e-type=\"widget\" data-widget_type=\"text-editor.default\">\n\t\t\t\t<div class=\"elementor-widget-container\">\n\t\t\t\t\t\t\t\t\t<p><span style=\"font-weight: 400;\">In Deux Alpes gibt es <\/span><b>\u00fcber 200 Kilometer an Abfahrtspisten<\/b><span style=\"font-weight: 400;\"> und rund 20 Kilometer an Langlaufloipen. Auf der <\/span><b>Karte von Deux Alpes<\/b><span style=\"font-weight: 400;\"> werden Sie M\u00f6glichkeiten f\u00fcr alle Kenntnisniveaus finden \u2013 vom Anf\u00e4nger bis zum erfahrensten Skifahrer.<\/span><\/p><p><span style=\"background-color: transparent;\">Im Skiort <\/span><b style=\"background-color: transparent;\">Les 2 Alpes kann Ihre Abfahrt <\/b><span style=\"background-color: transparent;\">dank des flexiblen Skipasses jeden Tag variieren, sodass Sie Ihre Unternehmungen nach Lust und Laune gestalten k\u00f6nnen. Dank der vielen Skilifte ist die Gegend sehr gut angebunden.<\/span><\/p><p><span style=\"font-weight: 400;\">Es erwartet Sie das h\u00f6chstgelegene Gebiet Europas mit garantiertem Schneefall und <\/span><b>den ber\u00fchmten Gletscherpisten auf 3.600 Metern H\u00f6he.<\/b><span style=\"font-weight: 400;\"> Von diesem Gipfel aus k\u00f6nnen Sie unabh\u00e4ngig von Ihrem Skifertigkeitsniveau viele Pisten ins Dorf hinunterfahren.<\/span><\/p><p><span style=\"font-weight: 400;\">Dieser <\/span><b>Abschnitt ist auch f\u00fcr Fu\u00dfg\u00e4nger und Wanderer zug\u00e4nglich<\/b><span style=\"font-weight: 400;\">, die den atemberaubenden 360\u00b0-Blick auf die Berge genie\u00dfen m\u00f6chten. Oben angekommen, erwarten Sie zahlreiche Restaurants mit sagenhaftem Blick, der Aussichtspunkt \u00c9crins und seine Aussichtsplattform \u201e\u00fcber dem Nichts\u201c in schwindelerregender H\u00f6he oder die beeindruckende Eish\u00f6hle, um eine au\u00dfergew\u00f6hnliche Erfahrung zu erleben.<\/span><\/p>\t\t\t\t\t\t\t\t<\/div>\n\t\t\t\t<\/div>\n\t\t\t\t\t<\/div>\n\t\t<\/div>\n\t\t\t\t\t<\/div>\n\t\t<\/section>\n\t\t\t\t<section class=\"elementor-section elementor-top-section elementor-element elementor-element-6362d402 elementor-section-boxed elementor-section-height-default elementor-section-height-default\" data-id=\"6362d402\" data-element_type=\"section\" data-e-type=\"section\">\n\t\t\t\t\t\t<div class=\"elementor-container elementor-column-gap-default\">\n\t\t\t\t\t<div class=\"elementor-column elementor-col-100 elementor-top-column elementor-element elementor-element-f271a6f\" data-id=\"f271a6f\" data-element_type=\"column\" data-e-type=\"column\">\n\t\t\t<div class=\"elementor-widget-wrap elementor-element-populated\">\n\t\t\t\t\t\t<div class=\"elementor-element elementor-element-29abfd5f elementor-widget elementor-widget-image\" data-id=\"29abfd5f\" data-element_type=\"widget\" data-e-type=\"widget\" data-widget_type=\"image.default\">\n\t\t\t\t<div class=\"elementor-widget-container\">\n\t\t\t\t\t\t\t\t\t\t\t\t\t\t\t<img fetchpriority=\"high\" decoding=\"async\" width=\"2560\" height=\"1272\" src=\"https:\/\/www.alpvisionresidences.com\/blog\/wp-content\/uploads\/2023\/06\/Carte-des-pistes-les-2-alpes-scaled.jpg\" class=\"attachment-full size-full wp-image-5623\" alt=\"Carte pistes deux alpes\" srcset=\"https:\/\/www.alpvisionresidences.com\/blog\/wp-content\/uploads\/2023\/06\/Carte-des-pistes-les-2-alpes-scaled.jpg 2560w, https:\/\/www.alpvisionresidences.com\/blog\/wp-content\/uploads\/2023\/06\/Carte-des-pistes-les-2-alpes-768x382.jpg 768w, https:\/\/www.alpvisionresidences.com\/blog\/wp-content\/uploads\/2023\/06\/Carte-des-pistes-les-2-alpes-1536x763.jpg 1536w, https:\/\/www.alpvisionresidences.com\/blog\/wp-content\/uploads\/2023\/06\/Carte-des-pistes-les-2-alpes-2048x1017.jpg 2048w\" sizes=\"(max-width: 2560px) 100vw, 2560px\" \/>\t\t\t\t\t\t\t\t\t\t\t\t\t\t\t<\/div>\n\t\t\t\t<\/div>\n\t\t\t\t<div class=\"elementor-element elementor-element-3729ebe1 elementor-widget elementor-widget-text-editor\" data-id=\"3729ebe1\" data-element_type=\"widget\" data-e-type=\"widget\" data-widget_type=\"text-editor.default\">\n\t\t\t\t<div class=\"elementor-widget-container\">\n\t\t\t\t\t\t\t\t\t<p>Source: <a href=\"https:\/\/reservation.les2alpes.com\/\" target=\"_blank\" rel=\"noopener\">Les2alpes<\/a><\/p>\t\t\t\t\t\t\t\t<\/div>\n\t\t\t\t<\/div>\n\t\t\t\t\t<\/div>\n\t\t<\/div>\n\t\t\t\t\t<\/div>\n\t\t<\/section>\n\t\t\t\t<section class=\"elementor-section elementor-top-section elementor-element elementor-element-31ea0fd7 elementor-section-boxed elementor-section-height-default elementor-section-height-default\" data-id=\"31ea0fd7\" data-element_type=\"section\" data-e-type=\"section\">\n\t\t\t\t\t\t<div class=\"elementor-container elementor-column-gap-default\">\n\t\t\t\t\t<div class=\"elementor-column elementor-col-100 elementor-top-column elementor-element elementor-element-5dd2708a\" data-id=\"5dd2708a\" data-element_type=\"column\" data-e-type=\"column\">\n\t\t\t<div class=\"elementor-widget-wrap elementor-element-populated\">\n\t\t\t\t\t\t<div class=\"elementor-element elementor-element-73184774 elementor-widget elementor-widget-heading\" data-id=\"73184774\" data-element_type=\"widget\" data-e-type=\"widget\" data-widget_type=\"heading.default\">\n\t\t\t\t<div class=\"elementor-widget-container\">\n\t\t\t\t\t<h3 class=\"elementor-heading-title elementor-size-default\">Les Deux Alpes f\u00fcr alle und bei jedem Wetter\n<\/h3>\t\t\t\t<\/div>\n\t\t\t\t<\/div>\n\t\t\t\t<div class=\"elementor-element elementor-element-5b3b8ecd elementor-widget elementor-widget-text-editor\" data-id=\"5b3b8ecd\" data-element_type=\"widget\" data-e-type=\"widget\" data-widget_type=\"text-editor.default\">\n\t\t\t\t<div class=\"elementor-widget-container\">\n\t\t\t\t\t\t\t\t\t<p><span style=\"font-weight: 400;\">Das Gebiet von Les 2 Alpes bietet \u00fcberdies eine <\/span><b>Vielzahl von Unternehmungsm\u00f6glichkeiten<\/b><span style=\"font-weight: 400;\">, die Sie f\u00fcr Tage mit schlechtem Wetter oder einfach um im Ort etwas anderes zu erleben, einplanen k\u00f6nnen.<\/span><\/p><p><span style=\"background-color: transparent;\">Gehen Sie in geselliger Atmosph\u00e4re eine Runde bowlen, besuchen Sie das Kino oder spielen Sie mit der Familie eine Partie Laser Game, um zu bestimmen, wer am Abend den Abwasch macht.<\/span><\/p><p><span style=\"font-weight: 400;\">F\u00fcr die Kleinen (und gr\u00f6\u00dferen Kinder) gibt es im Skiort einen eigenen Rodelbereich mit Netzen und Schaumstoffschutz an den R\u00e4ndern, der eine sichere Abfahrt garantiert.<\/span><\/p>\t\t\t\t\t\t\t\t<\/div>\n\t\t\t\t<\/div>\n\t\t\t\t\t<\/div>\n\t\t<\/div>\n\t\t\t\t\t<\/div>\n\t\t<\/section>\n\t\t\t\t<section class=\"elementor-section elementor-top-section elementor-element elementor-element-2e6df993 elementor-section-boxed elementor-section-height-default elementor-section-height-default\" data-id=\"2e6df993\" data-element_type=\"section\" data-e-type=\"section\">\n\t\t\t\t\t\t<div class=\"elementor-container elementor-column-gap-default\">\n\t\t\t\t\t<div class=\"elementor-column elementor-col-100 elementor-top-column elementor-element elementor-element-5857ffe9\" data-id=\"5857ffe9\" data-element_type=\"column\" data-e-type=\"column\">\n\t\t\t<div class=\"elementor-widget-wrap elementor-element-populated\">\n\t\t\t\t\t\t<div class=\"elementor-element elementor-element-611b1300 elementor-widget elementor-widget-heading\" data-id=\"611b1300\" data-element_type=\"widget\" data-e-type=\"widget\" data-widget_type=\"heading.default\">\n\t\t\t\t<div class=\"elementor-widget-container\">\n\t\t\t\t\t<h2 class=\"elementor-heading-title elementor-size-default\">Skirouten in Les Deux Alpes: Wie bereite ich mich auf die Pistenabfahrt vor?\n<\/h2>\t\t\t\t<\/div>\n\t\t\t\t<\/div>\n\t\t\t\t<div class=\"elementor-element elementor-element-47b53e95 elementor-widget elementor-widget-text-editor\" data-id=\"47b53e95\" data-element_type=\"widget\" data-e-type=\"widget\" data-widget_type=\"text-editor.default\">\n\t\t\t\t<div class=\"elementor-widget-container\">\n\t\t\t\t\t\t\t\t\t<p><span style=\"font-weight: 400;\">Der Ferienort <\/span><b>Les Deux Alpes ist f\u00fcr sein riesiges Skigebiet bekannt<\/b><span style=\"font-weight: 400;\">, das sich \u00fcber einen beeindruckenden Gletscher erstreckt.<\/span><\/p>\t\t\t\t\t\t\t\t<\/div>\n\t\t\t\t<\/div>\n\t\t\t\t\t<\/div>\n\t\t<\/div>\n\t\t\t\t\t<\/div>\n\t\t<\/section>\n\t\t\t\t<section class=\"elementor-section elementor-top-section elementor-element elementor-element-2bf87997 elementor-section-boxed elementor-section-height-default elementor-section-height-default\" data-id=\"2bf87997\" data-element_type=\"section\" data-e-type=\"section\">\n\t\t\t\t\t\t<div class=\"elementor-container elementor-column-gap-default\">\n\t\t\t\t\t<div class=\"elementor-column elementor-col-50 elementor-top-column elementor-element elementor-element-39ac3b2d\" data-id=\"39ac3b2d\" data-element_type=\"column\" data-e-type=\"column\">\n\t\t\t<div class=\"elementor-widget-wrap elementor-element-populated\">\n\t\t\t\t\t\t<div class=\"elementor-element elementor-element-613e979d elementor-widget elementor-widget-heading\" data-id=\"613e979d\" data-element_type=\"widget\" data-e-type=\"widget\" data-widget_type=\"heading.default\">\n\t\t\t\t<div class=\"elementor-widget-container\">\n\t\t\t\t\t<h3 class=\"elementor-heading-title elementor-size-default\">Bereit f\u00fcr das Abenteuer \u2013 die richtige Ausr\u00fcstung ist entscheidend\n<\/h3>\t\t\t\t<\/div>\n\t\t\t\t<\/div>\n\t\t\t\t<div class=\"elementor-element elementor-element-21046a6b elementor-widget elementor-widget-text-editor\" data-id=\"21046a6b\" data-element_type=\"widget\" data-e-type=\"widget\" data-widget_type=\"text-editor.default\">\n\t\t\t\t<div class=\"elementor-widget-container\">\n\t\t\t\t\t\t\t\t\t<p><span style=\"font-weight: 400;\">Die richtige Skiausr\u00fcstung spielt f\u00fcr Ihre Sicherheit und Leistungsf\u00e4higkeit auf der Piste eine wesentliche Rolle. Sie m\u00fcssen Ihre Bewegungen bequem ausf\u00fchren k\u00f6nnen, um die Pisten besser zu verstehen und sich sicher zu f\u00fchlen.<\/span><\/p><p><span style=\"background-color: transparent;\">In<\/span><b style=\"background-color: transparent;\"> Les 2 Alpes <\/b><span style=\"background-color: transparent;\">k\u00f6nnen Sie die passende Ausr\u00fcstung ausleihen und dadurch Ihre Leistungsf\u00e4higkeit steigern. Auf Ihr Fertigkeitsniveau und Ihren Fahrstil abgestimmte Skier sowie gut sitzende Skischuhe erm\u00f6glichen einen optimalen Halt und eine bessere Kontrolle.<\/span><\/p><p><b>Leihen Sie sich Skibekleidung aus<\/b><span style=\"font-weight: 400;\">, die Sie gegen schlechtes Wetter im Hochgebirge sch\u00fctzt, wie etwa wasserdichte und isolierte Jacken und Hosen.<\/span><\/p>\t\t\t\t\t\t\t\t<\/div>\n\t\t\t\t<\/div>\n\t\t\t\t\t<\/div>\n\t\t<\/div>\n\t\t\t\t<div class=\"elementor-column elementor-col-50 elementor-top-column elementor-element elementor-element-38dbabe8\" data-id=\"38dbabe8\" data-element_type=\"column\" data-e-type=\"column\">\n\t\t\t<div class=\"elementor-widget-wrap elementor-element-populated\">\n\t\t\t\t\t\t<div class=\"elementor-element elementor-element-32f39f46 elementor-widget elementor-widget-image\" data-id=\"32f39f46\" data-element_type=\"widget\" data-e-type=\"widget\" data-widget_type=\"image.default\">\n\t\t\t\t<div class=\"elementor-widget-container\">\n\t\t\t\t\t\t\t\t\t\t\t\t\t\t\t<img decoding=\"async\" width=\"700\" height=\"400\" src=\"https:\/\/www.alpvisionresidences.com\/blog\/wp-content\/uploads\/2023\/06\/aventure-deux-alpes.jpg\" class=\"attachment-large size-large wp-image-5579\" alt=\"aventure deux alpes\" \/>\t\t\t\t\t\t\t\t\t\t\t\t\t\t\t<\/div>\n\t\t\t\t<\/div>\n\t\t\t\t\t<\/div>\n\t\t<\/div>\n\t\t\t\t\t<\/div>\n\t\t<\/section>\n\t\t\t\t<section class=\"elementor-section elementor-top-section elementor-element elementor-element-6490dbc7 elementor-section-boxed elementor-section-height-default elementor-section-height-default\" data-id=\"6490dbc7\" data-element_type=\"section\" data-e-type=\"section\">\n\t\t\t\t\t\t<div class=\"elementor-container elementor-column-gap-default\">\n\t\t\t\t\t<div class=\"elementor-column elementor-col-100 elementor-top-column elementor-element elementor-element-262cc096\" data-id=\"262cc096\" data-element_type=\"column\" data-e-type=\"column\">\n\t\t\t<div class=\"elementor-widget-wrap elementor-element-populated\">\n\t\t\t\t\t\t<div class=\"elementor-element elementor-element-213b7cff elementor-widget elementor-widget-text-editor\" data-id=\"213b7cff\" data-element_type=\"widget\" data-e-type=\"widget\" data-widget_type=\"text-editor.default\">\n\t\t\t\t<div class=\"elementor-widget-container\">\n\t\t\t\t\t\t\t\t\t<p><span style=\"font-weight: 400;\">Dar\u00fcber hinaus sind Accessoires wie beispielsweise eine Skibrille oder eine Maske zum Schutz der Augen vor Wind, K\u00e4lte und UV-Strahlung unerl\u00e4sslich.<\/span><\/p>\t\t\t\t\t\t\t\t<\/div>\n\t\t\t\t<\/div>\n\t\t\t\t\t<\/div>\n\t\t<\/div>\n\t\t\t\t\t<\/div>\n\t\t<\/section>\n\t\t\t\t<section class=\"elementor-section elementor-top-section elementor-element elementor-element-71067323 elementor-section-boxed elementor-section-height-default elementor-section-height-default\" data-id=\"71067323\" data-element_type=\"section\" data-e-type=\"section\">\n\t\t\t\t\t\t<div class=\"elementor-container elementor-column-gap-default\">\n\t\t\t\t\t<div class=\"elementor-column elementor-col-100 elementor-top-column elementor-element elementor-element-62212b34\" data-id=\"62212b34\" data-element_type=\"column\" data-e-type=\"column\">\n\t\t\t<div class=\"elementor-widget-wrap elementor-element-populated\">\n\t\t\t\t\t\t<div class=\"elementor-element elementor-element-3b2e1c3e elementor-widget elementor-widget-heading\" data-id=\"3b2e1c3e\" data-element_type=\"widget\" data-e-type=\"widget\" data-widget_type=\"heading.default\">\n\t\t\t\t<div class=\"elementor-widget-container\">\n\t\t\t\t\t<h3 class=\"elementor-heading-title elementor-size-default\">Erkunden Sie die Karte der unverzichtbaren Pisten von Les Deux Alpes\n<\/h3>\t\t\t\t<\/div>\n\t\t\t\t<\/div>\n\t\t\t\t<div class=\"elementor-element elementor-element-120e4226 elementor-widget elementor-widget-text-editor\" data-id=\"120e4226\" data-element_type=\"widget\" data-e-type=\"widget\" data-widget_type=\"text-editor.default\">\n\t\t\t\t<div class=\"elementor-widget-container\">\n\t\t\t\t\t\t\t\t\t<p><span style=\"font-weight: 400;\">Erleben Sie eine unvergleichliche Erfahrung und ein gro\u00dfartiges Skivergn\u00fcgen in <\/span><b>den Alpen dank der Karte<\/b><span style=\"font-weight: 400;\">, auf der die wichtigsten Abschnitte f\u00fcr alle Fertigkeitsniveaus eingezeichnet sind.<\/span><\/p><p><span style=\"background-color: transparent;\">Werfen Sie einen Blick auf die <\/span><b style=\"background-color: transparent;\">Karte von Les Deux Alpes<\/b><span style=\"background-color: transparent;\">, um die Pisten optimal zu nutzen und nach Lust und Laune Spa\u00df zu haben. Der <\/span><i style=\"background-color: transparent;\">Snowpark <\/i><span style=\"background-color: transparent;\">von Toura erwartet <\/span><i style=\"background-color: transparent;\">Freestyle<\/i><span style=\"background-color: transparent;\">-Enthusiasten aller Fertigkeitsniveaus in festlicher Atmosph\u00e4re.<\/span><\/p><p><span style=\"background-color: transparent;\">Wenn Sie Lust auf neuartige Ski- und Abenteuergef\u00fchle in wilder Umgebung haben, dann ist das <\/span><i style=\"background-color: transparent;\">Freeriden <\/i><span style=\"background-color: transparent;\">genau das Richtige f\u00fcr Sie. Begeben Sie sich in Richtung des Sektors namens La F\u00e9e und genie\u00dfen Sie die Ruhe und Gelassenheit des Ortes.<\/span><\/p>\t\t\t\t\t\t\t\t<\/div>\n\t\t\t\t<\/div>\n\t\t\t\t\t<\/div>\n\t\t<\/div>\n\t\t\t\t\t<\/div>\n\t\t<\/section>\n\t\t\t\t<section class=\"elementor-section elementor-top-section elementor-element elementor-element-325fa2dd elementor-section-boxed elementor-section-height-default elementor-section-height-default\" data-id=\"325fa2dd\" data-element_type=\"section\" data-e-type=\"section\">\n\t\t\t\t\t\t<div class=\"elementor-container elementor-column-gap-default\">\n\t\t\t\t\t<div class=\"elementor-column elementor-col-50 elementor-top-column elementor-element elementor-element-73bfd055\" data-id=\"73bfd055\" data-element_type=\"column\" data-e-type=\"column\">\n\t\t\t<div class=\"elementor-widget-wrap elementor-element-populated\">\n\t\t\t\t\t\t<div class=\"elementor-element elementor-element-4620751a elementor-widget elementor-widget-image\" data-id=\"4620751a\" data-element_type=\"widget\" data-e-type=\"widget\" data-widget_type=\"image.default\">\n\t\t\t\t<div class=\"elementor-widget-container\">\n\t\t\t\t\t\t\t\t\t\t\t\t\t\t\t<img decoding=\"async\" width=\"700\" height=\"400\" src=\"https:\/\/www.alpvisionresidences.com\/blog\/wp-content\/uploads\/2023\/06\/Pistes-deux-alpes.jpg\" class=\"attachment-large size-large wp-image-5591\" alt=\"Pistes deux alpes\" \/>\t\t\t\t\t\t\t\t\t\t\t\t\t\t\t<\/div>\n\t\t\t\t<\/div>\n\t\t\t\t\t<\/div>\n\t\t<\/div>\n\t\t\t\t<div class=\"elementor-column elementor-col-50 elementor-top-column elementor-element elementor-element-434a9fa4\" data-id=\"434a9fa4\" data-element_type=\"column\" data-e-type=\"column\">\n\t\t\t<div class=\"elementor-widget-wrap elementor-element-populated\">\n\t\t\t\t\t\t<div class=\"elementor-element elementor-element-f26c312 elementor-widget elementor-widget-text-editor\" data-id=\"f26c312\" data-element_type=\"widget\" data-e-type=\"widget\" data-widget_type=\"text-editor.default\">\n\t\t\t\t<div class=\"elementor-widget-container\">\n\t\t\t\t\t\t\t\t\t<p><span style=\"font-weight: 400;\">Ski-Experten, die auf der Suche nach roten und schwarzen Pisten sind, begeben sich am besten in den Sektor Diable, um Nervenkitzel zu erleben und die steilen Abh\u00e4nge hinunterzusausen.<\/span><\/p><p><span style=\"background-color: transparent;\">F\u00fcr Anf\u00e4nger und eine entspannte Abfahrt empfehlen wir die Sektoren Vall\u00e9e Blanche und Les Cr\u00eates. Begeben Sie sich nach der <\/span><b style=\"background-color: transparent;\">Anmietung der Skier<\/b><span style=\"background-color: transparent;\"> in Richtung der zahlreichen Skilifte, die Sie zu gr\u00fcnen und blauen Pisten bringen, und genie\u00dfen Sie dabei sowohl die atemberaubende Aussicht auf das Skigebiet als auch die Ruhe der Gegend.<\/span><\/p><p><span style=\"font-weight: 400;\">Zudem bietet sich Ihnen die M\u00f6glichkeit, Sportarten wie Snowboarden, Eislaufen und <\/span><i><span style=\"font-weight: 400;\">Snowkiten <\/span><\/i><span style=\"font-weight: 400;\">auszu\u00fcben. \u00dcberdies gibt es Skischulen, die Kurse f\u00fcr alle Fertigkeitsniveaus anbieten.<\/span><\/p>\t\t\t\t\t\t\t\t<\/div>\n\t\t\t\t<\/div>\n\t\t\t\t\t<\/div>\n\t\t<\/div>\n\t\t\t\t\t<\/div>\n\t\t<\/section>\n\t\t\t\t<section class=\"elementor-section elementor-top-section elementor-element elementor-element-cfa1f08 elementor-section-boxed elementor-section-height-default elementor-section-height-default\" data-id=\"cfa1f08\" data-element_type=\"section\" data-e-type=\"section\">\n\t\t\t\t\t\t<div class=\"elementor-container elementor-column-gap-default\">\n\t\t\t\t\t<div class=\"elementor-column elementor-col-100 elementor-top-column elementor-element elementor-element-576b4ede\" data-id=\"576b4ede\" data-element_type=\"column\" data-e-type=\"column\">\n\t\t\t<div class=\"elementor-widget-wrap elementor-element-populated\">\n\t\t\t\t\t\t<div class=\"elementor-element elementor-element-67d23c0f elementor-widget elementor-widget-heading\" data-id=\"67d23c0f\" data-element_type=\"widget\" data-e-type=\"widget\" data-widget_type=\"heading.default\">\n\t\t\t\t<div class=\"elementor-widget-container\">\n\t\t\t\t\t<h2 class=\"elementor-heading-title elementor-size-default\">Erleben Sie die besten Ferienunterk\u00fcnfte in Les Deux Alpes\n<\/h2>\t\t\t\t<\/div>\n\t\t\t\t<\/div>\n\t\t\t\t<div class=\"elementor-element elementor-element-1a96d087 elementor-widget elementor-widget-text-editor\" data-id=\"1a96d087\" data-element_type=\"widget\" data-e-type=\"widget\" data-widget_type=\"text-editor.default\">\n\t\t\t\t<div class=\"elementor-widget-container\">\n\t\t\t\t\t\t\t\t\t<p><span style=\"font-weight: 400;\">Das Skigebiet <\/span><b>Deux Alpes bietet eine gro\u00dfe Auswahl an Pisten f\u00fcr jedes Fertigkeitsniveau und jeden Geschmack.<\/b><span style=\"font-weight: 400;\"> \u00dcbernachten Sie im Herzen der Alpenkette und genie\u00dfen Sie die reine Bergluft in einem lebhaften Urlaubsort.<\/span><\/p>\t\t\t\t\t\t\t\t<\/div>\n\t\t\t\t<\/div>\n\t\t\t\t\t<\/div>\n\t\t<\/div>\n\t\t\t\t\t<\/div>\n\t\t<\/section>\n\t\t\t\t<section class=\"elementor-section elementor-top-section elementor-element elementor-element-1424adda elementor-section-boxed elementor-section-height-default elementor-section-height-default\" data-id=\"1424adda\" data-element_type=\"section\" data-e-type=\"section\">\n\t\t\t\t\t\t<div class=\"elementor-container elementor-column-gap-default\">\n\t\t\t\t\t<div class=\"elementor-column elementor-col-33 elementor-top-column elementor-element elementor-element-6ac18e6a\" data-id=\"6ac18e6a\" data-element_type=\"column\" data-e-type=\"column\">\n\t\t\t<div class=\"elementor-widget-wrap elementor-element-populated\">\n\t\t\t\t\t\t<div class=\"elementor-element elementor-element-54cd2bd4 elementor-align-center elementor-widget elementor-widget-button\" data-id=\"54cd2bd4\" data-element_type=\"widget\" data-e-type=\"widget\" data-widget_type=\"button.default\">\n\t\t\t\t<div class=\"elementor-widget-container\">\n\t\t\t\t\t\t\t\t\t<div class=\"elementor-button-wrapper\">\n\t\t\t\t\t<a class=\"elementor-button elementor-button-link elementor-size-lg\" href=\"https:\/\/www.alpvisionresidences.com\/de\/vermietung\/vermietungen-chamrousse-d35233\/\">\n\t\t\t\t\t\t<span class=\"elementor-button-content-wrapper\">\n\t\t\t\t\t\t\t\t\t<span class=\"elementor-button-text\">Unterkunft in Chamrousse<\/span>\n\t\t\t\t\t<\/span>\n\t\t\t\t\t<\/a>\n\t\t\t\t<\/div>\n\t\t\t\t\t\t\t\t<\/div>\n\t\t\t\t<\/div>\n\t\t\t\t\t<\/div>\n\t\t<\/div>\n\t\t\t\t<div class=\"elementor-column elementor-col-33 elementor-top-column elementor-element elementor-element-1fb79338\" data-id=\"1fb79338\" data-element_type=\"column\" data-e-type=\"column\">\n\t\t\t<div class=\"elementor-widget-wrap elementor-element-populated\">\n\t\t\t\t\t\t<div class=\"elementor-element elementor-element-532113c8 elementor-align-center elementor-widget elementor-widget-button\" data-id=\"532113c8\" data-element_type=\"widget\" data-e-type=\"widget\" data-widget_type=\"button.default\">\n\t\t\t\t<div class=\"elementor-widget-container\">\n\t\t\t\t\t\t\t\t\t<div class=\"elementor-button-wrapper\">\n\t\t\t\t\t<a class=\"elementor-button elementor-button-link elementor-size-lg\" href=\"https:\/\/www.alpvisionresidences.com\/de\/vermietung\/ferienwohnungen-chamrousse-c1d35233\/\">\n\t\t\t\t\t\t<span class=\"elementor-button-content-wrapper\">\n\t\t\t\t\t\t\t\t\t<span class=\"elementor-button-text\">Ferienwohnungen in Chamrousse<\/span>\n\t\t\t\t\t<\/span>\n\t\t\t\t\t<\/a>\n\t\t\t\t<\/div>\n\t\t\t\t\t\t\t\t<\/div>\n\t\t\t\t<\/div>\n\t\t\t\t\t<\/div>\n\t\t<\/div>\n\t\t\t\t<div class=\"elementor-column elementor-col-33 elementor-top-column elementor-element elementor-element-5c63a59e\" data-id=\"5c63a59e\" data-element_type=\"column\" data-e-type=\"column\">\n\t\t\t<div class=\"elementor-widget-wrap elementor-element-populated\">\n\t\t\t\t\t\t<div class=\"elementor-element elementor-element-5cb0e37 elementor-align-center elementor-widget elementor-widget-button\" data-id=\"5cb0e37\" data-element_type=\"widget\" data-e-type=\"widget\" data-widget_type=\"button.default\">\n\t\t\t\t<div class=\"elementor-widget-container\">\n\t\t\t\t\t\t\t\t\t<div class=\"elementor-button-wrapper\">\n\t\t\t\t\t<a class=\"elementor-button elementor-button-link elementor-size-lg\" href=\"https:\/\/www.alpvisionresidences.com\/de\/vermietung\/studios-chamrousse-c14d35233\/ansicht-liste\/\">\n\t\t\t\t\t\t<span class=\"elementor-button-content-wrapper\">\n\t\t\t\t\t\t\t\t\t<span class=\"elementor-button-text\">Studio in Chamrousse<\/span>\n\t\t\t\t\t<\/span>\n\t\t\t\t\t<\/a>\n\t\t\t\t<\/div>\n\t\t\t\t\t\t\t\t<\/div>\n\t\t\t\t<\/div>\n\t\t\t\t\t<\/div>\n\t\t<\/div>\n\t\t\t\t\t<\/div>\n\t\t<\/section>\n\t\t\t\t<\/div>\n\t\t","protected":false},"excerpt":{"rendered":"<p>Wo befindet sich Les Deux Alpes? Les Deux Alpes ist ein ber\u00fchmtes, international angesehenes Skigebiet in den franz\u00f6sischen Alpen. Es&#8230;<\/p>\n","protected":false},"author":3,"featured_media":5587,"comment_status":"open","ping_status":"open","sticky":false,"template":"","format":"standard","meta":{"footnotes":""},"categories":[412,478,474],"tags":[],"class_list":["post-5648","post","type-post","status-publish","format-standard","has-post-thumbnail","hentry","category-franzosische-alpen","category-ski-de","category-winter-de"],"yoast_head":"<!-- This site is optimized with the Yoast SEO plugin v27.4 - https:\/\/yoast.com\/product\/yoast-seo-wordpress\/ -->\n<title>Erkunden Sie Les Deux Alpes \u2013 ein ganz besonderes Skigebiet<\/title>\n<meta name=\"description\" content=\"Willkommen im ber\u00fchmten Skigebiet Les Deux Alpes, einem Paradies f\u00fcr Wintersportler. Extremsport, Entspannung und Vergn\u00fcgen!\" \/>\n<meta name=\"robots\" content=\"index, follow, max-snippet:-1, max-image-preview:large, max-video-preview:-1\" \/>\n<link rel=\"canonical\" href=\"https:\/\/www.alpvisionresidences.com\/blog\/de\/erkunden-deux-alpes\/\" \/>\n<meta property=\"og:locale\" content=\"de_DE\" \/>\n<meta property=\"og:type\" content=\"article\" \/>\n<meta property=\"og:title\" content=\"Erkunden Sie Les Deux Alpes \u2013 ein ganz besonderes Skigebiet\" \/>\n<meta property=\"og:description\" content=\"Willkommen im ber\u00fchmten Skigebiet Les Deux Alpes, einem Paradies f\u00fcr Wintersportler. Extremsport, Entspannung und Vergn\u00fcgen!\" \/>\n<meta property=\"og:url\" content=\"https:\/\/www.alpvisionresidences.com\/blog\/de\/erkunden-deux-alpes\/\" \/>\n<meta property=\"og:site_name\" content=\"Get Inspired\" \/>\n<meta property=\"article:publisher\" content=\"https:\/\/www.facebook.com\/AlpvisionResidences\/\" \/>\n<meta property=\"article:published_time\" content=\"2023-06-22T06:18:23+00:00\" \/>\n<meta property=\"article:modified_time\" content=\"2025-02-20T15:14:25+00:00\" \/>\n<meta property=\"og:image\" content=\"https:\/\/www.alpvisionresidences.com\/blog\/wp-content\/uploads\/2023\/06\/deux-alpes-viste-haut.jpg\" \/>\n\t<meta property=\"og:image:width\" content=\"1920\" \/>\n\t<meta property=\"og:image:height\" content=\"750\" \/>\n\t<meta property=\"og:image:type\" content=\"image\/jpeg\" \/>\n<meta name=\"author\" content=\"digitalservices\" \/>\n<meta name=\"twitter:card\" content=\"summary_large_image\" \/>\n<meta name=\"twitter:label1\" content=\"Written by\" \/>\n\t<meta name=\"twitter:data1\" content=\"digitalservices\" \/>\n\t<meta name=\"twitter:label2\" content=\"Est. reading time\" \/>\n\t<meta name=\"twitter:data2\" content=\"5 minutes\" \/>\n<script type=\"application\/ld+json\" class=\"yoast-schema-graph\">{\"@context\":\"https:\\\/\\\/schema.org\",\"@graph\":[{\"@type\":\"Article\",\"@id\":\"https:\\\/\\\/www.alpvisionresidences.com\\\/blog\\\/de\\\/erkunden-deux-alpes\\\/#article\",\"isPartOf\":{\"@id\":\"https:\\\/\\\/www.alpvisionresidences.com\\\/blog\\\/de\\\/erkunden-deux-alpes\\\/\"},\"author\":{\"name\":\"digitalservices\",\"@id\":\"https:\\\/\\\/www.alpvisionresidences.com\\\/blog\\\/de\\\/#\\\/schema\\\/person\\\/6e9d17dd9b9dc7fb1f883ab503416e85\"},\"headline\":\"Les Deux Alpes: Wo befindet sich dieses au\u00dfergew\u00f6hnliche Skigebiet?\",\"datePublished\":\"2023-06-22T06:18:23+00:00\",\"dateModified\":\"2025-02-20T15:14:25+00:00\",\"mainEntityOfPage\":{\"@id\":\"https:\\\/\\\/www.alpvisionresidences.com\\\/blog\\\/de\\\/erkunden-deux-alpes\\\/\"},\"wordCount\":823,\"commentCount\":0,\"publisher\":{\"@id\":\"https:\\\/\\\/www.alpvisionresidences.com\\\/blog\\\/de\\\/#organization\"},\"image\":{\"@id\":\"https:\\\/\\\/www.alpvisionresidences.com\\\/blog\\\/de\\\/erkunden-deux-alpes\\\/#primaryimage\"},\"thumbnailUrl\":\"https:\\\/\\\/www.alpvisionresidences.com\\\/blog\\\/wp-content\\\/uploads\\\/2023\\\/06\\\/deux-alpes-viste-haut.jpg\",\"articleSection\":[\"Franz\u00f6sische Alpen\",\"Ski\",\"Winter\"],\"inLanguage\":\"de\",\"potentialAction\":[{\"@type\":\"CommentAction\",\"name\":\"Comment\",\"target\":[\"https:\\\/\\\/www.alpvisionresidences.com\\\/blog\\\/de\\\/erkunden-deux-alpes\\\/#respond\"]}]},{\"@type\":\"WebPage\",\"@id\":\"https:\\\/\\\/www.alpvisionresidences.com\\\/blog\\\/de\\\/erkunden-deux-alpes\\\/\",\"url\":\"https:\\\/\\\/www.alpvisionresidences.com\\\/blog\\\/de\\\/erkunden-deux-alpes\\\/\",\"name\":\"Erkunden Sie Les Deux Alpes \u2013 ein ganz besonderes Skigebiet\",\"isPartOf\":{\"@id\":\"https:\\\/\\\/www.alpvisionresidences.com\\\/blog\\\/de\\\/#website\"},\"primaryImageOfPage\":{\"@id\":\"https:\\\/\\\/www.alpvisionresidences.com\\\/blog\\\/de\\\/erkunden-deux-alpes\\\/#primaryimage\"},\"image\":{\"@id\":\"https:\\\/\\\/www.alpvisionresidences.com\\\/blog\\\/de\\\/erkunden-deux-alpes\\\/#primaryimage\"},\"thumbnailUrl\":\"https:\\\/\\\/www.alpvisionresidences.com\\\/blog\\\/wp-content\\\/uploads\\\/2023\\\/06\\\/deux-alpes-viste-haut.jpg\",\"datePublished\":\"2023-06-22T06:18:23+00:00\",\"dateModified\":\"2025-02-20T15:14:25+00:00\",\"description\":\"Willkommen im ber\u00fchmten Skigebiet Les Deux Alpes, einem Paradies f\u00fcr Wintersportler. Extremsport, Entspannung und Vergn\u00fcgen!\",\"breadcrumb\":{\"@id\":\"https:\\\/\\\/www.alpvisionresidences.com\\\/blog\\\/de\\\/erkunden-deux-alpes\\\/#breadcrumb\"},\"inLanguage\":\"de\",\"potentialAction\":[{\"@type\":\"ReadAction\",\"target\":[\"https:\\\/\\\/www.alpvisionresidences.com\\\/blog\\\/de\\\/erkunden-deux-alpes\\\/\"]}]},{\"@type\":\"ImageObject\",\"inLanguage\":\"de\",\"@id\":\"https:\\\/\\\/www.alpvisionresidences.com\\\/blog\\\/de\\\/erkunden-deux-alpes\\\/#primaryimage\",\"url\":\"https:\\\/\\\/www.alpvisionresidences.com\\\/blog\\\/wp-content\\\/uploads\\\/2023\\\/06\\\/deux-alpes-viste-haut.jpg\",\"contentUrl\":\"https:\\\/\\\/www.alpvisionresidences.com\\\/blog\\\/wp-content\\\/uploads\\\/2023\\\/06\\\/deux-alpes-viste-haut.jpg\",\"width\":1920,\"height\":750,\"caption\":\"deux alpes viste haut\"},{\"@type\":\"BreadcrumbList\",\"@id\":\"https:\\\/\\\/www.alpvisionresidences.com\\\/blog\\\/de\\\/erkunden-deux-alpes\\\/#breadcrumb\",\"itemListElement\":[{\"@type\":\"ListItem\",\"position\":1,\"name\":\"Home\",\"item\":\"https:\\\/\\\/www.alpvisionresidences.com\\\/blog\\\/de\\\/\"},{\"@type\":\"ListItem\",\"position\":2,\"name\":\"Les Deux Alpes: Wo befindet sich dieses au\u00dfergew\u00f6hnliche Skigebiet?\"}]},{\"@type\":\"WebSite\",\"@id\":\"https:\\\/\\\/www.alpvisionresidences.com\\\/blog\\\/de\\\/#website\",\"url\":\"https:\\\/\\\/www.alpvisionresidences.com\\\/blog\\\/de\\\/\",\"name\":\"alpvisionresidences.com\",\"description\":\"Alpvision r\u00e9sidences\",\"publisher\":{\"@id\":\"https:\\\/\\\/www.alpvisionresidences.com\\\/blog\\\/de\\\/#organization\"},\"potentialAction\":[{\"@type\":\"SearchAction\",\"target\":{\"@type\":\"EntryPoint\",\"urlTemplate\":\"https:\\\/\\\/www.alpvisionresidences.com\\\/blog\\\/de\\\/?s={search_term_string}\"},\"query-input\":{\"@type\":\"PropertyValueSpecification\",\"valueRequired\":true,\"valueName\":\"search_term_string\"}}],\"inLanguage\":\"de\"},{\"@type\":\"Organization\",\"@id\":\"https:\\\/\\\/www.alpvisionresidences.com\\\/blog\\\/de\\\/#organization\",\"name\":\"Alpvision Residences\",\"url\":\"https:\\\/\\\/www.alpvisionresidences.com\\\/blog\\\/de\\\/\",\"logo\":{\"@type\":\"ImageObject\",\"inLanguage\":\"de\",\"@id\":\"https:\\\/\\\/www.alpvisionresidences.com\\\/blog\\\/de\\\/#\\\/schema\\\/logo\\\/image\\\/\",\"url\":\"https:\\\/\\\/www.alpvisionresidences.com\\\/blog\\\/wp-content\\\/uploads\\\/2022\\\/01\\\/alpvision_icone1_bleu_negatif-Redimensionne-pour-profil.png\",\"contentUrl\":\"https:\\\/\\\/www.alpvisionresidences.com\\\/blog\\\/wp-content\\\/uploads\\\/2022\\\/01\\\/alpvision_icone1_bleu_negatif-Redimensionne-pour-profil.png\",\"width\":522,\"height\":478,\"caption\":\"Alpvision Residences\"},\"image\":{\"@id\":\"https:\\\/\\\/www.alpvisionresidences.com\\\/blog\\\/de\\\/#\\\/schema\\\/logo\\\/image\\\/\"},\"sameAs\":[\"https:\\\/\\\/www.facebook.com\\\/AlpvisionResidences\\\/\",\"https:\\\/\\\/www.instagram.com\\\/alpvisionresidences\\\/\"]},{\"@type\":\"Person\",\"@id\":\"https:\\\/\\\/www.alpvisionresidences.com\\\/blog\\\/de\\\/#\\\/schema\\\/person\\\/6e9d17dd9b9dc7fb1f883ab503416e85\",\"name\":\"digitalservices\",\"image\":{\"@type\":\"ImageObject\",\"inLanguage\":\"de\",\"@id\":\"https:\\\/\\\/secure.gravatar.com\\\/avatar\\\/af30f88a1904294c1f3eb09a9d7903eec4ffa18fa2cf40c28a8681014ecdfc20?s=96&d=mm&r=g\",\"url\":\"https:\\\/\\\/secure.gravatar.com\\\/avatar\\\/af30f88a1904294c1f3eb09a9d7903eec4ffa18fa2cf40c28a8681014ecdfc20?s=96&d=mm&r=g\",\"contentUrl\":\"https:\\\/\\\/secure.gravatar.com\\\/avatar\\\/af30f88a1904294c1f3eb09a9d7903eec4ffa18fa2cf40c28a8681014ecdfc20?s=96&d=mm&r=g\",\"caption\":\"digitalservices\"},\"url\":\"https:\\\/\\\/www.alpvisionresidences.com\\\/blog\\\/de\\\/author\\\/digitalservices\\\/\"}]}<\/script>\n<!-- \/ Yoast SEO plugin. -->","yoast_head_json":{"title":"Erkunden Sie Les Deux Alpes \u2013 ein ganz besonderes Skigebiet","description":"Willkommen im ber\u00fchmten Skigebiet Les Deux Alpes, einem Paradies f\u00fcr Wintersportler. Extremsport, Entspannung und Vergn\u00fcgen!","robots":{"index":"index","follow":"follow","max-snippet":"max-snippet:-1","max-image-preview":"max-image-preview:large","max-video-preview":"max-video-preview:-1"},"canonical":"https:\/\/www.alpvisionresidences.com\/blog\/de\/erkunden-deux-alpes\/","og_locale":"de_DE","og_type":"article","og_title":"Erkunden Sie Les Deux Alpes \u2013 ein ganz besonderes Skigebiet","og_description":"Willkommen im ber\u00fchmten Skigebiet Les Deux Alpes, einem Paradies f\u00fcr Wintersportler. Extremsport, Entspannung und Vergn\u00fcgen!","og_url":"https:\/\/www.alpvisionresidences.com\/blog\/de\/erkunden-deux-alpes\/","og_site_name":"Get Inspired","article_publisher":"https:\/\/www.facebook.com\/AlpvisionResidences\/","article_published_time":"2023-06-22T06:18:23+00:00","article_modified_time":"2025-02-20T15:14:25+00:00","og_image":[{"width":1920,"height":750,"url":"https:\/\/www.alpvisionresidences.com\/blog\/wp-content\/uploads\/2023\/06\/deux-alpes-viste-haut.jpg","type":"image\/jpeg"}],"author":"digitalservices","twitter_card":"summary_large_image","twitter_misc":{"Written by":"digitalservices","Est. reading time":"5 minutes"},"schema":{"@context":"https:\/\/schema.org","@graph":[{"@type":"Article","@id":"https:\/\/www.alpvisionresidences.com\/blog\/de\/erkunden-deux-alpes\/#article","isPartOf":{"@id":"https:\/\/www.alpvisionresidences.com\/blog\/de\/erkunden-deux-alpes\/"},"author":{"name":"digitalservices","@id":"https:\/\/www.alpvisionresidences.com\/blog\/de\/#\/schema\/person\/6e9d17dd9b9dc7fb1f883ab503416e85"},"headline":"Les Deux Alpes: Wo befindet sich dieses au\u00dfergew\u00f6hnliche Skigebiet?","datePublished":"2023-06-22T06:18:23+00:00","dateModified":"2025-02-20T15:14:25+00:00","mainEntityOfPage":{"@id":"https:\/\/www.alpvisionresidences.com\/blog\/de\/erkunden-deux-alpes\/"},"wordCount":823,"commentCount":0,"publisher":{"@id":"https:\/\/www.alpvisionresidences.com\/blog\/de\/#organization"},"image":{"@id":"https:\/\/www.alpvisionresidences.com\/blog\/de\/erkunden-deux-alpes\/#primaryimage"},"thumbnailUrl":"https:\/\/www.alpvisionresidences.com\/blog\/wp-content\/uploads\/2023\/06\/deux-alpes-viste-haut.jpg","articleSection":["Franz\u00f6sische Alpen","Ski","Winter"],"inLanguage":"de","potentialAction":[{"@type":"CommentAction","name":"Comment","target":["https:\/\/www.alpvisionresidences.com\/blog\/de\/erkunden-deux-alpes\/#respond"]}]},{"@type":"WebPage","@id":"https:\/\/www.alpvisionresidences.com\/blog\/de\/erkunden-deux-alpes\/","url":"https:\/\/www.alpvisionresidences.com\/blog\/de\/erkunden-deux-alpes\/","name":"Erkunden Sie Les Deux Alpes \u2013 ein ganz besonderes Skigebiet","isPartOf":{"@id":"https:\/\/www.alpvisionresidences.com\/blog\/de\/#website"},"primaryImageOfPage":{"@id":"https:\/\/www.alpvisionresidences.com\/blog\/de\/erkunden-deux-alpes\/#primaryimage"},"image":{"@id":"https:\/\/www.alpvisionresidences.com\/blog\/de\/erkunden-deux-alpes\/#primaryimage"},"thumbnailUrl":"https:\/\/www.alpvisionresidences.com\/blog\/wp-content\/uploads\/2023\/06\/deux-alpes-viste-haut.jpg","datePublished":"2023-06-22T06:18:23+00:00","dateModified":"2025-02-20T15:14:25+00:00","description":"Willkommen im ber\u00fchmten Skigebiet Les Deux Alpes, einem Paradies f\u00fcr Wintersportler. Extremsport, Entspannung und Vergn\u00fcgen!","breadcrumb":{"@id":"https:\/\/www.alpvisionresidences.com\/blog\/de\/erkunden-deux-alpes\/#breadcrumb"},"inLanguage":"de","potentialAction":[{"@type":"ReadAction","target":["https:\/\/www.alpvisionresidences.com\/blog\/de\/erkunden-deux-alpes\/"]}]},{"@type":"ImageObject","inLanguage":"de","@id":"https:\/\/www.alpvisionresidences.com\/blog\/de\/erkunden-deux-alpes\/#primaryimage","url":"https:\/\/www.alpvisionresidences.com\/blog\/wp-content\/uploads\/2023\/06\/deux-alpes-viste-haut.jpg","contentUrl":"https:\/\/www.alpvisionresidences.com\/blog\/wp-content\/uploads\/2023\/06\/deux-alpes-viste-haut.jpg","width":1920,"height":750,"caption":"deux alpes viste haut"},{"@type":"BreadcrumbList","@id":"https:\/\/www.alpvisionresidences.com\/blog\/de\/erkunden-deux-alpes\/#breadcrumb","itemListElement":[{"@type":"ListItem","position":1,"name":"Home","item":"https:\/\/www.alpvisionresidences.com\/blog\/de\/"},{"@type":"ListItem","position":2,"name":"Les Deux Alpes: Wo befindet sich dieses au\u00dfergew\u00f6hnliche Skigebiet?"}]},{"@type":"WebSite","@id":"https:\/\/www.alpvisionresidences.com\/blog\/de\/#website","url":"https:\/\/www.alpvisionresidences.com\/blog\/de\/","name":"alpvisionresidences.com","description":"Alpvision r\u00e9sidences","publisher":{"@id":"https:\/\/www.alpvisionresidences.com\/blog\/de\/#organization"},"potentialAction":[{"@type":"SearchAction","target":{"@type":"EntryPoint","urlTemplate":"https:\/\/www.alpvisionresidences.com\/blog\/de\/?s={search_term_string}"},"query-input":{"@type":"PropertyValueSpecification","valueRequired":true,"valueName":"search_term_string"}}],"inLanguage":"de"},{"@type":"Organization","@id":"https:\/\/www.alpvisionresidences.com\/blog\/de\/#organization","name":"Alpvision Residences","url":"https:\/\/www.alpvisionresidences.com\/blog\/de\/","logo":{"@type":"ImageObject","inLanguage":"de","@id":"https:\/\/www.alpvisionresidences.com\/blog\/de\/#\/schema\/logo\/image\/","url":"https:\/\/www.alpvisionresidences.com\/blog\/wp-content\/uploads\/2022\/01\/alpvision_icone1_bleu_negatif-Redimensionne-pour-profil.png","contentUrl":"https:\/\/www.alpvisionresidences.com\/blog\/wp-content\/uploads\/2022\/01\/alpvision_icone1_bleu_negatif-Redimensionne-pour-profil.png","width":522,"height":478,"caption":"Alpvision Residences"},"image":{"@id":"https:\/\/www.alpvisionresidences.com\/blog\/de\/#\/schema\/logo\/image\/"},"sameAs":["https:\/\/www.facebook.com\/AlpvisionResidences\/","https:\/\/www.instagram.com\/alpvisionresidences\/"]},{"@type":"Person","@id":"https:\/\/www.alpvisionresidences.com\/blog\/de\/#\/schema\/person\/6e9d17dd9b9dc7fb1f883ab503416e85","name":"digitalservices","image":{"@type":"ImageObject","inLanguage":"de","@id":"https:\/\/secure.gravatar.com\/avatar\/af30f88a1904294c1f3eb09a9d7903eec4ffa18fa2cf40c28a8681014ecdfc20?s=96&d=mm&r=g","url":"https:\/\/secure.gravatar.com\/avatar\/af30f88a1904294c1f3eb09a9d7903eec4ffa18fa2cf40c28a8681014ecdfc20?s=96&d=mm&r=g","contentUrl":"https:\/\/secure.gravatar.com\/avatar\/af30f88a1904294c1f3eb09a9d7903eec4ffa18fa2cf40c28a8681014ecdfc20?s=96&d=mm&r=g","caption":"digitalservices"},"url":"https:\/\/www.alpvisionresidences.com\/blog\/de\/author\/digitalservices\/"}]}},"_links":{"self":[{"href":"https:\/\/www.alpvisionresidences.com\/blog\/de\/wp-json\/wp\/v2\/posts\/5648","targetHints":{"allow":["GET"]}}],"collection":[{"href":"https:\/\/www.alpvisionresidences.com\/blog\/de\/wp-json\/wp\/v2\/posts"}],"about":[{"href":"https:\/\/www.alpvisionresidences.com\/blog\/de\/wp-json\/wp\/v2\/types\/post"}],"author":[{"embeddable":true,"href":"https:\/\/www.alpvisionresidences.com\/blog\/de\/wp-json\/wp\/v2\/users\/3"}],"replies":[{"embeddable":true,"href":"https:\/\/www.alpvisionresidences.com\/blog\/de\/wp-json\/wp\/v2\/comments?post=5648"}],"version-history":[{"count":8,"href":"https:\/\/www.alpvisionresidences.com\/blog\/de\/wp-json\/wp\/v2\/posts\/5648\/revisions"}],"predecessor-version":[{"id":5750,"href":"https:\/\/www.alpvisionresidences.com\/blog\/de\/wp-json\/wp\/v2\/posts\/5648\/revisions\/5750"}],"wp:featuredmedia":[{"embeddable":true,"href":"https:\/\/www.alpvisionresidences.com\/blog\/de\/wp-json\/wp\/v2\/media\/5587"}],"wp:attachment":[{"href":"https:\/\/www.alpvisionresidences.com\/blog\/de\/wp-json\/wp\/v2\/media?parent=5648"}],"wp:term":[{"taxonomy":"category","embeddable":true,"href":"https:\/\/www.alpvisionresidences.com\/blog\/de\/wp-json\/wp\/v2\/categories?post=5648"},{"taxonomy":"post_tag","embeddable":true,"href":"https:\/\/www.alpvisionresidences.com\/blog\/de\/wp-json\/wp\/v2\/tags?post=5648"}],"curies":[{"name":"wp","href":"https:\/\/api.w.org\/{rel}","templated":true}]}}