{"id":930,"date":"2021-06-21T13:16:28","date_gmt":"2021-06-21T13:16:28","guid":{"rendered":"https:\/\/www.alpvisionresidences.com\/blog\/?p=930"},"modified":"2021-09-27T12:48:29","modified_gmt":"2021-09-27T12:48:29","slug":"autofreie-schweizer-passe-fur-velofans","status":"publish","type":"post","link":"https:\/\/www.alpvisionresidences.com\/blog\/de\/autofreie-schweizer-passe-fur-velofans\/","title":{"rendered":"Autofreie Schweizer P\u00e4sse f\u00fcr Velofans"},"content":{"rendered":"<h2 style=\"text-align: center;\"><span style=\"color: #0c76aa;\">Aufsatteln !<\/span><\/h2>\n<h2 style=\"text-align: center;\">Tage nur f\u00fcr Radfahrer diesen Sommer 2021<\/h2>\n\n\n<figure class=\"wp-block-image size-large\"><img fetchpriority=\"high\" decoding=\"async\" width=\"772\" height=\"437\" src=\"https:\/\/www.alpvisionresidences.com\/blog\/wp-content\/uploads\/2021\/06\/cycling-1938927_1920.jpg\" alt=\"\" class=\"wp-image-886\" srcset=\"https:\/\/www.alpvisionresidences.com\/blog\/wp-content\/uploads\/2021\/06\/cycling-1938927_1920.jpg 772w, https:\/\/www.alpvisionresidences.com\/blog\/wp-content\/uploads\/2021\/06\/cycling-1938927_1920-768x435.jpg 768w\" sizes=\"(max-width: 772px) 100vw, 772px\" \/><\/figure>\n\n\n\n<p align=\"align\">Die Schweizer P\u00e4sse radeln, ohne von Autos oder Motorr\u00e4dern gest\u00f6rt zu werden? Es ist der Traum aller Radfahrer. Nutzen Sie diesen Sommer eine perfekt ger\u00e4umte Stra\u00dfe, um unter den besten Bedingungen und in absoluter Sicherheit zu fahren. Ein Aufenthalt in der Schweiz mit Emotionen garantiert!<\/p>\n\n\n<h3 style=\"text-align: center;\">Bahn frei f\u00fcr sanfte Mobilit\u00e4t f\u00fcr ein paar Wochenenden<\/h3>\n\n\n<p align=\"align\"> In Zusammenarbeit mit dem hat Mobility Service und Valais \/ Wallis Promotion, Wallis Cyclist Federation und F &amp; E-Cycling ein einheitliches Konzept f\u00fcr diesen Sommer entwickelt und Radfahrer werden gegen mehr konkurrieren k\u00f6nnen wichtiger Wallis geht auf abgesperrten Stra\u00dfen.\n\nBuchen Sie Ihre Unterkunft und machen Sie sich bereit f\u00fcr ein unvergessliches Erlebnis mit Familie oder Freunden!  <\/p>\n\n\n<h4 style=\"text-align: center;\"><a href=\"https:\/\/www.valais.ch\/de\/touren\/velo\/routen\/sanetsch-mythische-alpenpasse\">Sanetsch<\/a> &#8211; Freitag, 25. Juni 2021<\/h4>\n\n\n<figure class=\"wp-block-image size-large\"><img decoding=\"async\" width=\"772\" height=\"437\" src=\"https:\/\/www.alpvisionresidences.com\/blog\/wp-content\/uploads\/2021\/06\/HR-Crans-Montana-05560-1024x682-1.jpg\" alt=\"\" class=\"wp-image-897\" srcset=\"https:\/\/www.alpvisionresidences.com\/blog\/wp-content\/uploads\/2021\/06\/HR-Crans-Montana-05560-1024x682-1.jpg 772w, https:\/\/www.alpvisionresidences.com\/blog\/wp-content\/uploads\/2021\/06\/HR-Crans-Montana-05560-1024x682-1-768x435.jpg 768w\" sizes=\"(max-width: 772px) 100vw, 772px\" \/><\/figure>\n\n\n<h4 style=\"text-align: center;\"><span style=\"color: #9dd0ed;\">Abfahrt<\/span><\/h4>\n\n\n<p align=\"center\"> Conthey <\/p>\n\n\n<h4 style=\"text-align: center;\"><span style=\"color: #9dd0ed;\">Weg<\/span><\/h4>\n\n\n<p align=\"center\"> 27 km von 9:00 bis 15:00 Uhr <\/p>\n\n\n<h4 style=\"text-align: center;\"><span style=\"color: #9dd0ed;\">Ankunft<\/span><\/h4>\n\n\n<p align=\"center\"> Sanetschpass 2252 m \u00fcber dem Meeresspiegel) <\/p>\n\n\n<p style=\"text-align: center;\">F\u00fcr weitere Informationen klicken Sie <a href=\"https:\/\/www.ochsnersport.ch\/de\/shop\/cp\/events\/Ride%20the%20Alps\/ridethealps-nufenen.html\">hier<\/a><\/p>\n<h4 style=\"text-align: center;\"><strong><a href=\"https:\/\/www.valais.ch\/de\/touren\/velo\/routen\/nufenen-mythische-alpenpasse\">Nufenen<\/a> &#8211; Sonntag, 12. September 2021<\/strong><\/h4>\n\n\n<figure class=\"wp-block-image size-large\"><img decoding=\"async\" width=\"772\" height=\"437\" src=\"https:\/\/www.alpvisionresidences.com\/blog\/wp-content\/uploads\/2021\/06\/Andermatt_200613-01400.jpg\" alt=\"\" class=\"wp-image-912\" srcset=\"https:\/\/www.alpvisionresidences.com\/blog\/wp-content\/uploads\/2021\/06\/Andermatt_200613-01400.jpg 772w, https:\/\/www.alpvisionresidences.com\/blog\/wp-content\/uploads\/2021\/06\/Andermatt_200613-01400-768x435.jpg 768w\" sizes=\"(max-width: 772px) 100vw, 772px\" \/><\/figure>\n\n\n<h4 style=\"text-align: center;\"><span style=\"color: #9dd0ed;\">Abfahrt<\/span><\/h4>\n\n\n<p align=\"center\"> Ulrichen (Flugplatz) und Cioss Prato (Tessin) <\/p>\n\n\n<h4 style=\"text-align: center;\"><span style=\"color: #9dd0ed;\">Weg<\/span><\/h4>\n\n\n<p align=\"center\"> 26km von 10:00 bis 15:00 Uhr <\/p>\n\n\n<h4 style=\"text-align: center;\"><span style=\"color: #9dd0ed;\">Ankunft<\/span><\/h4>\n\n\n<p align=\"center\">  Nufenenpass (2479m \u00fcber dem Meeresspiegel) <\/p>\n\n\n<p style=\"text-align: center;\">F\u00fcr weitere Informationen klicken Sie <a href=\"https:\/\/www.ochsnersport.ch\/de\/shop\/cp\/events\/Ride%20the%20Alps\/ridethealps-nufenen.html\">hier<\/a><\/p>\n<h3 style=\"text-align: center;\"><a href=\"https:\/\/www.alpvisionresidences.com\/de\/vermietung\/zu-mieten-vermietungen-p0\/\">Ich reserviere meine Unterkunft<\/a><\/h3>\n\n\n<iframe src=\"https:\/\/www.facebook.com\/plugins\/like.php?href=https%3A%2F%2Fwww.facebook.com%2FAlpvisionResidences&amp;width=450&amp;layout=standard&amp;action=like&amp;size=large&amp;share=true&amp;height=35&amp;appId\" width=\"450\" height=\"35\" style=\"border:none;overflow:hidden\" scrolling=\"no\" frameborder=\"0\" allowfullscreen=\"true\" allow=\"autoplay; clipboard-write; encrypted-media; picture-in-picture; web-share\"><\/iframe>\n\n\n\n<iframe src=\"https:\/\/www.facebook.com\/plugins\/page.php?href=https%3A%2F%2Fwww.facebook.com%2FAlpvisionResidences%2F&#038;tabs&#038;width=340&#038;height=130&#038;small_header=false&#038;adapt_container_width=true&#038;hide_cover=false&#038;show_facepile=true&#038;appId\" width=\"340\" height=\"130\" style=\"border:none;overflow:hidden\" scrolling=\"no\" frameborder=\"0\" allowfullscreen=\"true\" allow=\"autoplay; clipboard-write; encrypted-media; picture-in-picture; web-share\"><\/iframe>\n","protected":false},"excerpt":{"rendered":"<p>Aufsatteln ! Tage nur f\u00fcr Radfahrer diesen Sommer 2021 Die Schweizer P\u00e4sse radeln, ohne von Autos oder Motorr\u00e4dern gest\u00f6rt zu&#8230;<\/p>\n","protected":false},"author":2,"featured_media":0,"comment_status":"open","ping_status":"open","sticky":false,"template":"","format":"standard","meta":{"footnotes":""},"categories":[31,32],"tags":[],"class_list":["post-930","post","type-post","status-publish","format-standard","hentry","category-activities-in-switzerland","category-aktivitaeten-in-der-schweiz"],"yoast_head":"<!-- This site is optimized with the Yoast SEO plugin v27.4 - https:\/\/yoast.com\/product\/yoast-seo-wordpress\/ -->\n<title>Autofreie Schweizer P\u00e4sse f\u00fcr Velofans - Get Inspired<\/title>\n<meta name=\"robots\" content=\"index, follow, max-snippet:-1, max-image-preview:large, max-video-preview:-1\" \/>\n<link rel=\"canonical\" href=\"https:\/\/www.alpvisionresidences.com\/blog\/de\/autofreie-schweizer-passe-fur-velofans\/\" \/>\n<meta property=\"og:locale\" content=\"de_DE\" \/>\n<meta property=\"og:type\" content=\"article\" \/>\n<meta property=\"og:title\" content=\"Autofreie Schweizer P\u00e4sse f\u00fcr Velofans - Get Inspired\" \/>\n<meta property=\"og:description\" content=\"Aufsatteln ! Tage nur f\u00fcr Radfahrer diesen Sommer 2021 Die Schweizer P\u00e4sse radeln, ohne von Autos oder Motorr\u00e4dern gest\u00f6rt zu...\" \/>\n<meta property=\"og:url\" content=\"https:\/\/www.alpvisionresidences.com\/blog\/de\/autofreie-schweizer-passe-fur-velofans\/\" \/>\n<meta property=\"og:site_name\" content=\"Get Inspired\" \/>\n<meta property=\"article:publisher\" content=\"https:\/\/www.facebook.com\/AlpvisionResidences\/\" \/>\n<meta property=\"article:published_time\" content=\"2021-06-21T13:16:28+00:00\" \/>\n<meta property=\"article:modified_time\" content=\"2021-09-27T12:48:29+00:00\" \/>\n<meta property=\"og:image\" content=\"https:\/\/www.alpvisionresidences.com\/blog\/wp-content\/uploads\/2021\/06\/cycling-1938927_1920.jpg\" \/>\n<meta name=\"author\" content=\"alpvision\" \/>\n<meta name=\"twitter:card\" content=\"summary_large_image\" \/>\n<meta name=\"twitter:label1\" content=\"Written by\" \/>\n\t<meta name=\"twitter:data1\" content=\"alpvision\" \/>\n\t<meta name=\"twitter:label2\" content=\"Est. reading time\" \/>\n\t<meta name=\"twitter:data2\" content=\"1 minute\" \/>\n<script type=\"application\/ld+json\" class=\"yoast-schema-graph\">{\"@context\":\"https:\\\/\\\/schema.org\",\"@graph\":[{\"@type\":\"Article\",\"@id\":\"https:\\\/\\\/www.alpvisionresidences.com\\\/blog\\\/de\\\/autofreie-schweizer-passe-fur-velofans\\\/#article\",\"isPartOf\":{\"@id\":\"https:\\\/\\\/www.alpvisionresidences.com\\\/blog\\\/de\\\/autofreie-schweizer-passe-fur-velofans\\\/\"},\"author\":{\"name\":\"alpvision\",\"@id\":\"https:\\\/\\\/www.alpvisionresidences.com\\\/blog\\\/de\\\/#\\\/schema\\\/person\\\/51ca1eab7ba27fa67ef90f1171928537\"},\"headline\":\"Autofreie Schweizer P\u00e4sse f\u00fcr Velofans\",\"datePublished\":\"2021-06-21T13:16:28+00:00\",\"dateModified\":\"2021-09-27T12:48:29+00:00\",\"mainEntityOfPage\":{\"@id\":\"https:\\\/\\\/www.alpvisionresidences.com\\\/blog\\\/de\\\/autofreie-schweizer-passe-fur-velofans\\\/\"},\"wordCount\":193,\"commentCount\":0,\"publisher\":{\"@id\":\"https:\\\/\\\/www.alpvisionresidences.com\\\/blog\\\/de\\\/#organization\"},\"image\":{\"@id\":\"https:\\\/\\\/www.alpvisionresidences.com\\\/blog\\\/de\\\/autofreie-schweizer-passe-fur-velofans\\\/#primaryimage\"},\"thumbnailUrl\":\"https:\\\/\\\/www.alpvisionresidences.com\\\/blog\\\/wp-content\\\/uploads\\\/2021\\\/06\\\/cycling-1938927_1920.jpg\",\"articleSection\":[\"Activities in Switzerland\",\"Aktivit\u00e4ten in der Schweiz\"],\"inLanguage\":\"de\",\"potentialAction\":[{\"@type\":\"CommentAction\",\"name\":\"Comment\",\"target\":[\"https:\\\/\\\/www.alpvisionresidences.com\\\/blog\\\/de\\\/autofreie-schweizer-passe-fur-velofans\\\/#respond\"]}]},{\"@type\":\"WebPage\",\"@id\":\"https:\\\/\\\/www.alpvisionresidences.com\\\/blog\\\/de\\\/autofreie-schweizer-passe-fur-velofans\\\/\",\"url\":\"https:\\\/\\\/www.alpvisionresidences.com\\\/blog\\\/de\\\/autofreie-schweizer-passe-fur-velofans\\\/\",\"name\":\"Autofreie Schweizer P\u00e4sse f\u00fcr Velofans - Get Inspired\",\"isPartOf\":{\"@id\":\"https:\\\/\\\/www.alpvisionresidences.com\\\/blog\\\/de\\\/#website\"},\"primaryImageOfPage\":{\"@id\":\"https:\\\/\\\/www.alpvisionresidences.com\\\/blog\\\/de\\\/autofreie-schweizer-passe-fur-velofans\\\/#primaryimage\"},\"image\":{\"@id\":\"https:\\\/\\\/www.alpvisionresidences.com\\\/blog\\\/de\\\/autofreie-schweizer-passe-fur-velofans\\\/#primaryimage\"},\"thumbnailUrl\":\"https:\\\/\\\/www.alpvisionresidences.com\\\/blog\\\/wp-content\\\/uploads\\\/2021\\\/06\\\/cycling-1938927_1920.jpg\",\"datePublished\":\"2021-06-21T13:16:28+00:00\",\"dateModified\":\"2021-09-27T12:48:29+00:00\",\"breadcrumb\":{\"@id\":\"https:\\\/\\\/www.alpvisionresidences.com\\\/blog\\\/de\\\/autofreie-schweizer-passe-fur-velofans\\\/#breadcrumb\"},\"inLanguage\":\"de\",\"potentialAction\":[{\"@type\":\"ReadAction\",\"target\":[\"https:\\\/\\\/www.alpvisionresidences.com\\\/blog\\\/de\\\/autofreie-schweizer-passe-fur-velofans\\\/\"]}]},{\"@type\":\"ImageObject\",\"inLanguage\":\"de\",\"@id\":\"https:\\\/\\\/www.alpvisionresidences.com\\\/blog\\\/de\\\/autofreie-schweizer-passe-fur-velofans\\\/#primaryimage\",\"url\":\"https:\\\/\\\/www.alpvisionresidences.com\\\/blog\\\/wp-content\\\/uploads\\\/2021\\\/06\\\/cycling-1938927_1920.jpg\",\"contentUrl\":\"https:\\\/\\\/www.alpvisionresidences.com\\\/blog\\\/wp-content\\\/uploads\\\/2021\\\/06\\\/cycling-1938927_1920.jpg\"},{\"@type\":\"BreadcrumbList\",\"@id\":\"https:\\\/\\\/www.alpvisionresidences.com\\\/blog\\\/de\\\/autofreie-schweizer-passe-fur-velofans\\\/#breadcrumb\",\"itemListElement\":[{\"@type\":\"ListItem\",\"position\":1,\"name\":\"Home\",\"item\":\"https:\\\/\\\/www.alpvisionresidences.com\\\/blog\\\/de\\\/\"},{\"@type\":\"ListItem\",\"position\":2,\"name\":\"Autofreie Schweizer P\u00e4sse f\u00fcr Velofans\"}]},{\"@type\":\"WebSite\",\"@id\":\"https:\\\/\\\/www.alpvisionresidences.com\\\/blog\\\/de\\\/#website\",\"url\":\"https:\\\/\\\/www.alpvisionresidences.com\\\/blog\\\/de\\\/\",\"name\":\"alpvisionresidences.com\",\"description\":\"Alpvision r\u00e9sidences\",\"publisher\":{\"@id\":\"https:\\\/\\\/www.alpvisionresidences.com\\\/blog\\\/de\\\/#organization\"},\"potentialAction\":[{\"@type\":\"SearchAction\",\"target\":{\"@type\":\"EntryPoint\",\"urlTemplate\":\"https:\\\/\\\/www.alpvisionresidences.com\\\/blog\\\/de\\\/?s={search_term_string}\"},\"query-input\":{\"@type\":\"PropertyValueSpecification\",\"valueRequired\":true,\"valueName\":\"search_term_string\"}}],\"inLanguage\":\"de\"},{\"@type\":\"Organization\",\"@id\":\"https:\\\/\\\/www.alpvisionresidences.com\\\/blog\\\/de\\\/#organization\",\"name\":\"Alpvision Residences\",\"url\":\"https:\\\/\\\/www.alpvisionresidences.com\\\/blog\\\/de\\\/\",\"logo\":{\"@type\":\"ImageObject\",\"inLanguage\":\"de\",\"@id\":\"https:\\\/\\\/www.alpvisionresidences.com\\\/blog\\\/de\\\/#\\\/schema\\\/logo\\\/image\\\/\",\"url\":\"https:\\\/\\\/www.alpvisionresidences.com\\\/blog\\\/wp-content\\\/uploads\\\/2022\\\/01\\\/alpvision_icone1_bleu_negatif-Redimensionne-pour-profil.png\",\"contentUrl\":\"https:\\\/\\\/www.alpvisionresidences.com\\\/blog\\\/wp-content\\\/uploads\\\/2022\\\/01\\\/alpvision_icone1_bleu_negatif-Redimensionne-pour-profil.png\",\"width\":522,\"height\":478,\"caption\":\"Alpvision Residences\"},\"image\":{\"@id\":\"https:\\\/\\\/www.alpvisionresidences.com\\\/blog\\\/de\\\/#\\\/schema\\\/logo\\\/image\\\/\"},\"sameAs\":[\"https:\\\/\\\/www.facebook.com\\\/AlpvisionResidences\\\/\",\"https:\\\/\\\/www.instagram.com\\\/alpvisionresidences\\\/\"]},{\"@type\":\"Person\",\"@id\":\"https:\\\/\\\/www.alpvisionresidences.com\\\/blog\\\/de\\\/#\\\/schema\\\/person\\\/51ca1eab7ba27fa67ef90f1171928537\",\"name\":\"alpvision\",\"image\":{\"@type\":\"ImageObject\",\"inLanguage\":\"de\",\"@id\":\"https:\\\/\\\/secure.gravatar.com\\\/avatar\\\/12aed967b3ee801371482470bdc1042c671499c3614a04f8a6980d7e3bbc65d0?s=96&d=mm&r=g\",\"url\":\"https:\\\/\\\/secure.gravatar.com\\\/avatar\\\/12aed967b3ee801371482470bdc1042c671499c3614a04f8a6980d7e3bbc65d0?s=96&d=mm&r=g\",\"contentUrl\":\"https:\\\/\\\/secure.gravatar.com\\\/avatar\\\/12aed967b3ee801371482470bdc1042c671499c3614a04f8a6980d7e3bbc65d0?s=96&d=mm&r=g\",\"caption\":\"alpvision\"},\"url\":\"https:\\\/\\\/www.alpvisionresidences.com\\\/blog\\\/de\\\/author\\\/alpvision\\\/\"}]}<\/script>\n<!-- \/ Yoast SEO plugin. -->","yoast_head_json":{"title":"Autofreie Schweizer P\u00e4sse f\u00fcr Velofans - Get Inspired","robots":{"index":"index","follow":"follow","max-snippet":"max-snippet:-1","max-image-preview":"max-image-preview:large","max-video-preview":"max-video-preview:-1"},"canonical":"https:\/\/www.alpvisionresidences.com\/blog\/de\/autofreie-schweizer-passe-fur-velofans\/","og_locale":"de_DE","og_type":"article","og_title":"Autofreie Schweizer P\u00e4sse f\u00fcr Velofans - Get Inspired","og_description":"Aufsatteln ! Tage nur f\u00fcr Radfahrer diesen Sommer 2021 Die Schweizer P\u00e4sse radeln, ohne von Autos oder Motorr\u00e4dern gest\u00f6rt zu...","og_url":"https:\/\/www.alpvisionresidences.com\/blog\/de\/autofreie-schweizer-passe-fur-velofans\/","og_site_name":"Get Inspired","article_publisher":"https:\/\/www.facebook.com\/AlpvisionResidences\/","article_published_time":"2021-06-21T13:16:28+00:00","article_modified_time":"2021-09-27T12:48:29+00:00","og_image":[{"url":"https:\/\/www.alpvisionresidences.com\/blog\/wp-content\/uploads\/2021\/06\/cycling-1938927_1920.jpg","type":"","width":"","height":""}],"author":"alpvision","twitter_card":"summary_large_image","twitter_misc":{"Written by":"alpvision","Est. reading time":"1 minute"},"schema":{"@context":"https:\/\/schema.org","@graph":[{"@type":"Article","@id":"https:\/\/www.alpvisionresidences.com\/blog\/de\/autofreie-schweizer-passe-fur-velofans\/#article","isPartOf":{"@id":"https:\/\/www.alpvisionresidences.com\/blog\/de\/autofreie-schweizer-passe-fur-velofans\/"},"author":{"name":"alpvision","@id":"https:\/\/www.alpvisionresidences.com\/blog\/de\/#\/schema\/person\/51ca1eab7ba27fa67ef90f1171928537"},"headline":"Autofreie Schweizer P\u00e4sse f\u00fcr Velofans","datePublished":"2021-06-21T13:16:28+00:00","dateModified":"2021-09-27T12:48:29+00:00","mainEntityOfPage":{"@id":"https:\/\/www.alpvisionresidences.com\/blog\/de\/autofreie-schweizer-passe-fur-velofans\/"},"wordCount":193,"commentCount":0,"publisher":{"@id":"https:\/\/www.alpvisionresidences.com\/blog\/de\/#organization"},"image":{"@id":"https:\/\/www.alpvisionresidences.com\/blog\/de\/autofreie-schweizer-passe-fur-velofans\/#primaryimage"},"thumbnailUrl":"https:\/\/www.alpvisionresidences.com\/blog\/wp-content\/uploads\/2021\/06\/cycling-1938927_1920.jpg","articleSection":["Activities in Switzerland","Aktivit\u00e4ten in der Schweiz"],"inLanguage":"de","potentialAction":[{"@type":"CommentAction","name":"Comment","target":["https:\/\/www.alpvisionresidences.com\/blog\/de\/autofreie-schweizer-passe-fur-velofans\/#respond"]}]},{"@type":"WebPage","@id":"https:\/\/www.alpvisionresidences.com\/blog\/de\/autofreie-schweizer-passe-fur-velofans\/","url":"https:\/\/www.alpvisionresidences.com\/blog\/de\/autofreie-schweizer-passe-fur-velofans\/","name":"Autofreie Schweizer P\u00e4sse f\u00fcr Velofans - Get Inspired","isPartOf":{"@id":"https:\/\/www.alpvisionresidences.com\/blog\/de\/#website"},"primaryImageOfPage":{"@id":"https:\/\/www.alpvisionresidences.com\/blog\/de\/autofreie-schweizer-passe-fur-velofans\/#primaryimage"},"image":{"@id":"https:\/\/www.alpvisionresidences.com\/blog\/de\/autofreie-schweizer-passe-fur-velofans\/#primaryimage"},"thumbnailUrl":"https:\/\/www.alpvisionresidences.com\/blog\/wp-content\/uploads\/2021\/06\/cycling-1938927_1920.jpg","datePublished":"2021-06-21T13:16:28+00:00","dateModified":"2021-09-27T12:48:29+00:00","breadcrumb":{"@id":"https:\/\/www.alpvisionresidences.com\/blog\/de\/autofreie-schweizer-passe-fur-velofans\/#breadcrumb"},"inLanguage":"de","potentialAction":[{"@type":"ReadAction","target":["https:\/\/www.alpvisionresidences.com\/blog\/de\/autofreie-schweizer-passe-fur-velofans\/"]}]},{"@type":"ImageObject","inLanguage":"de","@id":"https:\/\/www.alpvisionresidences.com\/blog\/de\/autofreie-schweizer-passe-fur-velofans\/#primaryimage","url":"https:\/\/www.alpvisionresidences.com\/blog\/wp-content\/uploads\/2021\/06\/cycling-1938927_1920.jpg","contentUrl":"https:\/\/www.alpvisionresidences.com\/blog\/wp-content\/uploads\/2021\/06\/cycling-1938927_1920.jpg"},{"@type":"BreadcrumbList","@id":"https:\/\/www.alpvisionresidences.com\/blog\/de\/autofreie-schweizer-passe-fur-velofans\/#breadcrumb","itemListElement":[{"@type":"ListItem","position":1,"name":"Home","item":"https:\/\/www.alpvisionresidences.com\/blog\/de\/"},{"@type":"ListItem","position":2,"name":"Autofreie Schweizer P\u00e4sse f\u00fcr Velofans"}]},{"@type":"WebSite","@id":"https:\/\/www.alpvisionresidences.com\/blog\/de\/#website","url":"https:\/\/www.alpvisionresidences.com\/blog\/de\/","name":"alpvisionresidences.com","description":"Alpvision r\u00e9sidences","publisher":{"@id":"https:\/\/www.alpvisionresidences.com\/blog\/de\/#organization"},"potentialAction":[{"@type":"SearchAction","target":{"@type":"EntryPoint","urlTemplate":"https:\/\/www.alpvisionresidences.com\/blog\/de\/?s={search_term_string}"},"query-input":{"@type":"PropertyValueSpecification","valueRequired":true,"valueName":"search_term_string"}}],"inLanguage":"de"},{"@type":"Organization","@id":"https:\/\/www.alpvisionresidences.com\/blog\/de\/#organization","name":"Alpvision Residences","url":"https:\/\/www.alpvisionresidences.com\/blog\/de\/","logo":{"@type":"ImageObject","inLanguage":"de","@id":"https:\/\/www.alpvisionresidences.com\/blog\/de\/#\/schema\/logo\/image\/","url":"https:\/\/www.alpvisionresidences.com\/blog\/wp-content\/uploads\/2022\/01\/alpvision_icone1_bleu_negatif-Redimensionne-pour-profil.png","contentUrl":"https:\/\/www.alpvisionresidences.com\/blog\/wp-content\/uploads\/2022\/01\/alpvision_icone1_bleu_negatif-Redimensionne-pour-profil.png","width":522,"height":478,"caption":"Alpvision Residences"},"image":{"@id":"https:\/\/www.alpvisionresidences.com\/blog\/de\/#\/schema\/logo\/image\/"},"sameAs":["https:\/\/www.facebook.com\/AlpvisionResidences\/","https:\/\/www.instagram.com\/alpvisionresidences\/"]},{"@type":"Person","@id":"https:\/\/www.alpvisionresidences.com\/blog\/de\/#\/schema\/person\/51ca1eab7ba27fa67ef90f1171928537","name":"alpvision","image":{"@type":"ImageObject","inLanguage":"de","@id":"https:\/\/secure.gravatar.com\/avatar\/12aed967b3ee801371482470bdc1042c671499c3614a04f8a6980d7e3bbc65d0?s=96&d=mm&r=g","url":"https:\/\/secure.gravatar.com\/avatar\/12aed967b3ee801371482470bdc1042c671499c3614a04f8a6980d7e3bbc65d0?s=96&d=mm&r=g","contentUrl":"https:\/\/secure.gravatar.com\/avatar\/12aed967b3ee801371482470bdc1042c671499c3614a04f8a6980d7e3bbc65d0?s=96&d=mm&r=g","caption":"alpvision"},"url":"https:\/\/www.alpvisionresidences.com\/blog\/de\/author\/alpvision\/"}]}},"_links":{"self":[{"href":"https:\/\/www.alpvisionresidences.com\/blog\/de\/wp-json\/wp\/v2\/posts\/930","targetHints":{"allow":["GET"]}}],"collection":[{"href":"https:\/\/www.alpvisionresidences.com\/blog\/de\/wp-json\/wp\/v2\/posts"}],"about":[{"href":"https:\/\/www.alpvisionresidences.com\/blog\/de\/wp-json\/wp\/v2\/types\/post"}],"author":[{"embeddable":true,"href":"https:\/\/www.alpvisionresidences.com\/blog\/de\/wp-json\/wp\/v2\/users\/2"}],"replies":[{"embeddable":true,"href":"https:\/\/www.alpvisionresidences.com\/blog\/de\/wp-json\/wp\/v2\/comments?post=930"}],"version-history":[{"count":3,"href":"https:\/\/www.alpvisionresidences.com\/blog\/de\/wp-json\/wp\/v2\/posts\/930\/revisions"}],"predecessor-version":[{"id":1167,"href":"https:\/\/www.alpvisionresidences.com\/blog\/de\/wp-json\/wp\/v2\/posts\/930\/revisions\/1167"}],"wp:attachment":[{"href":"https:\/\/www.alpvisionresidences.com\/blog\/de\/wp-json\/wp\/v2\/media?parent=930"}],"wp:term":[{"taxonomy":"category","embeddable":true,"href":"https:\/\/www.alpvisionresidences.com\/blog\/de\/wp-json\/wp\/v2\/categories?post=930"},{"taxonomy":"post_tag","embeddable":true,"href":"https:\/\/www.alpvisionresidences.com\/blog\/de\/wp-json\/wp\/v2\/tags?post=930"}],"curies":[{"name":"wp","href":"https:\/\/api.w.org\/{rel}","templated":true}]}}