{"id":12958,"date":"2021-07-26T12:47:58","date_gmt":"2021-07-26T12:47:58","guid":{"rendered":"https:\/\/www.alpvisionresidences.com\/blog\/2-niet-te-missen-evenementen-in-chamrousse-en-valfrejus\/"},"modified":"2025-07-16T13:35:45","modified_gmt":"2025-07-16T13:35:45","slug":"2-niet-te-missen-evenementen-in-chamrousse-en-valfrejus","status":"publish","type":"post","link":"https:\/\/www.alpvisionresidences.com\/blog\/du\/2-niet-te-missen-evenementen-in-chamrousse-en-valfrejus\/","title":{"rendered":"2 niet te missen evenementen in Chamrousse en Valfr\u00e9jus"},"content":{"rendered":"<h1 style=\"text-align: center;\"><span style=\"color: #0c76aa;\">Bericht aan atleten!<\/span><\/h1>\n<h3 style=\"text-align: center;\"><span style=\"color: #000000;\">A cheval en Montagne, tous en selle \u00e0 Valfr\u00e9jus<\/span><\/h3>\n\n\n<figure class=\"wp-block-image size-large\"><img fetchpriority=\"high\" decoding=\"async\" width=\"772\" height=\"437\" src=\"https:\/\/www.alpvisionresidences.com\/blog\/wp-content\/uploads\/2021\/07\/selle-en-montagne-1.png\" alt=\"\" class=\"wp-image-950\" srcset=\"https:\/\/www.alpvisionresidences.com\/blog\/wp-content\/uploads\/2021\/07\/selle-en-montagne-1.png 772w, https:\/\/www.alpvisionresidences.com\/blog\/wp-content\/uploads\/2021\/07\/selle-en-montagne-1-768x435.png 768w\" sizes=\"(max-width: 772px) 100vw, 772px\" \/><\/figure>\n\n\n\n<p align=\"justify\">In de bergen is het niet alleen ski\u00ebn, mountainbiken of zelfs wandelen. Paardrijden heeft zijn plaats en deze discipline is een kans om met vrienden of familie een speciaal moment te delen in verband met de mens-paard relatie.<\/p>\n\n\n\n<p align=\"justify\">Boek uw accommodatie in Chamrousse om te kunnen genieten van een onvergetelijke vakantie. <\/p>\n\n\n\n<p>Pour plus d&#8217;informations, c&#8217;est par <a href=\"https:\/\/www.haute-maurienne-vanoise.com\/zomertijd\/voorstellen\/a-cheval-en-montagne-tous-en-selle-a-valfrejus-valfrejus-nl-zomertijd-2791376\/\" target=\"_blank\" rel=\"noreferrer noopener\">ici<\/a> !<br><br><a href=\"https:\/\/www.alpvisionresidences.com\/de\/vermietung\/vermietungen-frankreich-p5\/\">Je r\u00e9serve mon logement !<\/a> Avec le code promo DoubleSmile, b\u00e9n\u00e9ficier de 50% sur votre 2\u00e8me semaine jusqu&#8217;au 27 ao\u00fbt !<br><\/p>\n\n\n<h2 style=\"text-align: center;\"><span style=\"color: #0c76aa;\">IN HET ZADEL !<\/span><\/h2>\n<h3 style=\"text-align: center;\">Frans zomerkampioenschap langlaufen in Chamrousse<\/h3>\n\n\n<figure class=\"wp-block-image size-large\"><img decoding=\"async\" width=\"772\" height=\"437\" src=\"https:\/\/www.alpvisionresidences.com\/blog\/wp-content\/uploads\/2021\/07\/Capture-decran-2021-07-26-142732.png\" alt=\"\" class=\"wp-image-955\" srcset=\"https:\/\/www.alpvisionresidences.com\/blog\/wp-content\/uploads\/2021\/07\/Capture-decran-2021-07-26-142732.png 772w, https:\/\/www.alpvisionresidences.com\/blog\/wp-content\/uploads\/2021\/07\/Capture-decran-2021-07-26-142732-768x435.png 768w\" sizes=\"(max-width: 772px) 100vw, 772px\" \/><\/figure>\n\n\n\n<p align=\"justify\">Liefhebbers van langlaufen? Het is ook mogelijk om het in de zomer te maken! Bedreven in deze discipline of gewoon nieuwsgierig, op zaterdag 21 en zondag 22 augustus 2021 verwelkomen de Nordic Ski Belledonne Chamrousse en het Dauphin\u00e9 Snow Sports Committee u graag voor de Franse wielskikampioenschappen 2021. Profiteer ervan, boek uw accommodatie in Valfr\u00e9jus! <\/p>\n\n\n\n<p>Als je ge\u00efnteresseerd bent, aarzel dan niet om alle nodige informatie en het programma te raadplegen <a href=\"https:\/\/f2.quomodo.com\/23A218F5\/uploads\/1204\/Plaquette%20information%20France%20skis%20roues%20v1.pdf\">hier<\/a>.<br><br><a href=\"https:\/\/www.alpvisionresidences.com\/du\/huren\/locaties-frankrijk-p5\/\">Ik reserveer mijn accommodatie!<\/a> Profiteer met de DoubleSmile-promotiecode van 50% in uw 2e week tot 27 augustus!<br><br><\/p>\n\n\n\n<iframe src=\"https:\/\/www.facebook.com\/plugins\/like.php?href=https%3A%2F%2Fwww.facebook.com%2FAlpvisionResidences&amp;width=450&amp;layout=standard&amp;action=like&amp;size=large&amp;share=true&amp;height=35&amp;appId\" width=\"450\" height=\"35\" style=\"border:none;overflow:hidden\" scrolling=\"no\" frameborder=\"0\" allowfullscreen=\"true\" allow=\"autoplay; clipboard-write; encrypted-media; picture-in-picture; web-share\"><\/iframe>\n\n\n\n<iframe src=\"https:\/\/www.facebook.com\/plugins\/page.php?href=https%3A%2F%2Fwww.facebook.com%2FAlpvisionResidences%2F&#038;tabs&#038;width=340&#038;height=130&#038;small_header=false&#038;adapt_container_width=true&#038;hide_cover=false&#038;show_facepile=true&#038;appId\" width=\"340\" height=\"130\" style=\"border:none;overflow:hidden\" scrolling=\"no\" frameborder=\"0\" allowfullscreen=\"true\" allow=\"autoplay; clipboard-write; encrypted-media; picture-in-picture; web-share\"><\/iframe>\n\n\n\n<p><\/p>\n","protected":false},"excerpt":{"rendered":"<p>Bericht aan atleten! A cheval en Montagne, tous en selle \u00e0 Valfr\u00e9jus In de bergen is het niet alleen ski\u00ebn,&#8230;<\/p>\n","protected":false},"author":2,"featured_media":950,"comment_status":"open","ping_status":"open","sticky":false,"template":"","format":"standard","meta":{"footnotes":""},"categories":[],"tags":[],"class_list":["post-12958","post","type-post","status-publish","format-standard","has-post-thumbnail","hentry"],"yoast_head":"<!-- This site is optimized with the Yoast SEO plugin v27.4 - https:\/\/yoast.com\/product\/yoast-seo-wordpress\/ -->\n<title>2 niet te missen evenementen in Chamrousse en Valfr\u00e9jus - Get Inspired<\/title>\n<meta name=\"robots\" content=\"index, follow, max-snippet:-1, max-image-preview:large, max-video-preview:-1\" \/>\n<link rel=\"canonical\" href=\"https:\/\/www.alpvisionresidences.com\/blog\/du\/2-niet-te-missen-evenementen-in-chamrousse-en-valfrejus\/\" \/>\n<meta property=\"og:locale\" content=\"en_US\" \/>\n<meta property=\"og:type\" content=\"article\" \/>\n<meta property=\"og:title\" content=\"2 niet te missen evenementen in Chamrousse en Valfr\u00e9jus - Get Inspired\" \/>\n<meta property=\"og:description\" content=\"Bericht aan atleten! A cheval en Montagne, tous en selle \u00e0 Valfr\u00e9jus In de bergen is het niet alleen ski\u00ebn,...\" \/>\n<meta property=\"og:url\" content=\"https:\/\/www.alpvisionresidences.com\/blog\/du\/2-niet-te-missen-evenementen-in-chamrousse-en-valfrejus\/\" \/>\n<meta property=\"og:site_name\" content=\"Get Inspired\" \/>\n<meta property=\"article:publisher\" content=\"https:\/\/www.facebook.com\/AlpvisionResidences\/\" \/>\n<meta property=\"article:published_time\" content=\"2021-07-26T12:47:58+00:00\" \/>\n<meta property=\"article:modified_time\" content=\"2025-07-16T13:35:45+00:00\" \/>\n<meta property=\"og:image\" content=\"https:\/\/www.alpvisionresidences.com\/blog\/wp-content\/uploads\/2021\/07\/selle-en-montagne-1.png\" \/>\n\t<meta property=\"og:image:width\" content=\"772\" \/>\n\t<meta property=\"og:image:height\" content=\"437\" \/>\n\t<meta property=\"og:image:type\" content=\"image\/png\" \/>\n<meta name=\"author\" content=\"alpvision\" \/>\n<meta name=\"twitter:card\" content=\"summary_large_image\" \/>\n<meta name=\"twitter:label1\" content=\"Written by\" \/>\n\t<meta name=\"twitter:data1\" content=\"alpvision\" \/>\n\t<meta name=\"twitter:label2\" content=\"Est. reading time\" \/>\n\t<meta name=\"twitter:data2\" content=\"2 minutes\" \/>\n<script type=\"application\/ld+json\" class=\"yoast-schema-graph\">{\"@context\":\"https:\\\/\\\/schema.org\",\"@graph\":[{\"@type\":\"Article\",\"@id\":\"https:\\\/\\\/www.alpvisionresidences.com\\\/blog\\\/du\\\/2-niet-te-missen-evenementen-in-chamrousse-en-valfrejus\\\/#article\",\"isPartOf\":{\"@id\":\"https:\\\/\\\/www.alpvisionresidences.com\\\/blog\\\/du\\\/2-niet-te-missen-evenementen-in-chamrousse-en-valfrejus\\\/\"},\"author\":{\"name\":\"alpvision\",\"@id\":\"https:\\\/\\\/www.alpvisionresidences.com\\\/blog\\\/du\\\/#\\\/schema\\\/person\\\/51ca1eab7ba27fa67ef90f1171928537\"},\"headline\":\"2 niet te missen evenementen in Chamrousse en Valfr\u00e9jus\",\"datePublished\":\"2021-07-26T12:47:58+00:00\",\"dateModified\":\"2025-07-16T13:35:45+00:00\",\"mainEntityOfPage\":{\"@id\":\"https:\\\/\\\/www.alpvisionresidences.com\\\/blog\\\/du\\\/2-niet-te-missen-evenementen-in-chamrousse-en-valfrejus\\\/\"},\"wordCount\":196,\"commentCount\":0,\"publisher\":{\"@id\":\"https:\\\/\\\/www.alpvisionresidences.com\\\/blog\\\/du\\\/#organization\"},\"image\":{\"@id\":\"https:\\\/\\\/www.alpvisionresidences.com\\\/blog\\\/du\\\/2-niet-te-missen-evenementen-in-chamrousse-en-valfrejus\\\/#primaryimage\"},\"thumbnailUrl\":\"https:\\\/\\\/www.alpvisionresidences.com\\\/blog\\\/wp-content\\\/uploads\\\/2021\\\/07\\\/selle-en-montagne-1.png\",\"inLanguage\":\"du\",\"potentialAction\":[{\"@type\":\"CommentAction\",\"name\":\"Comment\",\"target\":[\"https:\\\/\\\/www.alpvisionresidences.com\\\/blog\\\/du\\\/2-niet-te-missen-evenementen-in-chamrousse-en-valfrejus\\\/#respond\"]}]},{\"@type\":\"WebPage\",\"@id\":\"https:\\\/\\\/www.alpvisionresidences.com\\\/blog\\\/du\\\/2-niet-te-missen-evenementen-in-chamrousse-en-valfrejus\\\/\",\"url\":\"https:\\\/\\\/www.alpvisionresidences.com\\\/blog\\\/du\\\/2-niet-te-missen-evenementen-in-chamrousse-en-valfrejus\\\/\",\"name\":\"2 niet te missen evenementen in Chamrousse en Valfr\u00e9jus - Get Inspired\",\"isPartOf\":{\"@id\":\"https:\\\/\\\/www.alpvisionresidences.com\\\/blog\\\/du\\\/#website\"},\"primaryImageOfPage\":{\"@id\":\"https:\\\/\\\/www.alpvisionresidences.com\\\/blog\\\/du\\\/2-niet-te-missen-evenementen-in-chamrousse-en-valfrejus\\\/#primaryimage\"},\"image\":{\"@id\":\"https:\\\/\\\/www.alpvisionresidences.com\\\/blog\\\/du\\\/2-niet-te-missen-evenementen-in-chamrousse-en-valfrejus\\\/#primaryimage\"},\"thumbnailUrl\":\"https:\\\/\\\/www.alpvisionresidences.com\\\/blog\\\/wp-content\\\/uploads\\\/2021\\\/07\\\/selle-en-montagne-1.png\",\"datePublished\":\"2021-07-26T12:47:58+00:00\",\"dateModified\":\"2025-07-16T13:35:45+00:00\",\"breadcrumb\":{\"@id\":\"https:\\\/\\\/www.alpvisionresidences.com\\\/blog\\\/du\\\/2-niet-te-missen-evenementen-in-chamrousse-en-valfrejus\\\/#breadcrumb\"},\"inLanguage\":\"du\",\"potentialAction\":[{\"@type\":\"ReadAction\",\"target\":[\"https:\\\/\\\/www.alpvisionresidences.com\\\/blog\\\/du\\\/2-niet-te-missen-evenementen-in-chamrousse-en-valfrejus\\\/\"]}]},{\"@type\":\"ImageObject\",\"inLanguage\":\"du\",\"@id\":\"https:\\\/\\\/www.alpvisionresidences.com\\\/blog\\\/du\\\/2-niet-te-missen-evenementen-in-chamrousse-en-valfrejus\\\/#primaryimage\",\"url\":\"https:\\\/\\\/www.alpvisionresidences.com\\\/blog\\\/wp-content\\\/uploads\\\/2021\\\/07\\\/selle-en-montagne-1.png\",\"contentUrl\":\"https:\\\/\\\/www.alpvisionresidences.com\\\/blog\\\/wp-content\\\/uploads\\\/2021\\\/07\\\/selle-en-montagne-1.png\",\"width\":772,\"height\":437},{\"@type\":\"BreadcrumbList\",\"@id\":\"https:\\\/\\\/www.alpvisionresidences.com\\\/blog\\\/du\\\/2-niet-te-missen-evenementen-in-chamrousse-en-valfrejus\\\/#breadcrumb\",\"itemListElement\":[{\"@type\":\"ListItem\",\"position\":1,\"name\":\"Home\",\"item\":\"https:\\\/\\\/www.alpvisionresidences.com\\\/blog\\\/du\\\/\"},{\"@type\":\"ListItem\",\"position\":2,\"name\":\"2 niet te missen evenementen in Chamrousse en Valfr\u00e9jus\"}]},{\"@type\":\"WebSite\",\"@id\":\"https:\\\/\\\/www.alpvisionresidences.com\\\/blog\\\/du\\\/#website\",\"url\":\"https:\\\/\\\/www.alpvisionresidences.com\\\/blog\\\/du\\\/\",\"name\":\"alpvisionresidences.com\",\"description\":\"Alpvision r\u00e9sidences\",\"publisher\":{\"@id\":\"https:\\\/\\\/www.alpvisionresidences.com\\\/blog\\\/du\\\/#organization\"},\"potentialAction\":[{\"@type\":\"SearchAction\",\"target\":{\"@type\":\"EntryPoint\",\"urlTemplate\":\"https:\\\/\\\/www.alpvisionresidences.com\\\/blog\\\/du\\\/?s={search_term_string}\"},\"query-input\":{\"@type\":\"PropertyValueSpecification\",\"valueRequired\":true,\"valueName\":\"search_term_string\"}}],\"inLanguage\":\"du\"},{\"@type\":\"Organization\",\"@id\":\"https:\\\/\\\/www.alpvisionresidences.com\\\/blog\\\/du\\\/#organization\",\"name\":\"Alpvision Residences\",\"url\":\"https:\\\/\\\/www.alpvisionresidences.com\\\/blog\\\/du\\\/\",\"logo\":{\"@type\":\"ImageObject\",\"inLanguage\":\"du\",\"@id\":\"https:\\\/\\\/www.alpvisionresidences.com\\\/blog\\\/du\\\/#\\\/schema\\\/logo\\\/image\\\/\",\"url\":\"https:\\\/\\\/www.alpvisionresidences.com\\\/blog\\\/wp-content\\\/uploads\\\/2022\\\/01\\\/alpvision_icone1_bleu_negatif-Redimensionne-pour-profil.png\",\"contentUrl\":\"https:\\\/\\\/www.alpvisionresidences.com\\\/blog\\\/wp-content\\\/uploads\\\/2022\\\/01\\\/alpvision_icone1_bleu_negatif-Redimensionne-pour-profil.png\",\"width\":522,\"height\":478,\"caption\":\"Alpvision Residences\"},\"image\":{\"@id\":\"https:\\\/\\\/www.alpvisionresidences.com\\\/blog\\\/du\\\/#\\\/schema\\\/logo\\\/image\\\/\"},\"sameAs\":[\"https:\\\/\\\/www.facebook.com\\\/AlpvisionResidences\\\/\",\"https:\\\/\\\/www.instagram.com\\\/alpvisionresidences\\\/\"]},{\"@type\":\"Person\",\"@id\":\"https:\\\/\\\/www.alpvisionresidences.com\\\/blog\\\/du\\\/#\\\/schema\\\/person\\\/51ca1eab7ba27fa67ef90f1171928537\",\"name\":\"alpvision\",\"image\":{\"@type\":\"ImageObject\",\"inLanguage\":\"du\",\"@id\":\"https:\\\/\\\/secure.gravatar.com\\\/avatar\\\/12aed967b3ee801371482470bdc1042c671499c3614a04f8a6980d7e3bbc65d0?s=96&d=mm&r=g\",\"url\":\"https:\\\/\\\/secure.gravatar.com\\\/avatar\\\/12aed967b3ee801371482470bdc1042c671499c3614a04f8a6980d7e3bbc65d0?s=96&d=mm&r=g\",\"contentUrl\":\"https:\\\/\\\/secure.gravatar.com\\\/avatar\\\/12aed967b3ee801371482470bdc1042c671499c3614a04f8a6980d7e3bbc65d0?s=96&d=mm&r=g\",\"caption\":\"alpvision\"},\"url\":\"https:\\\/\\\/www.alpvisionresidences.com\\\/blog\\\/du\\\/author\\\/alpvision\\\/\"}]}<\/script>\n<!-- \/ Yoast SEO plugin. -->","yoast_head_json":{"title":"2 niet te missen evenementen in Chamrousse en Valfr\u00e9jus - Get Inspired","robots":{"index":"index","follow":"follow","max-snippet":"max-snippet:-1","max-image-preview":"max-image-preview:large","max-video-preview":"max-video-preview:-1"},"canonical":"https:\/\/www.alpvisionresidences.com\/blog\/du\/2-niet-te-missen-evenementen-in-chamrousse-en-valfrejus\/","og_locale":"en_US","og_type":"article","og_title":"2 niet te missen evenementen in Chamrousse en Valfr\u00e9jus - Get Inspired","og_description":"Bericht aan atleten! A cheval en Montagne, tous en selle \u00e0 Valfr\u00e9jus In de bergen is het niet alleen ski\u00ebn,...","og_url":"https:\/\/www.alpvisionresidences.com\/blog\/du\/2-niet-te-missen-evenementen-in-chamrousse-en-valfrejus\/","og_site_name":"Get Inspired","article_publisher":"https:\/\/www.facebook.com\/AlpvisionResidences\/","article_published_time":"2021-07-26T12:47:58+00:00","article_modified_time":"2025-07-16T13:35:45+00:00","og_image":[{"width":772,"height":437,"url":"https:\/\/www.alpvisionresidences.com\/blog\/wp-content\/uploads\/2021\/07\/selle-en-montagne-1.png","type":"image\/png"}],"author":"alpvision","twitter_card":"summary_large_image","twitter_misc":{"Written by":"alpvision","Est. reading time":"2 minutes"},"schema":{"@context":"https:\/\/schema.org","@graph":[{"@type":"Article","@id":"https:\/\/www.alpvisionresidences.com\/blog\/du\/2-niet-te-missen-evenementen-in-chamrousse-en-valfrejus\/#article","isPartOf":{"@id":"https:\/\/www.alpvisionresidences.com\/blog\/du\/2-niet-te-missen-evenementen-in-chamrousse-en-valfrejus\/"},"author":{"name":"alpvision","@id":"https:\/\/www.alpvisionresidences.com\/blog\/du\/#\/schema\/person\/51ca1eab7ba27fa67ef90f1171928537"},"headline":"2 niet te missen evenementen in Chamrousse en Valfr\u00e9jus","datePublished":"2021-07-26T12:47:58+00:00","dateModified":"2025-07-16T13:35:45+00:00","mainEntityOfPage":{"@id":"https:\/\/www.alpvisionresidences.com\/blog\/du\/2-niet-te-missen-evenementen-in-chamrousse-en-valfrejus\/"},"wordCount":196,"commentCount":0,"publisher":{"@id":"https:\/\/www.alpvisionresidences.com\/blog\/du\/#organization"},"image":{"@id":"https:\/\/www.alpvisionresidences.com\/blog\/du\/2-niet-te-missen-evenementen-in-chamrousse-en-valfrejus\/#primaryimage"},"thumbnailUrl":"https:\/\/www.alpvisionresidences.com\/blog\/wp-content\/uploads\/2021\/07\/selle-en-montagne-1.png","inLanguage":"du","potentialAction":[{"@type":"CommentAction","name":"Comment","target":["https:\/\/www.alpvisionresidences.com\/blog\/du\/2-niet-te-missen-evenementen-in-chamrousse-en-valfrejus\/#respond"]}]},{"@type":"WebPage","@id":"https:\/\/www.alpvisionresidences.com\/blog\/du\/2-niet-te-missen-evenementen-in-chamrousse-en-valfrejus\/","url":"https:\/\/www.alpvisionresidences.com\/blog\/du\/2-niet-te-missen-evenementen-in-chamrousse-en-valfrejus\/","name":"2 niet te missen evenementen in Chamrousse en Valfr\u00e9jus - Get Inspired","isPartOf":{"@id":"https:\/\/www.alpvisionresidences.com\/blog\/du\/#website"},"primaryImageOfPage":{"@id":"https:\/\/www.alpvisionresidences.com\/blog\/du\/2-niet-te-missen-evenementen-in-chamrousse-en-valfrejus\/#primaryimage"},"image":{"@id":"https:\/\/www.alpvisionresidences.com\/blog\/du\/2-niet-te-missen-evenementen-in-chamrousse-en-valfrejus\/#primaryimage"},"thumbnailUrl":"https:\/\/www.alpvisionresidences.com\/blog\/wp-content\/uploads\/2021\/07\/selle-en-montagne-1.png","datePublished":"2021-07-26T12:47:58+00:00","dateModified":"2025-07-16T13:35:45+00:00","breadcrumb":{"@id":"https:\/\/www.alpvisionresidences.com\/blog\/du\/2-niet-te-missen-evenementen-in-chamrousse-en-valfrejus\/#breadcrumb"},"inLanguage":"du","potentialAction":[{"@type":"ReadAction","target":["https:\/\/www.alpvisionresidences.com\/blog\/du\/2-niet-te-missen-evenementen-in-chamrousse-en-valfrejus\/"]}]},{"@type":"ImageObject","inLanguage":"du","@id":"https:\/\/www.alpvisionresidences.com\/blog\/du\/2-niet-te-missen-evenementen-in-chamrousse-en-valfrejus\/#primaryimage","url":"https:\/\/www.alpvisionresidences.com\/blog\/wp-content\/uploads\/2021\/07\/selle-en-montagne-1.png","contentUrl":"https:\/\/www.alpvisionresidences.com\/blog\/wp-content\/uploads\/2021\/07\/selle-en-montagne-1.png","width":772,"height":437},{"@type":"BreadcrumbList","@id":"https:\/\/www.alpvisionresidences.com\/blog\/du\/2-niet-te-missen-evenementen-in-chamrousse-en-valfrejus\/#breadcrumb","itemListElement":[{"@type":"ListItem","position":1,"name":"Home","item":"https:\/\/www.alpvisionresidences.com\/blog\/du\/"},{"@type":"ListItem","position":2,"name":"2 niet te missen evenementen in Chamrousse en Valfr\u00e9jus"}]},{"@type":"WebSite","@id":"https:\/\/www.alpvisionresidences.com\/blog\/du\/#website","url":"https:\/\/www.alpvisionresidences.com\/blog\/du\/","name":"alpvisionresidences.com","description":"Alpvision r\u00e9sidences","publisher":{"@id":"https:\/\/www.alpvisionresidences.com\/blog\/du\/#organization"},"potentialAction":[{"@type":"SearchAction","target":{"@type":"EntryPoint","urlTemplate":"https:\/\/www.alpvisionresidences.com\/blog\/du\/?s={search_term_string}"},"query-input":{"@type":"PropertyValueSpecification","valueRequired":true,"valueName":"search_term_string"}}],"inLanguage":"du"},{"@type":"Organization","@id":"https:\/\/www.alpvisionresidences.com\/blog\/du\/#organization","name":"Alpvision Residences","url":"https:\/\/www.alpvisionresidences.com\/blog\/du\/","logo":{"@type":"ImageObject","inLanguage":"du","@id":"https:\/\/www.alpvisionresidences.com\/blog\/du\/#\/schema\/logo\/image\/","url":"https:\/\/www.alpvisionresidences.com\/blog\/wp-content\/uploads\/2022\/01\/alpvision_icone1_bleu_negatif-Redimensionne-pour-profil.png","contentUrl":"https:\/\/www.alpvisionresidences.com\/blog\/wp-content\/uploads\/2022\/01\/alpvision_icone1_bleu_negatif-Redimensionne-pour-profil.png","width":522,"height":478,"caption":"Alpvision Residences"},"image":{"@id":"https:\/\/www.alpvisionresidences.com\/blog\/du\/#\/schema\/logo\/image\/"},"sameAs":["https:\/\/www.facebook.com\/AlpvisionResidences\/","https:\/\/www.instagram.com\/alpvisionresidences\/"]},{"@type":"Person","@id":"https:\/\/www.alpvisionresidences.com\/blog\/du\/#\/schema\/person\/51ca1eab7ba27fa67ef90f1171928537","name":"alpvision","image":{"@type":"ImageObject","inLanguage":"du","@id":"https:\/\/secure.gravatar.com\/avatar\/12aed967b3ee801371482470bdc1042c671499c3614a04f8a6980d7e3bbc65d0?s=96&d=mm&r=g","url":"https:\/\/secure.gravatar.com\/avatar\/12aed967b3ee801371482470bdc1042c671499c3614a04f8a6980d7e3bbc65d0?s=96&d=mm&r=g","contentUrl":"https:\/\/secure.gravatar.com\/avatar\/12aed967b3ee801371482470bdc1042c671499c3614a04f8a6980d7e3bbc65d0?s=96&d=mm&r=g","caption":"alpvision"},"url":"https:\/\/www.alpvisionresidences.com\/blog\/du\/author\/alpvision\/"}]}},"_links":{"self":[{"href":"https:\/\/www.alpvisionresidences.com\/blog\/du\/wp-json\/wp\/v2\/posts\/12958","targetHints":{"allow":["GET"]}}],"collection":[{"href":"https:\/\/www.alpvisionresidences.com\/blog\/du\/wp-json\/wp\/v2\/posts"}],"about":[{"href":"https:\/\/www.alpvisionresidences.com\/blog\/du\/wp-json\/wp\/v2\/types\/post"}],"author":[{"embeddable":true,"href":"https:\/\/www.alpvisionresidences.com\/blog\/du\/wp-json\/wp\/v2\/users\/2"}],"replies":[{"embeddable":true,"href":"https:\/\/www.alpvisionresidences.com\/blog\/du\/wp-json\/wp\/v2\/comments?post=12958"}],"version-history":[{"count":1,"href":"https:\/\/www.alpvisionresidences.com\/blog\/du\/wp-json\/wp\/v2\/posts\/12958\/revisions"}],"predecessor-version":[{"id":15055,"href":"https:\/\/www.alpvisionresidences.com\/blog\/du\/wp-json\/wp\/v2\/posts\/12958\/revisions\/15055"}],"wp:featuredmedia":[{"embeddable":true,"href":"https:\/\/www.alpvisionresidences.com\/blog\/du\/wp-json\/wp\/v2\/media\/950"}],"wp:attachment":[{"href":"https:\/\/www.alpvisionresidences.com\/blog\/du\/wp-json\/wp\/v2\/media?parent=12958"}],"wp:term":[{"taxonomy":"category","embeddable":true,"href":"https:\/\/www.alpvisionresidences.com\/blog\/du\/wp-json\/wp\/v2\/categories?post=12958"},{"taxonomy":"post_tag","embeddable":true,"href":"https:\/\/www.alpvisionresidences.com\/blog\/du\/wp-json\/wp\/v2\/tags?post=12958"}],"curies":[{"name":"wp","href":"https:\/\/api.w.org\/{rel}","templated":true}]}}