{"id":112,"date":"2024-01-15T10:58:39","date_gmt":"2024-01-15T10:58:39","guid":{"rendered":"https:\/\/www.alpvisionresidences.com\/blog\/?p=112"},"modified":"2026-04-20T08:39:11","modified_gmt":"2026-04-20T08:39:11","slug":"veysonnaz","status":"publish","type":"post","link":"https:\/\/www.alpvisionresidences.com\/blog\/fr\/veysonnaz\/","title":{"rendered":"Alpvision r\u00e9sidences Veysonnaz \u2013 Horaires d&#8217;ouverture"},"content":{"rendered":"<p>Jetez un coup \u0153il aux horaires d\u2019ouverture de nos r\u00e9ceptions*!<\/p>\n<p>Vous pouvez toujours nous contacter \u00e0 l&#8217;adresse <strong>hello@alpvisionresidences.com<\/strong><\/p>\n<p><strong>ENTRE SAISON <\/strong>du<strong> 13.04.2026 <\/strong>au<strong> 05.07.2026 <\/strong>et du <strong>17.08.2026<\/strong> au <strong>13.12.2026<\/strong><\/p>\n<p><strong>SUR PLACE \u2013 R\u00e9ception Veysonnaz<\/strong><\/p>\n<p data-start=\"190\" data-end=\"426\">Lundi : <strong>8h30 &#8211; 10h30 | 15h30 &#8211; 17h30<\/strong><br data-start=\"226\" data-end=\"229\" \/>Mardi : <strong>8h30 &#8211; 10h30 | 15h30 &#8211; 17h30<\/strong><br data-start=\"265\" data-end=\"268\" \/>Mercredi : <strong>Ferm\u00e9<\/strong><br data-start=\"284\" data-end=\"287\" \/>Jeudi : <strong>8h30 &#8211; 10h30 | 15h30 &#8211; 17h30<\/strong><br data-start=\"323\" data-end=\"326\" \/>Vendredi : <strong>8h30 &#8211; 10h30 | 15h30 &#8211; 17h30<\/strong><br data-start=\"365\" data-end=\"368\" \/>Samedi : <strong>Ferm\u00e9<\/strong><br data-start=\"405\" data-end=\"408\" \/>Dimanche : <strong>Ferm\u00e9<\/strong><\/p>\n<p data-start=\"699\" data-end=\"749\"><strong data-start=\"699\" data-end=\"749\">PAR T\u00c9L\u00c9PHONE \u2013 R\u00e9ception de Veysonnaz\u00a0<\/strong><\/p>\n<p data-start=\"699\" data-end=\"749\">Lundi &#8211; vendredi : <strong>8h30 &#8211; 12h00 | 13h30 &#8211; 17h30<\/strong><br data-start=\"798\" data-end=\"801\" \/>Samedi : <strong>Ferm\u00e9<\/strong><br data-start=\"838\" data-end=\"841\" \/>Dimanche : <strong>Ferm\u00e9<\/strong><\/p>\n<p>&#8212;<\/p>\n<p><strong>SAISON \u00c9T\u00c9 <\/strong>du<strong> 06.07.2026 <\/strong>au<strong> 16.08.2026<\/strong><\/p>\n<p><strong>SUR PLACE \u2013 R\u00e9ception Veysonnaz<\/strong><\/p>\n<p>Lundi : <strong>9h &#8211; 11h\u00a0|<\/strong>\u00a0<strong>15h30 &#8211; 17h30<\/strong><br \/>Mardi : <strong>9h &#8211; 11h\u00a0|<\/strong>\u00a0<strong>15h30 &#8211; 17h30<\/strong><br \/>Mercredi : <strong>Ferm\u00e9<\/strong><br \/>Jeudi : <strong>9h &#8211; 11h\u00a0|<\/strong>\u00a0<strong>15h30 &#8211; 17h30<\/strong><br \/>Vendredi : <strong>9h &#8211; 11h\u00a0|<\/strong>\u00a0<strong>15h30 &#8211; 17h30<\/strong><br \/>Samedi : <strong>8h30 &#8211; 12h | 13h30 &#8211; 17h30<\/strong><br \/>Dimanche : <strong>Ferm\u00e9<\/strong><\/p>\n<p><strong>PAR T\u00c9L\u00c9PHONE \u2013 R\u00e9ception Veysonnaz<\/strong><\/p>\n<p>Lundi &#8211; Samedi : <strong>8h30 &#8211; 12h | 13h30 &#8211; 17h30<\/strong><\/p>\n<p>&#8212;<\/p>\n\n\n<p><strong>SAISON HIVER <\/strong>du<strong> 05.01.2026 &#8211; 12.04.2026<\/strong><\/p>\n\n\n\n<p><strong>SUR PLACE \u2013 R\u00e9ception Veysonnaz<\/strong><\/p>\n\n\n\n<p>Lundi : <strong>8h30 &#8211; 10h30 | 15h30 &#8211; 17h30<\/strong><br>Mardi : <strong>8h30 &#8211; 10h30 | 15h30 &#8211; 17h30<\/strong><br>Mercredi : <strong>Ferm\u00e9<\/strong><br>Jeudi : <strong>8h30 &#8211; 10h30 | 15h30 &#8211; 17h30<\/strong><br>Vendredi : <strong>8h30 &#8211; 10h30 | 15h30 &#8211; 17h30<\/strong><br>Samedi : <strong>8h00 &#8211; 12h00 | 15h30 &#8211; 18h00<\/strong><br>Dimanche : <strong>Ferm\u00e9<\/strong><\/p>\n\n\n\n<p><strong>PAR T\u00c9L\u00c9PHONE \u2013 R\u00e9ception de Veysonnaz <\/strong><\/p>\n\n\n\n<p>Lundi &#8211; vendredi : <strong>8h30 &#8211; 12h00 | 13h30 &#8211; 17h30<\/strong><br>Samedi : <strong>8h30 &#8211; 12h00 | 13h30 &#8211; 18h00<\/strong><br>Dimanche : <strong>Ferm\u00e9<\/strong><\/p>\n\n\n\n<p>*Exceptionnellement ouvert de 9h00 \u00e0 12h00 les dimanches 21\/12, 28\/12, 15\/02 et 22\/02&nbsp;<\/p>\n\n\n\n<p>*Les heures d&#8217;ouverture sont susceptibles d&#8217;\u00eatre modifi\u00e9es.<\/p>\n\n\n\n<p>Les Voyageurs et Propri\u00e9taires ont acc\u00e8s \u00e0 un num\u00e9ro d&#8217;urgence 24h\/24 et 7j\/7.<\/p>\n\n\n\n<p><\/p>\n","protected":false},"excerpt":{"rendered":"<p>Jetez un coup \u0153il aux horaires d\u2019ouverture de nos r\u00e9ceptions*! Vous pouvez toujours nous contacter \u00e0 l&#8217;adresse hello@alpvisionresidences.com ENTRE SAISON&#8230;<\/p>\n","protected":false},"author":2,"featured_media":12554,"comment_status":"closed","ping_status":"closed","sticky":false,"template":"","format":"standard","meta":{"footnotes":""},"categories":[23,28],"tags":[],"class_list":["post-112","post","type-post","status-publish","format-standard","has-post-thumbnail","hentry","category-horaires-douvertures","category-horaires-douvertures-en-suisse"],"yoast_head":"<!-- This site is optimized with the Yoast SEO plugin v27.4 - https:\/\/yoast.com\/product\/yoast-seo-wordpress\/ -->\n<title>Alpvision R\u00e9sidences Veysonnaz \u2013 Horaires d&#039;ouvertures<\/title>\n<meta name=\"description\" content=\"Jetez un coup \u0153il aux horaires d\u2019ouverture de nos r\u00e9ceptions!\" \/>\n<meta name=\"robots\" content=\"index, follow, max-snippet:-1, max-image-preview:large, max-video-preview:-1\" \/>\n<link rel=\"canonical\" href=\"https:\/\/www.alpvisionresidences.com\/blog\/fr\/veysonnaz\/\" \/>\n<meta property=\"og:locale\" content=\"fr_FR\" \/>\n<meta property=\"og:type\" content=\"article\" \/>\n<meta property=\"og:title\" content=\"Alpvision R\u00e9sidences Veysonnaz \u2013 Horaires d&#039;ouvertures\" \/>\n<meta property=\"og:description\" content=\"Jetez un coup \u0153il aux horaires d\u2019ouverture de nos r\u00e9ceptions!\" \/>\n<meta property=\"og:url\" content=\"https:\/\/www.alpvisionresidences.com\/blog\/fr\/veysonnaz\/\" \/>\n<meta property=\"og:site_name\" content=\"Get Inspired\" \/>\n<meta property=\"article:publisher\" content=\"https:\/\/www.facebook.com\/AlpvisionResidences\/\" \/>\n<meta property=\"article:published_time\" content=\"2024-01-15T10:58:39+00:00\" \/>\n<meta property=\"article:modified_time\" content=\"2026-04-20T08:39:11+00:00\" \/>\n<meta property=\"og:image\" content=\"https:\/\/www.alpvisionresidences.com\/blog\/wp-content\/uploads\/2024\/12\/ski-veysonnaz-4-vallees.jpg\" \/>\n\t<meta property=\"og:image:width\" content=\"1500\" \/>\n\t<meta property=\"og:image:height\" content=\"1000\" \/>\n\t<meta property=\"og:image:type\" content=\"image\/jpeg\" \/>\n<meta name=\"author\" content=\"alpvision\" \/>\n<meta name=\"twitter:card\" content=\"summary_large_image\" \/>\n<meta name=\"twitter:label1\" content=\"Written by\" \/>\n\t<meta name=\"twitter:data1\" content=\"alpvision\" \/>\n\t<meta name=\"twitter:label2\" content=\"Est. reading time\" \/>\n\t<meta name=\"twitter:data2\" content=\"2 minutes\" \/>\n<script type=\"application\/ld+json\" class=\"yoast-schema-graph\">{\"@context\":\"https:\\\/\\\/schema.org\",\"@graph\":[{\"@type\":\"Article\",\"@id\":\"https:\\\/\\\/www.alpvisionresidences.com\\\/blog\\\/fr\\\/veysonnaz\\\/#article\",\"isPartOf\":{\"@id\":\"https:\\\/\\\/www.alpvisionresidences.com\\\/blog\\\/fr\\\/veysonnaz\\\/\"},\"author\":{\"name\":\"alpvision\",\"@id\":\"https:\\\/\\\/www.alpvisionresidences.com\\\/blog\\\/fr\\\/#\\\/schema\\\/person\\\/51ca1eab7ba27fa67ef90f1171928537\"},\"headline\":\"Alpvision r\u00e9sidences Veysonnaz \u2013 Horaires d&#8217;ouverture\",\"datePublished\":\"2024-01-15T10:58:39+00:00\",\"dateModified\":\"2026-04-20T08:39:11+00:00\",\"mainEntityOfPage\":{\"@id\":\"https:\\\/\\\/www.alpvisionresidences.com\\\/blog\\\/fr\\\/veysonnaz\\\/\"},\"wordCount\":271,\"publisher\":{\"@id\":\"https:\\\/\\\/www.alpvisionresidences.com\\\/blog\\\/fr\\\/#organization\"},\"image\":{\"@id\":\"https:\\\/\\\/www.alpvisionresidences.com\\\/blog\\\/fr\\\/veysonnaz\\\/#primaryimage\"},\"thumbnailUrl\":\"https:\\\/\\\/www.alpvisionresidences.com\\\/blog\\\/wp-content\\\/uploads\\\/2024\\\/12\\\/ski-veysonnaz-4-vallees.jpg\",\"articleSection\":[\"Horaires d'ouvertures\",\"Horaires d'ouvertures en Suisse\"],\"inLanguage\":\"fr\"},{\"@type\":\"WebPage\",\"@id\":\"https:\\\/\\\/www.alpvisionresidences.com\\\/blog\\\/fr\\\/veysonnaz\\\/\",\"url\":\"https:\\\/\\\/www.alpvisionresidences.com\\\/blog\\\/fr\\\/veysonnaz\\\/\",\"name\":\"Alpvision R\u00e9sidences Veysonnaz \u2013 Horaires d'ouvertures\",\"isPartOf\":{\"@id\":\"https:\\\/\\\/www.alpvisionresidences.com\\\/blog\\\/fr\\\/#website\"},\"primaryImageOfPage\":{\"@id\":\"https:\\\/\\\/www.alpvisionresidences.com\\\/blog\\\/fr\\\/veysonnaz\\\/#primaryimage\"},\"image\":{\"@id\":\"https:\\\/\\\/www.alpvisionresidences.com\\\/blog\\\/fr\\\/veysonnaz\\\/#primaryimage\"},\"thumbnailUrl\":\"https:\\\/\\\/www.alpvisionresidences.com\\\/blog\\\/wp-content\\\/uploads\\\/2024\\\/12\\\/ski-veysonnaz-4-vallees.jpg\",\"datePublished\":\"2024-01-15T10:58:39+00:00\",\"dateModified\":\"2026-04-20T08:39:11+00:00\",\"description\":\"Jetez un coup \u0153il aux horaires d\u2019ouverture de nos r\u00e9ceptions!\",\"breadcrumb\":{\"@id\":\"https:\\\/\\\/www.alpvisionresidences.com\\\/blog\\\/fr\\\/veysonnaz\\\/#breadcrumb\"},\"inLanguage\":\"fr\",\"potentialAction\":[{\"@type\":\"ReadAction\",\"target\":[\"https:\\\/\\\/www.alpvisionresidences.com\\\/blog\\\/fr\\\/veysonnaz\\\/\"]}]},{\"@type\":\"ImageObject\",\"inLanguage\":\"fr\",\"@id\":\"https:\\\/\\\/www.alpvisionresidences.com\\\/blog\\\/fr\\\/veysonnaz\\\/#primaryimage\",\"url\":\"https:\\\/\\\/www.alpvisionresidences.com\\\/blog\\\/wp-content\\\/uploads\\\/2024\\\/12\\\/ski-veysonnaz-4-vallees.jpg\",\"contentUrl\":\"https:\\\/\\\/www.alpvisionresidences.com\\\/blog\\\/wp-content\\\/uploads\\\/2024\\\/12\\\/ski-veysonnaz-4-vallees.jpg\",\"width\":1500,\"height\":1000,\"caption\":\"ski-veysonnaz-4-vallees\"},{\"@type\":\"BreadcrumbList\",\"@id\":\"https:\\\/\\\/www.alpvisionresidences.com\\\/blog\\\/fr\\\/veysonnaz\\\/#breadcrumb\",\"itemListElement\":[{\"@type\":\"ListItem\",\"position\":1,\"name\":\"Home\",\"item\":\"https:\\\/\\\/www.alpvisionresidences.com\\\/blog\\\/fr\\\/\"},{\"@type\":\"ListItem\",\"position\":2,\"name\":\"Alpvision r\u00e9sidences Veysonnaz \u2013 Horaires d&#8217;ouverture\"}]},{\"@type\":\"WebSite\",\"@id\":\"https:\\\/\\\/www.alpvisionresidences.com\\\/blog\\\/fr\\\/#website\",\"url\":\"https:\\\/\\\/www.alpvisionresidences.com\\\/blog\\\/fr\\\/\",\"name\":\"alpvisionresidences.com\",\"description\":\"Alpvision r\u00e9sidences\",\"publisher\":{\"@id\":\"https:\\\/\\\/www.alpvisionresidences.com\\\/blog\\\/fr\\\/#organization\"},\"potentialAction\":[{\"@type\":\"SearchAction\",\"target\":{\"@type\":\"EntryPoint\",\"urlTemplate\":\"https:\\\/\\\/www.alpvisionresidences.com\\\/blog\\\/fr\\\/?s={search_term_string}\"},\"query-input\":{\"@type\":\"PropertyValueSpecification\",\"valueRequired\":true,\"valueName\":\"search_term_string\"}}],\"inLanguage\":\"fr\"},{\"@type\":\"Organization\",\"@id\":\"https:\\\/\\\/www.alpvisionresidences.com\\\/blog\\\/fr\\\/#organization\",\"name\":\"Alpvision Residences\",\"url\":\"https:\\\/\\\/www.alpvisionresidences.com\\\/blog\\\/fr\\\/\",\"logo\":{\"@type\":\"ImageObject\",\"inLanguage\":\"fr\",\"@id\":\"https:\\\/\\\/www.alpvisionresidences.com\\\/blog\\\/fr\\\/#\\\/schema\\\/logo\\\/image\\\/\",\"url\":\"https:\\\/\\\/www.alpvisionresidences.com\\\/blog\\\/wp-content\\\/uploads\\\/2022\\\/01\\\/alpvision_icone1_bleu_negatif-Redimensionne-pour-profil.png\",\"contentUrl\":\"https:\\\/\\\/www.alpvisionresidences.com\\\/blog\\\/wp-content\\\/uploads\\\/2022\\\/01\\\/alpvision_icone1_bleu_negatif-Redimensionne-pour-profil.png\",\"width\":522,\"height\":478,\"caption\":\"Alpvision Residences\"},\"image\":{\"@id\":\"https:\\\/\\\/www.alpvisionresidences.com\\\/blog\\\/fr\\\/#\\\/schema\\\/logo\\\/image\\\/\"},\"sameAs\":[\"https:\\\/\\\/www.facebook.com\\\/AlpvisionResidences\\\/\",\"https:\\\/\\\/www.instagram.com\\\/alpvisionresidences\\\/\"]},{\"@type\":\"Person\",\"@id\":\"https:\\\/\\\/www.alpvisionresidences.com\\\/blog\\\/fr\\\/#\\\/schema\\\/person\\\/51ca1eab7ba27fa67ef90f1171928537\",\"name\":\"alpvision\",\"image\":{\"@type\":\"ImageObject\",\"inLanguage\":\"fr\",\"@id\":\"https:\\\/\\\/secure.gravatar.com\\\/avatar\\\/12aed967b3ee801371482470bdc1042c671499c3614a04f8a6980d7e3bbc65d0?s=96&d=mm&r=g\",\"url\":\"https:\\\/\\\/secure.gravatar.com\\\/avatar\\\/12aed967b3ee801371482470bdc1042c671499c3614a04f8a6980d7e3bbc65d0?s=96&d=mm&r=g\",\"contentUrl\":\"https:\\\/\\\/secure.gravatar.com\\\/avatar\\\/12aed967b3ee801371482470bdc1042c671499c3614a04f8a6980d7e3bbc65d0?s=96&d=mm&r=g\",\"caption\":\"alpvision\"},\"url\":\"https:\\\/\\\/www.alpvisionresidences.com\\\/blog\\\/fr\\\/author\\\/alpvision\\\/\"}]}<\/script>\n<!-- \/ Yoast SEO plugin. -->","yoast_head_json":{"title":"Alpvision R\u00e9sidences Veysonnaz \u2013 Horaires d'ouvertures","description":"Jetez un coup \u0153il aux horaires d\u2019ouverture de nos r\u00e9ceptions!","robots":{"index":"index","follow":"follow","max-snippet":"max-snippet:-1","max-image-preview":"max-image-preview:large","max-video-preview":"max-video-preview:-1"},"canonical":"https:\/\/www.alpvisionresidences.com\/blog\/fr\/veysonnaz\/","og_locale":"fr_FR","og_type":"article","og_title":"Alpvision R\u00e9sidences Veysonnaz \u2013 Horaires d'ouvertures","og_description":"Jetez un coup \u0153il aux horaires d\u2019ouverture de nos r\u00e9ceptions!","og_url":"https:\/\/www.alpvisionresidences.com\/blog\/fr\/veysonnaz\/","og_site_name":"Get Inspired","article_publisher":"https:\/\/www.facebook.com\/AlpvisionResidences\/","article_published_time":"2024-01-15T10:58:39+00:00","article_modified_time":"2026-04-20T08:39:11+00:00","og_image":[{"width":1500,"height":1000,"url":"https:\/\/www.alpvisionresidences.com\/blog\/wp-content\/uploads\/2024\/12\/ski-veysonnaz-4-vallees.jpg","type":"image\/jpeg"}],"author":"alpvision","twitter_card":"summary_large_image","twitter_misc":{"Written by":"alpvision","Est. reading time":"2 minutes"},"schema":{"@context":"https:\/\/schema.org","@graph":[{"@type":"Article","@id":"https:\/\/www.alpvisionresidences.com\/blog\/fr\/veysonnaz\/#article","isPartOf":{"@id":"https:\/\/www.alpvisionresidences.com\/blog\/fr\/veysonnaz\/"},"author":{"name":"alpvision","@id":"https:\/\/www.alpvisionresidences.com\/blog\/fr\/#\/schema\/person\/51ca1eab7ba27fa67ef90f1171928537"},"headline":"Alpvision r\u00e9sidences Veysonnaz \u2013 Horaires d&#8217;ouverture","datePublished":"2024-01-15T10:58:39+00:00","dateModified":"2026-04-20T08:39:11+00:00","mainEntityOfPage":{"@id":"https:\/\/www.alpvisionresidences.com\/blog\/fr\/veysonnaz\/"},"wordCount":271,"publisher":{"@id":"https:\/\/www.alpvisionresidences.com\/blog\/fr\/#organization"},"image":{"@id":"https:\/\/www.alpvisionresidences.com\/blog\/fr\/veysonnaz\/#primaryimage"},"thumbnailUrl":"https:\/\/www.alpvisionresidences.com\/blog\/wp-content\/uploads\/2024\/12\/ski-veysonnaz-4-vallees.jpg","articleSection":["Horaires d'ouvertures","Horaires d'ouvertures en Suisse"],"inLanguage":"fr"},{"@type":"WebPage","@id":"https:\/\/www.alpvisionresidences.com\/blog\/fr\/veysonnaz\/","url":"https:\/\/www.alpvisionresidences.com\/blog\/fr\/veysonnaz\/","name":"Alpvision R\u00e9sidences Veysonnaz \u2013 Horaires d'ouvertures","isPartOf":{"@id":"https:\/\/www.alpvisionresidences.com\/blog\/fr\/#website"},"primaryImageOfPage":{"@id":"https:\/\/www.alpvisionresidences.com\/blog\/fr\/veysonnaz\/#primaryimage"},"image":{"@id":"https:\/\/www.alpvisionresidences.com\/blog\/fr\/veysonnaz\/#primaryimage"},"thumbnailUrl":"https:\/\/www.alpvisionresidences.com\/blog\/wp-content\/uploads\/2024\/12\/ski-veysonnaz-4-vallees.jpg","datePublished":"2024-01-15T10:58:39+00:00","dateModified":"2026-04-20T08:39:11+00:00","description":"Jetez un coup \u0153il aux horaires d\u2019ouverture de nos r\u00e9ceptions!","breadcrumb":{"@id":"https:\/\/www.alpvisionresidences.com\/blog\/fr\/veysonnaz\/#breadcrumb"},"inLanguage":"fr","potentialAction":[{"@type":"ReadAction","target":["https:\/\/www.alpvisionresidences.com\/blog\/fr\/veysonnaz\/"]}]},{"@type":"ImageObject","inLanguage":"fr","@id":"https:\/\/www.alpvisionresidences.com\/blog\/fr\/veysonnaz\/#primaryimage","url":"https:\/\/www.alpvisionresidences.com\/blog\/wp-content\/uploads\/2024\/12\/ski-veysonnaz-4-vallees.jpg","contentUrl":"https:\/\/www.alpvisionresidences.com\/blog\/wp-content\/uploads\/2024\/12\/ski-veysonnaz-4-vallees.jpg","width":1500,"height":1000,"caption":"ski-veysonnaz-4-vallees"},{"@type":"BreadcrumbList","@id":"https:\/\/www.alpvisionresidences.com\/blog\/fr\/veysonnaz\/#breadcrumb","itemListElement":[{"@type":"ListItem","position":1,"name":"Home","item":"https:\/\/www.alpvisionresidences.com\/blog\/fr\/"},{"@type":"ListItem","position":2,"name":"Alpvision r\u00e9sidences Veysonnaz \u2013 Horaires d&#8217;ouverture"}]},{"@type":"WebSite","@id":"https:\/\/www.alpvisionresidences.com\/blog\/fr\/#website","url":"https:\/\/www.alpvisionresidences.com\/blog\/fr\/","name":"alpvisionresidences.com","description":"Alpvision r\u00e9sidences","publisher":{"@id":"https:\/\/www.alpvisionresidences.com\/blog\/fr\/#organization"},"potentialAction":[{"@type":"SearchAction","target":{"@type":"EntryPoint","urlTemplate":"https:\/\/www.alpvisionresidences.com\/blog\/fr\/?s={search_term_string}"},"query-input":{"@type":"PropertyValueSpecification","valueRequired":true,"valueName":"search_term_string"}}],"inLanguage":"fr"},{"@type":"Organization","@id":"https:\/\/www.alpvisionresidences.com\/blog\/fr\/#organization","name":"Alpvision Residences","url":"https:\/\/www.alpvisionresidences.com\/blog\/fr\/","logo":{"@type":"ImageObject","inLanguage":"fr","@id":"https:\/\/www.alpvisionresidences.com\/blog\/fr\/#\/schema\/logo\/image\/","url":"https:\/\/www.alpvisionresidences.com\/blog\/wp-content\/uploads\/2022\/01\/alpvision_icone1_bleu_negatif-Redimensionne-pour-profil.png","contentUrl":"https:\/\/www.alpvisionresidences.com\/blog\/wp-content\/uploads\/2022\/01\/alpvision_icone1_bleu_negatif-Redimensionne-pour-profil.png","width":522,"height":478,"caption":"Alpvision Residences"},"image":{"@id":"https:\/\/www.alpvisionresidences.com\/blog\/fr\/#\/schema\/logo\/image\/"},"sameAs":["https:\/\/www.facebook.com\/AlpvisionResidences\/","https:\/\/www.instagram.com\/alpvisionresidences\/"]},{"@type":"Person","@id":"https:\/\/www.alpvisionresidences.com\/blog\/fr\/#\/schema\/person\/51ca1eab7ba27fa67ef90f1171928537","name":"alpvision","image":{"@type":"ImageObject","inLanguage":"fr","@id":"https:\/\/secure.gravatar.com\/avatar\/12aed967b3ee801371482470bdc1042c671499c3614a04f8a6980d7e3bbc65d0?s=96&d=mm&r=g","url":"https:\/\/secure.gravatar.com\/avatar\/12aed967b3ee801371482470bdc1042c671499c3614a04f8a6980d7e3bbc65d0?s=96&d=mm&r=g","contentUrl":"https:\/\/secure.gravatar.com\/avatar\/12aed967b3ee801371482470bdc1042c671499c3614a04f8a6980d7e3bbc65d0?s=96&d=mm&r=g","caption":"alpvision"},"url":"https:\/\/www.alpvisionresidences.com\/blog\/fr\/author\/alpvision\/"}]}},"_links":{"self":[{"href":"https:\/\/www.alpvisionresidences.com\/blog\/fr\/wp-json\/wp\/v2\/posts\/112","targetHints":{"allow":["GET"]}}],"collection":[{"href":"https:\/\/www.alpvisionresidences.com\/blog\/fr\/wp-json\/wp\/v2\/posts"}],"about":[{"href":"https:\/\/www.alpvisionresidences.com\/blog\/fr\/wp-json\/wp\/v2\/types\/post"}],"author":[{"embeddable":true,"href":"https:\/\/www.alpvisionresidences.com\/blog\/fr\/wp-json\/wp\/v2\/users\/2"}],"replies":[{"embeddable":true,"href":"https:\/\/www.alpvisionresidences.com\/blog\/fr\/wp-json\/wp\/v2\/comments?post=112"}],"version-history":[{"count":84,"href":"https:\/\/www.alpvisionresidences.com\/blog\/fr\/wp-json\/wp\/v2\/posts\/112\/revisions"}],"predecessor-version":[{"id":19431,"href":"https:\/\/www.alpvisionresidences.com\/blog\/fr\/wp-json\/wp\/v2\/posts\/112\/revisions\/19431"}],"wp:featuredmedia":[{"embeddable":true,"href":"https:\/\/www.alpvisionresidences.com\/blog\/fr\/wp-json\/wp\/v2\/media\/12554"}],"wp:attachment":[{"href":"https:\/\/www.alpvisionresidences.com\/blog\/fr\/wp-json\/wp\/v2\/media?parent=112"}],"wp:term":[{"taxonomy":"category","embeddable":true,"href":"https:\/\/www.alpvisionresidences.com\/blog\/fr\/wp-json\/wp\/v2\/categories?post=112"},{"taxonomy":"post_tag","embeddable":true,"href":"https:\/\/www.alpvisionresidences.com\/blog\/fr\/wp-json\/wp\/v2\/tags?post=112"}],"curies":[{"name":"wp","href":"https:\/\/api.w.org\/{rel}","templated":true}]}}