{"id":12390,"date":"2024-12-20T09:24:44","date_gmt":"2024-12-20T09:24:44","guid":{"rendered":"https:\/\/www.alpvisionresidences.com\/blog\/?p=12390"},"modified":"2025-02-20T08:54:22","modified_gmt":"2025-02-20T08:54:22","slug":"bobsleigh-pre-la-joux","status":"publish","type":"post","link":"https:\/\/www.alpvisionresidences.com\/blog\/fr\/bobsleigh-pre-la-joux\/","title":{"rendered":"Le bobsleigh de Pr\u00e9 la Joux \u00e0 Ch\u00e2tel"},"content":{"rendered":"\t\t<div data-elementor-type=\"wp-post\" data-elementor-id=\"12390\" class=\"elementor elementor-12390 elementor-12196\" data-elementor-post-type=\"post\">\n\t\t\t\t\t\t<section class=\"elementor-section elementor-top-section elementor-element elementor-element-6a2c0aeb elementor-section-boxed elementor-section-height-default elementor-section-height-default\" data-id=\"6a2c0aeb\" data-element_type=\"section\" data-e-type=\"section\">\n\t\t\t\t\t\t<div class=\"elementor-container elementor-column-gap-default\">\n\t\t\t\t\t<div class=\"elementor-column elementor-col-100 elementor-top-column elementor-element elementor-element-27581f21\" data-id=\"27581f21\" data-element_type=\"column\" data-e-type=\"column\">\n\t\t\t<div class=\"elementor-widget-wrap elementor-element-populated\">\n\t\t\t\t\t\t<div class=\"elementor-element elementor-element-6560fcba elementor-widget elementor-widget-text-editor\" data-id=\"6560fcba\" data-element_type=\"widget\" data-e-type=\"widget\" data-widget_type=\"text-editor.default\">\n\t\t\t\t<div class=\"elementor-widget-container\">\n\t\t\t\t\t\t\t\t\t<p>Au c\u0153ur du domaine skiable des <strong>Portes du Soleil<\/strong>, <strong>Ch\u00e2tel<\/strong> est une ville alpine incontournable, connue pour ses vues \u00e9poustouflantes sur les montagnes et ses activit\u00e9s en plein air passionnantes. Bien qu&#8217;elle soit surtout connue comme une destination hivernale pour les skieurs et les snowboardeurs, Ch\u00e2tel se transforme en un lieu de vacances estivales amusant. Des sentiers de randonn\u00e9e verdoyants aux activit\u00e9s \u00e0 forte teneur en adr\u00e9naline, il y a de quoi s&#8217;amuser \u00e0 tout moment de l&#8217;ann\u00e9e.<\/p><p>La <strong>luge d&#8217;\u00e9t\u00e9, le bobsleigh de Pr\u00e9 la Joux <\/strong>ou encore le <strong>toboggan d&#8217;\u00e9t\u00e9 <\/strong>sont des activit\u00e9s particuli\u00e8rement appr\u00e9ci\u00e9es \u00e0 Ch\u00e2tel. Il s&#8217;agit d&#8217;une activit\u00e9 passionnante sp\u00e9cialement con\u00e7ue pour une piste m\u00e9tallique qui vous entra\u00eene entre les collines et les arbres. Rejoignez-nous pour d\u00e9couvrir toutes les activit\u00e9s amusantes que vous pouvez pratiquer et planifier votre <strong>descente en luge d&#8217;\u00e9t\u00e9 \u00e0 Ch\u00e2tel<\/strong>.<\/p>\t\t\t\t\t\t\t\t<\/div>\n\t\t\t\t<\/div>\n\t\t\t\t\t<\/div>\n\t\t<\/div>\n\t\t\t\t\t<\/div>\n\t\t<\/section>\n\t\t\t\t<section class=\"elementor-section elementor-top-section elementor-element elementor-element-15454c9a elementor-section-boxed elementor-section-height-default elementor-section-height-default\" data-id=\"15454c9a\" data-element_type=\"section\" data-e-type=\"section\">\n\t\t\t\t\t\t<div class=\"elementor-container elementor-column-gap-default\">\n\t\t\t\t\t<div class=\"elementor-column elementor-col-100 elementor-top-column elementor-element elementor-element-4ba944f6\" data-id=\"4ba944f6\" data-element_type=\"column\" data-e-type=\"column\">\n\t\t\t<div class=\"elementor-widget-wrap elementor-element-populated\">\n\t\t\t\t\t\t<div class=\"elementor-element elementor-element-6d5d8e29 elementor-widget elementor-widget-table-of-contents\" data-id=\"6d5d8e29\" data-element_type=\"widget\" data-e-type=\"widget\" data-settings=\"{&quot;headings_by_tags&quot;:[&quot;h2&quot;],&quot;exclude_headings_by_selector&quot;:[],&quot;marker_view&quot;:&quot;bullets&quot;,&quot;icon&quot;:{&quot;value&quot;:&quot;&quot;,&quot;library&quot;:&quot;&quot;},&quot;no_headings_message&quot;:&quot;No headings were found on this page.&quot;,&quot;hierarchical_view&quot;:&quot;yes&quot;,&quot;min_height&quot;:{&quot;unit&quot;:&quot;px&quot;,&quot;size&quot;:&quot;&quot;,&quot;sizes&quot;:[]},&quot;min_height_tablet&quot;:{&quot;unit&quot;:&quot;px&quot;,&quot;size&quot;:&quot;&quot;,&quot;sizes&quot;:[]},&quot;min_height_mobile&quot;:{&quot;unit&quot;:&quot;px&quot;,&quot;size&quot;:&quot;&quot;,&quot;sizes&quot;:[]}}\" data-widget_type=\"table-of-contents.default\">\n\t\t\t\t<div class=\"elementor-widget-container\">\n\t\t\t\t\t\t\t\t\t<div class=\"elementor-toc__header\">\n\t\t\t\t\t\t<div class=\"elementor-toc__header-title\">\n\t\t\t\tSommaire\t\t\t<\/div>\n\t\t\t\t\t\t\t\t<\/div>\n\t\t\t\t<div id=\"elementor-toc__6d5d8e29\" class=\"elementor-toc__body\">\n\t\t\t<div class=\"elementor-toc__spinner-container\">\n\t\t\t\t<i class=\"elementor-toc__spinner eicon-animation-spin eicon-loading\" aria-hidden=\"true\"><\/i>\t\t\t<\/div>\n\t\t<\/div>\n\t\t\t\t\t\t<\/div>\n\t\t\t\t<\/div>\n\t\t\t\t<div class=\"elementor-element elementor-element-181da155 elementor-widget elementor-widget-heading\" data-id=\"181da155\" data-element_type=\"widget\" data-e-type=\"widget\" data-widget_type=\"heading.default\">\n\t\t\t\t<div class=\"elementor-widget-container\">\n\t\t\t\t\t<h2 class=\"elementor-heading-title elementor-size-default\">Qu'est-ce que le Bobsleigh de Pr\u00e9 la Joux et comment fonctionne-t-il \u00e0 Ch\u00e2tel<\/h2>\t\t\t\t<\/div>\n\t\t\t\t<\/div>\n\t\t\t\t<div class=\"elementor-element elementor-element-6ad75493 elementor-widget elementor-widget-text-editor\" data-id=\"6ad75493\" data-element_type=\"widget\" data-e-type=\"widget\" data-widget_type=\"text-editor.default\">\n\t\t\t\t<div class=\"elementor-widget-container\">\n\t\t\t\t\t\t\t\t\t<p>La luge d&#8217;\u00e9t\u00e9, \u00e9galement appel\u00e9e <em>summer tobogganing<\/em> en anglais, est une activit\u00e9 \u00e0 la fois excitante et facile \u00e0 pratiquer. C&#8217;est une fa\u00e7on amusante de d\u00e9couvrir les magnifiques paysages alpins de Ch\u00e2tel lors d&#8217;une descente \u00e0 vive allure dans les collines.<\/p><p>Qu&#8217;est-ce que la <strong>luge d&#8217;\u00e9t\u00e9 \u00e0 Ch\u00e2tel<\/strong> ? Il s&#8217;agit de monter sur une luge qui glisse sur une piste m\u00e9tallique construite \u00e0 flanc de montagne. Chaque luge est \u00e9quip\u00e9e d&#8217;un frein \u00e0 main qui vous permet de contr\u00f4ler votre vitesse pendant que vous d\u00e9valez les virages et les lignes droites. Que vous pr\u00e9f\u00e9riez descendre lentement pour vous impr\u00e9gner de la vue \u00e0 couper le souffle ou que vous pr\u00e9f\u00e9riez descendre \u00e0 toute vitesse pour une mont\u00e9e d&#8217;adr\u00e9naline, la luge d&#8217;\u00e9t\u00e9 vous met \u00e0 la place du conducteur. Les luges sont \u00e9quip\u00e9es de freins et de ceintures de s\u00e9curit\u00e9, ce qui garantit une descente en toute s\u00e9curit\u00e9 pour tout le monde. Pour les plus jeunes, des luges \u00e0 deux places sont disponibles afin qu&#8217;ils puissent monter avec un adulte.<\/p>\t\t\t\t\t\t\t\t<\/div>\n\t\t\t\t<\/div>\n\t\t\t\t\t<\/div>\n\t\t<\/div>\n\t\t\t\t\t<\/div>\n\t\t<\/section>\n\t\t\t\t<section class=\"elementor-section elementor-top-section elementor-element elementor-element-1c57b15e elementor-section-boxed elementor-section-height-default elementor-section-height-default\" data-id=\"1c57b15e\" data-element_type=\"section\" data-e-type=\"section\">\n\t\t\t\t\t\t<div class=\"elementor-container elementor-column-gap-default\">\n\t\t\t\t\t<div class=\"elementor-column elementor-col-100 elementor-top-column elementor-element elementor-element-2bb7bd89\" data-id=\"2bb7bd89\" data-element_type=\"column\" data-e-type=\"column\">\n\t\t\t<div class=\"elementor-widget-wrap elementor-element-populated\">\n\t\t\t\t\t\t<div class=\"elementor-element elementor-element-1ed108ef elementor-widget elementor-widget-heading\" data-id=\"1ed108ef\" data-element_type=\"widget\" data-e-type=\"widget\" data-widget_type=\"heading.default\">\n\t\t\t\t<div class=\"elementor-widget-container\">\n\t\t\t\t\t<h3 class=\"elementor-heading-title elementor-size-default\">Particularit\u00e9s de la piste de luge de Ch\u00e2tel<\/h3>\t\t\t\t<\/div>\n\t\t\t\t<\/div>\n\t\t\t\t<div class=\"elementor-element elementor-element-7f9816c5 elementor-widget elementor-widget-text-editor\" data-id=\"7f9816c5\" data-element_type=\"widget\" data-e-type=\"widget\" data-widget_type=\"text-editor.default\">\n\t\t\t\t<div class=\"elementor-widget-container\">\n\t\t\t\t\t\t\t\t\t<p>La piste de <strong>luge d&#8217;\u00e9t\u00e9 de Ch\u00e2tel<\/strong> s&#8217;\u00e9tend sur environ 650 m\u00e8tres. Elle se faufile dans des paysages alpins pittoresques et traverse la r\u00e9gion de <strong>Pr\u00e9-la-Joux<\/strong>. Pour monter, un tapis roulant vous emm\u00e8ne avec les luges jusqu&#8217;au point de d\u00e9part. De l\u00e0, vous entamez la descente. Cette exp\u00e9rience est id\u00e9ale pour les familles ou les groupes plus importants, car elle est accessible. Cela signifie qu&#8217;elle convient \u00e0 tous les \u00e2ges, des enfants t\u00e9m\u00e9raires aux grands-parents.<\/p><p><strong>La luge d&#8217;\u00e9t\u00e9 \u00e0 Ch\u00e2tel<\/strong> combine parfaitement l&#8217;aventure et la nature. Imaginez que vous glissez sur le flanc de la montagne, en admirant les vues imprenables du paysage estival de Ch\u00e2tel.<\/p>\t\t\t\t\t\t\t\t<\/div>\n\t\t\t\t<\/div>\n\t\t\t\t\t<\/div>\n\t\t<\/div>\n\t\t\t\t\t<\/div>\n\t\t<\/section>\n\t\t\t\t<section class=\"elementor-section elementor-top-section elementor-element elementor-element-cd6116a elementor-section-boxed elementor-section-height-default elementor-section-height-default\" data-id=\"cd6116a\" data-element_type=\"section\" data-e-type=\"section\">\n\t\t\t\t\t\t<div class=\"elementor-container elementor-column-gap-default\">\n\t\t\t\t\t<div class=\"elementor-column elementor-col-100 elementor-top-column elementor-element elementor-element-a8d7992\" data-id=\"a8d7992\" data-element_type=\"column\" data-e-type=\"column\">\n\t\t\t<div class=\"elementor-widget-wrap elementor-element-populated\">\n\t\t\t\t\t\t<div class=\"elementor-element elementor-element-299d885 elementor-widget elementor-widget-image\" data-id=\"299d885\" data-element_type=\"widget\" data-e-type=\"widget\" data-widget_type=\"image.default\">\n\t\t\t\t<div class=\"elementor-widget-container\">\n\t\t\t\t\t\t\t\t\t\t\t\t\t\t\t<img fetchpriority=\"high\" decoding=\"async\" width=\"1183\" height=\"591\" src=\"https:\/\/www.alpvisionresidences.com\/blog\/wp-content\/uploads\/2024\/12\/Bobsled-of-Pre-la-Joux.jpg\" class=\"attachment-full size-full wp-image-12281\" alt=\"bobsled of pre la joux\" srcset=\"https:\/\/www.alpvisionresidences.com\/blog\/wp-content\/uploads\/2024\/12\/Bobsled-of-Pre-la-Joux.jpg 1183w, https:\/\/www.alpvisionresidences.com\/blog\/wp-content\/uploads\/2024\/12\/Bobsled-of-Pre-la-Joux-768x384.jpg 768w\" sizes=\"(max-width: 1183px) 100vw, 1183px\" \/>\t\t\t\t\t\t\t\t\t\t\t\t\t\t\t<\/div>\n\t\t\t\t<\/div>\n\t\t\t\t\t<\/div>\n\t\t<\/div>\n\t\t\t\t\t<\/div>\n\t\t<\/section>\n\t\t\t\t<section class=\"elementor-section elementor-top-section elementor-element elementor-element-374b12f elementor-section-boxed elementor-section-height-default elementor-section-height-default\" data-id=\"374b12f\" data-element_type=\"section\" data-e-type=\"section\">\n\t\t\t\t\t\t<div class=\"elementor-container elementor-column-gap-default\">\n\t\t\t\t\t<div class=\"elementor-column elementor-col-100 elementor-top-column elementor-element elementor-element-cd90a19\" data-id=\"cd90a19\" data-element_type=\"column\" data-e-type=\"column\">\n\t\t\t<div class=\"elementor-widget-wrap elementor-element-populated\">\n\t\t\t\t\t\t<div class=\"elementor-element elementor-element-934592d elementor-widget elementor-widget-heading\" data-id=\"934592d\" data-element_type=\"widget\" data-e-type=\"widget\" data-widget_type=\"heading.default\">\n\t\t\t\t<div class=\"elementor-widget-container\">\n\t\t\t\t\t<h2 class=\"elementor-heading-title elementor-size-default\">Horaires et tarifs de la luge d\u2019\u00e9t\u00e9<\/h2>\t\t\t\t<\/div>\n\t\t\t\t<\/div>\n\t\t\t\t<div class=\"elementor-element elementor-element-6129c47 elementor-widget elementor-widget-text-editor\" data-id=\"6129c47\" data-element_type=\"widget\" data-e-type=\"widget\" data-widget_type=\"text-editor.default\">\n\t\t\t\t<div class=\"elementor-widget-container\">\n\t\t\t\t\t\t\t\t\t<p>Le <strong>Bobsleigh de Pr\u00e9 la Joux<\/strong> offre une exp\u00e9rience passionnante de <strong>luge d&#8217;\u00e9t\u00e9 \u00e0 Ch\u00e2tel<\/strong>, parfaite pour les familles et les amateurs de sensations fortes ! Voici ce qu&#8217;il faut savoir sur les horaires et les tarifs :<\/p>\t\t\t\t\t\t\t\t<\/div>\n\t\t\t\t<\/div>\n\t\t\t\t\t<\/div>\n\t\t<\/div>\n\t\t\t\t\t<\/div>\n\t\t<\/section>\n\t\t\t\t<section class=\"elementor-section elementor-top-section elementor-element elementor-element-ca7b816 elementor-section-boxed elementor-section-height-default elementor-section-height-default\" data-id=\"ca7b816\" data-element_type=\"section\" data-e-type=\"section\">\n\t\t\t\t\t\t<div class=\"elementor-container elementor-column-gap-default\">\n\t\t\t\t\t<div class=\"elementor-column elementor-col-50 elementor-top-column elementor-element elementor-element-5fcc335\" data-id=\"5fcc335\" data-element_type=\"column\" data-e-type=\"column\">\n\t\t\t<div class=\"elementor-widget-wrap elementor-element-populated\">\n\t\t\t\t\t\t<div class=\"elementor-element elementor-element-ce9ea4d elementor-widget elementor-widget-text-editor\" data-id=\"ce9ea4d\" data-element_type=\"widget\" data-e-type=\"widget\" data-widget_type=\"text-editor.default\">\n\t\t\t\t<div class=\"elementor-widget-container\">\n\t\t\t\t\t\t\t\t\t<p><strong>Heures d&#8217;ouverture de la luge d&#8217;\u00e9t\u00e9 de Ch\u00e2tel<\/strong><\/p><p>Le bobsleigh fonctionne de mani\u00e8re saisonni\u00e8re et ouvre g\u00e9n\u00e9ralement tous les jours de fin juin \u00e0 d\u00e9but septembre. Les heures de pointe sont l&#8217;apr\u00e8s-midi, surtout le week-end.<\/p><p><strong>Prix :<\/strong><\/p><p>1 descente : 5,30 \u20ac<br \/>3 descentes (+1 descente libre) : 15,90 \u20ac<br \/>5 descentes (+2 descentes libres) : 26,50 \u20ac<\/p><p>10% de r\u00e9duction avec la carte Multi-Pass des Portes du Soleil Multi.<\/p>\t\t\t\t\t\t\t\t<\/div>\n\t\t\t\t<\/div>\n\t\t\t\t\t<\/div>\n\t\t<\/div>\n\t\t\t\t<div class=\"elementor-column elementor-col-50 elementor-top-column elementor-element elementor-element-757a83b\" data-id=\"757a83b\" data-element_type=\"column\" data-e-type=\"column\">\n\t\t\t<div class=\"elementor-widget-wrap elementor-element-populated\">\n\t\t\t\t\t\t<div class=\"elementor-element elementor-element-533e7e4 elementor-widget elementor-widget-google_maps\" data-id=\"533e7e4\" data-element_type=\"widget\" data-e-type=\"widget\" data-widget_type=\"google_maps.default\">\n\t\t\t\t<div class=\"elementor-widget-container\">\n\t\t\t\t\t\t\t<div class=\"elementor-custom-embed\">\n\t\t\t<iframe loading=\"lazy\"\n\t\t\t\t\tsrc=\"https:\/\/maps.google.com\/maps?q=4172%20Rte%20de%20Pr%C3%A9%20la%20Joux%2C%2074390%20Ch%C3%A2tel%2C%20Francia&#038;t=m&#038;z=15&#038;output=embed&#038;iwloc=near\"\n\t\t\t\t\ttitle=\"4172 Rte de Pr\u00e9 la Joux, 74390 Ch\u00e2tel, Francia\"\n\t\t\t\t\taria-label=\"4172 Rte de Pr\u00e9 la Joux, 74390 Ch\u00e2tel, Francia\"\n\t\t\t><\/iframe>\n\t\t<\/div>\n\t\t\t\t\t\t<\/div>\n\t\t\t\t<\/div>\n\t\t\t\t\t<\/div>\n\t\t<\/div>\n\t\t\t\t\t<\/div>\n\t\t<\/section>\n\t\t\t\t<section class=\"elementor-section elementor-top-section elementor-element elementor-element-2801167 elementor-section-boxed elementor-section-height-default elementor-section-height-default\" data-id=\"2801167\" data-element_type=\"section\" data-e-type=\"section\">\n\t\t\t\t\t\t<div class=\"elementor-container elementor-column-gap-default\">\n\t\t\t\t\t<div class=\"elementor-column elementor-col-100 elementor-top-column elementor-element elementor-element-213b2cd\" data-id=\"213b2cd\" data-element_type=\"column\" data-e-type=\"column\">\n\t\t\t<div class=\"elementor-widget-wrap elementor-element-populated\">\n\t\t\t\t\t\t<div class=\"elementor-element elementor-element-5d6690a elementor-widget elementor-widget-text-editor\" data-id=\"5d6690a\" data-element_type=\"widget\" data-e-type=\"widget\" data-widget_type=\"text-editor.default\">\n\t\t\t\t<div class=\"elementor-widget-container\">\n\t\t\t\t\t\t\t\t\t<h3><strong>Conseils en mati\u00e8re de r\u00e9servation<\/strong><\/h3><ul><li>Les billets sont en vente sur place. En arrivant \u00e0 l&#8217;avance, vous \u00e9viterez les longues files d&#8217;attente, surtout aux heures de pointe.<\/li><li>Si vous pr\u00e9voyez une visite en groupe, nous vous recommandons de r\u00e9server \u00e0 l&#8217;avance pour vous assurer de la disponibilit\u00e9 des billets et de la possibilit\u00e9 d&#8217;obtenir une r\u00e9duction de groupe.<\/li><\/ul>\t\t\t\t\t\t\t\t<\/div>\n\t\t\t\t<\/div>\n\t\t\t\t\t<\/div>\n\t\t<\/div>\n\t\t\t\t\t<\/div>\n\t\t<\/section>\n\t\t\t\t<section class=\"elementor-section elementor-top-section elementor-element elementor-element-8d3bb14 elementor-section-boxed elementor-section-height-default elementor-section-height-default\" data-id=\"8d3bb14\" data-element_type=\"section\" data-e-type=\"section\">\n\t\t\t\t\t\t<div class=\"elementor-container elementor-column-gap-default\">\n\t\t\t\t\t<div class=\"elementor-column elementor-col-100 elementor-top-column elementor-element elementor-element-2d94bb3\" data-id=\"2d94bb3\" data-element_type=\"column\" data-e-type=\"column\">\n\t\t\t<div class=\"elementor-widget-wrap\">\n\t\t\t\t\t\t\t<\/div>\n\t\t<\/div>\n\t\t\t\t\t<\/div>\n\t\t<\/section>\n\t\t\t\t<section class=\"elementor-section elementor-top-section elementor-element elementor-element-44c27fc elementor-section-boxed elementor-section-height-default elementor-section-height-default\" data-id=\"44c27fc\" data-element_type=\"section\" data-e-type=\"section\">\n\t\t\t\t\t\t<div class=\"elementor-container elementor-column-gap-default\">\n\t\t\t\t\t<div class=\"elementor-column elementor-col-100 elementor-top-column elementor-element elementor-element-c9dd370\" data-id=\"c9dd370\" data-element_type=\"column\" data-e-type=\"column\">\n\t\t\t<div class=\"elementor-widget-wrap elementor-element-populated\">\n\t\t\t\t\t\t<div class=\"elementor-element elementor-element-306a8ae elementor-widget elementor-widget-image\" data-id=\"306a8ae\" data-element_type=\"widget\" data-e-type=\"widget\" data-widget_type=\"image.default\">\n\t\t\t\t<div class=\"elementor-widget-container\">\n\t\t\t\t\t\t\t\t\t\t\t\t\t\t\t<img decoding=\"async\" width=\"1200\" height=\"600\" src=\"https:\/\/www.alpvisionresidences.com\/blog\/wp-content\/uploads\/2024\/12\/luge-dete-chatel.jpg\" class=\"attachment-full size-full wp-image-12285\" alt=\"luge-ete-chatel\" srcset=\"https:\/\/www.alpvisionresidences.com\/blog\/wp-content\/uploads\/2024\/12\/luge-dete-chatel.jpg 1200w, https:\/\/www.alpvisionresidences.com\/blog\/wp-content\/uploads\/2024\/12\/luge-dete-chatel-768x384.jpg 768w\" sizes=\"(max-width: 1200px) 100vw, 1200px\" \/>\t\t\t\t\t\t\t\t\t\t\t\t\t\t\t<\/div>\n\t\t\t\t<\/div>\n\t\t\t\t\t<\/div>\n\t\t<\/div>\n\t\t\t\t\t<\/div>\n\t\t<\/section>\n\t\t\t\t<section class=\"elementor-section elementor-top-section elementor-element elementor-element-cdb0154 elementor-section-boxed elementor-section-height-default elementor-section-height-default\" data-id=\"cdb0154\" data-element_type=\"section\" data-e-type=\"section\">\n\t\t\t\t\t\t<div class=\"elementor-container elementor-column-gap-default\">\n\t\t\t\t\t<div class=\"elementor-column elementor-col-100 elementor-top-column elementor-element elementor-element-dfc6c62\" data-id=\"dfc6c62\" data-element_type=\"column\" data-e-type=\"column\">\n\t\t\t<div class=\"elementor-widget-wrap elementor-element-populated\">\n\t\t\t\t\t\t<div class=\"elementor-element elementor-element-dc58bd9 elementor-widget elementor-widget-heading\" data-id=\"dc58bd9\" data-element_type=\"widget\" data-e-type=\"widget\" data-widget_type=\"heading.default\">\n\t\t\t\t<div class=\"elementor-widget-container\">\n\t\t\t\t\t<h2 class=\"elementor-heading-title elementor-size-default\">Conseils pour profiter pleinement du bobsleigh de Pr\u00e9 la Joux \u00e0 Ch\u00e2tel<\/h2>\t\t\t\t<\/div>\n\t\t\t\t<\/div>\n\t\t\t\t<div class=\"elementor-element elementor-element-d8d219b elementor-widget elementor-widget-text-editor\" data-id=\"d8d219b\" data-element_type=\"widget\" data-e-type=\"widget\" data-widget_type=\"text-editor.default\">\n\t\t\t\t<div class=\"elementor-widget-container\">\n\t\t\t\t\t\t\t\t\t<p>Pour maximiser le plaisir, familiarisez-vous avec la luge avant d&#8217;entamer la descente. Lors de votre premi\u00e8re descente, allez-y doucement pour vous familiariser avec le fonctionnement des freins \u00e0 main et la vitesse qui vous convient le mieux. Une fois que vous serez \u00e0 l&#8217;aise pour man\u0153uvrer la luge, vous pourrez aller plus vite et profiter des sensations fortes !<\/p><p>Le choix du moment de votre visite constitue un autre facteur important qui peut conditionner votre exp\u00e9rience. En semaine et t\u00f4t le matin, il y a moins de monde. Les temps d&#8217;attente sont donc plus courts, ce qui vous permet de profiter d&#8217;un plus grand nombre de descentes.<\/p><p>Pour une visite en famille, pensez \u00e0 coupler cette activit\u00e9 avec une autre activit\u00e9 en plein air. Il existe de nombreux itin\u00e9raires de randonn\u00e9e dans les environs et un pique-nique vous permettra de passer une agr\u00e9able journ\u00e9e \u00e0 faire de la <strong>luge d&#8217;\u00e9t\u00e9 \u00e0 Ch\u00e2tel<\/strong>.<\/p>\t\t\t\t\t\t\t\t<\/div>\n\t\t\t\t<\/div>\n\t\t\t\t\t<\/div>\n\t\t<\/div>\n\t\t\t\t\t<\/div>\n\t\t<\/section>\n\t\t\t\t<section class=\"elementor-section elementor-top-section elementor-element elementor-element-c4e37d3 elementor-section-boxed elementor-section-height-default elementor-section-height-default\" data-id=\"c4e37d3\" data-element_type=\"section\" data-e-type=\"section\">\n\t\t\t\t\t\t<div class=\"elementor-container elementor-column-gap-default\">\n\t\t\t\t\t<div class=\"elementor-column elementor-col-100 elementor-top-column elementor-element elementor-element-ebf4eb5\" data-id=\"ebf4eb5\" data-element_type=\"column\" data-e-type=\"column\">\n\t\t\t<div class=\"elementor-widget-wrap elementor-element-populated\">\n\t\t\t\t\t\t<div class=\"elementor-element elementor-element-eb26158 elementor-widget elementor-widget-heading\" data-id=\"eb26158\" data-element_type=\"widget\" data-e-type=\"widget\" data-widget_type=\"heading.default\">\n\t\t\t\t<div class=\"elementor-widget-container\">\n\t\t\t\t\t<h2 class=\"elementor-heading-title elementor-size-default\">Autres activit\u00e9s ludiques \u00e0 Ch\u00e2tel<\/h2>\t\t\t\t<\/div>\n\t\t\t\t<\/div>\n\t\t\t\t<div class=\"elementor-element elementor-element-1d978a3 elementor-widget elementor-widget-text-editor\" data-id=\"1d978a3\" data-element_type=\"widget\" data-e-type=\"widget\" data-widget_type=\"text-editor.default\">\n\t\t\t\t<div class=\"elementor-widget-container\">\n\t\t\t\t\t\t\t\t\t<p>Ch\u00e2tel est l&#8217;un des meilleurs endroits \u00e0 visiter pour les amateurs d&#8217;aventure. La ville propose un large \u00e9ventail d&#8217;activit\u00e9s qui s&#8217;adressent \u00e0 tous les \u00e2ges et \u00e0 tous les centres d&#8217;int\u00e9r\u00eat. Outre la <strong>luge d&#8217;\u00e9t\u00e9 \u00e0 Ch\u00e2tel<\/strong>, voici d&#8217;autres activit\u00e9s \u00e0 ne pas manquer dans la r\u00e9gion pour profiter de vos <a href=\"https:\/\/www.alpvisionresidences.com\/blog\/summer-holidays-in-the-alps\/\">vacances d&#8217;\u00e9t\u00e9 dans les Alpes<\/a>.<\/p><h3><strong>Randonn\u00e9e et v\u00e9lo<\/strong><\/h3><p>Dans le domaine des Portes du Soleil, Ch\u00e2tel dispose d&#8217;un vaste r\u00e9seau de sentiers adapt\u00e9s aux randonneurs et aux VTT. Les 17 sentiers panoramiques de la r\u00e9gion proposent diff\u00e9rents itin\u00e9raires, allant des promenades tranquilles aux randonn\u00e9es plus exigeantes. Les v\u00e9t\u00e9tistes peuvent profiter du <a href=\"https:\/\/www.alpvisionresidences.com\/blog\/chatel-bike-park\/\">Ch\u00e2tel Bike Park<\/a>, qui compte 20 pistes con\u00e7ues pour tous les niveaux. Il est accessible par les t\u00e9l\u00e9si\u00e8ges de <strong>Pierre-Longue<\/strong> et des <strong>Rochassons<\/strong>.<\/p><h3><strong>Parcs aquatiques et Lacs<\/strong><\/h3><p>Parfait pour l&#8217;\u00e9t\u00e9, le <strong>lac de Vonnes <\/strong>est propice \u00e0 la d\u00e9tente et au pique-nique. La beaut\u00e9 du cadre du lac en fait un endroit id\u00e9al pour se d\u00e9tendre. De plus, le <strong>centre aquatique Forme d&#8217;O<\/strong>, situ\u00e9 au centre du village, dispose de piscines int\u00e9rieures et ext\u00e9rieures avec une vue imprenable sur les montagnes et d&#8217;un centre de bien-\u00eatre comprenant des saunas et des hammams.<\/p><h3><strong>Tyrolienne<\/strong><\/h3><p>Si vous \u00eates \u00e0 la recherche d&#8217;un peu plus de sensations fortes, le <a href=\"https:\/\/www.alpvisionresidences.com\/blog\/fantasticable-chatel\/\">Fantasticable<\/a> vous propose une exp\u00e9rience unique en tyrolienne. Attach\u00e9 \u00e0 un harnais, vous survolez le hameau de <strong>Plaine Dranse<\/strong> \u00e0 grande vitesse et culminez \u00e0 240 m\u00e8tres au-dessus du sol.<\/p>\t\t\t\t\t\t\t\t<\/div>\n\t\t\t\t<\/div>\n\t\t\t\t\t<\/div>\n\t\t<\/div>\n\t\t\t\t\t<\/div>\n\t\t<\/section>\n\t\t\t\t<section class=\"elementor-section elementor-top-section elementor-element elementor-element-c9ed144 elementor-section-boxed elementor-section-height-default elementor-section-height-default\" data-id=\"c9ed144\" data-element_type=\"section\" data-e-type=\"section\">\n\t\t\t\t\t\t<div class=\"elementor-container elementor-column-gap-default\">\n\t\t\t\t\t<div class=\"elementor-column elementor-col-100 elementor-top-column elementor-element elementor-element-b26e10b\" data-id=\"b26e10b\" data-element_type=\"column\" data-e-type=\"column\">\n\t\t\t<div class=\"elementor-widget-wrap elementor-element-populated\">\n\t\t\t\t\t\t<div class=\"elementor-element elementor-element-4a7cd8b elementor-widget elementor-widget-image\" data-id=\"4a7cd8b\" data-element_type=\"widget\" data-e-type=\"widget\" data-widget_type=\"image.default\">\n\t\t\t\t<div class=\"elementor-widget-container\">\n\t\t\t\t\t\t\t\t\t\t\t\t\t\t\t<img decoding=\"async\" src=\"https:\/\/www.alpvisionresidences.com\/blog\/wp-content\/uploads\/elementor\/thumbs\/Bobsled-of-Pre-la-Joux-Chatel-1-qy9f8885ezb4phlsv6wl9abkwi97p73n87n022lk6o.jpg\" title=\"Bobsled-of-Pre-la-Joux-Chatel-1\" alt=\"Bobsled-of-Pre-la-Joux-Chatel-1\" loading=\"lazy\" \/>\t\t\t\t\t\t\t\t\t\t\t\t\t\t\t<\/div>\n\t\t\t\t<\/div>\n\t\t\t\t\t<\/div>\n\t\t<\/div>\n\t\t\t\t\t<\/div>\n\t\t<\/section>\n\t\t\t\t<section class=\"elementor-section elementor-top-section elementor-element elementor-element-e99cc81 elementor-section-boxed elementor-section-height-default elementor-section-height-default\" data-id=\"e99cc81\" data-element_type=\"section\" data-e-type=\"section\">\n\t\t\t\t\t\t<div class=\"elementor-container elementor-column-gap-default\">\n\t\t\t\t\t<div class=\"elementor-column elementor-col-100 elementor-top-column elementor-element elementor-element-3b12aa5\" data-id=\"3b12aa5\" data-element_type=\"column\" data-e-type=\"column\">\n\t\t\t<div class=\"elementor-widget-wrap elementor-element-populated\">\n\t\t\t\t\t\t<div class=\"elementor-element elementor-element-5b51051 elementor-widget elementor-widget-heading\" data-id=\"5b51051\" data-element_type=\"widget\" data-e-type=\"widget\" data-widget_type=\"heading.default\">\n\t\t\t\t<div class=\"elementor-widget-container\">\n\t\t\t\t\t<h2 class=\"elementor-heading-title elementor-size-default\">Ce qu'il faut apporter pour une visite inoubliable<\/h2>\t\t\t\t<\/div>\n\t\t\t\t<\/div>\n\t\t\t\t<div class=\"elementor-element elementor-element-e70f090 elementor-widget elementor-widget-text-editor\" data-id=\"e70f090\" data-element_type=\"widget\" data-e-type=\"widget\" data-widget_type=\"text-editor.default\">\n\t\t\t\t<div class=\"elementor-widget-container\">\n\t\t\t\t\t\t\t\t\t<ul><li>Des v\u00eatements confortables et des chaussures ferm\u00e9es pour les descentes en luge et les randonn\u00e9es.<\/li><li>De la cr\u00e8me solaire, un chapeau et des lunettes de soleil.<\/li><li>Des collations et des bouteilles d&#8217;eau pour rester en forme et s&#8217;hydrater.<\/li><li>Un v\u00eatement de pluie (par exemple, une veste l\u00e9g\u00e8re) pour les changements de temps impr\u00e9vus.<\/li><li>Un \u00e9quipement appropri\u00e9 tel que des chaussures de randonn\u00e9e ou un \u00e9quipement pour le v\u00e9lo si vous pr\u00e9voyez de combiner la luge d&#8217;\u00e9t\u00e9 avec d&#8217;autres activit\u00e9s ext\u00e9rieures.<\/li><\/ul>\t\t\t\t\t\t\t\t<\/div>\n\t\t\t\t<\/div>\n\t\t\t\t\t<\/div>\n\t\t<\/div>\n\t\t\t\t\t<\/div>\n\t\t<\/section>\n\t\t\t\t<section class=\"elementor-section elementor-top-section elementor-element elementor-element-cb50ec9 elementor-section-boxed elementor-section-height-default elementor-section-height-default\" data-id=\"cb50ec9\" data-element_type=\"section\" data-e-type=\"section\">\n\t\t\t\t\t\t<div class=\"elementor-container elementor-column-gap-default\">\n\t\t\t\t\t<div class=\"elementor-column elementor-col-100 elementor-top-column elementor-element elementor-element-dd6b9ae\" data-id=\"dd6b9ae\" data-element_type=\"column\" data-e-type=\"column\">\n\t\t\t<div class=\"elementor-widget-wrap elementor-element-populated\">\n\t\t\t\t\t\t<div class=\"elementor-element elementor-element-25c89c6 elementor-widget elementor-widget-heading\" data-id=\"25c89c6\" data-element_type=\"widget\" data-e-type=\"widget\" data-widget_type=\"heading.default\">\n\t\t\t\t<div class=\"elementor-widget-container\">\n\t\t\t\t\t<h2 class=\"elementor-heading-title elementor-size-default\">Pourquoi Ch\u00e2tel devrait \u00eatre votre prochaine escale estivale<\/h2>\t\t\t\t<\/div>\n\t\t\t\t<\/div>\n\t\t\t\t<div class=\"elementor-element elementor-element-8b3076e elementor-widget elementor-widget-text-editor\" data-id=\"8b3076e\" data-element_type=\"widget\" data-e-type=\"widget\" data-widget_type=\"text-editor.default\">\n\t\t\t\t<div class=\"elementor-widget-container\">\n\t\t\t\t\t\t\t\t\t<p>Ch\u00e2tel est un paradis estival qui allie parfaitement l&#8217;aventure, la d\u00e9tente et les panoramas alpins. Des sensations fortes de la luge d&#8217;\u00e9t\u00e9 aux lacs et \u00e0 la tyrolienne, vous ne vous ennuierez pas une seconde. Que vous voyagiez en famille, en groupe d&#8217;amis ou seul, vous vous forgerez des souvenirs inoubliables \u00e0 Ch\u00e2tel.<\/p><p>Pour rendre votre visite encore plus sp\u00e9ciale, faites confiance \u00e0 <a href=\"https:\/\/www.alpvisionresidences.com\/fr\/\">Alpvision Residences<\/a> pour votre h\u00e9bergement. Avec des propri\u00e9t\u00e9s confortables et bien situ\u00e9es, vous disposerez d&#8217;un lieu de s\u00e9jour id\u00e9al pour d\u00e9couvrir Ch\u00e2tel et toutes ses incroyables activit\u00e9s.<\/p>\t\t\t\t\t\t\t\t<\/div>\n\t\t\t\t<\/div>\n\t\t\t\t\t<\/div>\n\t\t<\/div>\n\t\t\t\t\t<\/div>\n\t\t<\/section>\n\t\t\t\t<section class=\"elementor-section elementor-top-section elementor-element elementor-element-551577b4 elementor-section-boxed elementor-section-height-default elementor-section-height-default\" data-id=\"551577b4\" data-element_type=\"section\" data-e-type=\"section\">\n\t\t\t\t\t\t<div class=\"elementor-container elementor-column-gap-default\">\n\t\t\t\t\t<div class=\"elementor-column elementor-col-100 elementor-top-column elementor-element elementor-element-596dc287\" data-id=\"596dc287\" data-element_type=\"column\" data-e-type=\"column\">\n\t\t\t<div class=\"elementor-widget-wrap elementor-element-populated\">\n\t\t\t\t\t\t<div class=\"elementor-element elementor-element-33c21e1b elementor-widget elementor-widget-shortcode\" data-id=\"33c21e1b\" data-element_type=\"widget\" data-e-type=\"widget\" data-widget_type=\"shortcode.default\">\n\t\t\t\t<div class=\"elementor-widget-container\">\n\t\t\t\t\t\t\t<div class=\"elementor-shortcode\">\t\t<div data-elementor-type=\"section\" data-elementor-id=\"11410\" class=\"elementor elementor-11410\" data-elementor-post-type=\"elementor_library\">\n\t\t\t\t\t<section class=\"elementor-section elementor-top-section elementor-element elementor-element-49a832d7 elementor-section-boxed elementor-section-height-default elementor-section-height-default\" data-id=\"49a832d7\" data-element_type=\"section\" data-e-type=\"section\">\n\t\t\t\t\t\t<div class=\"elementor-container elementor-column-gap-default\">\n\t\t\t\t\t<div class=\"elementor-column elementor-col-33 elementor-top-column elementor-element elementor-element-3299fb9c\" data-id=\"3299fb9c\" data-element_type=\"column\" data-e-type=\"column\">\n\t\t\t<div class=\"elementor-widget-wrap elementor-element-populated\">\n\t\t\t\t\t\t<div class=\"elementor-element elementor-element-2e05c88b elementor-align-center elementor-widget elementor-widget-button\" data-id=\"2e05c88b\" data-element_type=\"widget\" data-e-type=\"widget\" data-widget_type=\"button.default\">\n\t\t\t\t<div class=\"elementor-widget-container\">\n\t\t\t\t\t\t\t\t\t<div class=\"elementor-button-wrapper\">\n\t\t\t\t\t<a class=\"elementor-button elementor-button-link elementor-size-lg\" href=\"https:\/\/www.alpvisionresidences.com\/fr\/location\/locations-chatel-d35164\/\">\n\t\t\t\t\t\t<span class=\"elementor-button-content-wrapper\">\n\t\t\t\t\t\t\t\t\t<span class=\"elementor-button-text\">Logements \u00e0 Ch\u00e2tel<\/span>\n\t\t\t\t\t<\/span>\n\t\t\t\t\t<\/a>\n\t\t\t\t<\/div>\n\t\t\t\t\t\t\t\t<\/div>\n\t\t\t\t<\/div>\n\t\t\t\t\t<\/div>\n\t\t<\/div>\n\t\t\t\t<div class=\"elementor-column elementor-col-33 elementor-top-column elementor-element elementor-element-72ed62f7\" data-id=\"72ed62f7\" data-element_type=\"column\" data-e-type=\"column\">\n\t\t\t<div class=\"elementor-widget-wrap elementor-element-populated\">\n\t\t\t\t\t\t<div class=\"elementor-element elementor-element-4ac6ccda elementor-align-center elementor-widget elementor-widget-button\" data-id=\"4ac6ccda\" data-element_type=\"widget\" data-e-type=\"widget\" data-widget_type=\"button.default\">\n\t\t\t\t<div class=\"elementor-widget-container\">\n\t\t\t\t\t\t\t\t\t<div class=\"elementor-button-wrapper\">\n\t\t\t\t\t<a class=\"elementor-button elementor-button-link elementor-size-lg\" href=\"https:\/\/www.alpvisionresidences.com\/fr\/location\/appartements-chatel-c1d35164\/\">\n\t\t\t\t\t\t<span class=\"elementor-button-content-wrapper\">\n\t\t\t\t\t\t\t\t\t<span class=\"elementor-button-text\">Appartements \u00e0 Ch\u00e2tel<\/span>\n\t\t\t\t\t<\/span>\n\t\t\t\t\t<\/a>\n\t\t\t\t<\/div>\n\t\t\t\t\t\t\t\t<\/div>\n\t\t\t\t<\/div>\n\t\t\t\t\t<\/div>\n\t\t<\/div>\n\t\t\t\t<div class=\"elementor-column elementor-col-33 elementor-top-column elementor-element elementor-element-73bb3f8c\" data-id=\"73bb3f8c\" data-element_type=\"column\" data-e-type=\"column\">\n\t\t\t<div class=\"elementor-widget-wrap elementor-element-populated\">\n\t\t\t\t\t\t<div class=\"elementor-element elementor-element-4b45603d elementor-align-center elementor-widget elementor-widget-button\" data-id=\"4b45603d\" data-element_type=\"widget\" data-e-type=\"widget\" data-widget_type=\"button.default\">\n\t\t\t\t<div class=\"elementor-widget-container\">\n\t\t\t\t\t\t\t\t\t<div class=\"elementor-button-wrapper\">\n\t\t\t\t\t<a class=\"elementor-button elementor-button-link elementor-size-lg\" href=\"https:\/\/www.alpvisionresidences.com\/fr\/location\/chalets-chatel-c20d35164\/\">\n\t\t\t\t\t\t<span class=\"elementor-button-content-wrapper\">\n\t\t\t\t\t\t\t\t\t<span class=\"elementor-button-text\">Chalets \u00e0 Ch\u00e2tel<\/span>\n\t\t\t\t\t<\/span>\n\t\t\t\t\t<\/a>\n\t\t\t\t<\/div>\n\t\t\t\t\t\t\t\t<\/div>\n\t\t\t\t<\/div>\n\t\t\t\t\t<\/div>\n\t\t<\/div>\n\t\t\t\t\t<\/div>\n\t\t<\/section>\n\t\t\t\t<\/div>\n\t\t<\/div>\n\t\t\t\t\t\t<\/div>\n\t\t\t\t<\/div>\n\t\t\t\t\t<\/div>\n\t\t<\/div>\n\t\t\t\t\t<\/div>\n\t\t<\/section>\n\t\t\t\t<\/div>\n\t\t","protected":false},"excerpt":{"rendered":"<p>Au c\u0153ur du domaine skiable des Portes du Soleil, Ch\u00e2tel est une ville alpine incontournable, connue pour ses vues \u00e9poustouflantes&#8230;<\/p>\n","protected":false},"author":3,"featured_media":12448,"comment_status":"open","ping_status":"open","sticky":false,"template":"","format":"standard","meta":{"footnotes":""},"categories":[48,411,454,469],"tags":[],"class_list":["post-12390","post","type-post","status-publish","format-standard","has-post-thumbnail","hentry","category-activites-en-france","category-alpes-francaises","category-chatel-fr","category-ete"],"yoast_head":"<!-- This site is optimized with the Yoast SEO plugin v27.4 - https:\/\/yoast.com\/product\/yoast-seo-wordpress\/ -->\n<title>Le bobsleigh de Pr\u00e9 la Joux \u00e0 Ch\u00e2tel - Get Inspired<\/title>\n<meta name=\"description\" content=\"Amusez-vous au bobsleigh Pr\u00e9 la Joux. Vivez les sensations de la glisse et profitez des paysages hivernaux.\" \/>\n<meta name=\"robots\" content=\"index, follow, max-snippet:-1, max-image-preview:large, max-video-preview:-1\" \/>\n<link rel=\"canonical\" href=\"https:\/\/www.alpvisionresidences.com\/blog\/fr\/bobsleigh-pre-la-joux\/\" \/>\n<meta property=\"og:locale\" content=\"fr_FR\" \/>\n<meta property=\"og:type\" content=\"article\" \/>\n<meta property=\"og:title\" content=\"Le bobsleigh de Pr\u00e9 la Joux \u00e0 Ch\u00e2tel - Get Inspired\" \/>\n<meta property=\"og:description\" content=\"Amusez-vous au bobsleigh Pr\u00e9 la Joux. Vivez les sensations de la glisse et profitez des paysages hivernaux.\" \/>\n<meta property=\"og:url\" content=\"https:\/\/www.alpvisionresidences.com\/blog\/fr\/bobsleigh-pre-la-joux\/\" \/>\n<meta property=\"og:site_name\" content=\"Get Inspired\" \/>\n<meta property=\"article:publisher\" content=\"https:\/\/www.facebook.com\/AlpvisionResidences\/\" \/>\n<meta property=\"article:published_time\" content=\"2024-12-20T09:24:44+00:00\" \/>\n<meta property=\"article:modified_time\" content=\"2025-02-20T08:54:22+00:00\" \/>\n<meta property=\"og:image\" content=\"https:\/\/www.alpvisionresidences.com\/blog\/wp-content\/uploads\/2024\/12\/le-bob-luge-9414-2.jpg\" \/>\n\t<meta property=\"og:image:width\" content=\"1920\" \/>\n\t<meta property=\"og:image:height\" content=\"1280\" \/>\n\t<meta property=\"og:image:type\" content=\"image\/jpeg\" \/>\n<meta name=\"author\" content=\"digitalservices\" \/>\n<meta name=\"twitter:card\" content=\"summary_large_image\" \/>\n<meta name=\"twitter:label1\" content=\"Written by\" \/>\n\t<meta name=\"twitter:data1\" content=\"digitalservices\" \/>\n\t<meta name=\"twitter:label2\" content=\"Est. reading time\" \/>\n\t<meta name=\"twitter:data2\" content=\"8 minutes\" \/>\n<script type=\"application\/ld+json\" class=\"yoast-schema-graph\">{\"@context\":\"https:\\\/\\\/schema.org\",\"@graph\":[{\"@type\":\"Article\",\"@id\":\"https:\\\/\\\/www.alpvisionresidences.com\\\/blog\\\/fr\\\/bobsleigh-pre-la-joux\\\/#article\",\"isPartOf\":{\"@id\":\"https:\\\/\\\/www.alpvisionresidences.com\\\/blog\\\/fr\\\/bobsleigh-pre-la-joux\\\/\"},\"author\":{\"name\":\"digitalservices\",\"@id\":\"https:\\\/\\\/www.alpvisionresidences.com\\\/blog\\\/fr\\\/#\\\/schema\\\/person\\\/6e9d17dd9b9dc7fb1f883ab503416e85\"},\"headline\":\"Le bobsleigh de Pr\u00e9 la Joux \u00e0 Ch\u00e2tel\",\"datePublished\":\"2024-12-20T09:24:44+00:00\",\"dateModified\":\"2025-02-20T08:54:22+00:00\",\"mainEntityOfPage\":{\"@id\":\"https:\\\/\\\/www.alpvisionresidences.com\\\/blog\\\/fr\\\/bobsleigh-pre-la-joux\\\/\"},\"wordCount\":1349,\"commentCount\":0,\"publisher\":{\"@id\":\"https:\\\/\\\/www.alpvisionresidences.com\\\/blog\\\/fr\\\/#organization\"},\"image\":{\"@id\":\"https:\\\/\\\/www.alpvisionresidences.com\\\/blog\\\/fr\\\/bobsleigh-pre-la-joux\\\/#primaryimage\"},\"thumbnailUrl\":\"https:\\\/\\\/www.alpvisionresidences.com\\\/blog\\\/wp-content\\\/uploads\\\/2024\\\/12\\\/le-bob-luge-9414-2.jpg\",\"articleSection\":[\"Activit\u00e9s en France\",\"Alpes Fran\u00e7aises\",\"Ch\u00e2tel\",\"\u00c9t\u00e9\"],\"inLanguage\":\"fr\",\"potentialAction\":[{\"@type\":\"CommentAction\",\"name\":\"Comment\",\"target\":[\"https:\\\/\\\/www.alpvisionresidences.com\\\/blog\\\/fr\\\/bobsleigh-pre-la-joux\\\/#respond\"]}]},{\"@type\":\"WebPage\",\"@id\":\"https:\\\/\\\/www.alpvisionresidences.com\\\/blog\\\/fr\\\/bobsleigh-pre-la-joux\\\/\",\"url\":\"https:\\\/\\\/www.alpvisionresidences.com\\\/blog\\\/fr\\\/bobsleigh-pre-la-joux\\\/\",\"name\":\"Le bobsleigh de Pr\u00e9 la Joux \u00e0 Ch\u00e2tel - Get Inspired\",\"isPartOf\":{\"@id\":\"https:\\\/\\\/www.alpvisionresidences.com\\\/blog\\\/fr\\\/#website\"},\"primaryImageOfPage\":{\"@id\":\"https:\\\/\\\/www.alpvisionresidences.com\\\/blog\\\/fr\\\/bobsleigh-pre-la-joux\\\/#primaryimage\"},\"image\":{\"@id\":\"https:\\\/\\\/www.alpvisionresidences.com\\\/blog\\\/fr\\\/bobsleigh-pre-la-joux\\\/#primaryimage\"},\"thumbnailUrl\":\"https:\\\/\\\/www.alpvisionresidences.com\\\/blog\\\/wp-content\\\/uploads\\\/2024\\\/12\\\/le-bob-luge-9414-2.jpg\",\"datePublished\":\"2024-12-20T09:24:44+00:00\",\"dateModified\":\"2025-02-20T08:54:22+00:00\",\"description\":\"Amusez-vous au bobsleigh Pr\u00e9 la Joux. Vivez les sensations de la glisse et profitez des paysages hivernaux.\",\"breadcrumb\":{\"@id\":\"https:\\\/\\\/www.alpvisionresidences.com\\\/blog\\\/fr\\\/bobsleigh-pre-la-joux\\\/#breadcrumb\"},\"inLanguage\":\"fr\",\"potentialAction\":[{\"@type\":\"ReadAction\",\"target\":[\"https:\\\/\\\/www.alpvisionresidences.com\\\/blog\\\/fr\\\/bobsleigh-pre-la-joux\\\/\"]}]},{\"@type\":\"ImageObject\",\"inLanguage\":\"fr\",\"@id\":\"https:\\\/\\\/www.alpvisionresidences.com\\\/blog\\\/fr\\\/bobsleigh-pre-la-joux\\\/#primaryimage\",\"url\":\"https:\\\/\\\/www.alpvisionresidences.com\\\/blog\\\/wp-content\\\/uploads\\\/2024\\\/12\\\/le-bob-luge-9414-2.jpg\",\"contentUrl\":\"https:\\\/\\\/www.alpvisionresidences.com\\\/blog\\\/wp-content\\\/uploads\\\/2024\\\/12\\\/le-bob-luge-9414-2.jpg\",\"width\":1920,\"height\":1280,\"caption\":\"Le Bob Luge \u00e0 Ch\u00e2tel - Portes du Soleil\"},{\"@type\":\"BreadcrumbList\",\"@id\":\"https:\\\/\\\/www.alpvisionresidences.com\\\/blog\\\/fr\\\/bobsleigh-pre-la-joux\\\/#breadcrumb\",\"itemListElement\":[{\"@type\":\"ListItem\",\"position\":1,\"name\":\"Home\",\"item\":\"https:\\\/\\\/www.alpvisionresidences.com\\\/blog\\\/fr\\\/\"},{\"@type\":\"ListItem\",\"position\":2,\"name\":\"Le bobsleigh de Pr\u00e9 la Joux \u00e0 Ch\u00e2tel\"}]},{\"@type\":\"WebSite\",\"@id\":\"https:\\\/\\\/www.alpvisionresidences.com\\\/blog\\\/fr\\\/#website\",\"url\":\"https:\\\/\\\/www.alpvisionresidences.com\\\/blog\\\/fr\\\/\",\"name\":\"alpvisionresidences.com\",\"description\":\"Alpvision r\u00e9sidences\",\"publisher\":{\"@id\":\"https:\\\/\\\/www.alpvisionresidences.com\\\/blog\\\/fr\\\/#organization\"},\"potentialAction\":[{\"@type\":\"SearchAction\",\"target\":{\"@type\":\"EntryPoint\",\"urlTemplate\":\"https:\\\/\\\/www.alpvisionresidences.com\\\/blog\\\/fr\\\/?s={search_term_string}\"},\"query-input\":{\"@type\":\"PropertyValueSpecification\",\"valueRequired\":true,\"valueName\":\"search_term_string\"}}],\"inLanguage\":\"fr\"},{\"@type\":\"Organization\",\"@id\":\"https:\\\/\\\/www.alpvisionresidences.com\\\/blog\\\/fr\\\/#organization\",\"name\":\"Alpvision Residences\",\"url\":\"https:\\\/\\\/www.alpvisionresidences.com\\\/blog\\\/fr\\\/\",\"logo\":{\"@type\":\"ImageObject\",\"inLanguage\":\"fr\",\"@id\":\"https:\\\/\\\/www.alpvisionresidences.com\\\/blog\\\/fr\\\/#\\\/schema\\\/logo\\\/image\\\/\",\"url\":\"https:\\\/\\\/www.alpvisionresidences.com\\\/blog\\\/wp-content\\\/uploads\\\/2022\\\/01\\\/alpvision_icone1_bleu_negatif-Redimensionne-pour-profil.png\",\"contentUrl\":\"https:\\\/\\\/www.alpvisionresidences.com\\\/blog\\\/wp-content\\\/uploads\\\/2022\\\/01\\\/alpvision_icone1_bleu_negatif-Redimensionne-pour-profil.png\",\"width\":522,\"height\":478,\"caption\":\"Alpvision Residences\"},\"image\":{\"@id\":\"https:\\\/\\\/www.alpvisionresidences.com\\\/blog\\\/fr\\\/#\\\/schema\\\/logo\\\/image\\\/\"},\"sameAs\":[\"https:\\\/\\\/www.facebook.com\\\/AlpvisionResidences\\\/\",\"https:\\\/\\\/www.instagram.com\\\/alpvisionresidences\\\/\"]},{\"@type\":\"Person\",\"@id\":\"https:\\\/\\\/www.alpvisionresidences.com\\\/blog\\\/fr\\\/#\\\/schema\\\/person\\\/6e9d17dd9b9dc7fb1f883ab503416e85\",\"name\":\"digitalservices\",\"image\":{\"@type\":\"ImageObject\",\"inLanguage\":\"fr\",\"@id\":\"https:\\\/\\\/secure.gravatar.com\\\/avatar\\\/af30f88a1904294c1f3eb09a9d7903eec4ffa18fa2cf40c28a8681014ecdfc20?s=96&d=mm&r=g\",\"url\":\"https:\\\/\\\/secure.gravatar.com\\\/avatar\\\/af30f88a1904294c1f3eb09a9d7903eec4ffa18fa2cf40c28a8681014ecdfc20?s=96&d=mm&r=g\",\"contentUrl\":\"https:\\\/\\\/secure.gravatar.com\\\/avatar\\\/af30f88a1904294c1f3eb09a9d7903eec4ffa18fa2cf40c28a8681014ecdfc20?s=96&d=mm&r=g\",\"caption\":\"digitalservices\"},\"url\":\"https:\\\/\\\/www.alpvisionresidences.com\\\/blog\\\/fr\\\/author\\\/digitalservices\\\/\"}]}<\/script>\n<!-- \/ Yoast SEO plugin. -->","yoast_head_json":{"title":"Le bobsleigh de Pr\u00e9 la Joux \u00e0 Ch\u00e2tel - Get Inspired","description":"Amusez-vous au bobsleigh Pr\u00e9 la Joux. Vivez les sensations de la glisse et profitez des paysages hivernaux.","robots":{"index":"index","follow":"follow","max-snippet":"max-snippet:-1","max-image-preview":"max-image-preview:large","max-video-preview":"max-video-preview:-1"},"canonical":"https:\/\/www.alpvisionresidences.com\/blog\/fr\/bobsleigh-pre-la-joux\/","og_locale":"fr_FR","og_type":"article","og_title":"Le bobsleigh de Pr\u00e9 la Joux \u00e0 Ch\u00e2tel - Get Inspired","og_description":"Amusez-vous au bobsleigh Pr\u00e9 la Joux. Vivez les sensations de la glisse et profitez des paysages hivernaux.","og_url":"https:\/\/www.alpvisionresidences.com\/blog\/fr\/bobsleigh-pre-la-joux\/","og_site_name":"Get Inspired","article_publisher":"https:\/\/www.facebook.com\/AlpvisionResidences\/","article_published_time":"2024-12-20T09:24:44+00:00","article_modified_time":"2025-02-20T08:54:22+00:00","og_image":[{"width":1920,"height":1280,"url":"https:\/\/www.alpvisionresidences.com\/blog\/wp-content\/uploads\/2024\/12\/le-bob-luge-9414-2.jpg","type":"image\/jpeg"}],"author":"digitalservices","twitter_card":"summary_large_image","twitter_misc":{"Written by":"digitalservices","Est. reading time":"8 minutes"},"schema":{"@context":"https:\/\/schema.org","@graph":[{"@type":"Article","@id":"https:\/\/www.alpvisionresidences.com\/blog\/fr\/bobsleigh-pre-la-joux\/#article","isPartOf":{"@id":"https:\/\/www.alpvisionresidences.com\/blog\/fr\/bobsleigh-pre-la-joux\/"},"author":{"name":"digitalservices","@id":"https:\/\/www.alpvisionresidences.com\/blog\/fr\/#\/schema\/person\/6e9d17dd9b9dc7fb1f883ab503416e85"},"headline":"Le bobsleigh de Pr\u00e9 la Joux \u00e0 Ch\u00e2tel","datePublished":"2024-12-20T09:24:44+00:00","dateModified":"2025-02-20T08:54:22+00:00","mainEntityOfPage":{"@id":"https:\/\/www.alpvisionresidences.com\/blog\/fr\/bobsleigh-pre-la-joux\/"},"wordCount":1349,"commentCount":0,"publisher":{"@id":"https:\/\/www.alpvisionresidences.com\/blog\/fr\/#organization"},"image":{"@id":"https:\/\/www.alpvisionresidences.com\/blog\/fr\/bobsleigh-pre-la-joux\/#primaryimage"},"thumbnailUrl":"https:\/\/www.alpvisionresidences.com\/blog\/wp-content\/uploads\/2024\/12\/le-bob-luge-9414-2.jpg","articleSection":["Activit\u00e9s en France","Alpes Fran\u00e7aises","Ch\u00e2tel","\u00c9t\u00e9"],"inLanguage":"fr","potentialAction":[{"@type":"CommentAction","name":"Comment","target":["https:\/\/www.alpvisionresidences.com\/blog\/fr\/bobsleigh-pre-la-joux\/#respond"]}]},{"@type":"WebPage","@id":"https:\/\/www.alpvisionresidences.com\/blog\/fr\/bobsleigh-pre-la-joux\/","url":"https:\/\/www.alpvisionresidences.com\/blog\/fr\/bobsleigh-pre-la-joux\/","name":"Le bobsleigh de Pr\u00e9 la Joux \u00e0 Ch\u00e2tel - Get Inspired","isPartOf":{"@id":"https:\/\/www.alpvisionresidences.com\/blog\/fr\/#website"},"primaryImageOfPage":{"@id":"https:\/\/www.alpvisionresidences.com\/blog\/fr\/bobsleigh-pre-la-joux\/#primaryimage"},"image":{"@id":"https:\/\/www.alpvisionresidences.com\/blog\/fr\/bobsleigh-pre-la-joux\/#primaryimage"},"thumbnailUrl":"https:\/\/www.alpvisionresidences.com\/blog\/wp-content\/uploads\/2024\/12\/le-bob-luge-9414-2.jpg","datePublished":"2024-12-20T09:24:44+00:00","dateModified":"2025-02-20T08:54:22+00:00","description":"Amusez-vous au bobsleigh Pr\u00e9 la Joux. Vivez les sensations de la glisse et profitez des paysages hivernaux.","breadcrumb":{"@id":"https:\/\/www.alpvisionresidences.com\/blog\/fr\/bobsleigh-pre-la-joux\/#breadcrumb"},"inLanguage":"fr","potentialAction":[{"@type":"ReadAction","target":["https:\/\/www.alpvisionresidences.com\/blog\/fr\/bobsleigh-pre-la-joux\/"]}]},{"@type":"ImageObject","inLanguage":"fr","@id":"https:\/\/www.alpvisionresidences.com\/blog\/fr\/bobsleigh-pre-la-joux\/#primaryimage","url":"https:\/\/www.alpvisionresidences.com\/blog\/wp-content\/uploads\/2024\/12\/le-bob-luge-9414-2.jpg","contentUrl":"https:\/\/www.alpvisionresidences.com\/blog\/wp-content\/uploads\/2024\/12\/le-bob-luge-9414-2.jpg","width":1920,"height":1280,"caption":"Le Bob Luge \u00e0 Ch\u00e2tel - Portes du Soleil"},{"@type":"BreadcrumbList","@id":"https:\/\/www.alpvisionresidences.com\/blog\/fr\/bobsleigh-pre-la-joux\/#breadcrumb","itemListElement":[{"@type":"ListItem","position":1,"name":"Home","item":"https:\/\/www.alpvisionresidences.com\/blog\/fr\/"},{"@type":"ListItem","position":2,"name":"Le bobsleigh de Pr\u00e9 la Joux \u00e0 Ch\u00e2tel"}]},{"@type":"WebSite","@id":"https:\/\/www.alpvisionresidences.com\/blog\/fr\/#website","url":"https:\/\/www.alpvisionresidences.com\/blog\/fr\/","name":"alpvisionresidences.com","description":"Alpvision r\u00e9sidences","publisher":{"@id":"https:\/\/www.alpvisionresidences.com\/blog\/fr\/#organization"},"potentialAction":[{"@type":"SearchAction","target":{"@type":"EntryPoint","urlTemplate":"https:\/\/www.alpvisionresidences.com\/blog\/fr\/?s={search_term_string}"},"query-input":{"@type":"PropertyValueSpecification","valueRequired":true,"valueName":"search_term_string"}}],"inLanguage":"fr"},{"@type":"Organization","@id":"https:\/\/www.alpvisionresidences.com\/blog\/fr\/#organization","name":"Alpvision Residences","url":"https:\/\/www.alpvisionresidences.com\/blog\/fr\/","logo":{"@type":"ImageObject","inLanguage":"fr","@id":"https:\/\/www.alpvisionresidences.com\/blog\/fr\/#\/schema\/logo\/image\/","url":"https:\/\/www.alpvisionresidences.com\/blog\/wp-content\/uploads\/2022\/01\/alpvision_icone1_bleu_negatif-Redimensionne-pour-profil.png","contentUrl":"https:\/\/www.alpvisionresidences.com\/blog\/wp-content\/uploads\/2022\/01\/alpvision_icone1_bleu_negatif-Redimensionne-pour-profil.png","width":522,"height":478,"caption":"Alpvision Residences"},"image":{"@id":"https:\/\/www.alpvisionresidences.com\/blog\/fr\/#\/schema\/logo\/image\/"},"sameAs":["https:\/\/www.facebook.com\/AlpvisionResidences\/","https:\/\/www.instagram.com\/alpvisionresidences\/"]},{"@type":"Person","@id":"https:\/\/www.alpvisionresidences.com\/blog\/fr\/#\/schema\/person\/6e9d17dd9b9dc7fb1f883ab503416e85","name":"digitalservices","image":{"@type":"ImageObject","inLanguage":"fr","@id":"https:\/\/secure.gravatar.com\/avatar\/af30f88a1904294c1f3eb09a9d7903eec4ffa18fa2cf40c28a8681014ecdfc20?s=96&d=mm&r=g","url":"https:\/\/secure.gravatar.com\/avatar\/af30f88a1904294c1f3eb09a9d7903eec4ffa18fa2cf40c28a8681014ecdfc20?s=96&d=mm&r=g","contentUrl":"https:\/\/secure.gravatar.com\/avatar\/af30f88a1904294c1f3eb09a9d7903eec4ffa18fa2cf40c28a8681014ecdfc20?s=96&d=mm&r=g","caption":"digitalservices"},"url":"https:\/\/www.alpvisionresidences.com\/blog\/fr\/author\/digitalservices\/"}]}},"_links":{"self":[{"href":"https:\/\/www.alpvisionresidences.com\/blog\/fr\/wp-json\/wp\/v2\/posts\/12390","targetHints":{"allow":["GET"]}}],"collection":[{"href":"https:\/\/www.alpvisionresidences.com\/blog\/fr\/wp-json\/wp\/v2\/posts"}],"about":[{"href":"https:\/\/www.alpvisionresidences.com\/blog\/fr\/wp-json\/wp\/v2\/types\/post"}],"author":[{"embeddable":true,"href":"https:\/\/www.alpvisionresidences.com\/blog\/fr\/wp-json\/wp\/v2\/users\/3"}],"replies":[{"embeddable":true,"href":"https:\/\/www.alpvisionresidences.com\/blog\/fr\/wp-json\/wp\/v2\/comments?post=12390"}],"version-history":[{"count":13,"href":"https:\/\/www.alpvisionresidences.com\/blog\/fr\/wp-json\/wp\/v2\/posts\/12390\/revisions"}],"predecessor-version":[{"id":13444,"href":"https:\/\/www.alpvisionresidences.com\/blog\/fr\/wp-json\/wp\/v2\/posts\/12390\/revisions\/13444"}],"wp:featuredmedia":[{"embeddable":true,"href":"https:\/\/www.alpvisionresidences.com\/blog\/fr\/wp-json\/wp\/v2\/media\/12448"}],"wp:attachment":[{"href":"https:\/\/www.alpvisionresidences.com\/blog\/fr\/wp-json\/wp\/v2\/media?parent=12390"}],"wp:term":[{"taxonomy":"category","embeddable":true,"href":"https:\/\/www.alpvisionresidences.com\/blog\/fr\/wp-json\/wp\/v2\/categories?post=12390"},{"taxonomy":"post_tag","embeddable":true,"href":"https:\/\/www.alpvisionresidences.com\/blog\/fr\/wp-json\/wp\/v2\/tags?post=12390"}],"curies":[{"name":"wp","href":"https:\/\/api.w.org\/{rel}","templated":true}]}}