{"id":14794,"date":"2025-06-23T13:11:31","date_gmt":"2025-06-23T13:11:31","guid":{"rendered":"https:\/\/www.alpvisionresidences.com\/blog\/?p=14794"},"modified":"2025-06-23T13:11:31","modified_gmt":"2025-06-23T13:11:31","slug":"chateau-sechilienne","status":"publish","type":"post","link":"https:\/\/www.alpvisionresidences.com\/blog\/fr\/chateau-sechilienne\/","title":{"rendered":"Visitez le ch\u00e2teau de S\u00e9chilienne"},"content":{"rendered":"\t\t<div data-elementor-type=\"wp-post\" data-elementor-id=\"14794\" class=\"elementor elementor-14794 elementor-14771\" data-elementor-post-type=\"post\">\n\t\t\t\t<div class=\"elementor-element elementor-element-cf8dd55 e-flex e-con-boxed e-con e-parent\" data-id=\"cf8dd55\" data-element_type=\"container\" data-e-type=\"container\">\n\t\t\t\t\t<div class=\"e-con-inner\">\n\t\t\t\t<div class=\"elementor-element elementor-element-bd89d37 elementor-widget elementor-widget-text-editor\" data-id=\"bd89d37\" data-element_type=\"widget\" data-e-type=\"widget\" data-widget_type=\"text-editor.default\">\n\t\t\t\t<div class=\"elementor-widget-container\">\n\t\t\t\t\t\t\t\t\t<p><\/p>\n<p>Nich\u00e9 dans la pittoresque r\u00e9gion de l&#8217;Is\u00e8re, pr\u00e8s de Grenoble, le <strong>Ch\u00e2teau de S\u00e9chilienne<\/strong> est un lieu de visite exquis. Situ\u00e9 sur le flanc de la colline au pied des montagnes de Belledonne, le ch\u00e2teau est entour\u00e9 de for\u00eats et offre des vues alpines.  <\/p>\n<p> <\/p>\n<p>Dans cet article, nous explorerons l&#8217;histoire fascinante du <strong>Ch\u00e2teau de S\u00e9chilienne<\/strong>, comment se rendre au <strong>Ch\u00e2teau de S\u00e9chilienne<\/strong>, quelles activit\u00e9s vous pouvez appr\u00e9cier \u00e0 proximit\u00e9, et des conseils utiles pour tirer le meilleur parti de votre visite. Que vous soyez un passionn\u00e9 d&#8217;histoire, un randonneur, ou un photographe \u00e0 la recherche d&#8217;un paysage unique, le <strong>Ch\u00e2teau de S\u00e9chilienne<\/strong> est une destination cach\u00e9e remarquable.  <\/p>\n<p><\/p>\t\t\t\t\t\t\t\t<\/div>\n\t\t\t\t<\/div>\n\t\t\t\t\t<\/div>\n\t\t\t\t<\/div>\n\t\t\t\t<section class=\"elementor-section elementor-top-section elementor-element elementor-element-4ffe3c6e elementor-section-boxed elementor-section-height-default elementor-section-height-default\" data-id=\"4ffe3c6e\" data-element_type=\"section\" data-e-type=\"section\">\n\t\t\t\t\t\t<div class=\"elementor-container elementor-column-gap-default\">\n\t\t\t\t\t<div class=\"elementor-column elementor-col-100 elementor-top-column elementor-element elementor-element-3992f74a\" data-id=\"3992f74a\" data-element_type=\"column\" data-e-type=\"column\">\n\t\t\t<div class=\"elementor-widget-wrap elementor-element-populated\">\n\t\t\t\t\t\t<div class=\"elementor-element elementor-element-69091bb8 elementor-widget elementor-widget-table-of-contents\" data-id=\"69091bb8\" data-element_type=\"widget\" data-e-type=\"widget\" data-settings=\"{&quot;headings_by_tags&quot;:[&quot;h2&quot;],&quot;exclude_headings_by_selector&quot;:[],&quot;marker_view&quot;:&quot;bullets&quot;,&quot;icon&quot;:{&quot;value&quot;:&quot;&quot;,&quot;library&quot;:&quot;&quot;},&quot;no_headings_message&quot;:&quot;No headings were found on this page.&quot;,&quot;hierarchical_view&quot;:&quot;yes&quot;,&quot;min_height&quot;:{&quot;unit&quot;:&quot;px&quot;,&quot;size&quot;:&quot;&quot;,&quot;sizes&quot;:[]},&quot;min_height_tablet&quot;:{&quot;unit&quot;:&quot;px&quot;,&quot;size&quot;:&quot;&quot;,&quot;sizes&quot;:[]},&quot;min_height_mobile&quot;:{&quot;unit&quot;:&quot;px&quot;,&quot;size&quot;:&quot;&quot;,&quot;sizes&quot;:[]}}\" data-widget_type=\"table-of-contents.default\">\n\t\t\t\t<div class=\"elementor-widget-container\">\n\t\t\t\t\t\t\t\t\t<div class=\"elementor-toc__header\">\n\t\t\t\t\t\t<div class=\"elementor-toc__header-title\">\n\t\t\t\tSommaire\t\t\t<\/div>\n\t\t\t\t\t\t\t\t<\/div>\n\t\t\t\t<div id=\"elementor-toc__69091bb8\" class=\"elementor-toc__body\">\n\t\t\t<div class=\"elementor-toc__spinner-container\">\n\t\t\t\t<i class=\"elementor-toc__spinner eicon-animation-spin eicon-loading\" aria-hidden=\"true\"><\/i>\t\t\t<\/div>\n\t\t<\/div>\n\t\t\t\t\t\t<\/div>\n\t\t\t\t<\/div>\n\t\t\t\t\t<\/div>\n\t\t<\/div>\n\t\t\t\t\t<\/div>\n\t\t<\/section>\n\t\t<div class=\"elementor-element elementor-element-684987ac e-flex e-con-boxed e-con e-parent\" data-id=\"684987ac\" data-element_type=\"container\" data-e-type=\"container\">\n\t\t\t\t\t<div class=\"e-con-inner\">\n\t\t\t\t<div class=\"elementor-element elementor-element-75d6315c elementor-widget elementor-widget-text-editor\" data-id=\"75d6315c\" data-element_type=\"widget\" data-e-type=\"widget\" data-widget_type=\"text-editor.default\">\n\t\t\t\t<div class=\"elementor-widget-container\">\n\t\t\t\t\t\t\t\t\t\n<p><\/p>\n\n\n\n<figure class=\"wp-block-image size-large\"><img fetchpriority=\"high\" decoding=\"async\" width=\"1360\" height=\"630\" src=\"https:\/\/www.alpvisionresidences.com\/blog\/wp-content\/uploads\/2025\/06\/castle-Sechilienne-1360x630.webp\" alt=\"ch\u00e2teau S\u00e9chilienne\" class=\"wp-image-14784\"><\/figure>\n\n\n\n<h2 class=\"wp-block-heading\">L&#8217;histoire du ch\u00e2teau de S\u00e9chilienne<\/h2>\n\n\n\n<p>Le <strong>Ch\u00e2teau de S\u00e9chilienne<\/strong> poss\u00e8de une histoire riche et tumultueuse refl\u00e9tant les \u00e9poques du sud-est de la France. Les origines du ch\u00e2teau remontent au d\u00e9but du XIIIe si\u00e8cle lorsque <strong>Aymar Alleman<\/strong>, membre de l&#8217;influente <strong>famille Alleman<\/strong>, acquit les terres de S\u00e9chilienne en 1226. Cette transaction fut r\u00e9alis\u00e9e par le biais d&#8217;un \u00e9change avec le <strong>Dauphin Andr\u00e9 de Bourgogne<\/strong>.  &nbsp;<\/p>\n\n\n\n<p>Le ch\u00e2teau fut initialement construit comme une forteresse m\u00e9di\u00e9vale mais a subi des modifications majeures au fil des si\u00e8cles. Au XVe si\u00e8cle, des r\u00e9novations et des am\u00e9liorations furent apport\u00e9es, incluant une nouvelle tour dot\u00e9e d&#8217;un escalier en colima\u00e7on unique. Il s&#8217;agit de l&#8217;une des principales attractions du <strong>Ch\u00e2teau de S\u00e9chilienne<\/strong> aujourd&#8217;hui. Au XIXe si\u00e8cle, d&#8217;autres modifications furent ajout\u00e9es. Cependant, pendant la Seconde Guerre mondiale, les forces allemandes incendi\u00e8rent le ch\u00e2teau pour emp\u00eacher les r\u00e9sistants fran\u00e7ais de l&#8217;utiliser comme abri. Cela laissa le ch\u00e2teau en ruines.     &nbsp;<\/p>\n\n\n\n<h3 class=\"wp-block-heading\">Pr\u00e9servation<\/h3>\n\n\n\n<p>Reconnaissant son importance historique dans la r\u00e9gion, la commune de S\u00e9chilienne acquit le ch\u00e2teau en 1949. R\u00e9cemment, des efforts de restauration du ch\u00e2teau ont \u00e9t\u00e9 entrepris. En 2019, des \u00e9tudiants de <strong>Grenoble \u00c9cole de Management<\/strong> ont lanc\u00e9 une campagne de financement participatif, r\u00e9coltant 20 000 \u20ac pour initier le projet de restauration.  <\/p>\n\n\n\n<figure class=\"wp-block-image size-large\"><img decoding=\"async\" width=\"1360\" height=\"630\" src=\"https:\/\/www.alpvisionresidences.com\/blog\/wp-content\/uploads\/2025\/06\/Chateau-de-Sechilienne-1360x630.webp\" alt=\"\" class=\"wp-image-14772\"><\/figure>\n\n\n\n<p><\/p>\n\n\n\n<h2 class=\"wp-block-heading\">Que faire aux alentours du ch\u00e2teau de S\u00e9chilienne<\/h2>\n\n\n\n<p>Le <strong>Ch\u00e2teau de S\u00e9chilienne<\/strong> lui-m\u00eame est incontournable. Les ruines du ch\u00e2teau, avec en toile de fond les <strong>montagnes de Belledonne<\/strong>, offrent un spectacle magnifique. Une courte promenade depuis le village vous m\u00e8ne au ch\u00e2teau.  &nbsp;<\/p>\n\n\n\n<p>Un autre incontournable de la r\u00e9gion est la <strong>R\u00e9serve Naturelle Nationale du Lac Luitel<\/strong>. \u00c0 seulement une courte distance en voiture de S\u00e9chilienne, cette zone prot\u00e9g\u00e9e abrite une v\u00e9g\u00e9tation diversifi\u00e9e et des sentiers pittoresques parfaits pour des promenades d\u00e9contract\u00e9es et des randonn\u00e9es. En \u00e9t\u00e9, des visites guid\u00e9es sont propos\u00e9es, et en hiver, la raquette est une activit\u00e9 populaire.  &nbsp;<\/p>\n\n\n\n<p>Ensuite, le <strong>Mus\u00e9e de la R\u00e9volution fran\u00e7aise<\/strong>, situ\u00e9 \u00e0 environ 5 km de S\u00e9chilienne, est une \u00e9tape importante si vous souhaitez en apprendre davantage sur l&#8217;histoire de France. Abrit\u00e9 dans l&#8217;historique Ch\u00e2teau de Vizille, ce mus\u00e9e est d\u00e9di\u00e9 \u00e0 la R\u00e9volution fran\u00e7aise. &nbsp;<\/p>\n\n\n\n<p>Enfin, il existe de nombreux autres sentiers de randonn\u00e9e et excursions en VTT dans toute la r\u00e9gion. Du d\u00e9but du printemps \u00e0 l&#8217;automne, vous pouvez profiter de l&#8217;environnement naturel pour de nombreuses activit\u00e9s de plein air avant le d\u00e9but de la saison de ski. &nbsp;<\/p>\n\n\n\n<figure class=\"wp-block-image size-large\"><img decoding=\"async\" width=\"1360\" height=\"630\" src=\"https:\/\/www.alpvisionresidences.com\/blog\/wp-content\/uploads\/2025\/06\/Chateau-de-Sechilienne-castle-1360x630.webp\" alt=\"\" class=\"wp-image-14776\"><\/figure>\n\n\n\n<p><\/p>\n\n\n\n<h2 class=\"wp-block-heading\">Comment se rendre au ch\u00e2teau de S\u00e9chilienne<\/h2>\n\n\n\n<p>Visiter le <strong>Ch\u00e2teau de S\u00e9chilienne<\/strong> est ais\u00e9, que vous veniez en voiture, en transport en commun ou \u00e0 pied. Le ch\u00e2teau est situ\u00e9 juste au sud-est de Grenoble dans le d\u00e9partement de l&#8217;Is\u00e8re, ce qui en fait une excursion rapide et facile depuis de nombreuses villes environnantes comme <a href=\"https:\/\/www.alpvisionresidences.com\/blog\/fr\/alpe-dhuez-chamrousse\/\">Chamrousse<\/a> et <a href=\"https:\/\/www.alpvisionresidences.com\/blog\/fr\/chalet-arnold-thyon-les-collons\/\">Ch\u00e2tel<\/a>. <\/p>\n\n\n\n<h3 class=\"wp-block-heading\">En voiture<\/h3>\n\n\n\n<p>Depuis Grenoble, prenez la D1091 en direction de Bourg-d&#8217;Oisans. Apr\u00e8s environ 20 km, vous atteindrez le village de S\u00e9chilienne. Le trajet dure environ 30 minutes et offre des vues pittoresques sur la vall\u00e9e de la Romanche. Un parking est disponible dans le village, \u00e0 quelques pas du site du ch\u00e2teau.   <\/p>\n\n\n\n<h3 class=\"wp-block-heading\">En bus<\/h3>\n\n\n\n<p>Les transports en commun constituent \u00e9galement une option pratique. La ligne de bus T75 Transis\u00e8re relie Grenoble (Gare Routi\u00e8re) \u00e0 S\u00e9chilienne. Descendez \u00e0 l&#8217;arr\u00eat \u00ab S\u00e9chilienne, La Gare \u00bb, qui se trouve \u00e0 seulement 5 minutes \u00e0 pied du d\u00e9part du sentier menant au ch\u00e2teau. Les bus circulent plusieurs fois par jour. Vous pouvez consulter les horaires actuels sur le site <a href=\"https:\/\/www.reso-m.fr\/\">TAG<\/a>.    <\/p>\n\n\n\n<h3 class=\"wp-block-heading\">\u00c0 pied<\/h3>\n\n\n\n<p>Si vous \u00eates d\u00e9j\u00e0 dans le village, le ch\u00e2teau n&#8217;est qu&#8217;\u00e0 une courte distance \u00e0 pied. En partant de la mairie de S\u00e9chilienne, suivez la route en direction du Col du Luitel. Apr\u00e8s environ 50 m\u00e8tres, empruntez le sentier de gauche qui monte doucement \u00e0 travers les bois. Ce chemin m\u00e8ne directement aux ruines du ch\u00e2teau.   <\/p>\n\n\n\n<iframe src=\"https:\/\/www.google.com\/maps\/embed?pb=!1m18!1m12!1m3!1d2818.4058152556795!2d5.830317976081508!3d45.057278271070146!2m3!1f0!2f0!3f0!3m2!1i1024!2i768!4f13.1!3m3!1m2!1s0x478a63217624e059%3A0xcb04be3bdd7cce02!2sCh%C3%A2teau%20de%20S%C3%A9chilienne!5e0!3m2!1ses!2ses!4v1750676915857!5m2!1ses!2ses\" width=\"1200\" height=\"600\" style=\"border:0;\" allowfullscreen=\"\" loading=\"lazy\" referrerpolicy=\"no-referrer-when-downgrade\"><\/iframe>\n\n\n\n<p><\/p>\n\n\n\n<h2 class=\"wp-block-heading\">Conseils pour visiter le ch\u00e2teau de S\u00e9chilienne<\/h2>\n\n\n\n<p>Une visite au <strong>Ch\u00e2teau de S\u00e9chilienne<\/strong> constitue une excellente excursion d&#8217;une journ\u00e9e, mais il est judicieux de s&#8217;y pr\u00e9parer convenablement. Voici quelques conseils pratiques pour vous aider \u00e0 tirer le meilleur parti de votre voyage : <\/p>\n\n\n\n<ul class=\"wp-block-list\">\n<li>Bien que l&#8217;int\u00e9rieur du ch\u00e2teau ne soit pas ouvert au public, les terrains environnants sont accessibles toute l&#8217;ann\u00e9e. N&#8217;h\u00e9sitez pas \u00e0 explorer les sentiers de randonn\u00e9e qui jalonnent le parcours. &nbsp;<\/li>\n\n\n\n<li>De nombreux panneaux d&#8217;information sont dispos\u00e9s le long du sentier, expliquant l&#8217;histoire du ch\u00e2teau et donnant un aper\u00e7u des efforts de restauration.<\/li>\n\n\n\n<li>La p\u00e9riode id\u00e9ale pour visiter est le printemps, l&#8217;<a href=\"https:\/\/www.alpvisionresidences.com\/blog\/fr\/vacances-ete-dans-les-alps\/\">\u00e9t\u00e9<\/a> ou l&#8217;automne, lorsque le climat est doux et que les for\u00eats environnantes sont par\u00e9es de couleurs et de fleurs sauvages.&nbsp;<\/li>\n\n\n\n<li>Il n&#8217;y a pas d&#8217;installations pour les visiteurs le long du sentier ou au ch\u00e2teau lui-m\u00eame, il est donc recommand\u00e9 d&#8217;apporter de l&#8217;eau et des collations.&nbsp;<\/li>\n\n\n\n<li>Le terrain autour du ch\u00e2teau est irr\u00e9gulier et peut s&#8217;av\u00e9rer glissant en cas de pluie. Il est donc conseill\u00e9 de porter des chaussures de randonn\u00e9e robustes et de rester sur les sentiers balis\u00e9s.&nbsp;<\/li>\n\n\n\n<li>Le sentier est bien balis\u00e9 et facile \u00e0 suivre, ce qui en fait une excellente option pour les familles avec enfants d\u00e9sireuses d&#8217;explorer.&nbsp;<\/li>\n<\/ul>\n\n\n\n<h2 class=\"wp-block-heading\">Pourquoi visiter le Ch\u00e2teau de S\u00e9chilienne ?<\/h2>\n\n\n\n<p>Le <strong>Ch\u00e2teau de S\u00e9chilienne<\/strong> offre une excursion agr\u00e9able et ais\u00e9e o\u00f9 l&#8217;on peut d\u00e9couvrir l&#8217;histoire fran\u00e7aise, entour\u00e9 par la beaut\u00e9 naturelle des contreforts de Belledonne. Profitez de l&#8217;exploration de ses sentiers pittoresques, de l&#8217;apprentissage de ses origines m\u00e9di\u00e9vales, ou simplement de l&#8217;appr\u00e9ciation du charme de la r\u00e9gion de l&#8217;Is\u00e8re. &nbsp;<\/p>\n\n\n\n<p>Si vous pr\u00e9voyez un s\u00e9jour dans les Alpes, r\u00e9servez votre h\u00e9bergement aupr\u00e8s d&#8217;<a href=\"https:\/\/www.alpvisionresidences.com\/\">Alpvision Residences<\/a>. Nous proposons une gamme d&#8217;h\u00e9bergements de vacances confortables et bien situ\u00e9s, parfaits pour d\u00e9couvrir le <strong>Ch\u00e2teau de S\u00e9chilienne<\/strong> et les Alpes fran\u00e7aises. &nbsp;<\/p>\n\n\n\n<p><\/p>\n\t\t\t\t\t\t\t\t<\/div>\n\t\t\t\t<\/div>\n\t\t\t\t\t<\/div>\n\t\t\t\t<\/div>\n\t\t\t\t<section class=\"elementor-section elementor-top-section elementor-element elementor-element-2d8c3db2 elementor-section-boxed elementor-section-height-default elementor-section-height-default\" data-id=\"2d8c3db2\" data-element_type=\"section\" data-e-type=\"section\">\n\t\t\t\t\t\t<div class=\"elementor-container elementor-column-gap-default\">\n\t\t\t\t\t<div class=\"elementor-column elementor-col-100 elementor-top-column elementor-element elementor-element-111eca0e\" data-id=\"111eca0e\" data-element_type=\"column\" data-e-type=\"column\">\n\t\t\t<div class=\"elementor-widget-wrap elementor-element-populated\">\n\t\t\t\t\t\t<div class=\"elementor-element elementor-element-77c88e8d elementor-widget elementor-widget-shortcode\" data-id=\"77c88e8d\" data-element_type=\"widget\" data-e-type=\"widget\" data-widget_type=\"shortcode.default\">\n\t\t\t\t<div class=\"elementor-widget-container\">\n\t\t\t\t\t\t\t<div class=\"elementor-shortcode\">\t\t<div data-elementor-type=\"section\" data-elementor-id=\"5641\" class=\"elementor elementor-5641\" data-elementor-post-type=\"elementor_library\">\n\t\t\t\t\t<section class=\"elementor-section elementor-top-section elementor-element elementor-element-1c688cbb elementor-section-boxed elementor-section-height-default elementor-section-height-default\" data-id=\"1c688cbb\" data-element_type=\"section\" data-e-type=\"section\">\n\t\t\t\t\t\t<div class=\"elementor-container elementor-column-gap-default\">\n\t\t\t\t\t<div class=\"elementor-column elementor-col-33 elementor-top-column elementor-element elementor-element-147b363\" data-id=\"147b363\" data-element_type=\"column\" data-e-type=\"column\">\n\t\t\t<div class=\"elementor-widget-wrap elementor-element-populated\">\n\t\t\t\t\t\t<div class=\"elementor-element elementor-element-1c05842 elementor-align-center elementor-widget elementor-widget-button\" data-id=\"1c05842\" data-element_type=\"widget\" data-e-type=\"widget\" data-widget_type=\"button.default\">\n\t\t\t\t<div class=\"elementor-widget-container\">\n\t\t\t\t\t\t\t\t\t<div class=\"elementor-button-wrapper\">\n\t\t\t\t\t<a class=\"elementor-button elementor-button-link elementor-size-lg\" href=\"https:\/\/www.alpvisionresidences.com\/fr\/location-vacances-chamrousse\/\">\n\t\t\t\t\t\t<span class=\"elementor-button-content-wrapper\">\n\t\t\t\t\t\t\t\t\t<span class=\"elementor-button-text\">H\u00e9bergements \u00e0 Chamrousse<\/span>\n\t\t\t\t\t<\/span>\n\t\t\t\t\t<\/a>\n\t\t\t\t<\/div>\n\t\t\t\t\t\t\t\t<\/div>\n\t\t\t\t<\/div>\n\t\t\t\t\t<\/div>\n\t\t<\/div>\n\t\t\t\t<div class=\"elementor-column elementor-col-33 elementor-top-column elementor-element elementor-element-34666245\" data-id=\"34666245\" data-element_type=\"column\" data-e-type=\"column\">\n\t\t\t<div class=\"elementor-widget-wrap elementor-element-populated\">\n\t\t\t\t\t\t<div class=\"elementor-element elementor-element-5de49afc elementor-align-center elementor-widget elementor-widget-button\" data-id=\"5de49afc\" data-element_type=\"widget\" data-e-type=\"widget\" data-widget_type=\"button.default\">\n\t\t\t\t<div class=\"elementor-widget-container\">\n\t\t\t\t\t\t\t\t\t<div class=\"elementor-button-wrapper\">\n\t\t\t\t\t<a class=\"elementor-button elementor-button-link elementor-size-lg\" href=\"https:\/\/www.alpvisionresidences.com\/fr\/location\/appartements-chamrousse-c1d35233\/\">\n\t\t\t\t\t\t<span class=\"elementor-button-content-wrapper\">\n\t\t\t\t\t\t\t\t\t<span class=\"elementor-button-text\">Appartements \u00e0 Chamrousse<\/span>\n\t\t\t\t\t<\/span>\n\t\t\t\t\t<\/a>\n\t\t\t\t<\/div>\n\t\t\t\t\t\t\t\t<\/div>\n\t\t\t\t<\/div>\n\t\t\t\t\t<\/div>\n\t\t<\/div>\n\t\t\t\t<div class=\"elementor-column elementor-col-33 elementor-top-column elementor-element elementor-element-d37c7bb\" data-id=\"d37c7bb\" data-element_type=\"column\" data-e-type=\"column\">\n\t\t\t<div class=\"elementor-widget-wrap elementor-element-populated\">\n\t\t\t\t\t\t<div class=\"elementor-element elementor-element-3942c55 elementor-align-center elementor-widget elementor-widget-button\" data-id=\"3942c55\" data-element_type=\"widget\" data-e-type=\"widget\" data-widget_type=\"button.default\">\n\t\t\t\t<div class=\"elementor-widget-container\">\n\t\t\t\t\t\t\t\t\t<div class=\"elementor-button-wrapper\">\n\t\t\t\t\t<a class=\"elementor-button elementor-button-link elementor-size-lg\" href=\"https:\/\/www.alpvisionresidences.com\/fr\/location\/studio-chamrousse-c14d35233\/\">\n\t\t\t\t\t\t<span class=\"elementor-button-content-wrapper\">\n\t\t\t\t\t\t\t\t\t<span class=\"elementor-button-text\">Studios \u00e0 Chamrousse<\/span>\n\t\t\t\t\t<\/span>\n\t\t\t\t\t<\/a>\n\t\t\t\t<\/div>\n\t\t\t\t\t\t\t\t<\/div>\n\t\t\t\t<\/div>\n\t\t\t\t\t<\/div>\n\t\t<\/div>\n\t\t\t\t\t<\/div>\n\t\t<\/section>\n\t\t\t\t<\/div>\n\t\t<\/div>\n\t\t\t\t\t\t<\/div>\n\t\t\t\t<\/div>\n\t\t\t\t\t<\/div>\n\t\t<\/div>\n\t\t\t\t\t<\/div>\n\t\t<\/section>\n\t\t\t\t<\/div>\n\t\t","protected":false},"excerpt":{"rendered":"<p>Nich\u00e9 dans la pittoresque r\u00e9gion de l&#8217;Is\u00e8re, pr\u00e8s de Grenoble, le Ch\u00e2teau de S\u00e9chilienne est un lieu de visite exquis&#8230;.<\/p>\n","protected":false},"author":3,"featured_media":14782,"comment_status":"open","ping_status":"open","sticky":false,"template":"","format":"standard","meta":{"footnotes":""},"categories":[411],"tags":[],"class_list":["post-14794","post","type-post","status-publish","format-standard","has-post-thumbnail","hentry","category-alpes-francaises"],"yoast_head":"<!-- This site is optimized with the Yoast SEO plugin v27.4 - https:\/\/yoast.com\/product\/yoast-seo-wordpress\/ -->\n<title>Visitez le ch\u00e2teau de S\u00e9chilienne - Get Inspired<\/title>\n<meta name=\"description\" content=\"Visitez le ch\u00e2teau de S\u00e9chilienne et immergez-vous dans l&#039;histoire alpine fran\u00e7aise.\" \/>\n<meta name=\"robots\" content=\"index, follow, max-snippet:-1, max-image-preview:large, max-video-preview:-1\" \/>\n<link rel=\"canonical\" href=\"https:\/\/www.alpvisionresidences.com\/blog\/fr\/chateau-sechilienne\/\" \/>\n<meta property=\"og:locale\" content=\"fr_FR\" \/>\n<meta property=\"og:type\" content=\"article\" \/>\n<meta property=\"og:title\" content=\"Visitez le ch\u00e2teau de S\u00e9chilienne - Get Inspired\" \/>\n<meta property=\"og:description\" content=\"Visitez le ch\u00e2teau de S\u00e9chilienne et immergez-vous dans l&#039;histoire alpine fran\u00e7aise.\" \/>\n<meta property=\"og:url\" content=\"https:\/\/www.alpvisionresidences.com\/blog\/fr\/chateau-sechilienne\/\" \/>\n<meta property=\"og:site_name\" content=\"Get Inspired\" \/>\n<meta property=\"article:publisher\" content=\"https:\/\/www.facebook.com\/AlpvisionResidences\/\" \/>\n<meta property=\"article:published_time\" content=\"2025-06-23T13:11:31+00:00\" \/>\n<meta property=\"og:image\" content=\"https:\/\/www.alpvisionresidences.com\/blog\/wp-content\/uploads\/2025\/06\/castle-Sechilienne-.jpg\" \/>\n\t<meta property=\"og:image:width\" content=\"1920\" \/>\n\t<meta property=\"og:image:height\" content=\"881\" \/>\n\t<meta property=\"og:image:type\" content=\"image\/jpeg\" \/>\n<meta name=\"author\" content=\"digitalservices\" \/>\n<meta name=\"twitter:card\" content=\"summary_large_image\" \/>\n<meta name=\"twitter:label1\" content=\"Written by\" \/>\n\t<meta name=\"twitter:data1\" content=\"digitalservices\" \/>\n\t<meta name=\"twitter:label2\" content=\"Est. reading time\" \/>\n\t<meta name=\"twitter:data2\" content=\"6 minutes\" \/>\n<script type=\"application\/ld+json\" class=\"yoast-schema-graph\">{\"@context\":\"https:\\\/\\\/schema.org\",\"@graph\":[{\"@type\":\"Article\",\"@id\":\"https:\\\/\\\/www.alpvisionresidences.com\\\/blog\\\/fr\\\/chateau-sechilienne\\\/#article\",\"isPartOf\":{\"@id\":\"https:\\\/\\\/www.alpvisionresidences.com\\\/blog\\\/fr\\\/chateau-sechilienne\\\/\"},\"author\":{\"name\":\"digitalservices\",\"@id\":\"https:\\\/\\\/www.alpvisionresidences.com\\\/blog\\\/fr\\\/#\\\/schema\\\/person\\\/6e9d17dd9b9dc7fb1f883ab503416e85\"},\"headline\":\"Visitez le ch\u00e2teau de S\u00e9chilienne\",\"datePublished\":\"2025-06-23T13:11:31+00:00\",\"mainEntityOfPage\":{\"@id\":\"https:\\\/\\\/www.alpvisionresidences.com\\\/blog\\\/fr\\\/chateau-sechilienne\\\/\"},\"wordCount\":1224,\"commentCount\":0,\"publisher\":{\"@id\":\"https:\\\/\\\/www.alpvisionresidences.com\\\/blog\\\/fr\\\/#organization\"},\"image\":{\"@id\":\"https:\\\/\\\/www.alpvisionresidences.com\\\/blog\\\/fr\\\/chateau-sechilienne\\\/#primaryimage\"},\"thumbnailUrl\":\"https:\\\/\\\/www.alpvisionresidences.com\\\/blog\\\/wp-content\\\/uploads\\\/2025\\\/06\\\/castle-Sechilienne-.jpg\",\"articleSection\":[\"Alpes Fran\u00e7aises\"],\"inLanguage\":\"fr\",\"potentialAction\":[{\"@type\":\"CommentAction\",\"name\":\"Comment\",\"target\":[\"https:\\\/\\\/www.alpvisionresidences.com\\\/blog\\\/fr\\\/chateau-sechilienne\\\/#respond\"]}]},{\"@type\":\"WebPage\",\"@id\":\"https:\\\/\\\/www.alpvisionresidences.com\\\/blog\\\/fr\\\/chateau-sechilienne\\\/\",\"url\":\"https:\\\/\\\/www.alpvisionresidences.com\\\/blog\\\/fr\\\/chateau-sechilienne\\\/\",\"name\":\"Visitez le ch\u00e2teau de S\u00e9chilienne - Get Inspired\",\"isPartOf\":{\"@id\":\"https:\\\/\\\/www.alpvisionresidences.com\\\/blog\\\/fr\\\/#website\"},\"primaryImageOfPage\":{\"@id\":\"https:\\\/\\\/www.alpvisionresidences.com\\\/blog\\\/fr\\\/chateau-sechilienne\\\/#primaryimage\"},\"image\":{\"@id\":\"https:\\\/\\\/www.alpvisionresidences.com\\\/blog\\\/fr\\\/chateau-sechilienne\\\/#primaryimage\"},\"thumbnailUrl\":\"https:\\\/\\\/www.alpvisionresidences.com\\\/blog\\\/wp-content\\\/uploads\\\/2025\\\/06\\\/castle-Sechilienne-.jpg\",\"datePublished\":\"2025-06-23T13:11:31+00:00\",\"description\":\"Visitez le ch\u00e2teau de S\u00e9chilienne et immergez-vous dans l'histoire alpine fran\u00e7aise.\",\"breadcrumb\":{\"@id\":\"https:\\\/\\\/www.alpvisionresidences.com\\\/blog\\\/fr\\\/chateau-sechilienne\\\/#breadcrumb\"},\"inLanguage\":\"fr\",\"potentialAction\":[{\"@type\":\"ReadAction\",\"target\":[\"https:\\\/\\\/www.alpvisionresidences.com\\\/blog\\\/fr\\\/chateau-sechilienne\\\/\"]}]},{\"@type\":\"ImageObject\",\"inLanguage\":\"fr\",\"@id\":\"https:\\\/\\\/www.alpvisionresidences.com\\\/blog\\\/fr\\\/chateau-sechilienne\\\/#primaryimage\",\"url\":\"https:\\\/\\\/www.alpvisionresidences.com\\\/blog\\\/wp-content\\\/uploads\\\/2025\\\/06\\\/castle-Sechilienne-.jpg\",\"contentUrl\":\"https:\\\/\\\/www.alpvisionresidences.com\\\/blog\\\/wp-content\\\/uploads\\\/2025\\\/06\\\/castle-Sechilienne-.jpg\",\"width\":1920,\"height\":881,\"caption\":\"castle S\u00e9chilienne\"},{\"@type\":\"BreadcrumbList\",\"@id\":\"https:\\\/\\\/www.alpvisionresidences.com\\\/blog\\\/fr\\\/chateau-sechilienne\\\/#breadcrumb\",\"itemListElement\":[{\"@type\":\"ListItem\",\"position\":1,\"name\":\"Home\",\"item\":\"https:\\\/\\\/www.alpvisionresidences.com\\\/blog\\\/fr\\\/\"},{\"@type\":\"ListItem\",\"position\":2,\"name\":\"Visitez le ch\u00e2teau de S\u00e9chilienne\"}]},{\"@type\":\"WebSite\",\"@id\":\"https:\\\/\\\/www.alpvisionresidences.com\\\/blog\\\/fr\\\/#website\",\"url\":\"https:\\\/\\\/www.alpvisionresidences.com\\\/blog\\\/fr\\\/\",\"name\":\"alpvisionresidences.com\",\"description\":\"Alpvision r\u00e9sidences\",\"publisher\":{\"@id\":\"https:\\\/\\\/www.alpvisionresidences.com\\\/blog\\\/fr\\\/#organization\"},\"potentialAction\":[{\"@type\":\"SearchAction\",\"target\":{\"@type\":\"EntryPoint\",\"urlTemplate\":\"https:\\\/\\\/www.alpvisionresidences.com\\\/blog\\\/fr\\\/?s={search_term_string}\"},\"query-input\":{\"@type\":\"PropertyValueSpecification\",\"valueRequired\":true,\"valueName\":\"search_term_string\"}}],\"inLanguage\":\"fr\"},{\"@type\":\"Organization\",\"@id\":\"https:\\\/\\\/www.alpvisionresidences.com\\\/blog\\\/fr\\\/#organization\",\"name\":\"Alpvision Residences\",\"url\":\"https:\\\/\\\/www.alpvisionresidences.com\\\/blog\\\/fr\\\/\",\"logo\":{\"@type\":\"ImageObject\",\"inLanguage\":\"fr\",\"@id\":\"https:\\\/\\\/www.alpvisionresidences.com\\\/blog\\\/fr\\\/#\\\/schema\\\/logo\\\/image\\\/\",\"url\":\"https:\\\/\\\/www.alpvisionresidences.com\\\/blog\\\/wp-content\\\/uploads\\\/2022\\\/01\\\/alpvision_icone1_bleu_negatif-Redimensionne-pour-profil.png\",\"contentUrl\":\"https:\\\/\\\/www.alpvisionresidences.com\\\/blog\\\/wp-content\\\/uploads\\\/2022\\\/01\\\/alpvision_icone1_bleu_negatif-Redimensionne-pour-profil.png\",\"width\":522,\"height\":478,\"caption\":\"Alpvision Residences\"},\"image\":{\"@id\":\"https:\\\/\\\/www.alpvisionresidences.com\\\/blog\\\/fr\\\/#\\\/schema\\\/logo\\\/image\\\/\"},\"sameAs\":[\"https:\\\/\\\/www.facebook.com\\\/AlpvisionResidences\\\/\",\"https:\\\/\\\/www.instagram.com\\\/alpvisionresidences\\\/\"]},{\"@type\":\"Person\",\"@id\":\"https:\\\/\\\/www.alpvisionresidences.com\\\/blog\\\/fr\\\/#\\\/schema\\\/person\\\/6e9d17dd9b9dc7fb1f883ab503416e85\",\"name\":\"digitalservices\",\"image\":{\"@type\":\"ImageObject\",\"inLanguage\":\"fr\",\"@id\":\"https:\\\/\\\/secure.gravatar.com\\\/avatar\\\/af30f88a1904294c1f3eb09a9d7903eec4ffa18fa2cf40c28a8681014ecdfc20?s=96&d=mm&r=g\",\"url\":\"https:\\\/\\\/secure.gravatar.com\\\/avatar\\\/af30f88a1904294c1f3eb09a9d7903eec4ffa18fa2cf40c28a8681014ecdfc20?s=96&d=mm&r=g\",\"contentUrl\":\"https:\\\/\\\/secure.gravatar.com\\\/avatar\\\/af30f88a1904294c1f3eb09a9d7903eec4ffa18fa2cf40c28a8681014ecdfc20?s=96&d=mm&r=g\",\"caption\":\"digitalservices\"},\"url\":\"https:\\\/\\\/www.alpvisionresidences.com\\\/blog\\\/fr\\\/author\\\/digitalservices\\\/\"}]}<\/script>\n<!-- \/ Yoast SEO plugin. -->","yoast_head_json":{"title":"Visitez le ch\u00e2teau de S\u00e9chilienne - Get Inspired","description":"Visitez le ch\u00e2teau de S\u00e9chilienne et immergez-vous dans l'histoire alpine fran\u00e7aise.","robots":{"index":"index","follow":"follow","max-snippet":"max-snippet:-1","max-image-preview":"max-image-preview:large","max-video-preview":"max-video-preview:-1"},"canonical":"https:\/\/www.alpvisionresidences.com\/blog\/fr\/chateau-sechilienne\/","og_locale":"fr_FR","og_type":"article","og_title":"Visitez le ch\u00e2teau de S\u00e9chilienne - Get Inspired","og_description":"Visitez le ch\u00e2teau de S\u00e9chilienne et immergez-vous dans l'histoire alpine fran\u00e7aise.","og_url":"https:\/\/www.alpvisionresidences.com\/blog\/fr\/chateau-sechilienne\/","og_site_name":"Get Inspired","article_publisher":"https:\/\/www.facebook.com\/AlpvisionResidences\/","article_published_time":"2025-06-23T13:11:31+00:00","og_image":[{"width":1920,"height":881,"url":"https:\/\/www.alpvisionresidences.com\/blog\/wp-content\/uploads\/2025\/06\/castle-Sechilienne-.jpg","type":"image\/jpeg"}],"author":"digitalservices","twitter_card":"summary_large_image","twitter_misc":{"Written by":"digitalservices","Est. reading time":"6 minutes"},"schema":{"@context":"https:\/\/schema.org","@graph":[{"@type":"Article","@id":"https:\/\/www.alpvisionresidences.com\/blog\/fr\/chateau-sechilienne\/#article","isPartOf":{"@id":"https:\/\/www.alpvisionresidences.com\/blog\/fr\/chateau-sechilienne\/"},"author":{"name":"digitalservices","@id":"https:\/\/www.alpvisionresidences.com\/blog\/fr\/#\/schema\/person\/6e9d17dd9b9dc7fb1f883ab503416e85"},"headline":"Visitez le ch\u00e2teau de S\u00e9chilienne","datePublished":"2025-06-23T13:11:31+00:00","mainEntityOfPage":{"@id":"https:\/\/www.alpvisionresidences.com\/blog\/fr\/chateau-sechilienne\/"},"wordCount":1224,"commentCount":0,"publisher":{"@id":"https:\/\/www.alpvisionresidences.com\/blog\/fr\/#organization"},"image":{"@id":"https:\/\/www.alpvisionresidences.com\/blog\/fr\/chateau-sechilienne\/#primaryimage"},"thumbnailUrl":"https:\/\/www.alpvisionresidences.com\/blog\/wp-content\/uploads\/2025\/06\/castle-Sechilienne-.jpg","articleSection":["Alpes Fran\u00e7aises"],"inLanguage":"fr","potentialAction":[{"@type":"CommentAction","name":"Comment","target":["https:\/\/www.alpvisionresidences.com\/blog\/fr\/chateau-sechilienne\/#respond"]}]},{"@type":"WebPage","@id":"https:\/\/www.alpvisionresidences.com\/blog\/fr\/chateau-sechilienne\/","url":"https:\/\/www.alpvisionresidences.com\/blog\/fr\/chateau-sechilienne\/","name":"Visitez le ch\u00e2teau de S\u00e9chilienne - Get Inspired","isPartOf":{"@id":"https:\/\/www.alpvisionresidences.com\/blog\/fr\/#website"},"primaryImageOfPage":{"@id":"https:\/\/www.alpvisionresidences.com\/blog\/fr\/chateau-sechilienne\/#primaryimage"},"image":{"@id":"https:\/\/www.alpvisionresidences.com\/blog\/fr\/chateau-sechilienne\/#primaryimage"},"thumbnailUrl":"https:\/\/www.alpvisionresidences.com\/blog\/wp-content\/uploads\/2025\/06\/castle-Sechilienne-.jpg","datePublished":"2025-06-23T13:11:31+00:00","description":"Visitez le ch\u00e2teau de S\u00e9chilienne et immergez-vous dans l'histoire alpine fran\u00e7aise.","breadcrumb":{"@id":"https:\/\/www.alpvisionresidences.com\/blog\/fr\/chateau-sechilienne\/#breadcrumb"},"inLanguage":"fr","potentialAction":[{"@type":"ReadAction","target":["https:\/\/www.alpvisionresidences.com\/blog\/fr\/chateau-sechilienne\/"]}]},{"@type":"ImageObject","inLanguage":"fr","@id":"https:\/\/www.alpvisionresidences.com\/blog\/fr\/chateau-sechilienne\/#primaryimage","url":"https:\/\/www.alpvisionresidences.com\/blog\/wp-content\/uploads\/2025\/06\/castle-Sechilienne-.jpg","contentUrl":"https:\/\/www.alpvisionresidences.com\/blog\/wp-content\/uploads\/2025\/06\/castle-Sechilienne-.jpg","width":1920,"height":881,"caption":"castle S\u00e9chilienne"},{"@type":"BreadcrumbList","@id":"https:\/\/www.alpvisionresidences.com\/blog\/fr\/chateau-sechilienne\/#breadcrumb","itemListElement":[{"@type":"ListItem","position":1,"name":"Home","item":"https:\/\/www.alpvisionresidences.com\/blog\/fr\/"},{"@type":"ListItem","position":2,"name":"Visitez le ch\u00e2teau de S\u00e9chilienne"}]},{"@type":"WebSite","@id":"https:\/\/www.alpvisionresidences.com\/blog\/fr\/#website","url":"https:\/\/www.alpvisionresidences.com\/blog\/fr\/","name":"alpvisionresidences.com","description":"Alpvision r\u00e9sidences","publisher":{"@id":"https:\/\/www.alpvisionresidences.com\/blog\/fr\/#organization"},"potentialAction":[{"@type":"SearchAction","target":{"@type":"EntryPoint","urlTemplate":"https:\/\/www.alpvisionresidences.com\/blog\/fr\/?s={search_term_string}"},"query-input":{"@type":"PropertyValueSpecification","valueRequired":true,"valueName":"search_term_string"}}],"inLanguage":"fr"},{"@type":"Organization","@id":"https:\/\/www.alpvisionresidences.com\/blog\/fr\/#organization","name":"Alpvision Residences","url":"https:\/\/www.alpvisionresidences.com\/blog\/fr\/","logo":{"@type":"ImageObject","inLanguage":"fr","@id":"https:\/\/www.alpvisionresidences.com\/blog\/fr\/#\/schema\/logo\/image\/","url":"https:\/\/www.alpvisionresidences.com\/blog\/wp-content\/uploads\/2022\/01\/alpvision_icone1_bleu_negatif-Redimensionne-pour-profil.png","contentUrl":"https:\/\/www.alpvisionresidences.com\/blog\/wp-content\/uploads\/2022\/01\/alpvision_icone1_bleu_negatif-Redimensionne-pour-profil.png","width":522,"height":478,"caption":"Alpvision Residences"},"image":{"@id":"https:\/\/www.alpvisionresidences.com\/blog\/fr\/#\/schema\/logo\/image\/"},"sameAs":["https:\/\/www.facebook.com\/AlpvisionResidences\/","https:\/\/www.instagram.com\/alpvisionresidences\/"]},{"@type":"Person","@id":"https:\/\/www.alpvisionresidences.com\/blog\/fr\/#\/schema\/person\/6e9d17dd9b9dc7fb1f883ab503416e85","name":"digitalservices","image":{"@type":"ImageObject","inLanguage":"fr","@id":"https:\/\/secure.gravatar.com\/avatar\/af30f88a1904294c1f3eb09a9d7903eec4ffa18fa2cf40c28a8681014ecdfc20?s=96&d=mm&r=g","url":"https:\/\/secure.gravatar.com\/avatar\/af30f88a1904294c1f3eb09a9d7903eec4ffa18fa2cf40c28a8681014ecdfc20?s=96&d=mm&r=g","contentUrl":"https:\/\/secure.gravatar.com\/avatar\/af30f88a1904294c1f3eb09a9d7903eec4ffa18fa2cf40c28a8681014ecdfc20?s=96&d=mm&r=g","caption":"digitalservices"},"url":"https:\/\/www.alpvisionresidences.com\/blog\/fr\/author\/digitalservices\/"}]}},"_links":{"self":[{"href":"https:\/\/www.alpvisionresidences.com\/blog\/fr\/wp-json\/wp\/v2\/posts\/14794","targetHints":{"allow":["GET"]}}],"collection":[{"href":"https:\/\/www.alpvisionresidences.com\/blog\/fr\/wp-json\/wp\/v2\/posts"}],"about":[{"href":"https:\/\/www.alpvisionresidences.com\/blog\/fr\/wp-json\/wp\/v2\/types\/post"}],"author":[{"embeddable":true,"href":"https:\/\/www.alpvisionresidences.com\/blog\/fr\/wp-json\/wp\/v2\/users\/3"}],"replies":[{"embeddable":true,"href":"https:\/\/www.alpvisionresidences.com\/blog\/fr\/wp-json\/wp\/v2\/comments?post=14794"}],"version-history":[{"count":1,"href":"https:\/\/www.alpvisionresidences.com\/blog\/fr\/wp-json\/wp\/v2\/posts\/14794\/revisions"}],"predecessor-version":[{"id":14795,"href":"https:\/\/www.alpvisionresidences.com\/blog\/fr\/wp-json\/wp\/v2\/posts\/14794\/revisions\/14795"}],"wp:featuredmedia":[{"embeddable":true,"href":"https:\/\/www.alpvisionresidences.com\/blog\/fr\/wp-json\/wp\/v2\/media\/14782"}],"wp:attachment":[{"href":"https:\/\/www.alpvisionresidences.com\/blog\/fr\/wp-json\/wp\/v2\/media?parent=14794"}],"wp:term":[{"taxonomy":"category","embeddable":true,"href":"https:\/\/www.alpvisionresidences.com\/blog\/fr\/wp-json\/wp\/v2\/categories?post=14794"},{"taxonomy":"post_tag","embeddable":true,"href":"https:\/\/www.alpvisionresidences.com\/blog\/fr\/wp-json\/wp\/v2\/tags?post=14794"}],"curies":[{"name":"wp","href":"https:\/\/api.w.org\/{rel}","templated":true}]}}