{"id":16859,"date":"2025-12-23T09:28:29","date_gmt":"2025-12-23T09:28:29","guid":{"rendered":"https:\/\/www.alpvisionresidences.com\/blog\/chatel-en-hiver\/"},"modified":"2025-12-29T08:06:33","modified_gmt":"2025-12-29T08:06:33","slug":"chatel-en-hiver","status":"publish","type":"post","link":"https:\/\/www.alpvisionresidences.com\/blog\/fr\/chatel-en-hiver\/","title":{"rendered":"Ch\u00e2tel en hiver"},"content":{"rendered":"\t\t<div data-elementor-type=\"wp-post\" data-elementor-id=\"16859\" class=\"elementor elementor-16859 elementor-16593\" data-elementor-post-type=\"post\">\n\t\t\t\t\t\t<section class=\"elementor-section elementor-top-section elementor-element elementor-element-315a9503 elementor-section-boxed elementor-section-height-default elementor-section-height-default\" data-id=\"315a9503\" data-element_type=\"section\" data-e-type=\"section\">\n\t\t\t\t\t\t<div class=\"elementor-container elementor-column-gap-default\">\n\t\t\t\t\t<div class=\"elementor-column elementor-col-100 elementor-top-column elementor-element elementor-element-5b2d15eb\" data-id=\"5b2d15eb\" data-element_type=\"column\" data-e-type=\"column\">\n\t\t\t<div class=\"elementor-widget-wrap elementor-element-populated\">\n\t\t\t\t\t\t<div class=\"elementor-element elementor-element-11693843 elementor-widget elementor-widget-text-editor\" data-id=\"11693843\" data-element_type=\"widget\" data-e-type=\"widget\" data-widget_type=\"text-editor.default\">\n\t\t\t\t<div class=\"elementor-widget-container\">\n\t\t\t\t\t\t\t\t\t<p><strong>Ch\u00e2tel en hiver<\/strong> correspond exactement \u00e0 ce que vous imaginez lorsque vous r\u00eavez d&#8217;une escapade alpine enneig\u00e9e. Imaginez des chalets en bois saupoudr\u00e9s de neige, un air de montagne pur et vivifiant, et des pistes qui offrent une aventure \u00e0 l&#8217;\u00e9tat pur. <\/p><p>Situ\u00e9 dans les Alpes fran\u00e7aises, pr\u00e8s de la fronti\u00e8re suisse, Ch\u00e2tel est l&#8217;une des destinations hivernales les plus pittoresques de la r\u00e9gion, avec un excellent ski et une authenticit\u00e9 villageoise.<\/p><p>Ce guide explore les meilleures <strong>activit\u00e9s hivernales de Ch\u00e2tel<\/strong>, du ski de classe mondiale aux repas chaleureux et aux attractions familiales.<\/p>\t\t\t\t\t\t\t\t<\/div>\n\t\t\t\t<\/div>\n\t\t\t\t\t<\/div>\n\t\t<\/div>\n\t\t\t\t\t<\/div>\n\t\t<\/section>\n\t\t\t\t<section class=\"elementor-section elementor-top-section elementor-element elementor-element-5d44c9e4 elementor-section-boxed elementor-section-height-default elementor-section-height-default\" data-id=\"5d44c9e4\" data-element_type=\"section\" data-e-type=\"section\">\n\t\t\t\t\t\t<div class=\"elementor-container elementor-column-gap-default\">\n\t\t\t\t\t<div class=\"elementor-column elementor-col-100 elementor-top-column elementor-element elementor-element-33d537cb\" data-id=\"33d537cb\" data-element_type=\"column\" data-e-type=\"column\">\n\t\t\t<div class=\"elementor-widget-wrap elementor-element-populated\">\n\t\t\t\t\t\t<div class=\"elementor-element elementor-element-48657e7f elementor-widget elementor-widget-table-of-contents\" data-id=\"48657e7f\" data-element_type=\"widget\" data-e-type=\"widget\" data-settings=\"{&quot;headings_by_tags&quot;:[&quot;h2&quot;],&quot;exclude_headings_by_selector&quot;:[],&quot;marker_view&quot;:&quot;bullets&quot;,&quot;icon&quot;:{&quot;value&quot;:&quot;&quot;,&quot;library&quot;:&quot;&quot;},&quot;no_headings_message&quot;:&quot;No headings were found on this page.&quot;,&quot;hierarchical_view&quot;:&quot;yes&quot;,&quot;min_height&quot;:{&quot;unit&quot;:&quot;px&quot;,&quot;size&quot;:&quot;&quot;,&quot;sizes&quot;:[]},&quot;min_height_tablet&quot;:{&quot;unit&quot;:&quot;px&quot;,&quot;size&quot;:&quot;&quot;,&quot;sizes&quot;:[]},&quot;min_height_mobile&quot;:{&quot;unit&quot;:&quot;px&quot;,&quot;size&quot;:&quot;&quot;,&quot;sizes&quot;:[]}}\" data-widget_type=\"table-of-contents.default\">\n\t\t\t\t<div class=\"elementor-widget-container\">\n\t\t\t\t\t\t\t\t\t<div class=\"elementor-toc__header\">\n\t\t\t\t\t\t<div class=\"elementor-toc__header-title\">\n\t\t\t\tSommaire\t\t\t<\/div>\n\t\t\t\t\t\t\t\t<\/div>\n\t\t\t\t<div id=\"elementor-toc__48657e7f\" class=\"elementor-toc__body\">\n\t\t\t<div class=\"elementor-toc__spinner-container\">\n\t\t\t\t<i class=\"elementor-toc__spinner eicon-animation-spin eicon-loading\" aria-hidden=\"true\"><\/i>\t\t\t<\/div>\n\t\t<\/div>\n\t\t\t\t\t\t<\/div>\n\t\t\t\t<\/div>\n\t\t\t\t\t<\/div>\n\t\t<\/div>\n\t\t\t\t\t<\/div>\n\t\t<\/section>\n\t\t\t\t<section class=\"elementor-section elementor-top-section elementor-element elementor-element-471bf8ec elementor-section-boxed elementor-section-height-default elementor-section-height-default\" data-id=\"471bf8ec\" data-element_type=\"section\" data-e-type=\"section\">\n\t\t\t\t\t\t<div class=\"elementor-container elementor-column-gap-default\">\n\t\t\t\t\t<div class=\"elementor-column elementor-col-100 elementor-top-column elementor-element elementor-element-7c2661c3\" data-id=\"7c2661c3\" data-element_type=\"column\" data-e-type=\"column\">\n\t\t\t<div class=\"elementor-widget-wrap elementor-element-populated\">\n\t\t\t\t\t\t<div class=\"elementor-element elementor-element-7c9269c0 elementor-widget elementor-widget-heading\" data-id=\"7c9269c0\" data-element_type=\"widget\" data-e-type=\"widget\" data-widget_type=\"heading.default\">\n\t\t\t\t<div class=\"elementor-widget-container\">\n\t\t\t\t\t<h2 class=\"elementor-heading-title elementor-size-default\">D\u00e9couvrez Ch\u00e2tel en hiver<\/h2>\t\t\t\t<\/div>\n\t\t\t\t<\/div>\n\t\t\t\t<div class=\"elementor-element elementor-element-391c8774 elementor-widget elementor-widget-text-editor\" data-id=\"391c8774\" data-element_type=\"widget\" data-e-type=\"widget\" data-widget_type=\"text-editor.default\">\n\t\t\t\t<div class=\"elementor-widget-container\">\n\t\t\t\t\t\t\t\t\t<p>Situ\u00e9 en <strong>Haute-Savoie<\/strong>, pr\u00e8s de la fronti\u00e8re suisse, Ch\u00e2tel se trouve \u00e0 une altitude d&#8217;environ 1 200 m\u00e8tres. Il s&#8217;\u00e9l\u00e8ve \u00e0 plus de 2 200 m\u00e8tres dans le domaine skiable. Contrairement \u00e0 d&#8217;autres m\u00e9ga-stations, Ch\u00e2tel parvient \u00e0 pr\u00e9server son identit\u00e9 de village de montagne traditionnel tout en offrant un acc\u00e8s \u00e0 l&#8217;un des plus grands r\u00e9seaux de ski d&#8217;Europe.  <\/p><p>Ch\u00e2tel fait partie du c\u00e9l\u00e8bre domaine des Portes du Soleil. Il s&#8217;\u00e9tend sur <strong>12 stations<\/strong> \u00e0 travers la <a href=\"https:\/\/www.alpvisionresidences.com\/blog\/fr\/alpes-francaises-vs-alpes-suisses\/\">France et la Suisse<\/a> et offre plus de 600 kilom\u00e8tres de pistes de ski interconnect\u00e9es. Cela fait de la r\u00e9gion l&#8217;un des plus grands domaines skiables du monde. Pourtant, Ch\u00e2tel conserve une atmosph\u00e8re d\u00e9tendue et familiale.   <\/p>\t\t\t\t\t\t\t\t<\/div>\n\t\t\t\t<\/div>\n\t\t\t\t\t<\/div>\n\t\t<\/div>\n\t\t\t\t\t<\/div>\n\t\t<\/section>\n\t\t\t\t<section class=\"elementor-section elementor-top-section elementor-element elementor-element-25a264b1 elementor-section-boxed elementor-section-height-default elementor-section-height-default\" data-id=\"25a264b1\" data-element_type=\"section\" data-e-type=\"section\">\n\t\t\t\t\t\t<div class=\"elementor-container elementor-column-gap-default\">\n\t\t\t\t\t<div class=\"elementor-column elementor-col-100 elementor-top-column elementor-element elementor-element-2be33bb3\" data-id=\"2be33bb3\" data-element_type=\"column\" data-e-type=\"column\">\n\t\t\t<div class=\"elementor-widget-wrap elementor-element-populated\">\n\t\t\t\t\t\t<div class=\"elementor-element elementor-element-5c26105b elementor-widget elementor-widget-heading\" data-id=\"5c26105b\" data-element_type=\"widget\" data-e-type=\"widget\" data-widget_type=\"heading.default\">\n\t\t\t\t<div class=\"elementor-widget-container\">\n\t\t\t\t\t<h3 class=\"elementor-heading-title elementor-size-default\">Conditions hivernales<\/h3>\t\t\t\t<\/div>\n\t\t\t\t<\/div>\n\t\t\t\t<div class=\"elementor-element elementor-element-aa4fe4 elementor-widget elementor-widget-text-editor\" data-id=\"aa4fe4\" data-element_type=\"widget\" data-e-type=\"widget\" data-widget_type=\"text-editor.default\">\n\t\t\t\t<div class=\"elementor-widget-container\">\n\t\t\t\t\t\t\t\t\t<ul><li>Saison de neige&nbsp;: de d\u00e9cembre \u00e0 mi-avril<\/li><li>Temp\u00e9ratures hivernales moyennes&nbsp;: -5&nbsp;\u00b0C \u00e0 +6&nbsp;\u00b0C<\/li><li>Chutes de neige annuelles&nbsp;: jusqu&#8217;\u00e0 6 \u00e0 8&nbsp;m\u00e8tres en altitude<\/li><li>Enneigement artificiel&nbsp;: couverture \u00e9tendue sur les pistes principales<\/li><\/ul><p>Avec des chutes de neige fiables et un excellent entretien des montagnes, <strong>Ch\u00e2tel en hiver<\/strong> offre des conditions fiables pour le ski et les activit\u00e9s autres que le ski. Le village se transforme en un paradis hivernal. Parfait pour les amateurs de sports d&#8217;hiver et ceux qui souhaitent profiter de la culture et de la cuisine alpines.  <\/p>\t\t\t\t\t\t\t\t<\/div>\n\t\t\t\t<\/div>\n\t\t\t\t<div class=\"elementor-element elementor-element-8942a64 elementor-widget elementor-widget-google_maps\" data-id=\"8942a64\" data-element_type=\"widget\" data-e-type=\"widget\" data-widget_type=\"google_maps.default\">\n\t\t\t\t<div class=\"elementor-widget-container\">\n\t\t\t\t\t\t\t<div class=\"elementor-custom-embed\">\n\t\t\t<iframe loading=\"lazy\"\n\t\t\t\t\tsrc=\"https:\/\/maps.google.com\/maps?q=ch%C3%A2tel&#038;t=m&#038;z=9&#038;output=embed&#038;iwloc=near\"\n\t\t\t\t\ttitle=\"ch\u00e2tel\"\n\t\t\t\t\taria-label=\"ch\u00e2tel\"\n\t\t\t><\/iframe>\n\t\t<\/div>\n\t\t\t\t\t\t<\/div>\n\t\t\t\t<\/div>\n\t\t\t\t\t<\/div>\n\t\t<\/div>\n\t\t\t\t\t<\/div>\n\t\t<\/section>\n\t\t\t\t<section class=\"elementor-section elementor-top-section elementor-element elementor-element-95a8067 elementor-section-boxed elementor-section-height-default elementor-section-height-default\" data-id=\"95a8067\" data-element_type=\"section\" data-e-type=\"section\">\n\t\t\t\t\t\t<div class=\"elementor-container elementor-column-gap-default\">\n\t\t\t\t\t<div class=\"elementor-column elementor-col-100 elementor-top-column elementor-element elementor-element-188747e\" data-id=\"188747e\" data-element_type=\"column\" data-e-type=\"column\">\n\t\t\t<div class=\"elementor-widget-wrap elementor-element-populated\">\n\t\t\t\t\t\t<div class=\"elementor-element elementor-element-3390737 elementor-widget elementor-widget-heading\" data-id=\"3390737\" data-element_type=\"widget\" data-e-type=\"widget\" data-widget_type=\"heading.default\">\n\t\t\t\t<div class=\"elementor-widget-container\">\n\t\t\t\t\t<h2 class=\"elementor-heading-title elementor-size-default\">Principales activit\u00e9s hivernales<\/h2>\t\t\t\t<\/div>\n\t\t\t\t<\/div>\n\t\t\t\t<div class=\"elementor-element elementor-element-b876592 elementor-widget elementor-widget-text-editor\" data-id=\"b876592\" data-element_type=\"widget\" data-e-type=\"widget\" data-widget_type=\"text-editor.default\">\n\t\t\t\t<div class=\"elementor-widget-container\">\n\t\t\t\t\t\t\t\t\t<p>Au-del\u00e0 du ski, les <a href=\"https:\/\/www.alpvisionresidences.com\/blog\/fr\/que-faire-a-chatel\/\">activit\u00e9s hivernales de Ch\u00e2tel<\/a> sont nombreuses. C&#8217;est ce qui rend Ch\u00e2tel si merveilleux, car m\u00eame ceux qui n&#8217;aiment pas le ski peuvent participer \u00e0 d&#8217;autres activit\u00e9s. <\/p><h3>Exp\u00e9riences hivernales incontournables<\/h3><ul><li>Randonn\u00e9e en raquettes \u00e0 travers les for\u00eats alpines<\/li><li>Patinage sur glace \u00e0 la patinoire du village<\/li><li>Luge et toboggan<\/li><li>Ski nordique sur des pistes panoramiques<\/li><li>Exp\u00e9riences de bien-\u00eatre et de spa<\/li><li>Itin\u00e9raires de photographie hivernale<\/li><li>Excursions en tra\u00eeneau \u00e0 chiens (saisonni\u00e8res)<\/li><\/ul><p>Le <strong>centre aquatique Forme d\u2019O<\/strong> est particuli\u00e8rement populaire et comprend des piscines int\u00e9rieures, des saunas et des hammams, parfaits pour se r\u00e9chauffer apr\u00e8s une froide journ\u00e9e \u00e0 l&#8217;ext\u00e9rieur.<\/p><h3>Liste de contr\u00f4le des bagages d&#8217;hiver<\/h3><ul><li>Bottes imperm\u00e9ables<\/li><li>Bonnet et gants chauds<\/li><li>Lunettes de soleil pour l&#8217;\u00e9blouissement en montagne<\/li><li>Batterie externe pour le temps froid<\/li><li>Petit sac \u00e0 dos pour les excursions d&#8217;une journ\u00e9e<\/li><li>Assurance voyage couvrant les sports d&#8217;hiver<\/li><\/ul><p><strong>Conseil d&#8217;initi\u00e9<\/strong>&nbsp;: les matin\u00e9es offrent les vues les plus d\u00e9gag\u00e9es sur la <em>vall\u00e9e d&#8217;Abondance<\/em>, surtout apr\u00e8s les chutes de neige lorsque le soleil se refl\u00e8te sur les sommets des montagnes.<\/p>\t\t\t\t\t\t\t\t<\/div>\n\t\t\t\t<\/div>\n\t\t\t\t<div class=\"elementor-element elementor-element-839afa4 elementor-widget elementor-widget-image\" data-id=\"839afa4\" data-element_type=\"widget\" data-e-type=\"widget\" data-widget_type=\"image.default\">\n\t\t\t\t<div class=\"elementor-widget-container\">\n\t\t\t\t\t\t\t\t\t\t\t\t<figure class=\"wp-caption\">\n\t\t\t\t\t\t\t\t\t\t<img fetchpriority=\"high\" decoding=\"async\" width=\"1183\" height=\"591\" src=\"https:\/\/www.alpvisionresidences.com\/blog\/wp-content\/uploads\/2025\/12\/Lac-de-Vonnes-en-Chatel.jpg\" class=\"attachment-full size-full wp-image-16776\" alt=\"Lac-de-Vonnes-en-Chatel.jpg\" srcset=\"https:\/\/www.alpvisionresidences.com\/blog\/wp-content\/uploads\/2025\/12\/Lac-de-Vonnes-en-Chatel.jpg 1183w, https:\/\/www.alpvisionresidences.com\/blog\/wp-content\/uploads\/2025\/12\/Lac-de-Vonnes-en-Chatel-768x384.jpg 768w\" sizes=\"(max-width: 1183px) 100vw, 1183px\" \/>\t\t\t\t\t\t\t\t\t\t\t<figcaption class=\"widget-image-caption wp-caption-text\">Lac de Vonnes \u00e0 Ch\u00e2tel<\/figcaption>\n\t\t\t\t\t\t\t\t\t\t<\/figure>\n\t\t\t\t\t\t\t\t\t<\/div>\n\t\t\t\t<\/div>\n\t\t\t\t\t<\/div>\n\t\t<\/div>\n\t\t\t\t\t<\/div>\n\t\t<\/section>\n\t\t\t\t<section class=\"elementor-section elementor-top-section elementor-element elementor-element-cb637fd elementor-section-boxed elementor-section-height-default elementor-section-height-default\" data-id=\"cb637fd\" data-element_type=\"section\" data-e-type=\"section\">\n\t\t\t\t\t\t<div class=\"elementor-container elementor-column-gap-default\">\n\t\t\t\t\t<div class=\"elementor-column elementor-col-100 elementor-top-column elementor-element elementor-element-cd77021\" data-id=\"cd77021\" data-element_type=\"column\" data-e-type=\"column\">\n\t\t\t<div class=\"elementor-widget-wrap elementor-element-populated\">\n\t\t\t\t\t\t<div class=\"elementor-element elementor-element-44ded88 elementor-widget elementor-widget-heading\" data-id=\"44ded88\" data-element_type=\"widget\" data-e-type=\"widget\" data-widget_type=\"heading.default\">\n\t\t\t\t<div class=\"elementor-widget-container\">\n\t\t\t\t\t<h2 class=\"elementor-heading-title elementor-size-default\">Options de ski et de snowboard<\/h2>\t\t\t\t<\/div>\n\t\t\t\t<\/div>\n\t\t\t\t<div class=\"elementor-element elementor-element-266fff5 elementor-widget elementor-widget-text-editor\" data-id=\"266fff5\" data-element_type=\"widget\" data-e-type=\"widget\" data-widget_type=\"text-editor.default\">\n\t\t\t\t<div class=\"elementor-widget-container\">\n\t\t\t\t\t\t\t\t\t<p>Le point culminant de <strong>Ch\u00e2tel en hiver<\/strong> est le ski exceptionnel. Que vous chaussiez des skis pour la premi\u00e8re fois ou que vous recherchiez un terrain difficile, Ch\u00e2tel s&#8217;adresse \u00e0 tous les niveaux. <\/p><p>Le <a href=\"https:\/\/www.alpvisionresidences.com\/blog\/fr\/sejour-ski-alpes-nord\/\">ski \u00e0 Ch\u00e2tel<\/a> est r\u00e9parti sur plusieurs zones distinctes, chacune offrant une exp\u00e9rience diff\u00e9rente en fonction de votre niveau et de vos pr\u00e9f\u00e9rences.<\/p><p><strong>Super-Ch\u00e2tel<\/strong> est particuli\u00e8rement populaire aupr\u00e8s des skieurs d\u00e9butants et interm\u00e9diaires gr\u00e2ce \u00e0 ses pentes douces et ses pistes bien entretenues, ce qui le rend id\u00e9al pour prendre confiance sur la neige. Pendant ce temps, <strong>Linga<\/strong> et <strong>Pr\u00e9-la-Joux<\/strong> ont tendance \u00e0 attirer les skieurs qui souhaitent des pistes plus calmes et un acc\u00e8s plus rapide au c\u00f4t\u00e9 suisse des montagnes. <\/p><p>Le domaine skiable est incroyablement vaste, faisant partie d&#8217;un r\u00e9seau de plus de 300 pistes balis\u00e9es \u00e0 travers les <strong>Portes du Soleil<\/strong>. Non seulement cela offre une grande vari\u00e9t\u00e9 de terrains, mais il est \u00e9galement soutenu par des dizaines de syst\u00e8mes de remont\u00e9es m\u00e9caniques modernes qui r\u00e9duisent les temps d&#8217;attente et am\u00e9liorent l&#8217;acc\u00e8s \u00e0 travers la station. De plus, si vous aimez le freestyle, il existe plusieurs snowparks bien entretenus, tandis que les skieurs plus avanc\u00e9s peuvent explorer les zones hors-piste.  <\/p>\t\t\t\t\t\t\t\t<\/div>\n\t\t\t\t<\/div>\n\t\t\t\t\t<\/div>\n\t\t<\/div>\n\t\t\t\t\t<\/div>\n\t\t<\/section>\n\t\t\t\t<section class=\"elementor-section elementor-top-section elementor-element elementor-element-27b57e1 elementor-section-boxed elementor-section-height-default elementor-section-height-default\" data-id=\"27b57e1\" data-element_type=\"section\" data-e-type=\"section\">\n\t\t\t\t\t\t<div class=\"elementor-container elementor-column-gap-default\">\n\t\t\t\t\t<div class=\"elementor-column elementor-col-100 elementor-top-column elementor-element elementor-element-503c78f\" data-id=\"503c78f\" data-element_type=\"column\" data-e-type=\"column\">\n\t\t\t<div class=\"elementor-widget-wrap elementor-element-populated\">\n\t\t\t\t\t\t<div class=\"elementor-element elementor-element-4216fa6 elementor-widget elementor-widget-heading\" data-id=\"4216fa6\" data-element_type=\"widget\" data-e-type=\"widget\" data-widget_type=\"heading.default\">\n\t\t\t\t<div class=\"elementor-widget-container\">\n\t\t\t\t\t<h3 class=\"elementor-heading-title elementor-size-default\">Zones recommand\u00e9es par niveau de comp\u00e9tence<\/h3>\t\t\t\t<\/div>\n\t\t\t\t<\/div>\n\t\t\t\t<div class=\"elementor-element elementor-element-1f1e2a1 elementor-widget elementor-widget-text-editor\" data-id=\"1f1e2a1\" data-element_type=\"widget\" data-e-type=\"widget\" data-widget_type=\"text-editor.default\">\n\t\t\t\t<div class=\"elementor-widget-container\">\n\t\t\t\t\t\t\t\t\t<p><strong>D\u00e9butants<\/strong>&nbsp;: Super-Ch\u00e2tel \u2013 pentes douces et excellents espaces d&#8217;apprentissage<br><strong>Skieurs interm\u00e9diaires<\/strong>&nbsp;: Linga \u2013 pistes plus longues avec d&#8217;excellentes liaisons vers les pistes environnantes<br><strong>Skieurs avanc\u00e9s<\/strong>&nbsp;: Avoriaz et le secteur suisse \u2013 terrain plus escarp\u00e9 et itin\u00e9raires exigeants<br><strong>Riders freestyle<\/strong>&nbsp;: Snowparks dans toute la zone \u2013 zones d\u00e9di\u00e9es aux sauts, aux rails et aux figures<\/p>\t\t\t\t\t\t\t\t<\/div>\n\t\t\t\t<\/div>\n\t\t\t\t<div class=\"elementor-element elementor-element-2d5cf62 elementor-widget elementor-widget-image\" data-id=\"2d5cf62\" data-element_type=\"widget\" data-e-type=\"widget\" data-widget_type=\"image.default\">\n\t\t\t\t<div class=\"elementor-widget-container\">\n\t\t\t\t\t\t\t\t\t\t\t\t\t\t\t<img decoding=\"async\" width=\"1183\" height=\"591\" src=\"https:\/\/www.alpvisionresidences.com\/blog\/wp-content\/uploads\/2025\/12\/chatel-winter.jpg\" class=\"attachment-full size-full wp-image-16772\" alt=\"chatel-winter.jpg\" srcset=\"https:\/\/www.alpvisionresidences.com\/blog\/wp-content\/uploads\/2025\/12\/chatel-winter.jpg 1183w, https:\/\/www.alpvisionresidences.com\/blog\/wp-content\/uploads\/2025\/12\/chatel-winter-768x384.jpg 768w\" sizes=\"(max-width: 1183px) 100vw, 1183px\" \/>\t\t\t\t\t\t\t\t\t\t\t\t\t\t\t<\/div>\n\t\t\t\t<\/div>\n\t\t\t\t\t<\/div>\n\t\t<\/div>\n\t\t\t\t\t<\/div>\n\t\t<\/section>\n\t\t\t\t<section class=\"elementor-section elementor-top-section elementor-element elementor-element-ab20adb elementor-section-boxed elementor-section-height-default elementor-section-height-default\" data-id=\"ab20adb\" data-element_type=\"section\" data-e-type=\"section\">\n\t\t\t\t\t\t<div class=\"elementor-container elementor-column-gap-default\">\n\t\t\t\t\t<div class=\"elementor-column elementor-col-100 elementor-top-column elementor-element elementor-element-605adca\" data-id=\"605adca\" data-element_type=\"column\" data-e-type=\"column\">\n\t\t\t<div class=\"elementor-widget-wrap elementor-element-populated\">\n\t\t\t\t\t\t<div class=\"elementor-element elementor-element-dcd5b22 elementor-widget elementor-widget-heading\" data-id=\"dcd5b22\" data-element_type=\"widget\" data-e-type=\"widget\" data-widget_type=\"heading.default\">\n\t\t\t\t<div class=\"elementor-widget-container\">\n\t\t\t\t\t<h2 class=\"elementor-heading-title elementor-size-default\">Plans d'hiver pour les familles<\/h2>\t\t\t\t<\/div>\n\t\t\t\t<\/div>\n\t\t\t\t<div class=\"elementor-element elementor-element-0093ab7 elementor-widget elementor-widget-text-editor\" data-id=\"0093ab7\" data-element_type=\"widget\" data-e-type=\"widget\" data-widget_type=\"text-editor.default\">\n\t\t\t\t<div class=\"elementor-widget-container\">\n\t\t\t\t\t\t\t\t\t<p>Ch\u00e2tel est id\u00e9ale pour les familles \u00e0 la recherche de vacances \u00e0 la neige sans stress. La s\u00e9curit\u00e9 et la commodit\u00e9 en font un choix confortable avec des enfants de tous \u00e2ges.<\/p><p>Il existe des zones de ski sp\u00e9cifiques pour les enfants, des pistes pour d\u00e9butants, des parcs de luge, une piscine int\u00e9rieure, une patinoire et m\u00eame un cin\u00e9ma et une section d&#8217;attractions familiales de la station.<\/p><p>De plus, il existe des \u00e9coles de ski anglophones disponibles. De nombreuses zones pour d\u00e9butants comprennent \u00e9galement des tapis magiques et des zones \u00e0 gradient doux pour renforcer la confiance.<\/p><h3>Conseils de voyage en famille<\/h3><ul><li>R\u00e9servez des cours de ski t\u00f4t pendant les vacances scolaires<\/li><li>Choisissez un <a href=\"https:\/\/www.alpvisionresidences.com\/fr\/location-vacances-chatel\/\">h\u00e9bergement<\/a> pr\u00e8s des remont\u00e9es m\u00e9caniques<\/li><li>Alternez les jours de ski avec des activit\u00e9s de r\u00e9cup\u00e9ration<\/li><li>Emportez des gants et des chaussettes de rechange<\/li><\/ul><p><strong>Conseil de pro<\/strong>\u00a0: les magasins de location de mat\u00e9riel dans tout le village offrent des r\u00e9ductions de plusieurs jours et des forfaits pour les familles. Les casques sont largement disponibles et fortement recommand\u00e9s, en particulier pour les jeunes skieurs.<\/p>\t\t\t\t\t\t\t\t<\/div>\n\t\t\t\t<\/div>\n\t\t\t\t<div class=\"elementor-element elementor-element-fbb15b1 elementor-widget elementor-widget-image\" data-id=\"fbb15b1\" data-element_type=\"widget\" data-e-type=\"widget\" data-widget_type=\"image.default\">\n\t\t\t\t<div class=\"elementor-widget-container\">\n\t\t\t\t\t\t\t\t\t\t\t\t\t\t\t<img decoding=\"async\" width=\"1254\" height=\"627\" src=\"https:\/\/www.alpvisionresidences.com\/blog\/wp-content\/uploads\/2025\/12\/Family-chatel-winter.jpg\" class=\"attachment-full size-full wp-image-16768\" alt=\"Family-chatel-winter.jpg\" srcset=\"https:\/\/www.alpvisionresidences.com\/blog\/wp-content\/uploads\/2025\/12\/Family-chatel-winter.jpg 1254w, https:\/\/www.alpvisionresidences.com\/blog\/wp-content\/uploads\/2025\/12\/Family-chatel-winter-768x384.jpg 768w\" sizes=\"(max-width: 1254px) 100vw, 1254px\" \/>\t\t\t\t\t\t\t\t\t\t\t\t\t\t\t<\/div>\n\t\t\t\t<\/div>\n\t\t\t\t\t<\/div>\n\t\t<\/div>\n\t\t\t\t\t<\/div>\n\t\t<\/section>\n\t\t\t\t<section class=\"elementor-section elementor-top-section elementor-element elementor-element-5f9a2ec elementor-section-boxed elementor-section-height-default elementor-section-height-default\" data-id=\"5f9a2ec\" data-element_type=\"section\" data-e-type=\"section\">\n\t\t\t\t\t\t<div class=\"elementor-container elementor-column-gap-default\">\n\t\t\t\t\t<div class=\"elementor-column elementor-col-100 elementor-top-column elementor-element elementor-element-5d6d89d\" data-id=\"5d6d89d\" data-element_type=\"column\" data-e-type=\"column\">\n\t\t\t<div class=\"elementor-widget-wrap elementor-element-populated\">\n\t\t\t\t\t\t<div class=\"elementor-element elementor-element-7ffd66f elementor-widget elementor-widget-heading\" data-id=\"7ffd66f\" data-element_type=\"widget\" data-e-type=\"widget\" data-widget_type=\"heading.default\">\n\t\t\t\t<div class=\"elementor-widget-container\">\n\t\t\t\t\t<h2 class=\"elementor-heading-title elementor-size-default\">Apr\u00e8s-ski et restauration locale<\/h2>\t\t\t\t<\/div>\n\t\t\t\t<\/div>\n\t\t\t\t<div class=\"elementor-element elementor-element-678b9a8 elementor-widget elementor-widget-text-editor\" data-id=\"678b9a8\" data-element_type=\"widget\" data-e-type=\"widget\" data-widget_type=\"text-editor.default\">\n\t\t\t\t<div class=\"elementor-widget-container\">\n\t\t\t\t\t\t\t\t\t<p>Bien que Ch\u00e2tel ne soit pas consid\u00e9r\u00e9e comme une station festive, sa sc\u00e8ne apr\u00e8s-ski se concentre sur une excellente nourriture et des boissons. Nous vous sugg\u00e9rons d&#8217;essayer les classiques savoyards, tels que la raclette, la tartiflette, la fondue savoyarde, les cro\u00fbtes et le vin chaud (vin chaud). <\/p><p>Le village poss\u00e8de \u00e9galement de nombreux restaurants de montagne confortables, des brasseries traditionnelles, des bars \u00e0 vin et des chocolateries.<\/p>\t\t\t\t\t\t\t\t<\/div>\n\t\t\t\t<\/div>\n\t\t\t\t\t<\/div>\n\t\t<\/div>\n\t\t\t\t\t<\/div>\n\t\t<\/section>\n\t\t\t\t<section class=\"elementor-section elementor-top-section elementor-element elementor-element-402919a elementor-section-boxed elementor-section-height-default elementor-section-height-default\" data-id=\"402919a\" data-element_type=\"section\" data-e-type=\"section\">\n\t\t\t\t\t\t<div class=\"elementor-container elementor-column-gap-default\">\n\t\t\t\t\t<div class=\"elementor-column elementor-col-100 elementor-top-column elementor-element elementor-element-5b2495d\" data-id=\"5b2495d\" data-element_type=\"column\" data-e-type=\"column\">\n\t\t\t<div class=\"elementor-widget-wrap elementor-element-populated\">\n\t\t\t\t\t\t<div class=\"elementor-element elementor-element-c99bf5a elementor-widget elementor-widget-heading\" data-id=\"c99bf5a\" data-element_type=\"widget\" data-e-type=\"widget\" data-widget_type=\"heading.default\">\n\t\t\t\t<div class=\"elementor-widget-container\">\n\t\t\t\t\t<h2 class=\"elementor-heading-title elementor-size-default\">Arriv\u00e9e \u00e0 Ch\u00e2tel et conseils suppl\u00e9mentaires<\/h2>\t\t\t\t<\/div>\n\t\t\t\t<\/div>\n\t\t\t\t<div class=\"elementor-element elementor-element-6f9803f elementor-widget elementor-widget-text-editor\" data-id=\"6f9803f\" data-element_type=\"widget\" data-e-type=\"widget\" data-widget_type=\"text-editor.default\">\n\t\t\t\t<div class=\"elementor-widget-container\">\n\t\t\t\t\t\t\t\t\t<p>Le moyen le plus simple de rejoindre Ch\u00e2tel est via l&#8217;<em>a\u00e9roport de Gen\u00e8ve<\/em>, qui se trouve \u00e0 environ 1,5&nbsp;heure en transfert, avec des autocars, des services priv\u00e9s et des locations de voitures facilement disponibles.<\/p><p>Pour un s\u00e9jour confortable, nous vous conseillons d&#8217;emporter des v\u00eatements d&#8217;hiver appropri\u00e9s tels qu&#8217;un manteau isol\u00e9, des couches thermiques, des pantalons imperm\u00e9ables et des bottes de neige, ainsi que des \u00e9l\u00e9ments essentiels comme un baume \u00e0 l\u00e8vres, une cr\u00e8me hydratante et un adaptateur de voyage.<\/p><p>Pour rester en s\u00e9curit\u00e9, vous devez surveiller les conditions m\u00e9t\u00e9orologiques quotidiennes, \u00e9viter les zones hors-piste sans guide, vous assurer que votre assurance voyage couvre les sports d&#8217;hiver et suivre les conseils de la patrouille de ski locale.<\/p>\t\t\t\t\t\t\t\t<\/div>\n\t\t\t\t<\/div>\n\t\t\t\t\t<\/div>\n\t\t<\/div>\n\t\t\t\t\t<\/div>\n\t\t<\/section>\n\t\t\t\t<section class=\"elementor-section elementor-top-section elementor-element elementor-element-aed0180 elementor-section-boxed elementor-section-height-default elementor-section-height-default\" data-id=\"aed0180\" data-element_type=\"section\" data-e-type=\"section\">\n\t\t\t\t\t\t<div class=\"elementor-container elementor-column-gap-default\">\n\t\t\t\t\t<div class=\"elementor-column elementor-col-100 elementor-top-column elementor-element elementor-element-3cb598a\" data-id=\"3cb598a\" data-element_type=\"column\" data-e-type=\"column\">\n\t\t\t<div class=\"elementor-widget-wrap elementor-element-populated\">\n\t\t\t\t\t\t<div class=\"elementor-element elementor-element-538ca78 elementor-widget elementor-widget-heading\" data-id=\"538ca78\" data-element_type=\"widget\" data-e-type=\"widget\" data-widget_type=\"heading.default\">\n\t\t\t\t<div class=\"elementor-widget-container\">\n\t\t\t\t\t<h2 class=\"elementor-heading-title elementor-size-default\">D\u00e9couvrez Ch\u00e2tel en hiver<\/h2>\t\t\t\t<\/div>\n\t\t\t\t<\/div>\n\t\t\t\t<div class=\"elementor-element elementor-element-37bd84b elementor-widget elementor-widget-text-editor\" data-id=\"37bd84b\" data-element_type=\"widget\" data-e-type=\"widget\" data-widget_type=\"text-editor.default\">\n\t\t\t\t<div class=\"elementor-widget-container\">\n\t\t\t\t\t\t\t\t\t<p>Ch\u00e2tel prouve qu&#8217;un ski de classe mondiale ne doit pas n\u00e9cessairement s&#8217;accompagner de grandes foules et de chaos. Des larges vues sur la montagne aux soir\u00e9es alpines confortables, <strong>Ch\u00e2tel en hiver<\/strong> est id\u00e9ale pour les skieurs, les familles et les voyageurs qui veulent quelque chose de plus authentique.<\/p><p>Avec des <strong>activit\u00e9s hivernales \u00e0 Ch\u00e2tel<\/strong> infinies, une neige fiable, des habitants accueillants et une excellente cuisine, c&#8217;est une destination qui r\u00e9compense chaque visiteur avec des souvenirs durables.<\/p><p>S\u00e9journez dans la r\u00e9gion avec style et confort avec <a href=\"https:\/\/www.alpvisionresidences.com\/\">Alpvision R\u00e9sidences<\/a>. Avec une gamme compl\u00e8te de chalets et d&#8217;appartements soigneusement s\u00e9lectionn\u00e9s dans et autour de Ch\u00e2tel, vous \u00eates s\u00fbr de trouver l&#8217;h\u00e9bergement parfait pour vous.<\/p><p>Planifiez votre s\u00e9jour hivernal d\u00e8s aujourd&#8217;hui et d\u00e9couvrez Ch\u00e2tel \u00e0 son meilleur.<\/p>\t\t\t\t\t\t\t\t<\/div>\n\t\t\t\t<\/div>\n\t\t\t\t\t<\/div>\n\t\t<\/div>\n\t\t\t\t\t<\/div>\n\t\t<\/section>\n\t\t<div class=\"elementor-element elementor-element-ab14d77 e-flex e-con-boxed e-con e-parent\" data-id=\"ab14d77\" data-element_type=\"container\" data-e-type=\"container\">\n\t\t\t\t\t<div class=\"e-con-inner\">\n\t\t\t\t<div class=\"elementor-element elementor-element-aee41b6 elementor-widget elementor-widget-template\" data-id=\"aee41b6\" data-element_type=\"widget\" data-e-type=\"widget\" data-widget_type=\"template.default\">\n\t\t\t\t<div class=\"elementor-widget-container\">\n\t\t\t\t\t\t\t<div class=\"elementor-template\">\n\t\t\t\t\t<div data-elementor-type=\"section\" data-elementor-id=\"11410\" class=\"elementor elementor-11410\" data-elementor-post-type=\"elementor_library\">\n\t\t\t\t\t<section class=\"elementor-section elementor-top-section elementor-element elementor-element-49a832d7 elementor-section-boxed elementor-section-height-default elementor-section-height-default\" data-id=\"49a832d7\" data-element_type=\"section\" data-e-type=\"section\">\n\t\t\t\t\t\t<div class=\"elementor-container elementor-column-gap-default\">\n\t\t\t\t\t<div class=\"elementor-column elementor-col-33 elementor-top-column elementor-element elementor-element-3299fb9c\" data-id=\"3299fb9c\" data-element_type=\"column\" data-e-type=\"column\">\n\t\t\t<div class=\"elementor-widget-wrap elementor-element-populated\">\n\t\t\t\t\t\t<div class=\"elementor-element elementor-element-2e05c88b elementor-align-center elementor-widget elementor-widget-button\" data-id=\"2e05c88b\" data-element_type=\"widget\" data-e-type=\"widget\" data-widget_type=\"button.default\">\n\t\t\t\t<div class=\"elementor-widget-container\">\n\t\t\t\t\t\t\t\t\t<div class=\"elementor-button-wrapper\">\n\t\t\t\t\t<a class=\"elementor-button elementor-button-link elementor-size-lg\" href=\"https:\/\/www.alpvisionresidences.com\/fr\/location\/locations-chatel-d35164\/\">\n\t\t\t\t\t\t<span class=\"elementor-button-content-wrapper\">\n\t\t\t\t\t\t\t\t\t<span class=\"elementor-button-text\">Logements \u00e0 Ch\u00e2tel<\/span>\n\t\t\t\t\t<\/span>\n\t\t\t\t\t<\/a>\n\t\t\t\t<\/div>\n\t\t\t\t\t\t\t\t<\/div>\n\t\t\t\t<\/div>\n\t\t\t\t\t<\/div>\n\t\t<\/div>\n\t\t\t\t<div class=\"elementor-column elementor-col-33 elementor-top-column elementor-element elementor-element-72ed62f7\" data-id=\"72ed62f7\" data-element_type=\"column\" data-e-type=\"column\">\n\t\t\t<div class=\"elementor-widget-wrap elementor-element-populated\">\n\t\t\t\t\t\t<div class=\"elementor-element elementor-element-4ac6ccda elementor-align-center elementor-widget elementor-widget-button\" data-id=\"4ac6ccda\" data-element_type=\"widget\" data-e-type=\"widget\" data-widget_type=\"button.default\">\n\t\t\t\t<div class=\"elementor-widget-container\">\n\t\t\t\t\t\t\t\t\t<div class=\"elementor-button-wrapper\">\n\t\t\t\t\t<a class=\"elementor-button elementor-button-link elementor-size-lg\" href=\"https:\/\/www.alpvisionresidences.com\/fr\/location\/appartements-chatel-c1d35164\/\">\n\t\t\t\t\t\t<span class=\"elementor-button-content-wrapper\">\n\t\t\t\t\t\t\t\t\t<span class=\"elementor-button-text\">Appartements \u00e0 Ch\u00e2tel<\/span>\n\t\t\t\t\t<\/span>\n\t\t\t\t\t<\/a>\n\t\t\t\t<\/div>\n\t\t\t\t\t\t\t\t<\/div>\n\t\t\t\t<\/div>\n\t\t\t\t\t<\/div>\n\t\t<\/div>\n\t\t\t\t<div class=\"elementor-column elementor-col-33 elementor-top-column elementor-element elementor-element-73bb3f8c\" data-id=\"73bb3f8c\" data-element_type=\"column\" data-e-type=\"column\">\n\t\t\t<div class=\"elementor-widget-wrap elementor-element-populated\">\n\t\t\t\t\t\t<div class=\"elementor-element elementor-element-4b45603d elementor-align-center elementor-widget elementor-widget-button\" data-id=\"4b45603d\" data-element_type=\"widget\" data-e-type=\"widget\" data-widget_type=\"button.default\">\n\t\t\t\t<div class=\"elementor-widget-container\">\n\t\t\t\t\t\t\t\t\t<div class=\"elementor-button-wrapper\">\n\t\t\t\t\t<a class=\"elementor-button elementor-button-link elementor-size-lg\" href=\"https:\/\/www.alpvisionresidences.com\/fr\/location\/chalets-chatel-c20d35164\/\">\n\t\t\t\t\t\t<span class=\"elementor-button-content-wrapper\">\n\t\t\t\t\t\t\t\t\t<span class=\"elementor-button-text\">Chalets \u00e0 Ch\u00e2tel<\/span>\n\t\t\t\t\t<\/span>\n\t\t\t\t\t<\/a>\n\t\t\t\t<\/div>\n\t\t\t\t\t\t\t\t<\/div>\n\t\t\t\t<\/div>\n\t\t\t\t\t<\/div>\n\t\t<\/div>\n\t\t\t\t\t<\/div>\n\t\t<\/section>\n\t\t\t\t<\/div>\n\t\t\t\t<\/div>\n\t\t\t\t\t\t<\/div>\n\t\t\t\t<\/div>\n\t\t\t\t\t<\/div>\n\t\t\t\t<\/div>\n\t\t\t\t<\/div>\n\t\t","protected":false},"excerpt":{"rendered":"<p>Ch\u00e2tel en hiver correspond exactement \u00e0 ce que vous imaginez lorsque vous r\u00eavez d&#8217;une escapade alpine enneig\u00e9e. Imaginez des chalets&#8230;<\/p>\n","protected":false},"author":5,"featured_media":16781,"comment_status":"open","ping_status":"open","sticky":false,"template":"","format":"standard","meta":{"footnotes":""},"categories":[453,472],"tags":[],"class_list":["post-16859","post","type-post","status-publish","format-standard","has-post-thumbnail","hentry","category-chatel","category-winter"],"yoast_head":"<!-- This site is optimized with the Yoast SEO plugin v27.4 - https:\/\/yoast.com\/product\/yoast-seo-wordpress\/ -->\n<title>Ch\u00e2tel en hiver - Get Inspired<\/title>\n<meta name=\"description\" content=\"D\u00e9couvrez la magie hivernale de Ch\u00e2tel. Profitez d&#039;activit\u00e9s passionnantes et de paysages enneig\u00e9s. Planifiez d\u00e8s maintenant votre escapade !\" \/>\n<meta name=\"robots\" content=\"index, follow, max-snippet:-1, max-image-preview:large, max-video-preview:-1\" \/>\n<link rel=\"canonical\" href=\"https:\/\/www.alpvisionresidences.com\/blog\/fr\/chatel-en-hiver\/\" \/>\n<meta property=\"og:locale\" content=\"fr_FR\" \/>\n<meta property=\"og:type\" content=\"article\" \/>\n<meta property=\"og:title\" content=\"Ch\u00e2tel en hiver - Get Inspired\" \/>\n<meta property=\"og:description\" content=\"D\u00e9couvrez la magie hivernale de Ch\u00e2tel. Profitez d&#039;activit\u00e9s passionnantes et de paysages enneig\u00e9s. Planifiez d\u00e8s maintenant votre escapade !\" \/>\n<meta property=\"og:url\" content=\"https:\/\/www.alpvisionresidences.com\/blog\/fr\/chatel-en-hiver\/\" \/>\n<meta property=\"og:site_name\" content=\"Get Inspired\" \/>\n<meta property=\"article:publisher\" content=\"https:\/\/www.facebook.com\/AlpvisionResidences\/\" \/>\n<meta property=\"article:published_time\" content=\"2025-12-23T09:28:29+00:00\" \/>\n<meta property=\"article:modified_time\" content=\"2025-12-29T08:06:33+00:00\" \/>\n<meta property=\"og:image\" content=\"https:\/\/www.alpvisionresidences.com\/blog\/wp-content\/uploads\/2025\/12\/what-to-do-in-chatel-in-winter.jpg\" \/>\n\t<meta property=\"og:image:width\" content=\"1254\" \/>\n\t<meta property=\"og:image:height\" content=\"418\" \/>\n\t<meta property=\"og:image:type\" content=\"image\/jpeg\" \/>\n<meta name=\"author\" content=\"Maral\" \/>\n<meta name=\"twitter:card\" content=\"summary_large_image\" \/>\n<meta name=\"twitter:label1\" content=\"Written by\" \/>\n\t<meta name=\"twitter:data1\" content=\"Maral\" \/>\n\t<meta name=\"twitter:label2\" content=\"Est. reading time\" \/>\n\t<meta name=\"twitter:data2\" content=\"8 minutes\" \/>\n<script type=\"application\/ld+json\" class=\"yoast-schema-graph\">{\"@context\":\"https:\\\/\\\/schema.org\",\"@graph\":[{\"@type\":\"Article\",\"@id\":\"https:\\\/\\\/www.alpvisionresidences.com\\\/blog\\\/fr\\\/chatel-en-hiver\\\/#article\",\"isPartOf\":{\"@id\":\"https:\\\/\\\/www.alpvisionresidences.com\\\/blog\\\/fr\\\/chatel-en-hiver\\\/\"},\"author\":{\"name\":\"Maral\",\"@id\":\"https:\\\/\\\/www.alpvisionresidences.com\\\/blog\\\/fr\\\/#\\\/schema\\\/person\\\/c57c8a2003f4ad18009cabdf5e1c49db\"},\"headline\":\"Ch\u00e2tel en hiver\",\"datePublished\":\"2025-12-23T09:28:29+00:00\",\"dateModified\":\"2025-12-29T08:06:33+00:00\",\"mainEntityOfPage\":{\"@id\":\"https:\\\/\\\/www.alpvisionresidences.com\\\/blog\\\/fr\\\/chatel-en-hiver\\\/\"},\"wordCount\":1436,\"commentCount\":0,\"publisher\":{\"@id\":\"https:\\\/\\\/www.alpvisionresidences.com\\\/blog\\\/fr\\\/#organization\"},\"image\":{\"@id\":\"https:\\\/\\\/www.alpvisionresidences.com\\\/blog\\\/fr\\\/chatel-en-hiver\\\/#primaryimage\"},\"thumbnailUrl\":\"https:\\\/\\\/www.alpvisionresidences.com\\\/blog\\\/wp-content\\\/uploads\\\/2025\\\/12\\\/what-to-do-in-chatel-in-winter.jpg\",\"articleSection\":[\"Ch\u00e2tel\",\"Winter\"],\"inLanguage\":\"fr\",\"potentialAction\":[{\"@type\":\"CommentAction\",\"name\":\"Comment\",\"target\":[\"https:\\\/\\\/www.alpvisionresidences.com\\\/blog\\\/fr\\\/chatel-en-hiver\\\/#respond\"]}]},{\"@type\":\"WebPage\",\"@id\":\"https:\\\/\\\/www.alpvisionresidences.com\\\/blog\\\/fr\\\/chatel-en-hiver\\\/\",\"url\":\"https:\\\/\\\/www.alpvisionresidences.com\\\/blog\\\/fr\\\/chatel-en-hiver\\\/\",\"name\":\"Ch\u00e2tel en hiver - Get Inspired\",\"isPartOf\":{\"@id\":\"https:\\\/\\\/www.alpvisionresidences.com\\\/blog\\\/fr\\\/#website\"},\"primaryImageOfPage\":{\"@id\":\"https:\\\/\\\/www.alpvisionresidences.com\\\/blog\\\/fr\\\/chatel-en-hiver\\\/#primaryimage\"},\"image\":{\"@id\":\"https:\\\/\\\/www.alpvisionresidences.com\\\/blog\\\/fr\\\/chatel-en-hiver\\\/#primaryimage\"},\"thumbnailUrl\":\"https:\\\/\\\/www.alpvisionresidences.com\\\/blog\\\/wp-content\\\/uploads\\\/2025\\\/12\\\/what-to-do-in-chatel-in-winter.jpg\",\"datePublished\":\"2025-12-23T09:28:29+00:00\",\"dateModified\":\"2025-12-29T08:06:33+00:00\",\"description\":\"D\u00e9couvrez la magie hivernale de Ch\u00e2tel. Profitez d'activit\u00e9s passionnantes et de paysages enneig\u00e9s. Planifiez d\u00e8s maintenant votre escapade !\",\"breadcrumb\":{\"@id\":\"https:\\\/\\\/www.alpvisionresidences.com\\\/blog\\\/fr\\\/chatel-en-hiver\\\/#breadcrumb\"},\"inLanguage\":\"fr\",\"potentialAction\":[{\"@type\":\"ReadAction\",\"target\":[\"https:\\\/\\\/www.alpvisionresidences.com\\\/blog\\\/fr\\\/chatel-en-hiver\\\/\"]}]},{\"@type\":\"ImageObject\",\"inLanguage\":\"fr\",\"@id\":\"https:\\\/\\\/www.alpvisionresidences.com\\\/blog\\\/fr\\\/chatel-en-hiver\\\/#primaryimage\",\"url\":\"https:\\\/\\\/www.alpvisionresidences.com\\\/blog\\\/wp-content\\\/uploads\\\/2025\\\/12\\\/what-to-do-in-chatel-in-winter.jpg\",\"contentUrl\":\"https:\\\/\\\/www.alpvisionresidences.com\\\/blog\\\/wp-content\\\/uploads\\\/2025\\\/12\\\/what-to-do-in-chatel-in-winter.jpg\",\"width\":1254,\"height\":418,\"caption\":\"Chatel, France - 10 March 2022: Top of a lift and one of the runs in the Chatel sector of the \\\"Portes du Soleil\\\" ski area. Looking towards the ridges in the Avoriaz sector, and Alpine ranges beyond in the hazy sunshine.\"},{\"@type\":\"BreadcrumbList\",\"@id\":\"https:\\\/\\\/www.alpvisionresidences.com\\\/blog\\\/fr\\\/chatel-en-hiver\\\/#breadcrumb\",\"itemListElement\":[{\"@type\":\"ListItem\",\"position\":1,\"name\":\"Home\",\"item\":\"https:\\\/\\\/www.alpvisionresidences.com\\\/blog\\\/fr\\\/\"},{\"@type\":\"ListItem\",\"position\":2,\"name\":\"Ch\u00e2tel en hiver\"}]},{\"@type\":\"WebSite\",\"@id\":\"https:\\\/\\\/www.alpvisionresidences.com\\\/blog\\\/fr\\\/#website\",\"url\":\"https:\\\/\\\/www.alpvisionresidences.com\\\/blog\\\/fr\\\/\",\"name\":\"alpvisionresidences.com\",\"description\":\"Alpvision r\u00e9sidences\",\"publisher\":{\"@id\":\"https:\\\/\\\/www.alpvisionresidences.com\\\/blog\\\/fr\\\/#organization\"},\"potentialAction\":[{\"@type\":\"SearchAction\",\"target\":{\"@type\":\"EntryPoint\",\"urlTemplate\":\"https:\\\/\\\/www.alpvisionresidences.com\\\/blog\\\/fr\\\/?s={search_term_string}\"},\"query-input\":{\"@type\":\"PropertyValueSpecification\",\"valueRequired\":true,\"valueName\":\"search_term_string\"}}],\"inLanguage\":\"fr\"},{\"@type\":\"Organization\",\"@id\":\"https:\\\/\\\/www.alpvisionresidences.com\\\/blog\\\/fr\\\/#organization\",\"name\":\"Alpvision Residences\",\"url\":\"https:\\\/\\\/www.alpvisionresidences.com\\\/blog\\\/fr\\\/\",\"logo\":{\"@type\":\"ImageObject\",\"inLanguage\":\"fr\",\"@id\":\"https:\\\/\\\/www.alpvisionresidences.com\\\/blog\\\/fr\\\/#\\\/schema\\\/logo\\\/image\\\/\",\"url\":\"https:\\\/\\\/www.alpvisionresidences.com\\\/blog\\\/wp-content\\\/uploads\\\/2022\\\/01\\\/alpvision_icone1_bleu_negatif-Redimensionne-pour-profil.png\",\"contentUrl\":\"https:\\\/\\\/www.alpvisionresidences.com\\\/blog\\\/wp-content\\\/uploads\\\/2022\\\/01\\\/alpvision_icone1_bleu_negatif-Redimensionne-pour-profil.png\",\"width\":522,\"height\":478,\"caption\":\"Alpvision Residences\"},\"image\":{\"@id\":\"https:\\\/\\\/www.alpvisionresidences.com\\\/blog\\\/fr\\\/#\\\/schema\\\/logo\\\/image\\\/\"},\"sameAs\":[\"https:\\\/\\\/www.facebook.com\\\/AlpvisionResidences\\\/\",\"https:\\\/\\\/www.instagram.com\\\/alpvisionresidences\\\/\"]},{\"@type\":\"Person\",\"@id\":\"https:\\\/\\\/www.alpvisionresidences.com\\\/blog\\\/fr\\\/#\\\/schema\\\/person\\\/c57c8a2003f4ad18009cabdf5e1c49db\",\"name\":\"Maral\",\"image\":{\"@type\":\"ImageObject\",\"inLanguage\":\"fr\",\"@id\":\"https:\\\/\\\/secure.gravatar.com\\\/avatar\\\/d804353e8f67fa61fe64a503dcb7247981e2ba0f61d8e0cf872d45560a9cee7f?s=96&d=mm&r=g\",\"url\":\"https:\\\/\\\/secure.gravatar.com\\\/avatar\\\/d804353e8f67fa61fe64a503dcb7247981e2ba0f61d8e0cf872d45560a9cee7f?s=96&d=mm&r=g\",\"contentUrl\":\"https:\\\/\\\/secure.gravatar.com\\\/avatar\\\/d804353e8f67fa61fe64a503dcb7247981e2ba0f61d8e0cf872d45560a9cee7f?s=96&d=mm&r=g\",\"caption\":\"Maral\"},\"url\":\"https:\\\/\\\/www.alpvisionresidences.com\\\/blog\\\/fr\\\/author\\\/maral\\\/\"}]}<\/script>\n<!-- \/ Yoast SEO plugin. -->","yoast_head_json":{"title":"Ch\u00e2tel en hiver - Get Inspired","description":"D\u00e9couvrez la magie hivernale de Ch\u00e2tel. Profitez d'activit\u00e9s passionnantes et de paysages enneig\u00e9s. Planifiez d\u00e8s maintenant votre escapade !","robots":{"index":"index","follow":"follow","max-snippet":"max-snippet:-1","max-image-preview":"max-image-preview:large","max-video-preview":"max-video-preview:-1"},"canonical":"https:\/\/www.alpvisionresidences.com\/blog\/fr\/chatel-en-hiver\/","og_locale":"fr_FR","og_type":"article","og_title":"Ch\u00e2tel en hiver - Get Inspired","og_description":"D\u00e9couvrez la magie hivernale de Ch\u00e2tel. Profitez d'activit\u00e9s passionnantes et de paysages enneig\u00e9s. Planifiez d\u00e8s maintenant votre escapade !","og_url":"https:\/\/www.alpvisionresidences.com\/blog\/fr\/chatel-en-hiver\/","og_site_name":"Get Inspired","article_publisher":"https:\/\/www.facebook.com\/AlpvisionResidences\/","article_published_time":"2025-12-23T09:28:29+00:00","article_modified_time":"2025-12-29T08:06:33+00:00","og_image":[{"width":1254,"height":418,"url":"https:\/\/www.alpvisionresidences.com\/blog\/wp-content\/uploads\/2025\/12\/what-to-do-in-chatel-in-winter.jpg","type":"image\/jpeg"}],"author":"Maral","twitter_card":"summary_large_image","twitter_misc":{"Written by":"Maral","Est. reading time":"8 minutes"},"schema":{"@context":"https:\/\/schema.org","@graph":[{"@type":"Article","@id":"https:\/\/www.alpvisionresidences.com\/blog\/fr\/chatel-en-hiver\/#article","isPartOf":{"@id":"https:\/\/www.alpvisionresidences.com\/blog\/fr\/chatel-en-hiver\/"},"author":{"name":"Maral","@id":"https:\/\/www.alpvisionresidences.com\/blog\/fr\/#\/schema\/person\/c57c8a2003f4ad18009cabdf5e1c49db"},"headline":"Ch\u00e2tel en hiver","datePublished":"2025-12-23T09:28:29+00:00","dateModified":"2025-12-29T08:06:33+00:00","mainEntityOfPage":{"@id":"https:\/\/www.alpvisionresidences.com\/blog\/fr\/chatel-en-hiver\/"},"wordCount":1436,"commentCount":0,"publisher":{"@id":"https:\/\/www.alpvisionresidences.com\/blog\/fr\/#organization"},"image":{"@id":"https:\/\/www.alpvisionresidences.com\/blog\/fr\/chatel-en-hiver\/#primaryimage"},"thumbnailUrl":"https:\/\/www.alpvisionresidences.com\/blog\/wp-content\/uploads\/2025\/12\/what-to-do-in-chatel-in-winter.jpg","articleSection":["Ch\u00e2tel","Winter"],"inLanguage":"fr","potentialAction":[{"@type":"CommentAction","name":"Comment","target":["https:\/\/www.alpvisionresidences.com\/blog\/fr\/chatel-en-hiver\/#respond"]}]},{"@type":"WebPage","@id":"https:\/\/www.alpvisionresidences.com\/blog\/fr\/chatel-en-hiver\/","url":"https:\/\/www.alpvisionresidences.com\/blog\/fr\/chatel-en-hiver\/","name":"Ch\u00e2tel en hiver - Get Inspired","isPartOf":{"@id":"https:\/\/www.alpvisionresidences.com\/blog\/fr\/#website"},"primaryImageOfPage":{"@id":"https:\/\/www.alpvisionresidences.com\/blog\/fr\/chatel-en-hiver\/#primaryimage"},"image":{"@id":"https:\/\/www.alpvisionresidences.com\/blog\/fr\/chatel-en-hiver\/#primaryimage"},"thumbnailUrl":"https:\/\/www.alpvisionresidences.com\/blog\/wp-content\/uploads\/2025\/12\/what-to-do-in-chatel-in-winter.jpg","datePublished":"2025-12-23T09:28:29+00:00","dateModified":"2025-12-29T08:06:33+00:00","description":"D\u00e9couvrez la magie hivernale de Ch\u00e2tel. Profitez d'activit\u00e9s passionnantes et de paysages enneig\u00e9s. Planifiez d\u00e8s maintenant votre escapade !","breadcrumb":{"@id":"https:\/\/www.alpvisionresidences.com\/blog\/fr\/chatel-en-hiver\/#breadcrumb"},"inLanguage":"fr","potentialAction":[{"@type":"ReadAction","target":["https:\/\/www.alpvisionresidences.com\/blog\/fr\/chatel-en-hiver\/"]}]},{"@type":"ImageObject","inLanguage":"fr","@id":"https:\/\/www.alpvisionresidences.com\/blog\/fr\/chatel-en-hiver\/#primaryimage","url":"https:\/\/www.alpvisionresidences.com\/blog\/wp-content\/uploads\/2025\/12\/what-to-do-in-chatel-in-winter.jpg","contentUrl":"https:\/\/www.alpvisionresidences.com\/blog\/wp-content\/uploads\/2025\/12\/what-to-do-in-chatel-in-winter.jpg","width":1254,"height":418,"caption":"Chatel, France - 10 March 2022: Top of a lift and one of the runs in the Chatel sector of the \"Portes du Soleil\" ski area. Looking towards the ridges in the Avoriaz sector, and Alpine ranges beyond in the hazy sunshine."},{"@type":"BreadcrumbList","@id":"https:\/\/www.alpvisionresidences.com\/blog\/fr\/chatel-en-hiver\/#breadcrumb","itemListElement":[{"@type":"ListItem","position":1,"name":"Home","item":"https:\/\/www.alpvisionresidences.com\/blog\/fr\/"},{"@type":"ListItem","position":2,"name":"Ch\u00e2tel en hiver"}]},{"@type":"WebSite","@id":"https:\/\/www.alpvisionresidences.com\/blog\/fr\/#website","url":"https:\/\/www.alpvisionresidences.com\/blog\/fr\/","name":"alpvisionresidences.com","description":"Alpvision r\u00e9sidences","publisher":{"@id":"https:\/\/www.alpvisionresidences.com\/blog\/fr\/#organization"},"potentialAction":[{"@type":"SearchAction","target":{"@type":"EntryPoint","urlTemplate":"https:\/\/www.alpvisionresidences.com\/blog\/fr\/?s={search_term_string}"},"query-input":{"@type":"PropertyValueSpecification","valueRequired":true,"valueName":"search_term_string"}}],"inLanguage":"fr"},{"@type":"Organization","@id":"https:\/\/www.alpvisionresidences.com\/blog\/fr\/#organization","name":"Alpvision Residences","url":"https:\/\/www.alpvisionresidences.com\/blog\/fr\/","logo":{"@type":"ImageObject","inLanguage":"fr","@id":"https:\/\/www.alpvisionresidences.com\/blog\/fr\/#\/schema\/logo\/image\/","url":"https:\/\/www.alpvisionresidences.com\/blog\/wp-content\/uploads\/2022\/01\/alpvision_icone1_bleu_negatif-Redimensionne-pour-profil.png","contentUrl":"https:\/\/www.alpvisionresidences.com\/blog\/wp-content\/uploads\/2022\/01\/alpvision_icone1_bleu_negatif-Redimensionne-pour-profil.png","width":522,"height":478,"caption":"Alpvision Residences"},"image":{"@id":"https:\/\/www.alpvisionresidences.com\/blog\/fr\/#\/schema\/logo\/image\/"},"sameAs":["https:\/\/www.facebook.com\/AlpvisionResidences\/","https:\/\/www.instagram.com\/alpvisionresidences\/"]},{"@type":"Person","@id":"https:\/\/www.alpvisionresidences.com\/blog\/fr\/#\/schema\/person\/c57c8a2003f4ad18009cabdf5e1c49db","name":"Maral","image":{"@type":"ImageObject","inLanguage":"fr","@id":"https:\/\/secure.gravatar.com\/avatar\/d804353e8f67fa61fe64a503dcb7247981e2ba0f61d8e0cf872d45560a9cee7f?s=96&d=mm&r=g","url":"https:\/\/secure.gravatar.com\/avatar\/d804353e8f67fa61fe64a503dcb7247981e2ba0f61d8e0cf872d45560a9cee7f?s=96&d=mm&r=g","contentUrl":"https:\/\/secure.gravatar.com\/avatar\/d804353e8f67fa61fe64a503dcb7247981e2ba0f61d8e0cf872d45560a9cee7f?s=96&d=mm&r=g","caption":"Maral"},"url":"https:\/\/www.alpvisionresidences.com\/blog\/fr\/author\/maral\/"}]}},"_links":{"self":[{"href":"https:\/\/www.alpvisionresidences.com\/blog\/fr\/wp-json\/wp\/v2\/posts\/16859","targetHints":{"allow":["GET"]}}],"collection":[{"href":"https:\/\/www.alpvisionresidences.com\/blog\/fr\/wp-json\/wp\/v2\/posts"}],"about":[{"href":"https:\/\/www.alpvisionresidences.com\/blog\/fr\/wp-json\/wp\/v2\/types\/post"}],"author":[{"embeddable":true,"href":"https:\/\/www.alpvisionresidences.com\/blog\/fr\/wp-json\/wp\/v2\/users\/5"}],"replies":[{"embeddable":true,"href":"https:\/\/www.alpvisionresidences.com\/blog\/fr\/wp-json\/wp\/v2\/comments?post=16859"}],"version-history":[{"count":7,"href":"https:\/\/www.alpvisionresidences.com\/blog\/fr\/wp-json\/wp\/v2\/posts\/16859\/revisions"}],"predecessor-version":[{"id":16890,"href":"https:\/\/www.alpvisionresidences.com\/blog\/fr\/wp-json\/wp\/v2\/posts\/16859\/revisions\/16890"}],"wp:featuredmedia":[{"embeddable":true,"href":"https:\/\/www.alpvisionresidences.com\/blog\/fr\/wp-json\/wp\/v2\/media\/16781"}],"wp:attachment":[{"href":"https:\/\/www.alpvisionresidences.com\/blog\/fr\/wp-json\/wp\/v2\/media?parent=16859"}],"wp:term":[{"taxonomy":"category","embeddable":true,"href":"https:\/\/www.alpvisionresidences.com\/blog\/fr\/wp-json\/wp\/v2\/categories?post=16859"},{"taxonomy":"post_tag","embeddable":true,"href":"https:\/\/www.alpvisionresidences.com\/blog\/fr\/wp-json\/wp\/v2\/tags?post=16859"}],"curies":[{"name":"wp","href":"https:\/\/api.w.org\/{rel}","templated":true}]}}