{"id":17155,"date":"2026-01-27T08:27:53","date_gmt":"2026-01-27T08:27:53","guid":{"rendered":"https:\/\/www.alpvisionresidences.com\/blog\/meilleure-periode-pour-skier\/"},"modified":"2026-01-28T14:48:07","modified_gmt":"2026-01-28T14:48:07","slug":"quand-partir-au-ski","status":"publish","type":"post","link":"https:\/\/www.alpvisionresidences.com\/blog\/fr\/quand-partir-au-ski\/","title":{"rendered":"Quand partir au ski ?"},"content":{"rendered":"\t\t<div data-elementor-type=\"wp-post\" data-elementor-id=\"17155\" class=\"elementor elementor-17155 elementor-16953\" data-elementor-post-type=\"post\">\n\t\t\t\t\t\t<section class=\"elementor-section elementor-top-section elementor-element elementor-element-7e867ae8 elementor-section-boxed elementor-section-height-default elementor-section-height-default\" data-id=\"7e867ae8\" data-element_type=\"section\" data-e-type=\"section\">\n\t\t\t\t\t\t<div class=\"elementor-container elementor-column-gap-default\">\n\t\t\t\t\t<div class=\"elementor-column elementor-col-100 elementor-top-column elementor-element elementor-element-78d07775\" data-id=\"78d07775\" data-element_type=\"column\" data-e-type=\"column\">\n\t\t\t<div class=\"elementor-widget-wrap elementor-element-populated\">\n\t\t\t\t\t\t<div class=\"elementor-element elementor-element-791f2cf3 elementor-widget elementor-widget-text-editor\" data-id=\"791f2cf3\" data-element_type=\"widget\" data-e-type=\"widget\" data-widget_type=\"text-editor.default\">\n\t\t\t\t<div class=\"elementor-widget-container\">\n\t\t\t\t\t\t\t\t\t<p>La planification de vacances au ski ne se limite pas au choix d\u2019une station et \u00e0 la r\u00e9servation d\u2019un h\u00e9bergement. L\u2019une des d\u00e9cisions les plus importantes concerne le moment choisi. Vous devez tenir compte d\u2019\u00e9l\u00e9ments tels que les conditions d\u2019enneigement, la m\u00e9t\u00e9o, les prix et l\u2019affluence, qui peuvent varier consid\u00e9rablement tout au long de la saison. Ces facteurs ont une incidence directe sur la qualit\u00e9 de votre exp\u00e9rience.<\/p><p><em>Alors, quand partir au ski ?<\/em><\/p><p>Eh bien, il n\u2019y a pas de moment parfait unique pour tout le monde. La <strong>meilleure p\u00e9riode pour skier<\/strong> d\u00e9pend de ce que vous appr\u00e9ciez le plus. Est-ce une neige fiable\u00a0? Des pistes plus calmes\u00a0? Des prix plus bas\u00a0? Ou des lieux adapt\u00e9s aux familles\u00a0?<\/p><p>Ce guide explore en d\u00e9tail la saison de ski, en la divisant par saison, vacances scolaires, climat et niveau de comp\u00e9tence, en mettant un accent particulier sur la <strong>meilleure p\u00e9riode pour skier en France<\/strong>.<\/p>\t\t\t\t\t\t\t\t<\/div>\n\t\t\t\t<\/div>\n\t\t\t\t\t<\/div>\n\t\t<\/div>\n\t\t\t\t\t<\/div>\n\t\t<\/section>\n\t\t\t\t<section class=\"elementor-section elementor-top-section elementor-element elementor-element-5e4b4012 elementor-section-boxed elementor-section-height-default elementor-section-height-default\" data-id=\"5e4b4012\" data-element_type=\"section\" data-e-type=\"section\">\n\t\t\t\t\t\t<div class=\"elementor-container elementor-column-gap-default\">\n\t\t\t\t\t<div class=\"elementor-column elementor-col-100 elementor-top-column elementor-element elementor-element-2578a522\" data-id=\"2578a522\" data-element_type=\"column\" data-e-type=\"column\">\n\t\t\t<div class=\"elementor-widget-wrap elementor-element-populated\">\n\t\t\t\t\t\t<div class=\"elementor-element elementor-element-1480284 elementor-widget elementor-widget-table-of-contents\" data-id=\"1480284\" data-element_type=\"widget\" data-e-type=\"widget\" data-settings=\"{&quot;headings_by_tags&quot;:[&quot;h2&quot;],&quot;exclude_headings_by_selector&quot;:[],&quot;marker_view&quot;:&quot;bullets&quot;,&quot;icon&quot;:{&quot;value&quot;:&quot;&quot;,&quot;library&quot;:&quot;&quot;},&quot;no_headings_message&quot;:&quot;No headings were found on this page.&quot;,&quot;hierarchical_view&quot;:&quot;yes&quot;,&quot;min_height&quot;:{&quot;unit&quot;:&quot;px&quot;,&quot;size&quot;:&quot;&quot;,&quot;sizes&quot;:[]},&quot;min_height_tablet&quot;:{&quot;unit&quot;:&quot;px&quot;,&quot;size&quot;:&quot;&quot;,&quot;sizes&quot;:[]},&quot;min_height_mobile&quot;:{&quot;unit&quot;:&quot;px&quot;,&quot;size&quot;:&quot;&quot;,&quot;sizes&quot;:[]}}\" data-widget_type=\"table-of-contents.default\">\n\t\t\t\t<div class=\"elementor-widget-container\">\n\t\t\t\t\t\t\t\t\t<div class=\"elementor-toc__header\">\n\t\t\t\t\t\t<div class=\"elementor-toc__header-title\">\n\t\t\t\tSommaire\t\t\t<\/div>\n\t\t\t\t\t\t\t\t<\/div>\n\t\t\t\t<div id=\"elementor-toc__1480284\" class=\"elementor-toc__body\">\n\t\t\t<div class=\"elementor-toc__spinner-container\">\n\t\t\t\t<i class=\"elementor-toc__spinner eicon-animation-spin eicon-loading\" aria-hidden=\"true\"><\/i>\t\t\t<\/div>\n\t\t<\/div>\n\t\t\t\t\t\t<\/div>\n\t\t\t\t<\/div>\n\t\t\t\t\t<\/div>\n\t\t<\/div>\n\t\t\t\t\t<\/div>\n\t\t<\/section>\n\t\t\t\t<section class=\"elementor-section elementor-top-section elementor-element elementor-element-7687e303 elementor-section-boxed elementor-section-height-default elementor-section-height-default\" data-id=\"7687e303\" data-element_type=\"section\" data-e-type=\"section\">\n\t\t\t\t\t\t<div class=\"elementor-container elementor-column-gap-default\">\n\t\t\t\t\t<div class=\"elementor-column elementor-col-100 elementor-top-column elementor-element elementor-element-667e6f4d\" data-id=\"667e6f4d\" data-element_type=\"column\" data-e-type=\"column\">\n\t\t\t<div class=\"elementor-widget-wrap elementor-element-populated\">\n\t\t\t\t\t\t<div class=\"elementor-element elementor-element-5fcccadc elementor-widget elementor-widget-heading\" data-id=\"5fcccadc\" data-element_type=\"widget\" data-e-type=\"widget\" data-widget_type=\"heading.default\">\n\t\t\t\t<div class=\"elementor-widget-container\">\n\t\t\t\t\t<h2 class=\"elementor-heading-title elementor-size-default\">La meilleure p\u00e9riode pour skier en France<\/h2>\t\t\t\t<\/div>\n\t\t\t\t<\/div>\n\t\t\t\t<div class=\"elementor-element elementor-element-5327289e elementor-widget elementor-widget-text-editor\" data-id=\"5327289e\" data-element_type=\"widget\" data-e-type=\"widget\" data-widget_type=\"text-editor.default\">\n\t\t\t\t<div class=\"elementor-widget-container\">\n\t\t\t\t\t\t\t\t\t<p>Quand partir au ski ? Dans la plupart des destinations europ\u00e9ennes, la saison de ski s\u2019\u00e9tend g\u00e9n\u00e9ralement de fin novembre \u00e0 fin avril. Cependant, tous les mois n\u2019offrent pas les m\u00eames conditions.<\/p><p>Les r\u00e9gimes de chutes de neige, les fluctuations de temp\u00e9rature et les op\u00e9rations des stations fluctuent tout au long de l\u2019hiver, modifiant l\u2019exp\u00e9rience de ski de chaque mois.<\/p><p>La France, en particulier, est l\u2019une des destinations de ski les plus fiables d\u2019Europe. Gr\u00e2ce aux stations de haute altitude et \u00e0 une vaste infrastructure d\u2019enneigement artificiel, les <a href=\"https:\/\/www.alpvisionresidences.com\/blog\/fr\/ou-skier-france\/\">domaines skiables fran\u00e7ais<\/a> peuvent garantir une bonne couverture des pistes, m\u00eame pendant les p\u00e9riodes de faibles chutes de neige naturelles. N\u00e9anmoins, choisir les bonnes dates peut faire une diff\u00e9rence notable en termes de qualit\u00e9 de la neige, de co\u00fbt et de confort.<\/p><p><strong>Quand aller au ski ?<\/strong> Pour vous aider dans votre choix, nous avons divis\u00e9 la saison de ski par p\u00e9riodes calendaires afin de vous aider \u00e0 comprendre comment les conditions changent du d\u00e9but de l\u2019hiver au printemps.<\/p>\t\t\t\t\t\t\t\t<\/div>\n\t\t\t\t<\/div>\n\t\t\t\t<div class=\"elementor-element elementor-element-a51b3d5 elementor-widget elementor-widget-image\" data-id=\"a51b3d5\" data-element_type=\"widget\" data-e-type=\"widget\" data-widget_type=\"image.default\">\n\t\t\t\t<div class=\"elementor-widget-container\">\n\t\t\t\t\t\t\t\t\t\t\t\t\t\t\t<img fetchpriority=\"high\" decoding=\"async\" width=\"1183\" height=\"591\" src=\"https:\/\/www.alpvisionresidences.com\/blog\/wp-content\/uploads\/2026\/01\/when-to-go-skiing.jpg\" class=\"attachment-full size-full wp-image-17099\" alt=\"when-to-go-skiing.jpg\" srcset=\"https:\/\/www.alpvisionresidences.com\/blog\/wp-content\/uploads\/2026\/01\/when-to-go-skiing.jpg 1183w, https:\/\/www.alpvisionresidences.com\/blog\/wp-content\/uploads\/2026\/01\/when-to-go-skiing-768x384.jpg 768w\" sizes=\"(max-width: 1183px) 100vw, 1183px\" \/>\t\t\t\t\t\t\t\t\t\t\t\t\t\t\t<\/div>\n\t\t\t\t<\/div>\n\t\t\t\t\t<\/div>\n\t\t<\/div>\n\t\t\t\t\t<\/div>\n\t\t<\/section>\n\t\t\t\t<section class=\"elementor-section elementor-top-section elementor-element elementor-element-fdd9e3f elementor-section-boxed elementor-section-height-default elementor-section-height-default\" data-id=\"fdd9e3f\" data-element_type=\"section\" data-e-type=\"section\">\n\t\t\t\t\t\t<div class=\"elementor-container elementor-column-gap-default\">\n\t\t\t\t\t<div class=\"elementor-column elementor-col-100 elementor-top-column elementor-element elementor-element-94923dc\" data-id=\"94923dc\" data-element_type=\"column\" data-e-type=\"column\">\n\t\t\t<div class=\"elementor-widget-wrap elementor-element-populated\">\n\t\t\t\t\t\t<div class=\"elementor-element elementor-element-9f2b23e elementor-widget elementor-widget-heading\" data-id=\"9f2b23e\" data-element_type=\"widget\" data-e-type=\"widget\" data-widget_type=\"heading.default\">\n\t\t\t\t<div class=\"elementor-widget-container\">\n\t\t\t\t\t<h2 class=\"elementor-heading-title elementor-size-default\">Aller skier en fonction de chaque saison<\/h2>\t\t\t\t<\/div>\n\t\t\t\t<\/div>\n\t\t\t\t\t<\/div>\n\t\t<\/div>\n\t\t\t\t\t<\/div>\n\t\t<\/section>\n\t\t\t\t<section class=\"elementor-section elementor-top-section elementor-element elementor-element-6a721ac9 elementor-section-boxed elementor-section-height-default elementor-section-height-default\" data-id=\"6a721ac9\" data-element_type=\"section\" data-e-type=\"section\">\n\t\t\t\t\t\t<div class=\"elementor-container elementor-column-gap-default\">\n\t\t\t\t\t<div class=\"elementor-column elementor-col-100 elementor-top-column elementor-element elementor-element-7d28c75b\" data-id=\"7d28c75b\" data-element_type=\"column\" data-e-type=\"column\">\n\t\t\t<div class=\"elementor-widget-wrap elementor-element-populated\">\n\t\t\t\t\t\t<div class=\"elementor-element elementor-element-3a4ba781 elementor-widget elementor-widget-heading\" data-id=\"3a4ba781\" data-element_type=\"widget\" data-e-type=\"widget\" data-widget_type=\"heading.default\">\n\t\t\t\t<div class=\"elementor-widget-container\">\n\t\t\t\t\t<h3 class=\"elementor-heading-title elementor-size-default\">Hiver (de d\u00e9cembre \u00e0 mars)&nbsp;: la saison la plus connue<\/h3>\t\t\t\t<\/div>\n\t\t\t\t<\/div>\n\t\t\t\t<div class=\"elementor-element elementor-element-6c25ce3f elementor-widget elementor-widget-text-editor\" data-id=\"6c25ce3f\" data-element_type=\"widget\" data-e-type=\"widget\" data-widget_type=\"text-editor.default\">\n\t\t\t\t<div class=\"elementor-widget-container\">\n\t\t\t\t\t\t\t\t\t<p>L\u2019hiver est ind\u00e9niablement la <strong>meilleure saison pour le ski<\/strong>, et c\u2019est l\u00e0 que la plupart des voyageurs trouveront les meilleures conditions.<\/p><p><strong>D\u00e9cembre<\/strong> marque le d\u00e9but de la saison principale. Les stations ouvrent g\u00e9n\u00e9ralement progressivement \u00e0 partir de la fin novembre, les zones de haute altitude offrant la neige la plus fiable au d\u00e9but de la saison.<\/p><p><strong>Janvier<\/strong> et <strong>f\u00e9vrier<\/strong> sont les mois les plus froids et offrent g\u00e9n\u00e9ralement la meilleure qualit\u00e9 de neige.<\/p><p><strong>Mars<\/strong> apporte des temp\u00e9ratures l\u00e9g\u00e8rement plus chaudes, plus de soleil et une excellente couverture \u00e0 moyenne et haute altitude.<\/p><p>Statistiquement, l\u2019\u00e9paisseur de la neige dans les Alpes atteint son maximum entre la fin janvier et la mi-f\u00e9vrier. En France, les profondeurs moyennes de la neige \u00e0 la base pendant cette p\u00e9riode d\u00e9passent souvent <a href=\"https:\/\/meteofrance.com\/recherche\/alps\">150 \u00e0 200\u00a0cm<\/a> dans les grandes stations, ce qui fait de l\u2019hiver l&#8217;une des <strong>meilleures p\u00e9riodes pour skier<\/strong>.<\/p>\t\t\t\t\t\t\t\t<\/div>\n\t\t\t\t<\/div>\n\t\t\t\t\t<\/div>\n\t\t<\/div>\n\t\t\t\t\t<\/div>\n\t\t<\/section>\n\t\t\t\t<section class=\"elementor-section elementor-top-section elementor-element elementor-element-3636841 elementor-section-boxed elementor-section-height-default elementor-section-height-default\" data-id=\"3636841\" data-element_type=\"section\" data-e-type=\"section\">\n\t\t\t\t\t\t<div class=\"elementor-container elementor-column-gap-default\">\n\t\t\t\t\t<div class=\"elementor-column elementor-col-100 elementor-top-column elementor-element elementor-element-0a2127b\" data-id=\"0a2127b\" data-element_type=\"column\" data-e-type=\"column\">\n\t\t\t<div class=\"elementor-widget-wrap elementor-element-populated\">\n\t\t\t\t\t\t<div class=\"elementor-element elementor-element-ac2d632 elementor-widget elementor-widget-heading\" data-id=\"ac2d632\" data-element_type=\"widget\" data-e-type=\"widget\" data-widget_type=\"heading.default\">\n\t\t\t\t<div class=\"elementor-widget-container\">\n\t\t\t\t\t<h3 class=\"elementor-heading-title elementor-size-default\">Printemps (avril)&nbsp;: jours plus longs et neige plus douce<\/h3>\t\t\t\t<\/div>\n\t\t\t\t<\/div>\n\t\t\t\t<div class=\"elementor-element elementor-element-5cd9fdf elementor-widget elementor-widget-text-editor\" data-id=\"5cd9fdf\" data-element_type=\"widget\" data-e-type=\"widget\" data-widget_type=\"text-editor.default\">\n\t\t\t\t<div class=\"elementor-widget-container\">\n\t\t\t\t\t\t\t\t\t<p>Le ski au printemps peut \u00eatre une excellente option, surtout si vous visitez des stations fran\u00e7aises de haute altitude.<\/p><ul><li>Les heures de clart\u00e9 sont plus longues.<\/li><li>Les temp\u00e9ratures sont plus douces, ce qui rend le ski plus confortable.<\/li><li>Les conditions d\u2019enneigement sont meilleures le matin et s\u2019adoucissent l\u2019apr\u00e8s-midi.<\/li><\/ul><p>Cependant, le ski en <strong>avril<\/strong> d\u00e9pend fortement de l\u2019altitude. Les stations situ\u00e9es au-dessus de 1\u00a0800\u00a0m\u00e8tres conservent de bonnes conditions jusqu\u2019au printemps, tandis que les zones plus basses peuvent commencer \u00e0 fermer des pistes.<\/p><h4>Vacances de P\u00e2ques<\/h4><p>Les vacances de P\u00e2ques tombent souvent fin mars ou en avril. Comme il s\u2019agit de vacances scolaires dans toute l\u2019Europe et en Am\u00e9rique du Nord, cela augmente temporairement les prix et l\u2019affluence.<\/p>\t\t\t\t\t\t\t\t<\/div>\n\t\t\t\t<\/div>\n\t\t\t\t<div class=\"elementor-element elementor-element-9f2d6ea elementor-widget elementor-widget-image\" data-id=\"9f2d6ea\" data-element_type=\"widget\" data-e-type=\"widget\" data-widget_type=\"image.default\">\n\t\t\t\t<div class=\"elementor-widget-container\">\n\t\t\t\t\t\t\t\t\t\t\t\t\t\t\t<img decoding=\"async\" width=\"1254\" height=\"627\" src=\"https:\/\/www.alpvisionresidences.com\/blog\/wp-content\/uploads\/2026\/01\/when-to-ski.jpg\" class=\"attachment-full size-full wp-image-17103\" alt=\"when-to-ski.jpg\" srcset=\"https:\/\/www.alpvisionresidences.com\/blog\/wp-content\/uploads\/2026\/01\/when-to-ski.jpg 1254w, https:\/\/www.alpvisionresidences.com\/blog\/wp-content\/uploads\/2026\/01\/when-to-ski-768x384.jpg 768w\" sizes=\"(max-width: 1254px) 100vw, 1254px\" \/>\t\t\t\t\t\t\t\t\t\t\t\t\t\t\t<\/div>\n\t\t\t\t<\/div>\n\t\t\t\t\t<\/div>\n\t\t<\/div>\n\t\t\t\t\t<\/div>\n\t\t<\/section>\n\t\t\t\t<section class=\"elementor-section elementor-top-section elementor-element elementor-element-2eca08e elementor-section-boxed elementor-section-height-default elementor-section-height-default\" data-id=\"2eca08e\" data-element_type=\"section\" data-e-type=\"section\">\n\t\t\t\t\t\t<div class=\"elementor-container elementor-column-gap-default\">\n\t\t\t\t\t<div class=\"elementor-column elementor-col-100 elementor-top-column elementor-element elementor-element-f19163b\" data-id=\"f19163b\" data-element_type=\"column\" data-e-type=\"column\">\n\t\t\t<div class=\"elementor-widget-wrap elementor-element-populated\">\n\t\t\t\t\t\t<div class=\"elementor-element elementor-element-4b8ffd2 elementor-widget elementor-widget-heading\" data-id=\"4b8ffd2\" data-element_type=\"widget\" data-e-type=\"widget\" data-widget_type=\"heading.default\">\n\t\t\t\t<div class=\"elementor-widget-container\">\n\t\t\t\t\t<h3 class=\"elementor-heading-title elementor-size-default\">\u00c9t\u00e9 (mai \u00e0 septembre) : ski limit\u00e9<\/h3>\t\t\t\t<\/div>\n\t\t\t\t<\/div>\n\t\t\t\t<div class=\"elementor-element elementor-element-e5e158b elementor-widget elementor-widget-text-editor\" data-id=\"e5e158b\" data-element_type=\"widget\" data-e-type=\"widget\" data-widget_type=\"text-editor.default\">\n\t\t\t\t<div class=\"elementor-widget-container\">\n\t\t\t\t\t\t\t\t\t<p>Le ski traditionnel n\u2019est g\u00e9n\u00e9ralement pas possible pendant l\u2019\u00e9t\u00e9. Seule une poign\u00e9e de stations de ski sur glacier sont ouvertes, principalement \u00e0 des fins d\u2019entra\u00eenement plut\u00f4t que pour le ski de loisir. <\/p><p>L\u2019\u00e9t\u00e9 est plus adapt\u00e9 \u00e0 la randonn\u00e9e, au VTT et au <strong>tourisme alpin<\/strong> qu\u2019aux vacances au ski.<\/p>\t\t\t\t\t\t\t\t<\/div>\n\t\t\t\t<\/div>\n\t\t\t\t\t<\/div>\n\t\t<\/div>\n\t\t\t\t\t<\/div>\n\t\t<\/section>\n\t\t\t\t<section class=\"elementor-section elementor-top-section elementor-element elementor-element-e07b761 elementor-section-boxed elementor-section-height-default elementor-section-height-default\" data-id=\"e07b761\" data-element_type=\"section\" data-e-type=\"section\">\n\t\t\t\t\t\t<div class=\"elementor-container elementor-column-gap-default\">\n\t\t\t\t\t<div class=\"elementor-column elementor-col-100 elementor-top-column elementor-element elementor-element-14f005f\" data-id=\"14f005f\" data-element_type=\"column\" data-e-type=\"column\">\n\t\t\t<div class=\"elementor-widget-wrap elementor-element-populated\">\n\t\t\t\t\t\t<div class=\"elementor-element elementor-element-f1bbbe0 elementor-widget elementor-widget-heading\" data-id=\"f1bbbe0\" data-element_type=\"widget\" data-e-type=\"widget\" data-widget_type=\"heading.default\">\n\t\t\t\t<div class=\"elementor-widget-container\">\n\t\t\t\t\t<h3 class=\"elementor-heading-title elementor-size-default\">Automne (octobre \u00e0 novembre)&nbsp;: incertitude de pr\u00e9-saison<\/h3>\t\t\t\t<\/div>\n\t\t\t\t<\/div>\n\t\t\t\t<div class=\"elementor-element elementor-element-6ef9c91 elementor-widget elementor-widget-text-editor\" data-id=\"6ef9c91\" data-element_type=\"widget\" data-e-type=\"widget\" data-widget_type=\"text-editor.default\">\n\t\t\t\t<div class=\"elementor-widget-container\">\n\t\t\t\t\t\t\t\t\t<p>L\u2019automne est la p\u00e9riode de transition avant l\u2019hiver. Les chutes de neige sont impr\u00e9visibles et la plupart des stations restent ferm\u00e9es jusqu\u2019\u00e0 ce qu\u2019elles aient une couverture suffisante. Bien que les premi\u00e8res chutes de neige soient possibles, l\u2019automne n\u2019est pas une p\u00e9riode fiable pour planifier votre voyage de ski.  <\/p>\t\t\t\t\t\t\t\t<\/div>\n\t\t\t\t<\/div>\n\t\t\t\t<div class=\"elementor-element elementor-element-e4309a8 elementor-widget elementor-widget-image\" data-id=\"e4309a8\" data-element_type=\"widget\" data-e-type=\"widget\" data-widget_type=\"image.default\">\n\t\t\t\t<div class=\"elementor-widget-container\">\n\t\t\t\t\t\t\t\t\t\t\t\t\t\t\t<img decoding=\"async\" width=\"1254\" height=\"626\" src=\"https:\/\/www.alpvisionresidences.com\/blog\/wp-content\/uploads\/2026\/01\/Best-time-to-go-skiing.jpg\" class=\"attachment-full size-full wp-image-17107\" alt=\"Best-time-to-go-skiing.jpg\" srcset=\"https:\/\/www.alpvisionresidences.com\/blog\/wp-content\/uploads\/2026\/01\/Best-time-to-go-skiing.jpg 1254w, https:\/\/www.alpvisionresidences.com\/blog\/wp-content\/uploads\/2026\/01\/Best-time-to-go-skiing-768x383.jpg 768w\" sizes=\"(max-width: 1254px) 100vw, 1254px\" \/>\t\t\t\t\t\t\t\t\t\t\t\t\t\t\t<\/div>\n\t\t\t\t<\/div>\n\t\t\t\t\t<\/div>\n\t\t<\/div>\n\t\t\t\t\t<\/div>\n\t\t<\/section>\n\t\t\t\t<section class=\"elementor-section elementor-top-section elementor-element elementor-element-d50ff1f elementor-section-boxed elementor-section-height-default elementor-section-height-default\" data-id=\"d50ff1f\" data-element_type=\"section\" data-e-type=\"section\">\n\t\t\t\t\t\t<div class=\"elementor-container elementor-column-gap-default\">\n\t\t\t\t\t<div class=\"elementor-column elementor-col-100 elementor-top-column elementor-element elementor-element-f1408ec\" data-id=\"f1408ec\" data-element_type=\"column\" data-e-type=\"column\">\n\t\t\t<div class=\"elementor-widget-wrap elementor-element-populated\">\n\t\t\t\t\t\t<div class=\"elementor-element elementor-element-cb372fd elementor-widget elementor-widget-heading\" data-id=\"cb372fd\" data-element_type=\"widget\" data-e-type=\"widget\" data-widget_type=\"heading.default\">\n\t\t\t\t<div class=\"elementor-widget-container\">\n\t\t\t\t\t<h2 class=\"elementor-heading-title elementor-size-default\">Avantages de skier en d\u00e9cembre-janvier<\/h2>\t\t\t\t<\/div>\n\t\t\t\t<\/div>\n\t\t\t\t<div class=\"elementor-element elementor-element-430536f elementor-widget elementor-widget-text-editor\" data-id=\"430536f\" data-element_type=\"widget\" data-e-type=\"widget\" data-widget_type=\"text-editor.default\">\n\t\t\t\t<div class=\"elementor-widget-container\">\n\t\t\t\t\t\t\t\t\t<p>Le ski de d\u00e9but et de milieu d\u2019hiver est le meilleur moment pour planifier des vacances au ski, car cette p\u00e9riode pr\u00e9sente des avantages \u00e9vidents.<\/p><h3>Avantages<\/h3><ul><li>Les temp\u00e9ratures froides pr\u00e9servent la qualit\u00e9 de la neige.<\/li><li>Les chutes de neige fra\u00eeche sont plus fr\u00e9quentes en janvier.<\/li><li>Op\u00e9rations compl\u00e8tes de la station, y compris les \u00e9coles de ski et les lieux d\u2019apr\u00e8s-ski.<\/li><li>Janvier, en dehors des vacances scolaires, est l\u2019un des mois les plus calmes sur les pistes.<\/li><\/ul><h3>Inconv\u00e9nients<\/h3><ul><li>Les p\u00e9riodes de vacances de d\u00e9cembre (No\u00ebl et Nouvel An) sont ch\u00e8res.<\/li><li>Journ\u00e9es plus courtes, surtout au d\u00e9but de d\u00e9cembre.<\/li><\/ul><p>Dans de nombreuses stations alpines fran\u00e7aises, les syst\u00e8mes d\u2019enneigement couvrent plus de 90 % des pistes de ski, assurant des conditions fiables m\u00eame pendant les p\u00e9riodes de s\u00e9cheresse. Si vous \u00eates un skieur qui pr\u00e9f\u00e8re la neige croustillante et moins de foule, la mi-janvier est consid\u00e9r\u00e9e comme <strong>l\u2019un des meilleurs moments\u00a0pour skier<\/strong>.<\/p>\t\t\t\t\t\t\t\t<\/div>\n\t\t\t\t<\/div>\n\t\t\t\t\t<\/div>\n\t\t<\/div>\n\t\t\t\t\t<\/div>\n\t\t<\/section>\n\t\t\t\t<section class=\"elementor-section elementor-top-section elementor-element elementor-element-dc83ebc elementor-section-boxed elementor-section-height-default elementor-section-height-default\" data-id=\"dc83ebc\" data-element_type=\"section\" data-e-type=\"section\">\n\t\t\t\t\t\t<div class=\"elementor-container elementor-column-gap-default\">\n\t\t\t\t\t<div class=\"elementor-column elementor-col-100 elementor-top-column elementor-element elementor-element-2bb01c1\" data-id=\"2bb01c1\" data-element_type=\"column\" data-e-type=\"column\">\n\t\t\t<div class=\"elementor-widget-wrap elementor-element-populated\">\n\t\t\t\t\t\t<div class=\"elementor-element elementor-element-f8af761 elementor-widget elementor-widget-heading\" data-id=\"f8af761\" data-element_type=\"widget\" data-e-type=\"widget\" data-widget_type=\"heading.default\">\n\t\t\t\t<div class=\"elementor-widget-container\">\n\t\t\t\t\t<h2 class=\"elementor-heading-title elementor-size-default\">Avantages de skier en f\u00e9vrier-mars<\/h2>\t\t\t\t<\/div>\n\t\t\t\t<\/div>\n\t\t\t\t<div class=\"elementor-element elementor-element-f0cb9a4 elementor-widget elementor-widget-text-editor\" data-id=\"f0cb9a4\" data-element_type=\"widget\" data-e-type=\"widget\" data-widget_type=\"text-editor.default\">\n\t\t\t\t<div class=\"elementor-widget-container\">\n\t\t\t\t\t\t\t\t\t<p>Pour de nombreux voyageurs, f\u00e9vrier et mars sont 2 mois parfaits pour un voyage de ski, car c\u2019est en dehors de la haute saison, mais il y a toujours les avantages du temps froid.<\/p><h3>Avantages<\/h3><ul><li>\u00c9paisseur maximale de la neige dans les Alpes.<\/li><li>Journ\u00e9es plus longues qu\u2019en d\u00e9cembre et janvier.<\/li><li>R\u00e9gimes m\u00e9t\u00e9orologiques plus stables.<\/li><li>Excellente pr\u00e9paration des pistes apr\u00e8s des mois de chutes de neige.<\/li><\/ul><h3>Inconv\u00e9nients<\/h3><ul><li>Les vacances de mi-f\u00e9vrier peuvent \u00eatre bond\u00e9es, surtout dans les stations familiales.<\/li><li>Les prix de l\u2019h\u00e9bergement ont tendance \u00e0 \u00eatre plus \u00e9lev\u00e9s pendant les vacances scolaires.<\/li><\/ul>\t\t\t\t\t\t\t\t<\/div>\n\t\t\t\t<\/div>\n\t\t\t\t<div class=\"elementor-element elementor-element-8669dcf elementor-widget elementor-widget-image\" data-id=\"8669dcf\" data-element_type=\"widget\" data-e-type=\"widget\" data-widget_type=\"image.default\">\n\t\t\t\t<div class=\"elementor-widget-container\">\n\t\t\t\t\t\t\t\t\t\t\t\t\t\t\t<img loading=\"lazy\" decoding=\"async\" width=\"1254\" height=\"627\" src=\"https:\/\/www.alpvisionresidences.com\/blog\/wp-content\/uploads\/2026\/01\/Best-time-to-ski.jpg\" class=\"attachment-full size-full wp-image-17111\" alt=\"Best-time-to-ski.jpg\" srcset=\"https:\/\/www.alpvisionresidences.com\/blog\/wp-content\/uploads\/2026\/01\/Best-time-to-ski.jpg 1254w, https:\/\/www.alpvisionresidences.com\/blog\/wp-content\/uploads\/2026\/01\/Best-time-to-ski-768x384.jpg 768w\" sizes=\"(max-width: 1254px) 100vw, 1254px\" \/>\t\t\t\t\t\t\t\t\t\t\t\t\t\t\t<\/div>\n\t\t\t\t<\/div>\n\t\t\t\t\t<\/div>\n\t\t<\/div>\n\t\t\t\t\t<\/div>\n\t\t<\/section>\n\t\t\t\t<section class=\"elementor-section elementor-top-section elementor-element elementor-element-96d2bfd elementor-section-boxed elementor-section-height-default elementor-section-height-default\" data-id=\"96d2bfd\" data-element_type=\"section\" data-e-type=\"section\">\n\t\t\t\t\t\t<div class=\"elementor-container elementor-column-gap-default\">\n\t\t\t\t\t<div class=\"elementor-column elementor-col-100 elementor-top-column elementor-element elementor-element-2e5e326\" data-id=\"2e5e326\" data-element_type=\"column\" data-e-type=\"column\">\n\t\t\t<div class=\"elementor-widget-wrap elementor-element-populated\">\n\t\t\t\t\t\t<div class=\"elementor-element elementor-element-39824cc elementor-widget elementor-widget-heading\" data-id=\"39824cc\" data-element_type=\"widget\" data-e-type=\"widget\" data-widget_type=\"heading.default\">\n\t\t\t\t<div class=\"elementor-widget-container\">\n\t\t\t\t\t<h2 class=\"elementor-heading-title elementor-size-default\">Comment le climat peut varier selon la destination ?<\/h2>\t\t\t\t<\/div>\n\t\t\t\t<\/div>\n\t\t\t\t<div class=\"elementor-element elementor-element-59338ef elementor-widget elementor-widget-text-editor\" data-id=\"59338ef\" data-element_type=\"widget\" data-e-type=\"widget\" data-widget_type=\"text-editor.default\">\n\t\t\t\t<div class=\"elementor-widget-container\">\n\t\t\t\t\t\t\t\t\t<p>Le climat joue un r\u00f4le essentiel dans les conditions de ski, et par cons\u00e9quent, toutes les stations n\u2019offrent pas la m\u00eame fiabilit\u00e9 tout au long de la saison.<\/p><p>Tout d\u2019abord, l\u2019altitude est essentielle, car les stations situ\u00e9es au-dessus de 1&nbsp;800&nbsp;m\u00e8tres conservent g\u00e9n\u00e9ralement la neige plus longtemps. De plus, l\u2019orientation des pentes est importante, les pentes expos\u00e9es au nord pr\u00e9servant mieux la neige en raison de la r\u00e9duction de l\u2019exposition au soleil. Enfin, une infrastructure d\u2019enneigement artificielle solide contribue \u00e0 prolonger la saison et \u00e0 maintenir de bonnes conditions de piste.  <\/p>\t\t\t\t\t\t\t\t<\/div>\n\t\t\t\t<\/div>\n\t\t\t\t\t<\/div>\n\t\t<\/div>\n\t\t\t\t\t<\/div>\n\t\t<\/section>\n\t\t\t\t<section class=\"elementor-section elementor-top-section elementor-element elementor-element-c4009c1 elementor-section-boxed elementor-section-height-default elementor-section-height-default\" data-id=\"c4009c1\" data-element_type=\"section\" data-e-type=\"section\">\n\t\t\t\t\t\t<div class=\"elementor-container elementor-column-gap-default\">\n\t\t\t\t\t<div class=\"elementor-column elementor-col-100 elementor-top-column elementor-element elementor-element-60d98a6\" data-id=\"60d98a6\" data-element_type=\"column\" data-e-type=\"column\">\n\t\t\t<div class=\"elementor-widget-wrap elementor-element-populated\">\n\t\t\t\t\t\t<div class=\"elementor-element elementor-element-e391fe8 elementor-widget elementor-widget-heading\" data-id=\"e391fe8\" data-element_type=\"widget\" data-e-type=\"widget\" data-widget_type=\"heading.default\">\n\t\t\t\t<div class=\"elementor-widget-container\">\n\t\t\t\t\t<h2 class=\"elementor-heading-title elementor-size-default\">Choisir les meilleures dates en fonction du niveau de ski<\/h2>\t\t\t\t<\/div>\n\t\t\t\t<\/div>\n\t\t\t\t<div class=\"elementor-element elementor-element-38e8917 elementor-widget elementor-widget-text-editor\" data-id=\"38e8917\" data-element_type=\"widget\" data-e-type=\"widget\" data-widget_type=\"text-editor.default\">\n\t\t\t\t<div class=\"elementor-widget-container\">\n\t\t\t\t\t\t\t\t\t<h3>D\u00e9butants<\/h3><ul><li>Les meilleurs mois sont janvier (en dehors des vacances) et mars<\/li><li>Une neige plus douce et des pentes plus calmes favorisent la confiance et l\u2019apprentissage<\/li><\/ul><h3>Skieurs interm\u00e9diaires<\/h3><ul><li>Les meilleurs mois sont f\u00e9vrier et mars<\/li><li>Neige fiable sur tous les niveaux de piste<\/li><\/ul><h3>Skieurs avanc\u00e9s<\/h3><ul><li>Les meilleurs mois sont janvier et f\u00e9vrier<\/li><li>Plus grande chance de chutes de neige fra\u00eeche et de possibilit\u00e9s hors-piste<\/li><\/ul>\t\t\t\t\t\t\t\t<\/div>\n\t\t\t\t<\/div>\n\t\t\t\t\t<\/div>\n\t\t<\/div>\n\t\t\t\t\t<\/div>\n\t\t<\/section>\n\t\t\t\t<section class=\"elementor-section elementor-top-section elementor-element elementor-element-cfa8346 elementor-section-boxed elementor-section-height-default elementor-section-height-default\" data-id=\"cfa8346\" data-element_type=\"section\" data-e-type=\"section\">\n\t\t\t\t\t\t<div class=\"elementor-container elementor-column-gap-default\">\n\t\t\t\t\t<div class=\"elementor-column elementor-col-100 elementor-top-column elementor-element elementor-element-3807c86\" data-id=\"3807c86\" data-element_type=\"column\" data-e-type=\"column\">\n\t\t\t<div class=\"elementor-widget-wrap elementor-element-populated\">\n\t\t\t\t\t\t<div class=\"elementor-element elementor-element-c7bfaa6 elementor-widget elementor-widget-heading\" data-id=\"c7bfaa6\" data-element_type=\"widget\" data-e-type=\"widget\" data-widget_type=\"heading.default\">\n\t\t\t\t<div class=\"elementor-widget-container\">\n\t\t\t\t\t<h2 class=\"elementor-heading-title elementor-size-default\">En bref, quand se rendre au ski en France ?<\/h2>\t\t\t\t<\/div>\n\t\t\t\t<\/div>\n\t\t\t\t<div class=\"elementor-element elementor-element-cf52da6 elementor-widget elementor-widget-text-editor\" data-id=\"cf52da6\" data-element_type=\"widget\" data-e-type=\"widget\" data-widget_type=\"text-editor.default\">\n\t\t\t\t<div class=\"elementor-widget-container\">\n\t\t\t\t\t\t\t\t\t<p>Alors, <strong>quelle est la meilleure p\u00e9riode pour skier<\/strong>\u00a0? Pour la plupart des voyageurs, la r\u00e9ponse se situe entre janvier et mars. Ces mois offrent une forte fiabilit\u00e9 de la neige, des services de station complets et un large \u00e9ventail d\u2019options pour diff\u00e9rents budgets et niveaux d\u2019exp\u00e9rience.<\/p><p>Choisir les bonnes dates n\u2019est qu\u2019une partie d\u2019un s\u00e9jour de ski r\u00e9ussi. Un h\u00e9bergement confortable et bien situ\u00e9 joue un r\u00f4le tout aussi important. <a href=\"https:\/\/www.alpvisionresidences.com\/fr\/\">Alpvision Residences<\/a> propose une gamme de s\u00e9jours alpins de haute qualit\u00e9 con\u00e7us pour votre voyage id\u00e9al.<\/p><p>En combinant le bon moment avec le bon h\u00e9bergement, vous pouvez d\u00e9couvrir les montagnes \u00e0 leur meilleur.<\/p>\t\t\t\t\t\t\t\t<\/div>\n\t\t\t\t<\/div>\n\t\t\t\t\t<\/div>\n\t\t<\/div>\n\t\t\t\t\t<\/div>\n\t\t<\/section>\n\t\t<div class=\"elementor-element elementor-element-ea72178 e-flex e-con-boxed e-con e-parent\" data-id=\"ea72178\" data-element_type=\"container\" data-e-type=\"container\">\n\t\t\t\t\t<div class=\"e-con-inner\">\n\t\t<div class=\"elementor-element elementor-element-f23c573 e-con-full e-flex e-con e-child\" data-id=\"f23c573\" data-element_type=\"container\" data-e-type=\"container\">\n\t\t\t\t<div class=\"elementor-element elementor-element-ccb826c elementor-align-right elementor-mobile-align-center elementor-widget elementor-widget-button\" data-id=\"ccb826c\" data-element_type=\"widget\" data-e-type=\"widget\" data-widget_type=\"button.default\">\n\t\t\t\t<div class=\"elementor-widget-container\">\n\t\t\t\t\t\t\t\t\t<div class=\"elementor-button-wrapper\">\n\t\t\t\t\t<a class=\"elementor-button elementor-button-link elementor-size-sm\" href=\"https:\/\/www.alpvisionresidences.com\/fr\/location-vacances-alpes-fran%C3%A7aises\/\">\n\t\t\t\t\t\t<span class=\"elementor-button-content-wrapper\">\n\t\t\t\t\t\t\t\t\t<span class=\"elementor-button-text\">H\u00e9bergement Alpes fran\u00e7aises<\/span>\n\t\t\t\t\t<\/span>\n\t\t\t\t\t<\/a>\n\t\t\t\t<\/div>\n\t\t\t\t\t\t\t\t<\/div>\n\t\t\t\t<\/div>\n\t\t\t\t<\/div>\n\t\t<div class=\"elementor-element elementor-element-963b852 e-con-full e-flex e-con e-child\" data-id=\"963b852\" data-element_type=\"container\" data-e-type=\"container\">\n\t\t\t\t<div class=\"elementor-element elementor-element-5407958 elementor-mobile-align-center elementor-widget elementor-widget-button\" data-id=\"5407958\" data-element_type=\"widget\" data-e-type=\"widget\" data-widget_type=\"button.default\">\n\t\t\t\t<div class=\"elementor-widget-container\">\n\t\t\t\t\t\t\t\t\t<div class=\"elementor-button-wrapper\">\n\t\t\t\t\t<a class=\"elementor-button elementor-button-link elementor-size-sm\" href=\"https:\/\/www.alpvisionresidences.com\/fr\/location-vacances-alpes-suisses\/\">\n\t\t\t\t\t\t<span class=\"elementor-button-content-wrapper\">\n\t\t\t\t\t\t\t\t\t<span class=\"elementor-button-text\">H\u00e9bergement Alpes suisses<\/span>\n\t\t\t\t\t<\/span>\n\t\t\t\t\t<\/a>\n\t\t\t\t<\/div>\n\t\t\t\t\t\t\t\t<\/div>\n\t\t\t\t<\/div>\n\t\t\t\t<\/div>\n\t\t\t\t\t<\/div>\n\t\t\t\t<\/div>\n\t\t\t\t<\/div>\n\t\t","protected":false},"excerpt":{"rendered":"<p>La planification de vacances au ski ne se limite pas au choix d\u2019une station et \u00e0 la r\u00e9servation d\u2019un h\u00e9bergement&#8230;.<\/p>\n","protected":false},"author":5,"featured_media":17115,"comment_status":"open","ping_status":"open","sticky":false,"template":"","format":"standard","meta":{"footnotes":""},"categories":[477],"tags":[],"class_list":["post-17155","post","type-post","status-publish","format-standard","has-post-thumbnail","hentry","category-ski"],"yoast_head":"<!-- This site is optimized with the Yoast SEO plugin v27.4 - https:\/\/yoast.com\/product\/yoast-seo-wordpress\/ -->\n<title>Quand partir au ski ? - Get Inspired<\/title>\n<meta name=\"description\" content=\"D\u00e9couvrez le moment id\u00e9al pour skier. Profitez des meilleures conditions d\u2019enneigement. Planifiez votre aventure ski d\u00e8s maintenant\u00a0!\" \/>\n<meta name=\"robots\" content=\"index, follow, max-snippet:-1, max-image-preview:large, max-video-preview:-1\" \/>\n<link rel=\"canonical\" href=\"https:\/\/www.alpvisionresidences.com\/blog\/fr\/quand-partir-au-ski\/\" \/>\n<meta property=\"og:locale\" content=\"fr_FR\" \/>\n<meta property=\"og:type\" content=\"article\" \/>\n<meta property=\"og:title\" content=\"Quand partir au ski ? - Get Inspired\" \/>\n<meta property=\"og:description\" content=\"D\u00e9couvrez le moment id\u00e9al pour skier. Profitez des meilleures conditions d\u2019enneigement. Planifiez votre aventure ski d\u00e8s maintenant\u00a0!\" \/>\n<meta property=\"og:url\" content=\"https:\/\/www.alpvisionresidences.com\/blog\/fr\/quand-partir-au-ski\/\" \/>\n<meta property=\"og:site_name\" content=\"Get Inspired\" \/>\n<meta property=\"article:publisher\" content=\"https:\/\/www.facebook.com\/AlpvisionResidences\/\" \/>\n<meta property=\"article:published_time\" content=\"2026-01-27T08:27:53+00:00\" \/>\n<meta property=\"article:modified_time\" content=\"2026-01-28T14:48:07+00:00\" \/>\n<meta property=\"og:image\" content=\"https:\/\/www.alpvisionresidences.com\/blog\/wp-content\/uploads\/2026\/01\/best-time-for-skiing.jpg\" \/>\n\t<meta property=\"og:image:width\" content=\"2121\" \/>\n\t<meta property=\"og:image:height\" content=\"707\" \/>\n\t<meta property=\"og:image:type\" content=\"image\/jpeg\" \/>\n<meta name=\"author\" content=\"Maral\" \/>\n<meta name=\"twitter:card\" content=\"summary_large_image\" \/>\n<meta name=\"twitter:label1\" content=\"Written by\" \/>\n\t<meta name=\"twitter:data1\" content=\"Maral\" \/>\n\t<meta name=\"twitter:label2\" content=\"Est. reading time\" \/>\n\t<meta name=\"twitter:data2\" content=\"8 minutes\" \/>\n<script type=\"application\/ld+json\" class=\"yoast-schema-graph\">{\"@context\":\"https:\\\/\\\/schema.org\",\"@graph\":[{\"@type\":\"Article\",\"@id\":\"https:\\\/\\\/www.alpvisionresidences.com\\\/blog\\\/fr\\\/quand-partir-au-ski\\\/#article\",\"isPartOf\":{\"@id\":\"https:\\\/\\\/www.alpvisionresidences.com\\\/blog\\\/fr\\\/quand-partir-au-ski\\\/\"},\"author\":{\"name\":\"Maral\",\"@id\":\"https:\\\/\\\/www.alpvisionresidences.com\\\/blog\\\/fr\\\/#\\\/schema\\\/person\\\/c57c8a2003f4ad18009cabdf5e1c49db\"},\"headline\":\"Quand partir au ski ?\",\"datePublished\":\"2026-01-27T08:27:53+00:00\",\"dateModified\":\"2026-01-28T14:48:07+00:00\",\"mainEntityOfPage\":{\"@id\":\"https:\\\/\\\/www.alpvisionresidences.com\\\/blog\\\/fr\\\/quand-partir-au-ski\\\/\"},\"wordCount\":1455,\"commentCount\":0,\"publisher\":{\"@id\":\"https:\\\/\\\/www.alpvisionresidences.com\\\/blog\\\/fr\\\/#organization\"},\"image\":{\"@id\":\"https:\\\/\\\/www.alpvisionresidences.com\\\/blog\\\/fr\\\/quand-partir-au-ski\\\/#primaryimage\"},\"thumbnailUrl\":\"https:\\\/\\\/www.alpvisionresidences.com\\\/blog\\\/wp-content\\\/uploads\\\/2026\\\/01\\\/best-time-for-skiing.jpg\",\"articleSection\":[\"Ski\"],\"inLanguage\":\"fr\",\"potentialAction\":[{\"@type\":\"CommentAction\",\"name\":\"Comment\",\"target\":[\"https:\\\/\\\/www.alpvisionresidences.com\\\/blog\\\/fr\\\/quand-partir-au-ski\\\/#respond\"]}]},{\"@type\":\"WebPage\",\"@id\":\"https:\\\/\\\/www.alpvisionresidences.com\\\/blog\\\/fr\\\/quand-partir-au-ski\\\/\",\"url\":\"https:\\\/\\\/www.alpvisionresidences.com\\\/blog\\\/fr\\\/quand-partir-au-ski\\\/\",\"name\":\"Quand partir au ski ? - Get Inspired\",\"isPartOf\":{\"@id\":\"https:\\\/\\\/www.alpvisionresidences.com\\\/blog\\\/fr\\\/#website\"},\"primaryImageOfPage\":{\"@id\":\"https:\\\/\\\/www.alpvisionresidences.com\\\/blog\\\/fr\\\/quand-partir-au-ski\\\/#primaryimage\"},\"image\":{\"@id\":\"https:\\\/\\\/www.alpvisionresidences.com\\\/blog\\\/fr\\\/quand-partir-au-ski\\\/#primaryimage\"},\"thumbnailUrl\":\"https:\\\/\\\/www.alpvisionresidences.com\\\/blog\\\/wp-content\\\/uploads\\\/2026\\\/01\\\/best-time-for-skiing.jpg\",\"datePublished\":\"2026-01-27T08:27:53+00:00\",\"dateModified\":\"2026-01-28T14:48:07+00:00\",\"description\":\"D\u00e9couvrez le moment id\u00e9al pour skier. Profitez des meilleures conditions d\u2019enneigement. Planifiez votre aventure ski d\u00e8s maintenant\u00a0!\",\"breadcrumb\":{\"@id\":\"https:\\\/\\\/www.alpvisionresidences.com\\\/blog\\\/fr\\\/quand-partir-au-ski\\\/#breadcrumb\"},\"inLanguage\":\"fr\",\"potentialAction\":[{\"@type\":\"ReadAction\",\"target\":[\"https:\\\/\\\/www.alpvisionresidences.com\\\/blog\\\/fr\\\/quand-partir-au-ski\\\/\"]}]},{\"@type\":\"ImageObject\",\"inLanguage\":\"fr\",\"@id\":\"https:\\\/\\\/www.alpvisionresidences.com\\\/blog\\\/fr\\\/quand-partir-au-ski\\\/#primaryimage\",\"url\":\"https:\\\/\\\/www.alpvisionresidences.com\\\/blog\\\/wp-content\\\/uploads\\\/2026\\\/01\\\/best-time-for-skiing.jpg\",\"contentUrl\":\"https:\\\/\\\/www.alpvisionresidences.com\\\/blog\\\/wp-content\\\/uploads\\\/2026\\\/01\\\/best-time-for-skiing.jpg\",\"width\":2121,\"height\":707,\"caption\":\"Smiling female friends before a snowboarding session on the mountain\"},{\"@type\":\"BreadcrumbList\",\"@id\":\"https:\\\/\\\/www.alpvisionresidences.com\\\/blog\\\/fr\\\/quand-partir-au-ski\\\/#breadcrumb\",\"itemListElement\":[{\"@type\":\"ListItem\",\"position\":1,\"name\":\"Home\",\"item\":\"https:\\\/\\\/www.alpvisionresidences.com\\\/blog\\\/fr\\\/\"},{\"@type\":\"ListItem\",\"position\":2,\"name\":\"Quand partir au ski ?\"}]},{\"@type\":\"WebSite\",\"@id\":\"https:\\\/\\\/www.alpvisionresidences.com\\\/blog\\\/fr\\\/#website\",\"url\":\"https:\\\/\\\/www.alpvisionresidences.com\\\/blog\\\/fr\\\/\",\"name\":\"alpvisionresidences.com\",\"description\":\"Alpvision r\u00e9sidences\",\"publisher\":{\"@id\":\"https:\\\/\\\/www.alpvisionresidences.com\\\/blog\\\/fr\\\/#organization\"},\"potentialAction\":[{\"@type\":\"SearchAction\",\"target\":{\"@type\":\"EntryPoint\",\"urlTemplate\":\"https:\\\/\\\/www.alpvisionresidences.com\\\/blog\\\/fr\\\/?s={search_term_string}\"},\"query-input\":{\"@type\":\"PropertyValueSpecification\",\"valueRequired\":true,\"valueName\":\"search_term_string\"}}],\"inLanguage\":\"fr\"},{\"@type\":\"Organization\",\"@id\":\"https:\\\/\\\/www.alpvisionresidences.com\\\/blog\\\/fr\\\/#organization\",\"name\":\"Alpvision Residences\",\"url\":\"https:\\\/\\\/www.alpvisionresidences.com\\\/blog\\\/fr\\\/\",\"logo\":{\"@type\":\"ImageObject\",\"inLanguage\":\"fr\",\"@id\":\"https:\\\/\\\/www.alpvisionresidences.com\\\/blog\\\/fr\\\/#\\\/schema\\\/logo\\\/image\\\/\",\"url\":\"https:\\\/\\\/www.alpvisionresidences.com\\\/blog\\\/wp-content\\\/uploads\\\/2022\\\/01\\\/alpvision_icone1_bleu_negatif-Redimensionne-pour-profil.png\",\"contentUrl\":\"https:\\\/\\\/www.alpvisionresidences.com\\\/blog\\\/wp-content\\\/uploads\\\/2022\\\/01\\\/alpvision_icone1_bleu_negatif-Redimensionne-pour-profil.png\",\"width\":522,\"height\":478,\"caption\":\"Alpvision Residences\"},\"image\":{\"@id\":\"https:\\\/\\\/www.alpvisionresidences.com\\\/blog\\\/fr\\\/#\\\/schema\\\/logo\\\/image\\\/\"},\"sameAs\":[\"https:\\\/\\\/www.facebook.com\\\/AlpvisionResidences\\\/\",\"https:\\\/\\\/www.instagram.com\\\/alpvisionresidences\\\/\"]},{\"@type\":\"Person\",\"@id\":\"https:\\\/\\\/www.alpvisionresidences.com\\\/blog\\\/fr\\\/#\\\/schema\\\/person\\\/c57c8a2003f4ad18009cabdf5e1c49db\",\"name\":\"Maral\",\"image\":{\"@type\":\"ImageObject\",\"inLanguage\":\"fr\",\"@id\":\"https:\\\/\\\/secure.gravatar.com\\\/avatar\\\/d804353e8f67fa61fe64a503dcb7247981e2ba0f61d8e0cf872d45560a9cee7f?s=96&d=mm&r=g\",\"url\":\"https:\\\/\\\/secure.gravatar.com\\\/avatar\\\/d804353e8f67fa61fe64a503dcb7247981e2ba0f61d8e0cf872d45560a9cee7f?s=96&d=mm&r=g\",\"contentUrl\":\"https:\\\/\\\/secure.gravatar.com\\\/avatar\\\/d804353e8f67fa61fe64a503dcb7247981e2ba0f61d8e0cf872d45560a9cee7f?s=96&d=mm&r=g\",\"caption\":\"Maral\"},\"url\":\"https:\\\/\\\/www.alpvisionresidences.com\\\/blog\\\/fr\\\/author\\\/maral\\\/\"}]}<\/script>\n<!-- \/ Yoast SEO plugin. -->","yoast_head_json":{"title":"Quand partir au ski ? - Get Inspired","description":"D\u00e9couvrez le moment id\u00e9al pour skier. Profitez des meilleures conditions d\u2019enneigement. Planifiez votre aventure ski d\u00e8s maintenant\u00a0!","robots":{"index":"index","follow":"follow","max-snippet":"max-snippet:-1","max-image-preview":"max-image-preview:large","max-video-preview":"max-video-preview:-1"},"canonical":"https:\/\/www.alpvisionresidences.com\/blog\/fr\/quand-partir-au-ski\/","og_locale":"fr_FR","og_type":"article","og_title":"Quand partir au ski ? - Get Inspired","og_description":"D\u00e9couvrez le moment id\u00e9al pour skier. Profitez des meilleures conditions d\u2019enneigement. Planifiez votre aventure ski d\u00e8s maintenant\u00a0!","og_url":"https:\/\/www.alpvisionresidences.com\/blog\/fr\/quand-partir-au-ski\/","og_site_name":"Get Inspired","article_publisher":"https:\/\/www.facebook.com\/AlpvisionResidences\/","article_published_time":"2026-01-27T08:27:53+00:00","article_modified_time":"2026-01-28T14:48:07+00:00","og_image":[{"width":2121,"height":707,"url":"https:\/\/www.alpvisionresidences.com\/blog\/wp-content\/uploads\/2026\/01\/best-time-for-skiing.jpg","type":"image\/jpeg"}],"author":"Maral","twitter_card":"summary_large_image","twitter_misc":{"Written by":"Maral","Est. reading time":"8 minutes"},"schema":{"@context":"https:\/\/schema.org","@graph":[{"@type":"Article","@id":"https:\/\/www.alpvisionresidences.com\/blog\/fr\/quand-partir-au-ski\/#article","isPartOf":{"@id":"https:\/\/www.alpvisionresidences.com\/blog\/fr\/quand-partir-au-ski\/"},"author":{"name":"Maral","@id":"https:\/\/www.alpvisionresidences.com\/blog\/fr\/#\/schema\/person\/c57c8a2003f4ad18009cabdf5e1c49db"},"headline":"Quand partir au ski ?","datePublished":"2026-01-27T08:27:53+00:00","dateModified":"2026-01-28T14:48:07+00:00","mainEntityOfPage":{"@id":"https:\/\/www.alpvisionresidences.com\/blog\/fr\/quand-partir-au-ski\/"},"wordCount":1455,"commentCount":0,"publisher":{"@id":"https:\/\/www.alpvisionresidences.com\/blog\/fr\/#organization"},"image":{"@id":"https:\/\/www.alpvisionresidences.com\/blog\/fr\/quand-partir-au-ski\/#primaryimage"},"thumbnailUrl":"https:\/\/www.alpvisionresidences.com\/blog\/wp-content\/uploads\/2026\/01\/best-time-for-skiing.jpg","articleSection":["Ski"],"inLanguage":"fr","potentialAction":[{"@type":"CommentAction","name":"Comment","target":["https:\/\/www.alpvisionresidences.com\/blog\/fr\/quand-partir-au-ski\/#respond"]}]},{"@type":"WebPage","@id":"https:\/\/www.alpvisionresidences.com\/blog\/fr\/quand-partir-au-ski\/","url":"https:\/\/www.alpvisionresidences.com\/blog\/fr\/quand-partir-au-ski\/","name":"Quand partir au ski ? - Get Inspired","isPartOf":{"@id":"https:\/\/www.alpvisionresidences.com\/blog\/fr\/#website"},"primaryImageOfPage":{"@id":"https:\/\/www.alpvisionresidences.com\/blog\/fr\/quand-partir-au-ski\/#primaryimage"},"image":{"@id":"https:\/\/www.alpvisionresidences.com\/blog\/fr\/quand-partir-au-ski\/#primaryimage"},"thumbnailUrl":"https:\/\/www.alpvisionresidences.com\/blog\/wp-content\/uploads\/2026\/01\/best-time-for-skiing.jpg","datePublished":"2026-01-27T08:27:53+00:00","dateModified":"2026-01-28T14:48:07+00:00","description":"D\u00e9couvrez le moment id\u00e9al pour skier. Profitez des meilleures conditions d\u2019enneigement. Planifiez votre aventure ski d\u00e8s maintenant\u00a0!","breadcrumb":{"@id":"https:\/\/www.alpvisionresidences.com\/blog\/fr\/quand-partir-au-ski\/#breadcrumb"},"inLanguage":"fr","potentialAction":[{"@type":"ReadAction","target":["https:\/\/www.alpvisionresidences.com\/blog\/fr\/quand-partir-au-ski\/"]}]},{"@type":"ImageObject","inLanguage":"fr","@id":"https:\/\/www.alpvisionresidences.com\/blog\/fr\/quand-partir-au-ski\/#primaryimage","url":"https:\/\/www.alpvisionresidences.com\/blog\/wp-content\/uploads\/2026\/01\/best-time-for-skiing.jpg","contentUrl":"https:\/\/www.alpvisionresidences.com\/blog\/wp-content\/uploads\/2026\/01\/best-time-for-skiing.jpg","width":2121,"height":707,"caption":"Smiling female friends before a snowboarding session on the mountain"},{"@type":"BreadcrumbList","@id":"https:\/\/www.alpvisionresidences.com\/blog\/fr\/quand-partir-au-ski\/#breadcrumb","itemListElement":[{"@type":"ListItem","position":1,"name":"Home","item":"https:\/\/www.alpvisionresidences.com\/blog\/fr\/"},{"@type":"ListItem","position":2,"name":"Quand partir au ski ?"}]},{"@type":"WebSite","@id":"https:\/\/www.alpvisionresidences.com\/blog\/fr\/#website","url":"https:\/\/www.alpvisionresidences.com\/blog\/fr\/","name":"alpvisionresidences.com","description":"Alpvision r\u00e9sidences","publisher":{"@id":"https:\/\/www.alpvisionresidences.com\/blog\/fr\/#organization"},"potentialAction":[{"@type":"SearchAction","target":{"@type":"EntryPoint","urlTemplate":"https:\/\/www.alpvisionresidences.com\/blog\/fr\/?s={search_term_string}"},"query-input":{"@type":"PropertyValueSpecification","valueRequired":true,"valueName":"search_term_string"}}],"inLanguage":"fr"},{"@type":"Organization","@id":"https:\/\/www.alpvisionresidences.com\/blog\/fr\/#organization","name":"Alpvision Residences","url":"https:\/\/www.alpvisionresidences.com\/blog\/fr\/","logo":{"@type":"ImageObject","inLanguage":"fr","@id":"https:\/\/www.alpvisionresidences.com\/blog\/fr\/#\/schema\/logo\/image\/","url":"https:\/\/www.alpvisionresidences.com\/blog\/wp-content\/uploads\/2022\/01\/alpvision_icone1_bleu_negatif-Redimensionne-pour-profil.png","contentUrl":"https:\/\/www.alpvisionresidences.com\/blog\/wp-content\/uploads\/2022\/01\/alpvision_icone1_bleu_negatif-Redimensionne-pour-profil.png","width":522,"height":478,"caption":"Alpvision Residences"},"image":{"@id":"https:\/\/www.alpvisionresidences.com\/blog\/fr\/#\/schema\/logo\/image\/"},"sameAs":["https:\/\/www.facebook.com\/AlpvisionResidences\/","https:\/\/www.instagram.com\/alpvisionresidences\/"]},{"@type":"Person","@id":"https:\/\/www.alpvisionresidences.com\/blog\/fr\/#\/schema\/person\/c57c8a2003f4ad18009cabdf5e1c49db","name":"Maral","image":{"@type":"ImageObject","inLanguage":"fr","@id":"https:\/\/secure.gravatar.com\/avatar\/d804353e8f67fa61fe64a503dcb7247981e2ba0f61d8e0cf872d45560a9cee7f?s=96&d=mm&r=g","url":"https:\/\/secure.gravatar.com\/avatar\/d804353e8f67fa61fe64a503dcb7247981e2ba0f61d8e0cf872d45560a9cee7f?s=96&d=mm&r=g","contentUrl":"https:\/\/secure.gravatar.com\/avatar\/d804353e8f67fa61fe64a503dcb7247981e2ba0f61d8e0cf872d45560a9cee7f?s=96&d=mm&r=g","caption":"Maral"},"url":"https:\/\/www.alpvisionresidences.com\/blog\/fr\/author\/maral\/"}]}},"_links":{"self":[{"href":"https:\/\/www.alpvisionresidences.com\/blog\/fr\/wp-json\/wp\/v2\/posts\/17155","targetHints":{"allow":["GET"]}}],"collection":[{"href":"https:\/\/www.alpvisionresidences.com\/blog\/fr\/wp-json\/wp\/v2\/posts"}],"about":[{"href":"https:\/\/www.alpvisionresidences.com\/blog\/fr\/wp-json\/wp\/v2\/types\/post"}],"author":[{"embeddable":true,"href":"https:\/\/www.alpvisionresidences.com\/blog\/fr\/wp-json\/wp\/v2\/users\/5"}],"replies":[{"embeddable":true,"href":"https:\/\/www.alpvisionresidences.com\/blog\/fr\/wp-json\/wp\/v2\/comments?post=17155"}],"version-history":[{"count":6,"href":"https:\/\/www.alpvisionresidences.com\/blog\/fr\/wp-json\/wp\/v2\/posts\/17155\/revisions"}],"predecessor-version":[{"id":17186,"href":"https:\/\/www.alpvisionresidences.com\/blog\/fr\/wp-json\/wp\/v2\/posts\/17155\/revisions\/17186"}],"wp:featuredmedia":[{"embeddable":true,"href":"https:\/\/www.alpvisionresidences.com\/blog\/fr\/wp-json\/wp\/v2\/media\/17115"}],"wp:attachment":[{"href":"https:\/\/www.alpvisionresidences.com\/blog\/fr\/wp-json\/wp\/v2\/media?parent=17155"}],"wp:term":[{"taxonomy":"category","embeddable":true,"href":"https:\/\/www.alpvisionresidences.com\/blog\/fr\/wp-json\/wp\/v2\/categories?post=17155"},{"taxonomy":"post_tag","embeddable":true,"href":"https:\/\/www.alpvisionresidences.com\/blog\/fr\/wp-json\/wp\/v2\/tags?post=17155"}],"curies":[{"name":"wp","href":"https:\/\/api.w.org\/{rel}","templated":true}]}}