{"id":19594,"date":"2026-04-27T11:50:44","date_gmt":"2026-04-27T11:50:44","guid":{"rendered":"https:\/\/www.alpvisionresidences.com\/blog\/domaine-des-portes-du-soleil\/"},"modified":"2026-04-27T11:50:45","modified_gmt":"2026-04-27T11:50:45","slug":"domaine-des-portes-du-soleil","status":"publish","type":"post","link":"https:\/\/www.alpvisionresidences.com\/blog\/fr\/domaine-des-portes-du-soleil\/","title":{"rendered":"D\u00e9couvrez le Domaine des Portes du Soleil : l&#8217;un des plus grands domaines skiables du monde"},"content":{"rendered":"\t\t<div data-elementor-type=\"wp-post\" data-elementor-id=\"19594\" class=\"elementor elementor-19594 elementor-18388\" data-elementor-post-type=\"post\">\n\t\t\t\t\t\t<section class=\"elementor-section elementor-top-section elementor-element elementor-element-35ac3508 elementor-section-boxed elementor-section-height-default elementor-section-height-default\" data-id=\"35ac3508\" data-element_type=\"section\" data-e-type=\"section\">\n\t\t\t\t\t\t<div class=\"elementor-container elementor-column-gap-default\">\n\t\t\t\t\t<div class=\"elementor-column elementor-col-100 elementor-top-column elementor-element elementor-element-285d615f\" data-id=\"285d615f\" data-element_type=\"column\" data-e-type=\"column\">\n\t\t\t<div class=\"elementor-widget-wrap elementor-element-populated\">\n\t\t\t\t\t\t<div class=\"elementor-element elementor-element-361a117 elementor-widget elementor-widget-text-editor\" data-id=\"361a117\" data-element_type=\"widget\" data-e-type=\"widget\" data-widget_type=\"text-editor.default\">\n\t\t\t\t<div class=\"elementor-widget-container\">\n\t\t\t\t\t\t\t\t\t<p><span style=\"font-weight: 400;\">Le <\/span><b>Domaine des Portes du Soleil<\/b><span style=\"font-weight: 400;\"> est l\u2019un des plus grands domaines skiables interconnect\u00e9s au monde. Il s\u2019\u00e9tend sur la fronti\u00e8re franco-suisse, entre   <\/span><b>le Mont Blanc<\/b><span style=\"font-weight: 400;\"> et <\/span><b>le lac L\u00e9man<\/b><span style=\"font-weight: 400;\">. Couvrant 12 stations r\u00e9parties sur deux pays, il offre une exp\u00e9rience vraiment unique aux skieurs qui peuvent skier de village en village et m\u00eame traverser des fronti\u00e8res internationales sans jamais enlever leurs skis.<\/span><\/p><p><span style=\"font-weight: 400;\">Le domaine compte environ <\/span><b>650 km de pistes balis\u00e9es<\/b><span style=\"font-weight: 400;\"> et plus de <\/span><b>200 remont\u00e9es m\u00e9caniques<\/b><span style=\"font-weight: 400;\">. Ce qui le distingue, cependant, ce n\u2019est pas seulement sa taille, mais aussi la diversit\u00e9 de ses paysages. Ici, vous pouvez trouver des pistes foresti\u00e8res et de vastes terrains alpins ouverts. <\/span><\/p><p><span style=\"font-weight: 400;\">En cons\u00e9quence, le <\/span><b>Domaine des Portes du Soleil<\/b><span style=\"font-weight: 400;\"> est devenu un choix privil\u00e9gi\u00e9 pour les familles, les skieurs de niveau interm\u00e9diaire et tous ceux qui souhaitent explorer les Alpes au-del\u00e0 d\u2019une seule station.<\/span><\/p>\t\t\t\t\t\t\t\t<\/div>\n\t\t\t\t<\/div>\n\t\t\t\t\t<\/div>\n\t\t<\/div>\n\t\t\t\t\t<\/div>\n\t\t<\/section>\n\t\t\t\t<section class=\"elementor-section elementor-top-section elementor-element elementor-element-26cf224 elementor-section-boxed elementor-section-height-default elementor-section-height-default\" data-id=\"26cf224\" data-element_type=\"section\" data-e-type=\"section\">\n\t\t\t\t\t\t<div class=\"elementor-container elementor-column-gap-default\">\n\t\t\t\t\t<div class=\"elementor-column elementor-col-100 elementor-top-column elementor-element elementor-element-4374d6a9\" data-id=\"4374d6a9\" data-element_type=\"column\" data-e-type=\"column\">\n\t\t\t<div class=\"elementor-widget-wrap elementor-element-populated\">\n\t\t\t\t\t\t<div class=\"elementor-element elementor-element-48e7c824 elementor-widget elementor-widget-table-of-contents\" data-id=\"48e7c824\" data-element_type=\"widget\" data-e-type=\"widget\" data-settings=\"{&quot;headings_by_tags&quot;:[&quot;h2&quot;],&quot;exclude_headings_by_selector&quot;:[],&quot;marker_view&quot;:&quot;bullets&quot;,&quot;icon&quot;:{&quot;value&quot;:&quot;&quot;,&quot;library&quot;:&quot;&quot;},&quot;no_headings_message&quot;:&quot;No headings were found on this page.&quot;,&quot;hierarchical_view&quot;:&quot;yes&quot;,&quot;min_height&quot;:{&quot;unit&quot;:&quot;px&quot;,&quot;size&quot;:&quot;&quot;,&quot;sizes&quot;:[]},&quot;min_height_tablet&quot;:{&quot;unit&quot;:&quot;px&quot;,&quot;size&quot;:&quot;&quot;,&quot;sizes&quot;:[]},&quot;min_height_mobile&quot;:{&quot;unit&quot;:&quot;px&quot;,&quot;size&quot;:&quot;&quot;,&quot;sizes&quot;:[]}}\" data-widget_type=\"table-of-contents.default\">\n\t\t\t\t<div class=\"elementor-widget-container\">\n\t\t\t\t\t\t\t\t\t<div class=\"elementor-toc__header\">\n\t\t\t\t\t\t<div class=\"elementor-toc__header-title\">\n\t\t\t\tSommaire\t\t\t<\/div>\n\t\t\t\t\t\t\t\t<\/div>\n\t\t\t\t<div id=\"elementor-toc__48e7c824\" class=\"elementor-toc__body\">\n\t\t\t<div class=\"elementor-toc__spinner-container\">\n\t\t\t\t<i class=\"elementor-toc__spinner eicon-animation-spin eicon-loading\" aria-hidden=\"true\"><\/i>\t\t\t<\/div>\n\t\t<\/div>\n\t\t\t\t\t\t<\/div>\n\t\t\t\t<\/div>\n\t\t\t\t\t<\/div>\n\t\t<\/div>\n\t\t\t\t\t<\/div>\n\t\t<\/section>\n\t\t\t\t<section class=\"elementor-section elementor-top-section elementor-element elementor-element-7c3cf901 elementor-section-boxed elementor-section-height-default elementor-section-height-default\" data-id=\"7c3cf901\" data-element_type=\"section\" data-e-type=\"section\">\n\t\t\t\t\t\t<div class=\"elementor-container elementor-column-gap-default\">\n\t\t\t\t\t<div class=\"elementor-column elementor-col-100 elementor-top-column elementor-element elementor-element-4af3a70d\" data-id=\"4af3a70d\" data-element_type=\"column\" data-e-type=\"column\">\n\t\t\t<div class=\"elementor-widget-wrap elementor-element-populated\">\n\t\t\t\t\t\t<div class=\"elementor-element elementor-element-2bc8ce97 elementor-widget elementor-widget-heading\" data-id=\"2bc8ce97\" data-element_type=\"widget\" data-e-type=\"widget\" data-widget_type=\"heading.default\">\n\t\t\t\t<div class=\"elementor-widget-container\">\n\t\t\t\t\t<h2 class=\"elementor-heading-title elementor-size-default\">Faits et chiffres importants sur le Domaine des Portes du Soleil\n<\/h2>\t\t\t\t<\/div>\n\t\t\t\t<\/div>\n\t\t\t\t<div class=\"elementor-element elementor-element-c41ca4a elementor-widget elementor-widget-text-editor\" data-id=\"c41ca4a\" data-element_type=\"widget\" data-e-type=\"widget\" data-widget_type=\"text-editor.default\">\n\t\t\t\t<div class=\"elementor-widget-container\">\n\t\t\t\t\t\t\t\t\t<p><span style=\"font-weight: 400;\">Pour comprendre l\u2019immensit\u00e9 de ce domaine skiable, il est utile d\u2019examiner les chiffres :<\/span><\/p>\t\t\t\t\t\t\t\t<\/div>\n\t\t\t\t<\/div>\n\t\t\t\t<div class=\"elementor-element elementor-element-6a411ee2 elementor-widget elementor-widget-text-editor\" data-id=\"6a411ee2\" data-element_type=\"widget\" data-e-type=\"widget\" data-widget_type=\"text-editor.default\">\n\t\t\t\t<div class=\"elementor-widget-container\">\n\t\t\t\t\t\t\t\t\t<table style=\"height: 386px;\" width=\"457\"><tbody><tr><td><p><b>Caract\u00e9ristique<\/b><\/p><\/td><td><p><b>Donn\u00e9es<\/b><\/p><\/td><\/tr><tr><td><p><span>Total des pistes de ski<\/span><\/p><\/td><td><p><span> Environ 650 km<\/span><\/p><\/td><\/tr><tr><td><p><span>Stations connect\u00e9es<\/span><\/p><\/td><td><p><span>12<\/span><\/p><\/td><\/tr><tr><td><p><span>Remont\u00e9es m\u00e9caniques<\/span><\/p><\/td><td><p><span>200+<\/span><\/p><\/td><\/tr><tr><td><p><span>Altitude maximale<\/span><\/p><\/td><td><p><span>Environ 2 466 m<\/span><\/p><\/td><\/tr><tr><td><p><span>Altitude minimale<\/span><\/p><\/td><td><p><span> Environ 930 m<\/span><\/p><\/td><\/tr><tr><td><p><span>Surface skiable<\/span><\/p><\/td><td><p><span>Plus de 1 000 km\u00b2<\/span><\/p><\/td><\/tr><tr><td><p><span>Chutes de neige moyennes<\/span><\/p><\/td><td><p><span> Environ 7 \u00e0 8,7 m\u00e8tres\/an<\/span><\/p><\/td><\/tr><tr><td><p><span>Saison de ski<\/span><\/p><\/td><td><p><span>De mi-novembre \u00e0 avril<\/span><\/p><\/td><\/tr><\/tbody><\/table>\t\t\t\t\t\t\t\t<\/div>\n\t\t\t\t<\/div>\n\t\t\t\t<div class=\"elementor-element elementor-element-6305dd2 elementor-widget elementor-widget-text-editor\" data-id=\"6305dd2\" data-element_type=\"widget\" data-e-type=\"widget\" data-widget_type=\"text-editor.default\">\n\t\t\t\t<div class=\"elementor-widget-container\">\n\t\t\t\t\t\t\t\t\t<p><span style=\"font-weight: 400;\">Ces chiffres soulignent pourquoi le <\/span><b>Domaine des Portes du Soleil<\/b><span style=\"font-weight: 400;\"> est souvent class\u00e9 parmi les plus grands domaines skiables d\u2019Europe. <\/span> <\/p>\t\t\t\t\t\t\t\t<\/div>\n\t\t\t\t<\/div>\n\t\t\t\t\t<\/div>\n\t\t<\/div>\n\t\t\t\t\t<\/div>\n\t\t<\/section>\n\t\t<div class=\"elementor-element elementor-element-8d94385 e-flex e-con-boxed e-con e-parent\" data-id=\"8d94385\" data-element_type=\"container\" data-e-type=\"container\">\n\t\t\t\t\t<div class=\"e-con-inner\">\n\t\t\t\t<div class=\"elementor-element elementor-element-2e1998e elementor-widget elementor-widget-image\" data-id=\"2e1998e\" data-element_type=\"widget\" data-e-type=\"widget\" data-widget_type=\"image.default\">\n\t\t\t\t<div class=\"elementor-widget-container\">\n\t\t\t\t\t\t\t\t\t\t\t\t<figure class=\"wp-caption\">\n\t\t\t\t\t\t\t\t\t\t\t<a href=\"https:\/\/www.alpvisionresidences.com\/blog\/wp-content\/uploads\/2026\/04\/Domaine-des-Portes-du-Soleil-map.jpg\" data-elementor-open-lightbox=\"yes\" data-elementor-lightbox-title=\"Domaine-des-Portes-du-Soleil-carte\" data-e-action-hash=\"#elementor-action%3Aaction%3Dlightbox%26settings%3DeyJpZCI6MTk0NDUsInVybCI6Imh0dHBzOlwvXC93d3cuYWxwdmlzaW9ucmVzaWRlbmNlcy5jb21cL2Jsb2dcL3dwLWNvbnRlbnRcL3VwbG9hZHNcLzIwMjZcLzA0XC9Eb21haW5lLWRlcy1Qb3J0ZXMtZHUtU29sZWlsLW1hcC5qcGcifQ%3D%3D\">\n\t\t\t\t\t\t\t<img fetchpriority=\"high\" decoding=\"async\" width=\"1800\" height=\"1000\" src=\"https:\/\/www.alpvisionresidences.com\/blog\/wp-content\/uploads\/2026\/04\/Domaine-des-Portes-du-Soleil-map.jpg\" class=\"attachment-full size-full wp-image-19445\" alt=\"\" srcset=\"https:\/\/www.alpvisionresidences.com\/blog\/wp-content\/uploads\/2026\/04\/Domaine-des-Portes-du-Soleil-map.jpg 1800w, https:\/\/www.alpvisionresidences.com\/blog\/wp-content\/uploads\/2026\/04\/Domaine-des-Portes-du-Soleil-map-768x427.jpg 768w, https:\/\/www.alpvisionresidences.com\/blog\/wp-content\/uploads\/2026\/04\/Domaine-des-Portes-du-Soleil-map-1536x853.jpg 1536w\" sizes=\"(max-width: 1800px) 100vw, 1800px\" \/>\t\t\t\t\t\t\t\t<\/a>\n\t\t\t\t\t\t\t\t\t\t\t<figcaption class=\"widget-image-caption wp-caption-text\">Source : https:\/\/www.skipass-pds-ch.ch\/<\/figcaption>\n\t\t\t\t\t\t\t\t\t\t<\/figure>\n\t\t\t\t\t\t\t\t\t<\/div>\n\t\t\t\t<\/div>\n\t\t\t\t\t<\/div>\n\t\t\t\t<\/div>\n\t\t\t\t<section class=\"elementor-section elementor-top-section elementor-element elementor-element-3d52283 elementor-section-boxed elementor-section-height-default elementor-section-height-default\" data-id=\"3d52283\" data-element_type=\"section\" data-e-type=\"section\">\n\t\t\t\t\t\t<div class=\"elementor-container elementor-column-gap-default\">\n\t\t\t\t\t<div class=\"elementor-column elementor-col-100 elementor-top-column elementor-element elementor-element-f06274d\" data-id=\"f06274d\" data-element_type=\"column\" data-e-type=\"column\">\n\t\t\t<div class=\"elementor-widget-wrap elementor-element-populated\">\n\t\t\t\t\t\t<div class=\"elementor-element elementor-element-73565c8 elementor-widget elementor-widget-heading\" data-id=\"73565c8\" data-element_type=\"widget\" data-e-type=\"widget\" data-widget_type=\"heading.default\">\n\t\t\t\t<div class=\"elementor-widget-container\">\n\t\t\t\t\t<h2 class=\"elementor-heading-title elementor-size-default\">Quelles stations font partie du Domaine des Portes du Soleil ?\n<\/h2>\t\t\t\t<\/div>\n\t\t\t\t<\/div>\n\t\t\t\t<div class=\"elementor-element elementor-element-52090a2 elementor-widget elementor-widget-text-editor\" data-id=\"52090a2\" data-element_type=\"widget\" data-e-type=\"widget\" data-widget_type=\"text-editor.default\">\n\t\t\t\t<div class=\"elementor-widget-container\">\n\t\t\t\t\t\t\t\t\t<p><span style=\"font-weight: 400;\">L\u2019un des aspects les plus attrayants du <\/span><b>Domaine des Portes du Soleil<\/b><span style=\"font-weight: 400;\"> est la vari\u00e9t\u00e9 des stations qu\u2019il relie. Chacune a une atmosph\u00e8re l\u00e9g\u00e8rement diff\u00e9rente, vous permettant d\u2019adapter votre exp\u00e9rience \u00e0 vos go\u00fbts. <\/span><\/p><h3><span style=\"font-weight: 400;\">Principales stations \u00e0 conna\u00eetre<\/span><\/h3><h4><span style=\"font-weight: 400;\">C\u00f4t\u00e9 fran\u00e7ais :<\/span><\/h4><ul><li style=\"font-weight: 400;\" aria-level=\"1\"><span style=\"font-weight: 400;\"><a href=\"https:\/\/www.alpvisionresidences.com\/blog\/fr\/chatel-alpes-francaises\/\">Ch\u00e2tel<\/a> (charme alpin authentique)<\/span><\/li><li style=\"font-weight: 400;\" aria-level=\"1\"><a href=\"https:\/\/www.alpvisionresidences.com\/blog\/fr\/abondance\/\"><span style=\"font-weight: 400;\">Abondance<\/span><\/a><\/li><li style=\"font-weight: 400;\" aria-level=\"1\"><a href=\"https:\/\/www.alpvisionresidences.com\/blog\/fr\/chamrousse-alpes-francaises\/\"><span style=\"font-weight: 400;\">Chamrousse<\/span><\/a><\/li><li style=\"font-weight: 400;\" aria-level=\"1\"><span style=\"font-weight: 400;\">Les Gets (id\u00e9al pour les familles)<\/span><\/li><\/ul><h4><span style=\"font-weight: 400;\">C\u00f4t\u00e9 suisse :<\/span><\/h4><ul><li style=\"font-weight: 400;\" aria-level=\"1\"><span style=\"font-weight: 400;\">Champ\u00e9ry (village suisse classique)<\/span><\/li><li style=\"font-weight: 400;\" aria-level=\"1\"><a href=\"https:\/\/www.alpvisionresidences.com\/blog\/fr\/nendaz-alpes-suisses\/\"><span style=\"font-weight: 400;\">Nendaz<\/span><\/a><\/li><li style=\"font-weight: 400;\" aria-level=\"1\"><a href=\"https:\/\/www.alpvisionresidences.com\/blog\/fr\/veysonnaz-alpes-suisses\/\"><span style=\"font-weight: 400;\">Veysonnaz<\/span><\/a><\/li><li style=\"font-weight: 400;\" aria-level=\"1\"><a href=\"https:\/\/www.alpvisionresidences.com\/zinal\/\"><span style=\"font-weight: 400;\">Zinal<\/span><\/a><\/li><\/ul>\t\t\t\t\t\t\t\t<\/div>\n\t\t\t\t<\/div>\n\t\t\t\t<div class=\"elementor-element elementor-element-78cbde2 elementor-widget elementor-widget-image\" data-id=\"78cbde2\" data-element_type=\"widget\" data-e-type=\"widget\" data-widget_type=\"image.default\">\n\t\t\t\t<div class=\"elementor-widget-container\">\n\t\t\t\t\t\t\t\t\t\t\t\t<figure class=\"wp-caption\">\n\t\t\t\t\t\t\t\t\t\t\t<a href=\"https:\/\/www.alpvisionresidences.com\/blog\/fr\/ou-skier-france\/\">\n\t\t\t\t\t\t\t<img decoding=\"async\" src=\"https:\/\/www.alpvisionresidences.com\/blog\/wp-content\/uploads\/elementor\/thumbs\/ski-resort-chatel-french-alps-rlbctbjd9n5yjgmlnq1gym6ynut8f84ajqh8o3zzw0.webp\" title=\"station-de-ski-chatel-alpes-francaises\" alt=\"station de ski alpes fran\u00e7aises chatel\" loading=\"lazy\" \/>\t\t\t\t\t\t\t\t<\/a>\n\t\t\t\t\t\t\t\t\t\t\t<figcaption class=\"widget-image-caption wp-caption-text\">O\u00f9 skier en France<\/figcaption>\n\t\t\t\t\t\t\t\t\t\t<\/figure>\n\t\t\t\t\t\t\t\t\t<\/div>\n\t\t\t\t<\/div>\n\t\t\t\t\t<\/div>\n\t\t<\/div>\n\t\t\t\t\t<\/div>\n\t\t<\/section>\n\t\t\t\t<section class=\"elementor-section elementor-top-section elementor-element elementor-element-a181d18 elementor-section-boxed elementor-section-height-default elementor-section-height-default\" data-id=\"a181d18\" data-element_type=\"section\" data-e-type=\"section\">\n\t\t\t\t\t\t<div class=\"elementor-container elementor-column-gap-default\">\n\t\t\t\t\t<div class=\"elementor-column elementor-col-100 elementor-top-column elementor-element elementor-element-d31b18c\" data-id=\"d31b18c\" data-element_type=\"column\" data-e-type=\"column\">\n\t\t\t<div class=\"elementor-widget-wrap elementor-element-populated\">\n\t\t\t\t\t\t<div class=\"elementor-element elementor-element-66ed465 elementor-widget elementor-widget-heading\" data-id=\"66ed465\" data-element_type=\"widget\" data-e-type=\"widget\" data-widget_type=\"heading.default\">\n\t\t\t\t<div class=\"elementor-widget-container\">\n\t\t\t\t\t<h2 class=\"elementor-heading-title elementor-size-default\">Exp\u00e9rience de ski : \u00e0 quoi s\u2019attendre\n<\/h2>\t\t\t\t<\/div>\n\t\t\t\t<\/div>\n\t\t\t\t<div class=\"elementor-element elementor-element-d9797c6 elementor-widget elementor-widget-text-editor\" data-id=\"d9797c6\" data-element_type=\"widget\" data-e-type=\"widget\" data-widget_type=\"text-editor.default\">\n\t\t\t\t<div class=\"elementor-widget-container\">\n\t\t\t\t\t\t\t\t\t<p><span style=\"font-weight: 400;\">Le <\/span><b>Domaine des Portes du Soleil<\/b><span style=\"font-weight: 400;\"> offre une vari\u00e9t\u00e9 de terrains. Cela rend l\u2019ensemble du domaine attrayant pour les groupes de niveaux mixtes. <\/span><\/p><h3><span style=\"font-weight: 400;\">R\u00e9partition des pistes<\/span><\/h3><ul><li style=\"font-weight: 400;\" aria-level=\"1\"><span style=\"font-weight: 400;\">D\u00e9butant : ~12 %<\/span><\/li><li style=\"font-weight: 400;\" aria-level=\"1\"><span style=\"font-weight: 400;\">Interm\u00e9diaire (bleu\/rouge) : ~78 %<\/span><\/li><li style=\"font-weight: 400;\" aria-level=\"1\"><span style=\"font-weight: 400;\">Avanc\u00e9 (noir) : ~10 %<\/span><\/li><\/ul><p><span style=\"font-weight: 400;\">Cela signifie que, globalement, le domaine est mieux adapt\u00e9 aux skieurs interm\u00e9diaires. Cependant, les d\u00e9butants trouveront \u00e9galement de nombreuses pistes douces. <\/span><\/p><h3><span style=\"font-weight: 400;\">Points forts sur les pistes<\/span><\/h3><p><span style=\"font-weight: 400;\">En plus de sa vari\u00e9t\u00e9, le domaine comprend plusieurs exp\u00e9riences remarquables :<\/span><\/p><ul><li style=\"font-weight: 400;\" aria-level=\"1\"><span style=\"font-weight: 400;\">Le c\u00e9l\u00e8bre Mur Suisse est l\u2019une des pistes \u00e0 bosses les plus raides d\u2019Europe<\/span><\/li><li style=\"font-weight: 400;\" aria-level=\"1\"><span style=\"font-weight: 400;\">De longues pistes panoramiques allant jusqu\u2019\u00e0 7,5 km<\/span><\/li><li style=\"font-weight: 400;\" aria-level=\"1\"><span style=\"font-weight: 400;\">Le ski en for\u00eat \u00e9tendu est id\u00e9al en cas de mauvaise visibilit\u00e9<\/span><\/li><li style=\"font-weight: 400;\" aria-level=\"1\"><span style=\"font-weight: 400;\">Plusieurs snowparks et zones de freeride<\/span><\/li><\/ul><p><span style=\"font-weight: 400;\">Comme l\u2019ensemble du domaine est interconnect\u00e9, vous pouvez passer une journ\u00e9e enti\u00e8re \u00e0 explorer de nouvelles zones sans r\u00e9p\u00e9ter les m\u00eames pistes.<\/span><\/p>\t\t\t\t\t\t\t\t<\/div>\n\t\t\t\t<\/div>\n\t\t\t\t\t<\/div>\n\t\t<\/div>\n\t\t\t\t\t<\/div>\n\t\t<\/section>\n\t\t<div class=\"elementor-element elementor-element-0dba04f e-flex e-con-boxed e-con e-parent\" data-id=\"0dba04f\" data-element_type=\"container\" data-e-type=\"container\">\n\t\t\t\t\t<div class=\"e-con-inner\">\n\t\t\t\t<div class=\"elementor-element elementor-element-47aa635 elementor-widget elementor-widget-image\" data-id=\"47aa635\" data-element_type=\"widget\" data-e-type=\"widget\" data-widget_type=\"image.default\">\n\t\t\t\t<div class=\"elementor-widget-container\">\n\t\t\t\t\t\t\t\t\t\t\t\t\t\t\t<img decoding=\"async\" width=\"1254\" height=\"626\" src=\"https:\/\/www.alpvisionresidences.com\/blog\/wp-content\/uploads\/2026\/02\/Ski-resort-in-March.jpg\" class=\"attachment-full size-full wp-image-17457\" alt=\"o\u00f9 est le meilleur endroit pour skier en mars en Europe\" srcset=\"https:\/\/www.alpvisionresidences.com\/blog\/wp-content\/uploads\/2026\/02\/Ski-resort-in-March.jpg 1254w, https:\/\/www.alpvisionresidences.com\/blog\/wp-content\/uploads\/2026\/02\/Ski-resort-in-March-768x383.jpg 768w\" sizes=\"(max-width: 1254px) 100vw, 1254px\" \/>\t\t\t\t\t\t\t\t\t\t\t\t\t\t\t<\/div>\n\t\t\t\t<\/div>\n\t\t\t\t\t<\/div>\n\t\t\t\t<\/div>\n\t\t\t\t<section class=\"elementor-section elementor-top-section elementor-element elementor-element-5efc402 elementor-section-boxed elementor-section-height-default elementor-section-height-default\" data-id=\"5efc402\" data-element_type=\"section\" data-e-type=\"section\">\n\t\t\t\t\t\t<div class=\"elementor-container elementor-column-gap-default\">\n\t\t\t\t\t<div class=\"elementor-column elementor-col-100 elementor-top-column elementor-element elementor-element-3ab1283\" data-id=\"3ab1283\" data-element_type=\"column\" data-e-type=\"column\">\n\t\t\t<div class=\"elementor-widget-wrap elementor-element-populated\">\n\t\t\t\t\t\t<div class=\"elementor-element elementor-element-8f64bda elementor-widget elementor-widget-heading\" data-id=\"8f64bda\" data-element_type=\"widget\" data-e-type=\"widget\" data-widget_type=\"heading.default\">\n\t\t\t\t<div class=\"elementor-widget-container\">\n\t\t\t\t\t<h2 class=\"elementor-heading-title elementor-size-default\">Pourquoi choisir le Domaine des Portes du Soleil pour vos vacances au ski ?\n<\/h2>\t\t\t\t<\/div>\n\t\t\t\t<\/div>\n\t\t\t\t<div class=\"elementor-element elementor-element-f5aa86b elementor-widget elementor-widget-text-editor\" data-id=\"f5aa86b\" data-element_type=\"widget\" data-e-type=\"widget\" data-widget_type=\"text-editor.default\">\n\t\t\t\t<div class=\"elementor-widget-container\">\n\t\t\t\t\t\t\t\t\t<p><span style=\"font-weight: 400;\">Il y a de nombreuses raisons pour lesquelles le <\/span><b>Domaine des Portes du Soleil<\/b><span style=\"font-weight: 400;\"> attire les skieurs ann\u00e9e apr\u00e8s ann\u00e9e.<\/span><\/p>\t\t\t\t\t\t\t\t<\/div>\n\t\t\t\t<\/div>\n\t\t\t\t\t<\/div>\n\t\t<\/div>\n\t\t\t\t\t<\/div>\n\t\t<\/section>\n\t\t\t\t<section class=\"elementor-section elementor-top-section elementor-element elementor-element-95fd893 elementor-section-boxed elementor-section-height-default elementor-section-height-default\" data-id=\"95fd893\" data-element_type=\"section\" data-e-type=\"section\">\n\t\t\t\t\t\t<div class=\"elementor-container elementor-column-gap-default\">\n\t\t\t\t\t<div class=\"elementor-column elementor-col-50 elementor-top-column elementor-element elementor-element-30a034fc\" data-id=\"30a034fc\" data-element_type=\"column\" data-e-type=\"column\">\n\t\t\t<div class=\"elementor-widget-wrap elementor-element-populated\">\n\t\t\t\t\t\t<div class=\"elementor-element elementor-element-385c6f0f elementor-widget elementor-widget-heading\" data-id=\"385c6f0f\" data-element_type=\"widget\" data-e-type=\"widget\" data-widget_type=\"heading.default\">\n\t\t\t\t<div class=\"elementor-widget-container\">\n\t\t\t\t\t<h3 class=\"elementor-heading-title elementor-size-default\">1. Taille et vari\u00e9t\u00e9 exceptionnelles\n<\/h3>\t\t\t\t<\/div>\n\t\t\t\t<\/div>\n\t\t\t\t<div class=\"elementor-element elementor-element-26f37cd2 elementor-widget elementor-widget-text-editor\" data-id=\"26f37cd2\" data-element_type=\"widget\" data-e-type=\"widget\" data-widget_type=\"text-editor.default\">\n\t\t\t\t<div class=\"elementor-widget-container\">\n\t\t\t\t\t\t\t\t\t<p><span style=\"font-weight: 400;\">C\u2019est l\u2019un des plus grands domaines skiables au monde, offrant des combinaisons de pistes infinies qui le rendent id\u00e9al pour les s\u00e9jours de plusieurs jours.<\/span><\/p>\t\t\t\t\t\t\t\t<\/div>\n\t\t\t\t<\/div>\n\t\t\t\t\t<\/div>\n\t\t<\/div>\n\t\t\t\t<div class=\"elementor-column elementor-col-50 elementor-top-column elementor-element elementor-element-222b1b0\" data-id=\"222b1b0\" data-element_type=\"column\" data-e-type=\"column\">\n\t\t\t<div class=\"elementor-widget-wrap elementor-element-populated\">\n\t\t\t\t\t\t<div class=\"elementor-element elementor-element-cebfbb8 elementor-widget elementor-widget-heading\" data-id=\"cebfbb8\" data-element_type=\"widget\" data-e-type=\"widget\" data-widget_type=\"heading.default\">\n\t\t\t\t<div class=\"elementor-widget-container\">\n\t\t\t\t\t<h3 class=\"elementor-heading-title elementor-size-default\">2. Exp\u00e9rience de ski transfrontali\u00e8re<\/h3>\t\t\t\t<\/div>\n\t\t\t\t<\/div>\n\t\t\t\t<div class=\"elementor-element elementor-element-59a8c95 elementor-widget elementor-widget-text-editor\" data-id=\"59a8c95\" data-element_type=\"widget\" data-e-type=\"widget\" data-widget_type=\"text-editor.default\">\n\t\t\t\t<div class=\"elementor-widget-container\">\n\t\t\t\t\t\t\t\t\t<p><span style=\"font-weight: 400;\">Vous pouvez <\/span><a href=\"https:\/\/www.alpvisionresidences.com\/blog\/fr\/vacances-hiver-haute-savoie\/\"><span style=\"font-weight: 400;\">skier entre la France<\/span><\/a><span style=\"font-weight: 400;\"> et <\/span><b>la Suisse<\/b><span style=\"font-weight: 400;\"> en une seule journ\u00e9e, profitant d\u2019un m\u00e9lange unique d\u2019exp\u00e9riences culturelles et de vari\u00e9t\u00e9 culinaire en chemin.<\/span><\/p>\t\t\t\t\t\t\t\t<\/div>\n\t\t\t\t<\/div>\n\t\t\t\t\t<\/div>\n\t\t<\/div>\n\t\t\t\t\t<\/div>\n\t\t<\/section>\n\t\t\t\t<section class=\"elementor-section elementor-top-section elementor-element elementor-element-53d8fe1 elementor-section-boxed elementor-section-height-default elementor-section-height-default\" data-id=\"53d8fe1\" data-element_type=\"section\" data-e-type=\"section\">\n\t\t\t\t\t\t<div class=\"elementor-container elementor-column-gap-default\">\n\t\t\t\t\t<div class=\"elementor-column elementor-col-33 elementor-top-column elementor-element elementor-element-951b0e8\" data-id=\"951b0e8\" data-element_type=\"column\" data-e-type=\"column\">\n\t\t\t<div class=\"elementor-widget-wrap elementor-element-populated\">\n\t\t\t\t\t\t<div class=\"elementor-element elementor-element-ce76f0d elementor-widget elementor-widget-heading\" data-id=\"ce76f0d\" data-element_type=\"widget\" data-e-type=\"widget\" data-widget_type=\"heading.default\">\n\t\t\t\t<div class=\"elementor-widget-container\">\n\t\t\t\t\t<h3 class=\"elementor-heading-title elementor-size-default\">3. Adapt\u00e9 \u00e0 tous les niveaux<\/h3>\t\t\t\t<\/div>\n\t\t\t\t<\/div>\n\t\t\t\t<div class=\"elementor-element elementor-element-89d776a elementor-widget elementor-widget-text-editor\" data-id=\"89d776a\" data-element_type=\"widget\" data-e-type=\"widget\" data-widget_type=\"text-editor.default\">\n\t\t\t\t<div class=\"elementor-widget-container\">\n\t\t\t\t\t\t\t\t\t<p><span style=\"font-weight: 400;\">Le domaine est probablement le mieux adapt\u00e9 aux skieurs interm\u00e9diaires, mais il dispose \u00e9galement de zones d\u00e9di\u00e9es aux d\u00e9butants et aux skieurs avanc\u00e9s.<\/span><\/p>\t\t\t\t\t\t\t\t<\/div>\n\t\t\t\t<\/div>\n\t\t\t\t\t<\/div>\n\t\t<\/div>\n\t\t\t\t<div class=\"elementor-column elementor-col-33 elementor-top-column elementor-element elementor-element-c784ae8\" data-id=\"c784ae8\" data-element_type=\"column\" data-e-type=\"column\">\n\t\t\t<div class=\"elementor-widget-wrap elementor-element-populated\">\n\t\t\t\t\t\t<div class=\"elementor-element elementor-element-69d473f elementor-widget elementor-widget-heading\" data-id=\"69d473f\" data-element_type=\"widget\" data-e-type=\"widget\" data-widget_type=\"heading.default\">\n\t\t\t\t<div class=\"elementor-widget-container\">\n\t\t\t\t\t<h3 class=\"elementor-heading-title elementor-size-default\">4. Ambiance alpine authentique<\/h3>\t\t\t\t<\/div>\n\t\t\t\t<\/div>\n\t\t\t\t<div class=\"elementor-element elementor-element-60eb6f5 elementor-widget elementor-widget-text-editor\" data-id=\"60eb6f5\" data-element_type=\"widget\" data-e-type=\"widget\" data-widget_type=\"text-editor.default\">\n\t\t\t\t<div class=\"elementor-widget-container\">\n\t\t\t\t\t\t\t\t\t<p><span style=\"font-weight: 400;\">Il combine des villages alpins traditionnels avec des stations modernes et bien \u00e9quip\u00e9es, offrant le meilleur des deux mondes.<\/span><\/p>\t\t\t\t\t\t\t\t<\/div>\n\t\t\t\t<\/div>\n\t\t\t\t\t<\/div>\n\t\t<\/div>\n\t\t\t\t<div class=\"elementor-column elementor-col-33 elementor-top-column elementor-element elementor-element-ca379ad\" data-id=\"ca379ad\" data-element_type=\"column\" data-e-type=\"column\">\n\t\t\t<div class=\"elementor-widget-wrap elementor-element-populated\">\n\t\t\t\t\t\t<div class=\"elementor-element elementor-element-0cb849e elementor-widget elementor-widget-heading\" data-id=\"0cb849e\" data-element_type=\"widget\" data-e-type=\"widget\" data-widget_type=\"heading.default\">\n\t\t\t\t<div class=\"elementor-widget-container\">\n\t\t\t\t\t<h3 class=\"elementor-heading-title elementor-size-default\">5. Bonne fiabilit\u00e9 de l\u2019enneigement<\/h3>\t\t\t\t<\/div>\n\t\t\t\t<\/div>\n\t\t\t\t<div class=\"elementor-element elementor-element-5aed8a1 elementor-widget elementor-widget-text-editor\" data-id=\"5aed8a1\" data-element_type=\"widget\" data-e-type=\"widget\" data-widget_type=\"text-editor.default\">\n\t\t\t\t<div class=\"elementor-widget-container\">\n\t\t\t\t\t\t\t\t\t<p><span style=\"font-weight: 400;\">Il b\u00e9n\u00e9ficie d\u2019une moyenne de pr\u00e8s de <\/span><b>8 m\u00e8tres<\/b><span style=\"font-weight: 400;\"> de chutes de neige par an, soutenue par une infrastructure d\u2019enneigement \u00e9tendue sur de nombreuses pistes.<\/span><\/p>\t\t\t\t\t\t\t\t<\/div>\n\t\t\t\t<\/div>\n\t\t\t\t\t<\/div>\n\t\t<\/div>\n\t\t\t\t\t<\/div>\n\t\t<\/section>\n\t\t<div class=\"elementor-element elementor-element-dbb5f2d e-flex e-con-boxed e-con e-parent\" data-id=\"dbb5f2d\" data-element_type=\"container\" data-e-type=\"container\">\n\t\t\t\t\t<div class=\"e-con-inner\">\n\t\t\t\t<div class=\"elementor-element elementor-element-a83eeec elementor-widget elementor-widget-image\" data-id=\"a83eeec\" data-element_type=\"widget\" data-e-type=\"widget\" data-widget_type=\"image.default\">\n\t\t\t\t<div class=\"elementor-widget-container\">\n\t\t\t\t\t\t\t\t\t\t\t\t\t\t\t<img decoding=\"async\" width=\"1254\" height=\"627\" src=\"https:\/\/www.alpvisionresidences.com\/blog\/wp-content\/uploads\/2026\/04\/ver-Domaine-des-Portes-du-Soleil.jpg\" class=\"attachment-full size-full wp-image-19449\" alt=\"Domaine-des-Portes-du-Soleil.jpg\" srcset=\"https:\/\/www.alpvisionresidences.com\/blog\/wp-content\/uploads\/2026\/04\/ver-Domaine-des-Portes-du-Soleil.jpg 1254w, https:\/\/www.alpvisionresidences.com\/blog\/wp-content\/uploads\/2026\/04\/ver-Domaine-des-Portes-du-Soleil-768x384.jpg 768w\" sizes=\"(max-width: 1254px) 100vw, 1254px\" \/>\t\t\t\t\t\t\t\t\t\t\t\t\t\t\t<\/div>\n\t\t\t\t<\/div>\n\t\t\t\t\t<\/div>\n\t\t\t\t<\/div>\n\t\t\t\t<section class=\"elementor-section elementor-top-section elementor-element elementor-element-d31a2e3 elementor-section-boxed elementor-section-height-default elementor-section-height-default\" data-id=\"d31a2e3\" data-element_type=\"section\" data-e-type=\"section\">\n\t\t\t\t\t\t<div class=\"elementor-container elementor-column-gap-default\">\n\t\t\t\t\t<div class=\"elementor-column elementor-col-100 elementor-top-column elementor-element elementor-element-13cbd21\" data-id=\"13cbd21\" data-element_type=\"column\" data-e-type=\"column\">\n\t\t\t<div class=\"elementor-widget-wrap elementor-element-populated\">\n\t\t\t\t\t\t<div class=\"elementor-element elementor-element-9ec743b elementor-widget elementor-widget-heading\" data-id=\"9ec743b\" data-element_type=\"widget\" data-e-type=\"widget\" data-widget_type=\"heading.default\">\n\t\t\t\t<div class=\"elementor-widget-container\">\n\t\t\t\t\t<h2 class=\"elementor-heading-title elementor-size-default\">Avantages et inconv\u00e9nients du Domaine des Portes du Soleil<\/h2>\t\t\t\t<\/div>\n\t\t\t\t<\/div>\n\t\t\t\t<div class=\"elementor-element elementor-element-574c3e6 elementor-widget elementor-widget-text-editor\" data-id=\"574c3e6\" data-element_type=\"widget\" data-e-type=\"widget\" data-widget_type=\"text-editor.default\">\n\t\t\t\t<div class=\"elementor-widget-container\">\n\t\t\t\t\t\t\t\t\t<p><span style=\"font-weight: 400;\">Comme tout grand domaine skiable, le <\/span><b>Domaine des Portes du Soleil<\/b><span style=\"font-weight: 400;\"> pr\u00e9sente \u00e0 la fois des avantages et des limites.<\/span><\/p><h3><span style=\"font-weight: 400;\">Avantages<\/span><\/h3><ul><li style=\"font-weight: 400;\" aria-level=\"1\"><span style=\"font-weight: 400;\">R\u00e9seau de ski interconnect\u00e9<\/span><\/li><li style=\"font-weight: 400;\" aria-level=\"1\"><span style=\"font-weight: 400;\">Id\u00e9al pour les longs s\u00e9jours et l\u2019exploration<\/span><\/li><li style=\"font-weight: 400;\" aria-level=\"1\"><span style=\"font-weight: 400;\">Large choix d\u2019h\u00e9bergements<\/span><\/li><li style=\"font-weight: 400;\" aria-level=\"1\"><span style=\"font-weight: 400;\">Infrastructures adapt\u00e9es aux familles<\/span><\/li><li style=\"font-weight: 400;\" aria-level=\"1\"><span style=\"font-weight: 400;\">Excellent pour les skieurs interm\u00e9diaires<\/span><\/li><\/ul><h3><span style=\"font-weight: 400;\">Inconv\u00e9nients<\/span><\/h3><ul><li style=\"font-weight: 400;\" aria-level=\"1\"><span style=\"font-weight: 400;\">Les pistes de basse altitude peuvent manquer de neige en p\u00e9riode chaude<\/span><\/li><li style=\"font-weight: 400;\" aria-level=\"1\"><span style=\"font-weight: 400;\">Le temps de trajet entre les secteurs peut \u00eatre long<\/span><\/li><li style=\"font-weight: 400;\" aria-level=\"1\"><span style=\"font-weight: 400;\">Les syst\u00e8mes de remont\u00e9es m\u00e9caniques varient en modernit\u00e9<\/span><\/li><li style=\"font-weight: 400;\" aria-level=\"1\"><span style=\"font-weight: 400;\">Moins \u00e9lev\u00e9 que certains concurrents alpins<\/span><\/li><\/ul>\t\t\t\t\t\t\t\t<\/div>\n\t\t\t\t<\/div>\n\t\t\t\t\t<\/div>\n\t\t<\/div>\n\t\t\t\t\t<\/div>\n\t\t<\/section>\n\t\t<div class=\"elementor-element elementor-element-b88eec6 e-flex e-con-boxed e-con e-parent\" data-id=\"b88eec6\" data-element_type=\"container\" data-e-type=\"container\">\n\t\t\t\t\t<div class=\"e-con-inner\">\n\t\t\t\t<div class=\"elementor-element elementor-element-ae3d6e5 elementor-widget elementor-widget-image\" data-id=\"ae3d6e5\" data-element_type=\"widget\" data-e-type=\"widget\" data-widget_type=\"image.default\">\n\t\t\t\t<div class=\"elementor-widget-container\">\n\t\t\t\t\t\t\t\t\t\t\t\t\t\t\t<img loading=\"lazy\" decoding=\"async\" width=\"1254\" height=\"626\" src=\"https:\/\/www.alpvisionresidences.com\/blog\/wp-content\/uploads\/2026\/02\/Ski-March.jpg\" class=\"attachment-full size-full wp-image-17461\" alt=\"Ski en mars en Suisse\" srcset=\"https:\/\/www.alpvisionresidences.com\/blog\/wp-content\/uploads\/2026\/02\/Ski-March.jpg 1254w, https:\/\/www.alpvisionresidences.com\/blog\/wp-content\/uploads\/2026\/02\/Ski-March-768x383.jpg 768w\" sizes=\"(max-width: 1254px) 100vw, 1254px\" \/>\t\t\t\t\t\t\t\t\t\t\t\t\t\t\t<\/div>\n\t\t\t\t<\/div>\n\t\t\t\t\t<\/div>\n\t\t\t\t<\/div>\n\t\t\t\t<section class=\"elementor-section elementor-top-section elementor-element elementor-element-411329f elementor-section-boxed elementor-section-height-default elementor-section-height-default\" data-id=\"411329f\" data-element_type=\"section\" data-e-type=\"section\">\n\t\t\t\t\t\t<div class=\"elementor-container elementor-column-gap-default\">\n\t\t\t\t\t<div class=\"elementor-column elementor-col-100 elementor-top-column elementor-element elementor-element-5db23d7\" data-id=\"5db23d7\" data-element_type=\"column\" data-e-type=\"column\">\n\t\t\t<div class=\"elementor-widget-wrap elementor-element-populated\">\n\t\t\t\t\t\t<div class=\"elementor-element elementor-element-ed7bcb5 elementor-widget elementor-widget-heading\" data-id=\"ed7bcb5\" data-element_type=\"widget\" data-e-type=\"widget\" data-widget_type=\"heading.default\">\n\t\t\t\t<div class=\"elementor-widget-container\">\n\t\t\t\t\t<h2 class=\"elementor-heading-title elementor-size-default\">Les meilleures activit\u00e9s au-del\u00e0 du ski<\/h2>\t\t\t\t<\/div>\n\t\t\t\t<\/div>\n\t\t\t\t<div class=\"elementor-element elementor-element-d4c0b47 elementor-widget elementor-widget-text-editor\" data-id=\"d4c0b47\" data-element_type=\"widget\" data-e-type=\"widget\" data-widget_type=\"text-editor.default\">\n\t\t\t\t<div class=\"elementor-widget-container\">\n\t\t\t\t\t\t\t\t\t<p><span style=\"font-weight: 400;\">Bien que le ski soit le principal attrait, le <\/span><b>Domaine des Portes du Soleil <\/b><span style=\"font-weight: 400;\">offre \u00e9galement un large \u00e9ventail d\u2019exp\u00e9riences hors-pistes qui ajoutent de la richesse \u00e0 tout s\u00e9jour alpin. <\/span> <\/p><h3><span style=\"font-weight: 400;\">Activit\u00e9s hivernales<\/span><\/h3><p><span style=\"font-weight: 400;\">Au-del\u00e0 des pistes, il existe de nombreuses fa\u00e7ons de profiter des montagnes \u00e0 un rythme plus lent ou sous une perspective diff\u00e9rente. Par exemple : <\/span><\/p><ul><li style=\"font-weight: 400;\" aria-level=\"1\"><span style=\"font-weight: 400;\">La raquette \u00e0 travers les for\u00eats alpines pittoresques est id\u00e9ale pour d\u00e9couvrir des paysages plus calmes<\/span><\/li><li style=\"font-weight: 400;\" aria-level=\"1\"><span style=\"font-weight: 400;\">Les exp\u00e9riences de chiens de tra\u00eeneau offrent une aventure unique et m\u00e9morable<\/span><\/li><li style=\"font-weight: 400;\" aria-level=\"1\"><span style=\"font-weight: 400;\">Le patinage sur glace dans des villages traditionnels<\/span><\/li><li style=\"font-weight: 400;\" aria-level=\"1\"><span style=\"font-weight: 400;\">Le parapente pour des vues panoramiques sur les Alpes<\/span><\/li><\/ul><p><span style=\"font-weight: 400;\">Si vous souhaitez diversifier votre voyage, vous pouvez \u00e9galement consulter nos guides sur les <\/span><a href=\"https:\/\/www.alpvisionresidences.com\/blog\/fr\/category\/activites-en-france-fr\/\"><span style=\"font-weight: 400;\">activit\u00e9s hivernales dans les Alpes<\/span><\/a><span style=\"font-weight: 400;\"> et les activit\u00e9s alternatives \u00e0 faire dans les stations de ski.<\/span><\/p><h3><span style=\"font-weight: 400;\">Points forts de l\u2019apr\u00e8s-ski<\/span><\/h3><p><span style=\"font-weight: 400;\">Apr\u00e8s une journ\u00e9e sur les pistes, la r\u00e9gion offre une vari\u00e9t\u00e9 d\u2019options d\u2019apr\u00e8s-ski selon l\u2019ambiance que vous pr\u00e9f\u00e9rez.<\/span><\/p>\t\t\t\t\t\t\t\t<\/div>\n\t\t\t\t<\/div>\n\t\t\t\t\t<\/div>\n\t\t<\/div>\n\t\t\t\t\t<\/div>\n\t\t<\/section>\n\t\t\t\t<section class=\"elementor-section elementor-top-section elementor-element elementor-element-0d2cb41 elementor-section-boxed elementor-section-height-default elementor-section-height-default\" data-id=\"0d2cb41\" data-element_type=\"section\" data-e-type=\"section\">\n\t\t\t\t\t\t<div class=\"elementor-container elementor-column-gap-default\">\n\t\t\t\t\t<div class=\"elementor-column elementor-col-100 elementor-top-column elementor-element elementor-element-0d09f1c\" data-id=\"0d09f1c\" data-element_type=\"column\" data-e-type=\"column\">\n\t\t\t<div class=\"elementor-widget-wrap elementor-element-populated\">\n\t\t\t\t\t\t<div class=\"elementor-element elementor-element-2abe125 elementor-widget elementor-widget-heading\" data-id=\"2abe125\" data-element_type=\"widget\" data-e-type=\"widget\" data-widget_type=\"heading.default\">\n\t\t\t\t<div class=\"elementor-widget-container\">\n\t\t\t\t\t<h2 class=\"elementor-heading-title elementor-size-default\">Aper\u00e7u du forfait de ski et des tarifs\n<\/h2>\t\t\t\t<\/div>\n\t\t\t\t<\/div>\n\t\t\t\t<div class=\"elementor-element elementor-element-17c127e elementor-widget elementor-widget-text-editor\" data-id=\"17c127e\" data-element_type=\"widget\" data-e-type=\"widget\" data-widget_type=\"text-editor.default\">\n\t\t\t\t<div class=\"elementor-widget-container\">\n\t\t\t\t\t\t\t\t\t<p><span style=\"font-weight: 400;\">Un seul forfait de ski donne acc\u00e8s \u00e0 l\u2019ensemble du <\/span><b>Domaine des Portes du Soleil<\/b><span style=\"font-weight: 400;\">, ce qui repr\u00e9sente une valeur ajout\u00e9e significative pour les visiteurs.<\/span><\/p><h3><span style=\"font-weight: 400;\">Prix journaliers moyens<\/span><\/h3><p><i><span style=\"font-weight: 400;\">*Veuillez v\u00e9rifier avant chaque saison pour les prix exacts, car ils varient d\u2019une ann\u00e9e \u00e0 l\u2019autre.<\/span><\/i><\/p><table><tbody><tr><td><p><b>Cat\u00e9gorie<\/b><\/p><\/td><td><p><b>Prix<\/b><\/p><\/td><\/tr><tr><td><p><span style=\"font-weight: 400;\">Adulte<\/span><\/p><\/td><td><p><span style=\"font-weight: 400;\">Environ 60\u201365 \u20ac<\/span><\/p><\/td><\/tr><tr><td><p><span style=\"font-weight: 400;\">Jeune<\/span><\/p><\/td><td><p><span style=\"font-weight: 400;\">Environ 55\u201360 \u20ac<\/span><\/p><\/td><\/tr><tr><td><p><span style=\"font-weight: 400;\">Enfant<\/span><\/p><\/td><td><p><span style=\"font-weight: 400;\">Environ 45\u201350 \u20ac<\/span><\/p><\/td><\/tr><\/tbody><\/table>\t\t\t\t\t\t\t\t<\/div>\n\t\t\t\t<\/div>\n\t\t\t\t\t<\/div>\n\t\t<\/div>\n\t\t\t\t\t<\/div>\n\t\t<\/section>\n\t\t\t\t<section class=\"elementor-section elementor-top-section elementor-element elementor-element-04d85c6 elementor-section-boxed elementor-section-height-default elementor-section-height-default\" data-id=\"04d85c6\" data-element_type=\"section\" data-e-type=\"section\">\n\t\t\t\t\t\t<div class=\"elementor-container elementor-column-gap-default\">\n\t\t\t\t\t<div class=\"elementor-column elementor-col-100 elementor-top-column elementor-element elementor-element-8a85d4f\" data-id=\"8a85d4f\" data-element_type=\"column\" data-e-type=\"column\">\n\t\t\t<div class=\"elementor-widget-wrap elementor-element-populated\">\n\t\t\t\t\t\t<div class=\"elementor-element elementor-element-73b2b5d elementor-widget elementor-widget-heading\" data-id=\"73b2b5d\" data-element_type=\"widget\" data-e-type=\"widget\" data-widget_type=\"heading.default\">\n\t\t\t\t<div class=\"elementor-widget-container\">\n\t\t\t\t\t<h2 class=\"elementor-heading-title elementor-size-default\">Comment se rendre au Domaine des Portes du Soleil\n<\/h2>\t\t\t\t<\/div>\n\t\t\t\t<\/div>\n\t\t\t\t<div class=\"elementor-element elementor-element-62a42cf elementor-widget elementor-widget-text-editor\" data-id=\"62a42cf\" data-element_type=\"widget\" data-e-type=\"widget\" data-widget_type=\"text-editor.default\">\n\t\t\t\t<div class=\"elementor-widget-container\">\n\t\t\t\t\t\t\t\t\t<p><span style=\"font-weight: 400;\">L\u2019un des principaux avantages du <\/span><b>Domaine des Portes du Soleil<\/b><span style=\"font-weight: 400;\"> est son accessibilit\u00e9.<\/span><\/p><p><br><span style=\"font-weight: 400;\">L\u2019a\u00e9roport le plus proche du <\/span><b>Domaine des Portes du Soleil<\/b><span style=\"font-weight: 400;\"> est l\u2019a\u00e9roport de Gen\u00e8ve, situ\u00e9 \u00e0 environ 1h30. Vous disposez de plusieurs options de transport, notamment des transferts priv\u00e9s ou des navettes partag\u00e9es, des liaisons ferroviaires suivies de bus locaux, et des locations de voiture pour une flexibilit\u00e9 accrue.   <\/span><\/p>\t\t\t\t\t\t\t\t<\/div>\n\t\t\t\t<\/div>\n\t\t\t\t\t<\/div>\n\t\t<\/div>\n\t\t\t\t\t<\/div>\n\t\t<\/section>\n\t\t<div class=\"elementor-element elementor-element-de8e7f0 e-flex e-con-boxed e-con e-parent\" data-id=\"de8e7f0\" data-element_type=\"container\" data-e-type=\"container\">\n\t\t\t\t\t<div class=\"e-con-inner\">\n\t\t\t\t<div class=\"elementor-element elementor-element-d204695 elementor-widget elementor-widget-google_maps\" data-id=\"d204695\" data-element_type=\"widget\" data-e-type=\"widget\" data-widget_type=\"google_maps.default\">\n\t\t\t\t<div class=\"elementor-widget-container\">\n\t\t\t\t\t\t\t<div class=\"elementor-custom-embed\">\n\t\t\t<iframe loading=\"lazy\"\n\t\t\t\t\tsrc=\"https:\/\/maps.google.com\/maps?q=Domaine%20des%20Portes%20du%20Soleil&#038;t=m&#038;z=8&#038;output=embed&#038;iwloc=near\"\n\t\t\t\t\ttitle=\"Domaine des Portes du Soleil\"\n\t\t\t\t\taria-label=\"Domaine des Portes du Soleil\"\n\t\t\t><\/iframe>\n\t\t<\/div>\n\t\t\t\t\t\t<\/div>\n\t\t\t\t<\/div>\n\t\t\t\t\t<\/div>\n\t\t\t\t<\/div>\n\t\t\t\t<section class=\"elementor-section elementor-top-section elementor-element elementor-element-53b2c50 elementor-section-boxed elementor-section-height-default elementor-section-height-default\" data-id=\"53b2c50\" data-element_type=\"section\" data-e-type=\"section\">\n\t\t\t\t\t\t<div class=\"elementor-container elementor-column-gap-default\">\n\t\t\t\t\t<div class=\"elementor-column elementor-col-100 elementor-top-column elementor-element elementor-element-c77ef6d\" data-id=\"c77ef6d\" data-element_type=\"column\" data-e-type=\"column\">\n\t\t\t<div class=\"elementor-widget-wrap elementor-element-populated\">\n\t\t\t\t\t\t<div class=\"elementor-element elementor-element-9fb65e6 elementor-widget elementor-widget-heading\" data-id=\"9fb65e6\" data-element_type=\"widget\" data-e-type=\"widget\" data-widget_type=\"heading.default\">\n\t\t\t\t<div class=\"elementor-widget-container\">\n\t\t\t\t\t<h2 class=\"elementor-heading-title elementor-size-default\">Quelle est la meilleure p\u00e9riode pour visiter le Domaine des Portes du Soleil ?\n<\/h2>\t\t\t\t<\/div>\n\t\t\t\t<\/div>\n\t\t\t\t<div class=\"elementor-element elementor-element-7c77ff3 elementor-widget elementor-widget-text-editor\" data-id=\"7c77ff3\" data-element_type=\"widget\" data-e-type=\"widget\" data-widget_type=\"text-editor.default\">\n\t\t\t\t<div class=\"elementor-widget-container\">\n\t\t\t\t\t\t\t\t\t<p><span style=\"font-weight: 400;\">Le choix de la p\u00e9riode de votre visite peut avoir un impact significatif sur votre exp\u00e9rience.<\/span><\/p><p><b>De d\u00e9cembre \u00e0 f\u00e9vrier<\/b><span style=\"font-weight: 400;\"> : meilleures conditions d\u2019enneigement et haute saison<\/span><\/p><p><b>Mars<\/b><span style=\"font-weight: 400;\"> : temps ensoleill\u00e9 avec un bon enneigement<\/span><\/p><p><b>Avril<\/b><span style=\"font-weight: 400;\"> : <\/span><a href=\"https:\/\/www.alpvisionresidences.com\/blog\/fr\/ou-skier-en-avril\/\"><span style=\"font-weight: 400;\">ski de printemps<\/span><\/a><span style=\"font-weight: 400;\">, id\u00e9al en altitude comme \u00e0 Avoriaz<\/span><\/p>\t\t\t\t\t\t\t\t<\/div>\n\t\t\t\t<\/div>\n\t\t\t\t\t<\/div>\n\t\t<\/div>\n\t\t\t\t\t<\/div>\n\t\t<\/section>\n\t\t\t\t<section class=\"elementor-section elementor-top-section elementor-element elementor-element-ffa60d8 elementor-section-boxed elementor-section-height-default elementor-section-height-default\" data-id=\"ffa60d8\" data-element_type=\"section\" data-e-type=\"section\">\n\t\t\t\t\t\t<div class=\"elementor-container elementor-column-gap-default\">\n\t\t\t\t\t<div class=\"elementor-column elementor-col-100 elementor-top-column elementor-element elementor-element-10fb942\" data-id=\"10fb942\" data-element_type=\"column\" data-e-type=\"column\">\n\t\t\t<div class=\"elementor-widget-wrap elementor-element-populated\">\n\t\t\t\t\t\t<div class=\"elementor-element elementor-element-07c7ebd elementor-widget elementor-widget-heading\" data-id=\"07c7ebd\" data-element_type=\"widget\" data-e-type=\"widget\" data-widget_type=\"heading.default\">\n\t\t\t\t<div class=\"elementor-widget-container\">\n\t\t\t\t\t<h2 class=\"elementor-heading-title elementor-size-default\">Venez visiter le plus grand domaine skiable d\u2019Europe !\n<\/h2>\t\t\t\t<\/div>\n\t\t\t\t<\/div>\n\t\t\t\t<div class=\"elementor-element elementor-element-e2bb8ec elementor-widget elementor-widget-text-editor\" data-id=\"e2bb8ec\" data-element_type=\"widget\" data-e-type=\"widget\" data-widget_type=\"text-editor.default\">\n\t\t\t\t<div class=\"elementor-widget-container\">\n\t\t\t\t\t\t\t\t\t<p><span style=\"font-weight: 400;\">Dans l\u2019ensemble, le <\/span><b>Domaine des Portes du Soleil<\/b><span style=\"font-weight: 400;\"> est l\u2019un des domaines skiables les plus polyvalents d\u2019Europe. <\/span> <\/p><p><span style=\"font-weight: 400;\">Pour un s\u00e9jour confortable et bien situ\u00e9, explorez vos options avec <\/span><a href=\"https:\/\/www.alpvisionresidences.com\/\"><span style=\"font-weight: 400;\">Alpvision Residences<\/span><\/a><span style=\"font-weight: 400;\"> et profitez au maximum de votre temps en montagne.<\/span><\/p>\t\t\t\t\t\t\t\t<\/div>\n\t\t\t\t<\/div>\n\t\t\t\t\t<\/div>\n\t\t<\/div>\n\t\t\t\t\t<\/div>\n\t\t<\/section>\n\t\t<div class=\"elementor-element elementor-element-8e5fd00 e-flex e-con-boxed e-con e-parent\" data-id=\"8e5fd00\" data-element_type=\"container\" data-e-type=\"container\">\n\t\t\t\t\t<div class=\"e-con-inner\">\n\t\t\t\t<div class=\"elementor-element elementor-element-072a078 elementor-widget elementor-widget-template\" data-id=\"072a078\" data-element_type=\"widget\" data-e-type=\"widget\" data-widget_type=\"template.default\">\n\t\t\t\t<div class=\"elementor-widget-container\">\n\t\t\t\t\t\t\t<div class=\"elementor-template\">\n\t\t\t\t\t<div data-elementor-type=\"container\" data-elementor-id=\"17573\" class=\"elementor elementor-17573 elementor-17147 elementor-17147\" data-elementor-post-type=\"elementor_library\">\n\t\t\t\t<div class=\"elementor-element elementor-element-401c30da e-flex e-con-boxed e-con e-parent\" data-id=\"401c30da\" data-element_type=\"container\" data-e-type=\"container\">\n\t\t\t\t\t<div class=\"e-con-inner\">\n\t\t<div class=\"elementor-element elementor-element-40ca705d e-con-full e-flex e-con e-child\" data-id=\"40ca705d\" data-element_type=\"container\" data-e-type=\"container\">\n\t\t\t\t<div class=\"elementor-element elementor-element-547a30ab elementor-align-right elementor-mobile-align-center elementor-widget elementor-widget-button\" data-id=\"547a30ab\" data-element_type=\"widget\" data-e-type=\"widget\" data-widget_type=\"button.default\">\n\t\t\t\t<div class=\"elementor-widget-container\">\n\t\t\t\t\t\t\t\t\t<div class=\"elementor-button-wrapper\">\n\t\t\t\t\t<a class=\"elementor-button elementor-button-link elementor-size-sm\" href=\"https:\/\/www.alpvisionresidences.com\/fr\/location-vacances-alpes-fran%C3%A7aises\/\">\n\t\t\t\t\t\t<span class=\"elementor-button-content-wrapper\">\n\t\t\t\t\t\t\t\t\t<span class=\"elementor-button-text\">Locations Alpes fran\u00e7aises<\/span>\n\t\t\t\t\t<\/span>\n\t\t\t\t\t<\/a>\n\t\t\t\t<\/div>\n\t\t\t\t\t\t\t\t<\/div>\n\t\t\t\t<\/div>\n\t\t\t\t<\/div>\n\t\t<div class=\"elementor-element elementor-element-2cb64e90 e-con-full e-flex e-con e-child\" data-id=\"2cb64e90\" data-element_type=\"container\" data-e-type=\"container\">\n\t\t\t\t<div class=\"elementor-element elementor-element-bce0a5c elementor-mobile-align-center elementor-widget elementor-widget-button\" data-id=\"bce0a5c\" data-element_type=\"widget\" data-e-type=\"widget\" data-widget_type=\"button.default\">\n\t\t\t\t<div class=\"elementor-widget-container\">\n\t\t\t\t\t\t\t\t\t<div class=\"elementor-button-wrapper\">\n\t\t\t\t\t<a class=\"elementor-button elementor-button-link elementor-size-sm\" href=\"https:\/\/www.alpvisionresidences.com\/fr\/location-vacances-alpes-suisses\/\">\n\t\t\t\t\t\t<span class=\"elementor-button-content-wrapper\">\n\t\t\t\t\t\t\t\t\t<span class=\"elementor-button-text\">Locations Alpes suisses<\/span>\n\t\t\t\t\t<\/span>\n\t\t\t\t\t<\/a>\n\t\t\t\t<\/div>\n\t\t\t\t\t\t\t\t<\/div>\n\t\t\t\t<\/div>\n\t\t\t\t<\/div>\n\t\t\t\t\t<\/div>\n\t\t\t\t<\/div>\n\t\t\t\t<\/div>\n\t\t\t\t<\/div>\n\t\t\t\t\t\t<\/div>\n\t\t\t\t<\/div>\n\t\t\t\t\t<\/div>\n\t\t\t\t<\/div>\n\t\t\t\t<\/div>\n\t\t","protected":false},"excerpt":{"rendered":"<p>Le Domaine des Portes du Soleil est l\u2019un des plus grands domaines skiables interconnect\u00e9s au monde. Il s\u2019\u00e9tend sur la&#8230;<\/p>\n","protected":false},"author":5,"featured_media":19580,"comment_status":"open","ping_status":"open","sticky":false,"template":"","format":"standard","meta":{"footnotes":""},"categories":[411,415],"tags":[],"class_list":["post-19594","post","type-post","status-publish","format-standard","has-post-thumbnail","hentry","category-alpes-francaises","category-alpes-suisses"],"yoast_head":"<!-- This site is optimized with the Yoast SEO plugin v27.4 - https:\/\/yoast.com\/product\/yoast-seo-wordpress\/ -->\n<title>D\u00e9couvrez le Domaine des Portes du Soleil - Get Inspired<\/title>\n<meta name=\"description\" content=\"D\u00e9couvrez le captivant Domaine des Portes du Soleil. Laissez-vous s\u00e9duire par des paysages alpins uniques et vivez une aventure enneig\u00e9e inoubliable.\" \/>\n<meta name=\"robots\" content=\"index, follow, max-snippet:-1, max-image-preview:large, max-video-preview:-1\" \/>\n<link rel=\"canonical\" href=\"https:\/\/www.alpvisionresidences.com\/blog\/fr\/domaine-des-portes-du-soleil\/\" \/>\n<meta property=\"og:locale\" content=\"fr_FR\" \/>\n<meta property=\"og:type\" content=\"article\" \/>\n<meta property=\"og:title\" content=\"D\u00e9couvrez le Domaine des Portes du Soleil - Get Inspired\" \/>\n<meta property=\"og:description\" content=\"D\u00e9couvrez le captivant Domaine des Portes du Soleil. Laissez-vous s\u00e9duire par des paysages alpins uniques et vivez une aventure enneig\u00e9e inoubliable.\" \/>\n<meta property=\"og:url\" content=\"https:\/\/www.alpvisionresidences.com\/blog\/fr\/domaine-des-portes-du-soleil\/\" \/>\n<meta property=\"og:site_name\" content=\"Get Inspired\" \/>\n<meta property=\"article:publisher\" content=\"https:\/\/www.facebook.com\/AlpvisionResidences\/\" \/>\n<meta property=\"article:published_time\" content=\"2026-04-27T11:50:44+00:00\" \/>\n<meta property=\"article:modified_time\" content=\"2026-04-27T11:50:45+00:00\" \/>\n<meta property=\"og:image\" content=\"https:\/\/www.alpvisionresidences.com\/blog\/wp-content\/uploads\/2026\/04\/domaine-portes-du-soleil.webp\" \/>\n\t<meta property=\"og:image:width\" content=\"1920\" \/>\n\t<meta property=\"og:image:height\" content=\"650\" \/>\n\t<meta property=\"og:image:type\" content=\"image\/webp\" \/>\n<meta name=\"author\" content=\"Maral\" \/>\n<meta name=\"twitter:card\" content=\"summary_large_image\" \/>\n<meta name=\"twitter:label1\" content=\"Written by\" \/>\n\t<meta name=\"twitter:data1\" content=\"Maral\" \/>\n\t<meta name=\"twitter:label2\" content=\"Est. reading time\" \/>\n\t<meta name=\"twitter:data2\" content=\"6 minutes\" \/>\n<script type=\"application\/ld+json\" class=\"yoast-schema-graph\">{\"@context\":\"https:\\\/\\\/schema.org\",\"@graph\":[{\"@type\":\"Article\",\"@id\":\"https:\\\/\\\/www.alpvisionresidences.com\\\/blog\\\/fr\\\/domaine-des-portes-du-soleil\\\/#article\",\"isPartOf\":{\"@id\":\"https:\\\/\\\/www.alpvisionresidences.com\\\/blog\\\/fr\\\/domaine-des-portes-du-soleil\\\/\"},\"author\":{\"name\":\"Maral\",\"@id\":\"https:\\\/\\\/www.alpvisionresidences.com\\\/blog\\\/fr\\\/#\\\/schema\\\/person\\\/c57c8a2003f4ad18009cabdf5e1c49db\"},\"headline\":\"D\u00e9couvrez le Domaine des Portes du Soleil : l&#8217;un des plus grands domaines skiables du monde\",\"datePublished\":\"2026-04-27T11:50:44+00:00\",\"dateModified\":\"2026-04-27T11:50:45+00:00\",\"mainEntityOfPage\":{\"@id\":\"https:\\\/\\\/www.alpvisionresidences.com\\\/blog\\\/fr\\\/domaine-des-portes-du-soleil\\\/\"},\"wordCount\":1259,\"commentCount\":0,\"publisher\":{\"@id\":\"https:\\\/\\\/www.alpvisionresidences.com\\\/blog\\\/fr\\\/#organization\"},\"image\":{\"@id\":\"https:\\\/\\\/www.alpvisionresidences.com\\\/blog\\\/fr\\\/domaine-des-portes-du-soleil\\\/#primaryimage\"},\"thumbnailUrl\":\"https:\\\/\\\/www.alpvisionresidences.com\\\/blog\\\/wp-content\\\/uploads\\\/2026\\\/04\\\/domaine-portes-du-soleil.webp\",\"articleSection\":[\"Alpes Fran\u00e7aises\",\"Alpes Suisses\"],\"inLanguage\":\"fr\",\"potentialAction\":[{\"@type\":\"CommentAction\",\"name\":\"Comment\",\"target\":[\"https:\\\/\\\/www.alpvisionresidences.com\\\/blog\\\/fr\\\/domaine-des-portes-du-soleil\\\/#respond\"]}]},{\"@type\":\"WebPage\",\"@id\":\"https:\\\/\\\/www.alpvisionresidences.com\\\/blog\\\/fr\\\/domaine-des-portes-du-soleil\\\/\",\"url\":\"https:\\\/\\\/www.alpvisionresidences.com\\\/blog\\\/fr\\\/domaine-des-portes-du-soleil\\\/\",\"name\":\"D\u00e9couvrez le Domaine des Portes du Soleil - Get Inspired\",\"isPartOf\":{\"@id\":\"https:\\\/\\\/www.alpvisionresidences.com\\\/blog\\\/fr\\\/#website\"},\"primaryImageOfPage\":{\"@id\":\"https:\\\/\\\/www.alpvisionresidences.com\\\/blog\\\/fr\\\/domaine-des-portes-du-soleil\\\/#primaryimage\"},\"image\":{\"@id\":\"https:\\\/\\\/www.alpvisionresidences.com\\\/blog\\\/fr\\\/domaine-des-portes-du-soleil\\\/#primaryimage\"},\"thumbnailUrl\":\"https:\\\/\\\/www.alpvisionresidences.com\\\/blog\\\/wp-content\\\/uploads\\\/2026\\\/04\\\/domaine-portes-du-soleil.webp\",\"datePublished\":\"2026-04-27T11:50:44+00:00\",\"dateModified\":\"2026-04-27T11:50:45+00:00\",\"description\":\"D\u00e9couvrez le captivant Domaine des Portes du Soleil. Laissez-vous s\u00e9duire par des paysages alpins uniques et vivez une aventure enneig\u00e9e inoubliable.\",\"breadcrumb\":{\"@id\":\"https:\\\/\\\/www.alpvisionresidences.com\\\/blog\\\/fr\\\/domaine-des-portes-du-soleil\\\/#breadcrumb\"},\"inLanguage\":\"fr\",\"potentialAction\":[{\"@type\":\"ReadAction\",\"target\":[\"https:\\\/\\\/www.alpvisionresidences.com\\\/blog\\\/fr\\\/domaine-des-portes-du-soleil\\\/\"]}]},{\"@type\":\"ImageObject\",\"inLanguage\":\"fr\",\"@id\":\"https:\\\/\\\/www.alpvisionresidences.com\\\/blog\\\/fr\\\/domaine-des-portes-du-soleil\\\/#primaryimage\",\"url\":\"https:\\\/\\\/www.alpvisionresidences.com\\\/blog\\\/wp-content\\\/uploads\\\/2026\\\/04\\\/domaine-portes-du-soleil.webp\",\"contentUrl\":\"https:\\\/\\\/www.alpvisionresidences.com\\\/blog\\\/wp-content\\\/uploads\\\/2026\\\/04\\\/domaine-portes-du-soleil.webp\",\"width\":1920,\"height\":650,\"caption\":\"domaine portes du soleil\"},{\"@type\":\"BreadcrumbList\",\"@id\":\"https:\\\/\\\/www.alpvisionresidences.com\\\/blog\\\/fr\\\/domaine-des-portes-du-soleil\\\/#breadcrumb\",\"itemListElement\":[{\"@type\":\"ListItem\",\"position\":1,\"name\":\"Home\",\"item\":\"https:\\\/\\\/www.alpvisionresidences.com\\\/blog\\\/fr\\\/\"},{\"@type\":\"ListItem\",\"position\":2,\"name\":\"D\u00e9couvrez le Domaine des Portes du Soleil : l&#8217;un des plus grands domaines skiables du monde\"}]},{\"@type\":\"WebSite\",\"@id\":\"https:\\\/\\\/www.alpvisionresidences.com\\\/blog\\\/fr\\\/#website\",\"url\":\"https:\\\/\\\/www.alpvisionresidences.com\\\/blog\\\/fr\\\/\",\"name\":\"alpvisionresidences.com\",\"description\":\"Alpvision r\u00e9sidences\",\"publisher\":{\"@id\":\"https:\\\/\\\/www.alpvisionresidences.com\\\/blog\\\/fr\\\/#organization\"},\"potentialAction\":[{\"@type\":\"SearchAction\",\"target\":{\"@type\":\"EntryPoint\",\"urlTemplate\":\"https:\\\/\\\/www.alpvisionresidences.com\\\/blog\\\/fr\\\/?s={search_term_string}\"},\"query-input\":{\"@type\":\"PropertyValueSpecification\",\"valueRequired\":true,\"valueName\":\"search_term_string\"}}],\"inLanguage\":\"fr\"},{\"@type\":\"Organization\",\"@id\":\"https:\\\/\\\/www.alpvisionresidences.com\\\/blog\\\/fr\\\/#organization\",\"name\":\"Alpvision Residences\",\"url\":\"https:\\\/\\\/www.alpvisionresidences.com\\\/blog\\\/fr\\\/\",\"logo\":{\"@type\":\"ImageObject\",\"inLanguage\":\"fr\",\"@id\":\"https:\\\/\\\/www.alpvisionresidences.com\\\/blog\\\/fr\\\/#\\\/schema\\\/logo\\\/image\\\/\",\"url\":\"https:\\\/\\\/www.alpvisionresidences.com\\\/blog\\\/wp-content\\\/uploads\\\/2022\\\/01\\\/alpvision_icone1_bleu_negatif-Redimensionne-pour-profil.png\",\"contentUrl\":\"https:\\\/\\\/www.alpvisionresidences.com\\\/blog\\\/wp-content\\\/uploads\\\/2022\\\/01\\\/alpvision_icone1_bleu_negatif-Redimensionne-pour-profil.png\",\"width\":522,\"height\":478,\"caption\":\"Alpvision Residences\"},\"image\":{\"@id\":\"https:\\\/\\\/www.alpvisionresidences.com\\\/blog\\\/fr\\\/#\\\/schema\\\/logo\\\/image\\\/\"},\"sameAs\":[\"https:\\\/\\\/www.facebook.com\\\/AlpvisionResidences\\\/\",\"https:\\\/\\\/www.instagram.com\\\/alpvisionresidences\\\/\"]},{\"@type\":\"Person\",\"@id\":\"https:\\\/\\\/www.alpvisionresidences.com\\\/blog\\\/fr\\\/#\\\/schema\\\/person\\\/c57c8a2003f4ad18009cabdf5e1c49db\",\"name\":\"Maral\",\"image\":{\"@type\":\"ImageObject\",\"inLanguage\":\"fr\",\"@id\":\"https:\\\/\\\/secure.gravatar.com\\\/avatar\\\/d804353e8f67fa61fe64a503dcb7247981e2ba0f61d8e0cf872d45560a9cee7f?s=96&d=mm&r=g\",\"url\":\"https:\\\/\\\/secure.gravatar.com\\\/avatar\\\/d804353e8f67fa61fe64a503dcb7247981e2ba0f61d8e0cf872d45560a9cee7f?s=96&d=mm&r=g\",\"contentUrl\":\"https:\\\/\\\/secure.gravatar.com\\\/avatar\\\/d804353e8f67fa61fe64a503dcb7247981e2ba0f61d8e0cf872d45560a9cee7f?s=96&d=mm&r=g\",\"caption\":\"Maral\"},\"url\":\"https:\\\/\\\/www.alpvisionresidences.com\\\/blog\\\/fr\\\/author\\\/maral\\\/\"}]}<\/script>\n<!-- \/ Yoast SEO plugin. -->","yoast_head_json":{"title":"D\u00e9couvrez le Domaine des Portes du Soleil - Get Inspired","description":"D\u00e9couvrez le captivant Domaine des Portes du Soleil. Laissez-vous s\u00e9duire par des paysages alpins uniques et vivez une aventure enneig\u00e9e inoubliable.","robots":{"index":"index","follow":"follow","max-snippet":"max-snippet:-1","max-image-preview":"max-image-preview:large","max-video-preview":"max-video-preview:-1"},"canonical":"https:\/\/www.alpvisionresidences.com\/blog\/fr\/domaine-des-portes-du-soleil\/","og_locale":"fr_FR","og_type":"article","og_title":"D\u00e9couvrez le Domaine des Portes du Soleil - Get Inspired","og_description":"D\u00e9couvrez le captivant Domaine des Portes du Soleil. Laissez-vous s\u00e9duire par des paysages alpins uniques et vivez une aventure enneig\u00e9e inoubliable.","og_url":"https:\/\/www.alpvisionresidences.com\/blog\/fr\/domaine-des-portes-du-soleil\/","og_site_name":"Get Inspired","article_publisher":"https:\/\/www.facebook.com\/AlpvisionResidences\/","article_published_time":"2026-04-27T11:50:44+00:00","article_modified_time":"2026-04-27T11:50:45+00:00","og_image":[{"width":1920,"height":650,"url":"https:\/\/www.alpvisionresidences.com\/blog\/wp-content\/uploads\/2026\/04\/domaine-portes-du-soleil.webp","type":"image\/webp"}],"author":"Maral","twitter_card":"summary_large_image","twitter_misc":{"Written by":"Maral","Est. reading time":"6 minutes"},"schema":{"@context":"https:\/\/schema.org","@graph":[{"@type":"Article","@id":"https:\/\/www.alpvisionresidences.com\/blog\/fr\/domaine-des-portes-du-soleil\/#article","isPartOf":{"@id":"https:\/\/www.alpvisionresidences.com\/blog\/fr\/domaine-des-portes-du-soleil\/"},"author":{"name":"Maral","@id":"https:\/\/www.alpvisionresidences.com\/blog\/fr\/#\/schema\/person\/c57c8a2003f4ad18009cabdf5e1c49db"},"headline":"D\u00e9couvrez le Domaine des Portes du Soleil : l&#8217;un des plus grands domaines skiables du monde","datePublished":"2026-04-27T11:50:44+00:00","dateModified":"2026-04-27T11:50:45+00:00","mainEntityOfPage":{"@id":"https:\/\/www.alpvisionresidences.com\/blog\/fr\/domaine-des-portes-du-soleil\/"},"wordCount":1259,"commentCount":0,"publisher":{"@id":"https:\/\/www.alpvisionresidences.com\/blog\/fr\/#organization"},"image":{"@id":"https:\/\/www.alpvisionresidences.com\/blog\/fr\/domaine-des-portes-du-soleil\/#primaryimage"},"thumbnailUrl":"https:\/\/www.alpvisionresidences.com\/blog\/wp-content\/uploads\/2026\/04\/domaine-portes-du-soleil.webp","articleSection":["Alpes Fran\u00e7aises","Alpes Suisses"],"inLanguage":"fr","potentialAction":[{"@type":"CommentAction","name":"Comment","target":["https:\/\/www.alpvisionresidences.com\/blog\/fr\/domaine-des-portes-du-soleil\/#respond"]}]},{"@type":"WebPage","@id":"https:\/\/www.alpvisionresidences.com\/blog\/fr\/domaine-des-portes-du-soleil\/","url":"https:\/\/www.alpvisionresidences.com\/blog\/fr\/domaine-des-portes-du-soleil\/","name":"D\u00e9couvrez le Domaine des Portes du Soleil - Get Inspired","isPartOf":{"@id":"https:\/\/www.alpvisionresidences.com\/blog\/fr\/#website"},"primaryImageOfPage":{"@id":"https:\/\/www.alpvisionresidences.com\/blog\/fr\/domaine-des-portes-du-soleil\/#primaryimage"},"image":{"@id":"https:\/\/www.alpvisionresidences.com\/blog\/fr\/domaine-des-portes-du-soleil\/#primaryimage"},"thumbnailUrl":"https:\/\/www.alpvisionresidences.com\/blog\/wp-content\/uploads\/2026\/04\/domaine-portes-du-soleil.webp","datePublished":"2026-04-27T11:50:44+00:00","dateModified":"2026-04-27T11:50:45+00:00","description":"D\u00e9couvrez le captivant Domaine des Portes du Soleil. Laissez-vous s\u00e9duire par des paysages alpins uniques et vivez une aventure enneig\u00e9e inoubliable.","breadcrumb":{"@id":"https:\/\/www.alpvisionresidences.com\/blog\/fr\/domaine-des-portes-du-soleil\/#breadcrumb"},"inLanguage":"fr","potentialAction":[{"@type":"ReadAction","target":["https:\/\/www.alpvisionresidences.com\/blog\/fr\/domaine-des-portes-du-soleil\/"]}]},{"@type":"ImageObject","inLanguage":"fr","@id":"https:\/\/www.alpvisionresidences.com\/blog\/fr\/domaine-des-portes-du-soleil\/#primaryimage","url":"https:\/\/www.alpvisionresidences.com\/blog\/wp-content\/uploads\/2026\/04\/domaine-portes-du-soleil.webp","contentUrl":"https:\/\/www.alpvisionresidences.com\/blog\/wp-content\/uploads\/2026\/04\/domaine-portes-du-soleil.webp","width":1920,"height":650,"caption":"domaine portes du soleil"},{"@type":"BreadcrumbList","@id":"https:\/\/www.alpvisionresidences.com\/blog\/fr\/domaine-des-portes-du-soleil\/#breadcrumb","itemListElement":[{"@type":"ListItem","position":1,"name":"Home","item":"https:\/\/www.alpvisionresidences.com\/blog\/fr\/"},{"@type":"ListItem","position":2,"name":"D\u00e9couvrez le Domaine des Portes du Soleil : l&#8217;un des plus grands domaines skiables du monde"}]},{"@type":"WebSite","@id":"https:\/\/www.alpvisionresidences.com\/blog\/fr\/#website","url":"https:\/\/www.alpvisionresidences.com\/blog\/fr\/","name":"alpvisionresidences.com","description":"Alpvision r\u00e9sidences","publisher":{"@id":"https:\/\/www.alpvisionresidences.com\/blog\/fr\/#organization"},"potentialAction":[{"@type":"SearchAction","target":{"@type":"EntryPoint","urlTemplate":"https:\/\/www.alpvisionresidences.com\/blog\/fr\/?s={search_term_string}"},"query-input":{"@type":"PropertyValueSpecification","valueRequired":true,"valueName":"search_term_string"}}],"inLanguage":"fr"},{"@type":"Organization","@id":"https:\/\/www.alpvisionresidences.com\/blog\/fr\/#organization","name":"Alpvision Residences","url":"https:\/\/www.alpvisionresidences.com\/blog\/fr\/","logo":{"@type":"ImageObject","inLanguage":"fr","@id":"https:\/\/www.alpvisionresidences.com\/blog\/fr\/#\/schema\/logo\/image\/","url":"https:\/\/www.alpvisionresidences.com\/blog\/wp-content\/uploads\/2022\/01\/alpvision_icone1_bleu_negatif-Redimensionne-pour-profil.png","contentUrl":"https:\/\/www.alpvisionresidences.com\/blog\/wp-content\/uploads\/2022\/01\/alpvision_icone1_bleu_negatif-Redimensionne-pour-profil.png","width":522,"height":478,"caption":"Alpvision Residences"},"image":{"@id":"https:\/\/www.alpvisionresidences.com\/blog\/fr\/#\/schema\/logo\/image\/"},"sameAs":["https:\/\/www.facebook.com\/AlpvisionResidences\/","https:\/\/www.instagram.com\/alpvisionresidences\/"]},{"@type":"Person","@id":"https:\/\/www.alpvisionresidences.com\/blog\/fr\/#\/schema\/person\/c57c8a2003f4ad18009cabdf5e1c49db","name":"Maral","image":{"@type":"ImageObject","inLanguage":"fr","@id":"https:\/\/secure.gravatar.com\/avatar\/d804353e8f67fa61fe64a503dcb7247981e2ba0f61d8e0cf872d45560a9cee7f?s=96&d=mm&r=g","url":"https:\/\/secure.gravatar.com\/avatar\/d804353e8f67fa61fe64a503dcb7247981e2ba0f61d8e0cf872d45560a9cee7f?s=96&d=mm&r=g","contentUrl":"https:\/\/secure.gravatar.com\/avatar\/d804353e8f67fa61fe64a503dcb7247981e2ba0f61d8e0cf872d45560a9cee7f?s=96&d=mm&r=g","caption":"Maral"},"url":"https:\/\/www.alpvisionresidences.com\/blog\/fr\/author\/maral\/"}]}},"_links":{"self":[{"href":"https:\/\/www.alpvisionresidences.com\/blog\/fr\/wp-json\/wp\/v2\/posts\/19594","targetHints":{"allow":["GET"]}}],"collection":[{"href":"https:\/\/www.alpvisionresidences.com\/blog\/fr\/wp-json\/wp\/v2\/posts"}],"about":[{"href":"https:\/\/www.alpvisionresidences.com\/blog\/fr\/wp-json\/wp\/v2\/types\/post"}],"author":[{"embeddable":true,"href":"https:\/\/www.alpvisionresidences.com\/blog\/fr\/wp-json\/wp\/v2\/users\/5"}],"replies":[{"embeddable":true,"href":"https:\/\/www.alpvisionresidences.com\/blog\/fr\/wp-json\/wp\/v2\/comments?post=19594"}],"version-history":[{"count":1,"href":"https:\/\/www.alpvisionresidences.com\/blog\/fr\/wp-json\/wp\/v2\/posts\/19594\/revisions"}],"predecessor-version":[{"id":19595,"href":"https:\/\/www.alpvisionresidences.com\/blog\/fr\/wp-json\/wp\/v2\/posts\/19594\/revisions\/19595"}],"wp:featuredmedia":[{"embeddable":true,"href":"https:\/\/www.alpvisionresidences.com\/blog\/fr\/wp-json\/wp\/v2\/media\/19580"}],"wp:attachment":[{"href":"https:\/\/www.alpvisionresidences.com\/blog\/fr\/wp-json\/wp\/v2\/media?parent=19594"}],"wp:term":[{"taxonomy":"category","embeddable":true,"href":"https:\/\/www.alpvisionresidences.com\/blog\/fr\/wp-json\/wp\/v2\/categories?post=19594"},{"taxonomy":"post_tag","embeddable":true,"href":"https:\/\/www.alpvisionresidences.com\/blog\/fr\/wp-json\/wp\/v2\/tags?post=19594"}],"curies":[{"name":"wp","href":"https:\/\/api.w.org\/{rel}","templated":true}]}}