{"id":2387,"date":"2022-05-18T15:13:11","date_gmt":"2022-05-18T15:13:11","guid":{"rendered":"https:\/\/www.alpvisionresidences.com\/blog\/?p=2387"},"modified":"2022-08-19T08:47:42","modified_gmt":"2022-08-19T08:47:42","slug":"ou-se-loger-pour-un-travail-temporaire","status":"publish","type":"post","link":"https:\/\/www.alpvisionresidences.com\/blog\/fr\/ou-se-loger-pour-un-travail-temporaire\/","title":{"rendered":"O\u00f9 se loger pour un travail temporaire?"},"content":{"rendered":"\n<p><strong>\u00c0 la recherche de logements ?<\/strong><\/p>\n\n\n\n<p>Que ce soit pour un travail saisonnier, temporaire, pour une sortie d&#8217;\u00e9quipe ou un \u00e9v\u00e9nement particulier, nous avons le logement qu&#8217;il vous faut !<\/p>\n\n\n\n<p><a href=\"https:\/\/www.alpvisionresidences.com\/fr\/location\/location-locations-p0\/\" target=\"_blank\" rel=\"noreferrer noopener\"><strong>D\u00e9couvrez nos logements<\/strong><\/a><\/p>\n\n\n\n<p>Alpvision R\u00e9sidences vous propose depuis plus de 10 ans des logements \u00e0 la location dans les Alpes pour des courts ou des longs s\u00e9jours. Adapt\u00e9es aux groupes ou aux individuels, nos r\u00e9sidences r\u00e9pondent \u00e0 tous vos besoins.<\/p>\n\n\n\n<figure class=\"wp-block-image size-full is-resized\"><img fetchpriority=\"high\" decoding=\"async\" src=\"https:\/\/www.alpvisionresidences.com\/blog\/wp-content\/uploads\/2022\/08\/10-1.jpg\" alt=\"\" class=\"wp-image-2947\" width=\"583\" height=\"466\" srcset=\"https:\/\/www.alpvisionresidences.com\/blog\/wp-content\/uploads\/2022\/08\/10-1.jpg 2000w, https:\/\/www.alpvisionresidences.com\/blog\/wp-content\/uploads\/2022\/08\/10-1-768x614.jpg 768w, https:\/\/www.alpvisionresidences.com\/blog\/wp-content\/uploads\/2022\/08\/10-1-1536x1229.jpg 1536w\" sizes=\"(max-width: 583px) 100vw, 583px\" \/><\/figure>\n\n\n\n<p><strong>Des partenariats de confiance qui perdurent<\/strong><\/p>\n\n\n\n<p>De nombreux organisations nous font d\u00e9j\u00e0 confiance (ADEPA, Association Sarge spectacle, Hi Mountains, Sommet &amp; Neige, Sion\/Veysonnaz championnats snowboard cross,&#8230;).  Cela serait un r\u00e9el plaisir de vous compter parmi elles.<\/p>\n\n\n\n<p><strong>Vous d\u00e9sirez en savoir plus ?<\/strong><\/p>\n\n\n\n<p>Nous serions enchant\u00e9s de vous faire une offre personnalis\u00e9e. N&#8217;attendez-plus, contactez-nous par email: <a href=\"mailto:hello@alpvisionsresidences.com\">hello@alpvisionsresidences.com<\/a> ou par t\u00e9l\u00e9phone au 0041 27 208 55 50 <\/p>\n\n\n\n<p><strong>Au plaisir d\u2019\u00e9changer avec vous<\/strong><\/p>\n\n\n\n<p>Votre \u00e9quipe Alpvision<\/p>\n","protected":false},"excerpt":{"rendered":"<p>\u00c0 la recherche de logements ? Que ce soit pour un travail saisonnier, temporaire, pour une sortie d&#8217;\u00e9quipe ou un&#8230;<\/p>\n","protected":false},"author":2,"featured_media":2935,"comment_status":"closed","ping_status":"closed","sticky":false,"template":"","format":"standard","meta":{"footnotes":""},"categories":[67],"tags":[],"class_list":["post-2387","post","type-post","status-publish","format-standard","has-post-thumbnail","hentry","category-working-housing"],"yoast_head":"<!-- This site is optimized with the Yoast SEO plugin v27.4 - https:\/\/yoast.com\/product\/yoast-seo-wordpress\/ -->\n<title>O\u00f9 se loger pour un travail temporaire? | Blog Alpvision<\/title>\n<meta name=\"description\" content=\"D\u00e9couvrez nos formules de location pour votre travail temporaire. Nos r\u00e9sidences r\u00e9pondent \u00e0 tous vos besoins.\" \/>\n<meta name=\"robots\" content=\"index, follow, max-snippet:-1, max-image-preview:large, max-video-preview:-1\" \/>\n<link rel=\"canonical\" href=\"https:\/\/www.alpvisionresidences.com\/blog\/fr\/ou-se-loger-pour-un-travail-temporaire\/\" \/>\n<meta property=\"og:locale\" content=\"fr_FR\" \/>\n<meta property=\"og:type\" content=\"article\" \/>\n<meta property=\"og:title\" content=\"O\u00f9 se loger pour un travail temporaire? | Blog Alpvision\" \/>\n<meta property=\"og:description\" content=\"D\u00e9couvrez nos formules de location pour votre travail temporaire. Nos r\u00e9sidences r\u00e9pondent \u00e0 tous vos besoins.\" \/>\n<meta property=\"og:url\" content=\"https:\/\/www.alpvisionresidences.com\/blog\/fr\/ou-se-loger-pour-un-travail-temporaire\/\" \/>\n<meta property=\"og:site_name\" content=\"Get Inspired\" \/>\n<meta property=\"article:publisher\" content=\"https:\/\/www.facebook.com\/AlpvisionResidences\/\" \/>\n<meta property=\"article:published_time\" content=\"2022-05-18T15:13:11+00:00\" \/>\n<meta property=\"article:modified_time\" content=\"2022-08-19T08:47:42+00:00\" \/>\n<meta property=\"og:image\" content=\"https:\/\/www.alpvisionresidences.com\/blog\/wp-content\/uploads\/2022\/05\/Be-Cool.jpg\" \/>\n\t<meta property=\"og:image:width\" content=\"2000\" \/>\n\t<meta property=\"og:image:height\" content=\"1600\" \/>\n\t<meta property=\"og:image:type\" content=\"image\/jpeg\" \/>\n<meta name=\"author\" content=\"alpvision\" \/>\n<meta name=\"twitter:card\" content=\"summary_large_image\" \/>\n<meta name=\"twitter:label1\" content=\"Written by\" \/>\n\t<meta name=\"twitter:data1\" content=\"alpvision\" \/>\n\t<meta name=\"twitter:label2\" content=\"Est. reading time\" \/>\n\t<meta name=\"twitter:data2\" content=\"1 minute\" \/>\n<script type=\"application\/ld+json\" class=\"yoast-schema-graph\">{\"@context\":\"https:\\\/\\\/schema.org\",\"@graph\":[{\"@type\":\"Article\",\"@id\":\"https:\\\/\\\/www.alpvisionresidences.com\\\/blog\\\/fr\\\/ou-se-loger-pour-un-travail-temporaire\\\/#article\",\"isPartOf\":{\"@id\":\"https:\\\/\\\/www.alpvisionresidences.com\\\/blog\\\/fr\\\/ou-se-loger-pour-un-travail-temporaire\\\/\"},\"author\":{\"name\":\"alpvision\",\"@id\":\"https:\\\/\\\/www.alpvisionresidences.com\\\/blog\\\/fr\\\/#\\\/schema\\\/person\\\/51ca1eab7ba27fa67ef90f1171928537\"},\"headline\":\"O\u00f9 se loger pour un travail temporaire?\",\"datePublished\":\"2022-05-18T15:13:11+00:00\",\"dateModified\":\"2022-08-19T08:47:42+00:00\",\"mainEntityOfPage\":{\"@id\":\"https:\\\/\\\/www.alpvisionresidences.com\\\/blog\\\/fr\\\/ou-se-loger-pour-un-travail-temporaire\\\/\"},\"wordCount\":159,\"publisher\":{\"@id\":\"https:\\\/\\\/www.alpvisionresidences.com\\\/blog\\\/fr\\\/#organization\"},\"image\":{\"@id\":\"https:\\\/\\\/www.alpvisionresidences.com\\\/blog\\\/fr\\\/ou-se-loger-pour-un-travail-temporaire\\\/#primaryimage\"},\"thumbnailUrl\":\"https:\\\/\\\/www.alpvisionresidences.com\\\/blog\\\/wp-content\\\/uploads\\\/2022\\\/05\\\/Be-Cool.jpg\",\"articleSection\":[\"Working &amp; Housing\"],\"inLanguage\":\"fr\"},{\"@type\":\"WebPage\",\"@id\":\"https:\\\/\\\/www.alpvisionresidences.com\\\/blog\\\/fr\\\/ou-se-loger-pour-un-travail-temporaire\\\/\",\"url\":\"https:\\\/\\\/www.alpvisionresidences.com\\\/blog\\\/fr\\\/ou-se-loger-pour-un-travail-temporaire\\\/\",\"name\":\"O\u00f9 se loger pour un travail temporaire? | Blog Alpvision\",\"isPartOf\":{\"@id\":\"https:\\\/\\\/www.alpvisionresidences.com\\\/blog\\\/fr\\\/#website\"},\"primaryImageOfPage\":{\"@id\":\"https:\\\/\\\/www.alpvisionresidences.com\\\/blog\\\/fr\\\/ou-se-loger-pour-un-travail-temporaire\\\/#primaryimage\"},\"image\":{\"@id\":\"https:\\\/\\\/www.alpvisionresidences.com\\\/blog\\\/fr\\\/ou-se-loger-pour-un-travail-temporaire\\\/#primaryimage\"},\"thumbnailUrl\":\"https:\\\/\\\/www.alpvisionresidences.com\\\/blog\\\/wp-content\\\/uploads\\\/2022\\\/05\\\/Be-Cool.jpg\",\"datePublished\":\"2022-05-18T15:13:11+00:00\",\"dateModified\":\"2022-08-19T08:47:42+00:00\",\"description\":\"D\u00e9couvrez nos formules de location pour votre travail temporaire. Nos r\u00e9sidences r\u00e9pondent \u00e0 tous vos besoins.\",\"breadcrumb\":{\"@id\":\"https:\\\/\\\/www.alpvisionresidences.com\\\/blog\\\/fr\\\/ou-se-loger-pour-un-travail-temporaire\\\/#breadcrumb\"},\"inLanguage\":\"fr\",\"potentialAction\":[{\"@type\":\"ReadAction\",\"target\":[\"https:\\\/\\\/www.alpvisionresidences.com\\\/blog\\\/fr\\\/ou-se-loger-pour-un-travail-temporaire\\\/\"]}]},{\"@type\":\"ImageObject\",\"inLanguage\":\"fr\",\"@id\":\"https:\\\/\\\/www.alpvisionresidences.com\\\/blog\\\/fr\\\/ou-se-loger-pour-un-travail-temporaire\\\/#primaryimage\",\"url\":\"https:\\\/\\\/www.alpvisionresidences.com\\\/blog\\\/wp-content\\\/uploads\\\/2022\\\/05\\\/Be-Cool.jpg\",\"contentUrl\":\"https:\\\/\\\/www.alpvisionresidences.com\\\/blog\\\/wp-content\\\/uploads\\\/2022\\\/05\\\/Be-Cool.jpg\",\"width\":2000,\"height\":1600},{\"@type\":\"BreadcrumbList\",\"@id\":\"https:\\\/\\\/www.alpvisionresidences.com\\\/blog\\\/fr\\\/ou-se-loger-pour-un-travail-temporaire\\\/#breadcrumb\",\"itemListElement\":[{\"@type\":\"ListItem\",\"position\":1,\"name\":\"Home\",\"item\":\"https:\\\/\\\/www.alpvisionresidences.com\\\/blog\\\/fr\\\/\"},{\"@type\":\"ListItem\",\"position\":2,\"name\":\"O\u00f9 se loger pour un travail temporaire?\"}]},{\"@type\":\"WebSite\",\"@id\":\"https:\\\/\\\/www.alpvisionresidences.com\\\/blog\\\/fr\\\/#website\",\"url\":\"https:\\\/\\\/www.alpvisionresidences.com\\\/blog\\\/fr\\\/\",\"name\":\"alpvisionresidences.com\",\"description\":\"Alpvision r\u00e9sidences\",\"publisher\":{\"@id\":\"https:\\\/\\\/www.alpvisionresidences.com\\\/blog\\\/fr\\\/#organization\"},\"potentialAction\":[{\"@type\":\"SearchAction\",\"target\":{\"@type\":\"EntryPoint\",\"urlTemplate\":\"https:\\\/\\\/www.alpvisionresidences.com\\\/blog\\\/fr\\\/?s={search_term_string}\"},\"query-input\":{\"@type\":\"PropertyValueSpecification\",\"valueRequired\":true,\"valueName\":\"search_term_string\"}}],\"inLanguage\":\"fr\"},{\"@type\":\"Organization\",\"@id\":\"https:\\\/\\\/www.alpvisionresidences.com\\\/blog\\\/fr\\\/#organization\",\"name\":\"Alpvision Residences\",\"url\":\"https:\\\/\\\/www.alpvisionresidences.com\\\/blog\\\/fr\\\/\",\"logo\":{\"@type\":\"ImageObject\",\"inLanguage\":\"fr\",\"@id\":\"https:\\\/\\\/www.alpvisionresidences.com\\\/blog\\\/fr\\\/#\\\/schema\\\/logo\\\/image\\\/\",\"url\":\"https:\\\/\\\/www.alpvisionresidences.com\\\/blog\\\/wp-content\\\/uploads\\\/2022\\\/01\\\/alpvision_icone1_bleu_negatif-Redimensionne-pour-profil.png\",\"contentUrl\":\"https:\\\/\\\/www.alpvisionresidences.com\\\/blog\\\/wp-content\\\/uploads\\\/2022\\\/01\\\/alpvision_icone1_bleu_negatif-Redimensionne-pour-profil.png\",\"width\":522,\"height\":478,\"caption\":\"Alpvision Residences\"},\"image\":{\"@id\":\"https:\\\/\\\/www.alpvisionresidences.com\\\/blog\\\/fr\\\/#\\\/schema\\\/logo\\\/image\\\/\"},\"sameAs\":[\"https:\\\/\\\/www.facebook.com\\\/AlpvisionResidences\\\/\",\"https:\\\/\\\/www.instagram.com\\\/alpvisionresidences\\\/\"]},{\"@type\":\"Person\",\"@id\":\"https:\\\/\\\/www.alpvisionresidences.com\\\/blog\\\/fr\\\/#\\\/schema\\\/person\\\/51ca1eab7ba27fa67ef90f1171928537\",\"name\":\"alpvision\",\"image\":{\"@type\":\"ImageObject\",\"inLanguage\":\"fr\",\"@id\":\"https:\\\/\\\/secure.gravatar.com\\\/avatar\\\/12aed967b3ee801371482470bdc1042c671499c3614a04f8a6980d7e3bbc65d0?s=96&d=mm&r=g\",\"url\":\"https:\\\/\\\/secure.gravatar.com\\\/avatar\\\/12aed967b3ee801371482470bdc1042c671499c3614a04f8a6980d7e3bbc65d0?s=96&d=mm&r=g\",\"contentUrl\":\"https:\\\/\\\/secure.gravatar.com\\\/avatar\\\/12aed967b3ee801371482470bdc1042c671499c3614a04f8a6980d7e3bbc65d0?s=96&d=mm&r=g\",\"caption\":\"alpvision\"},\"url\":\"https:\\\/\\\/www.alpvisionresidences.com\\\/blog\\\/fr\\\/author\\\/alpvision\\\/\"}]}<\/script>\n<!-- \/ Yoast SEO plugin. -->","yoast_head_json":{"title":"O\u00f9 se loger pour un travail temporaire? | Blog Alpvision","description":"D\u00e9couvrez nos formules de location pour votre travail temporaire. Nos r\u00e9sidences r\u00e9pondent \u00e0 tous vos besoins.","robots":{"index":"index","follow":"follow","max-snippet":"max-snippet:-1","max-image-preview":"max-image-preview:large","max-video-preview":"max-video-preview:-1"},"canonical":"https:\/\/www.alpvisionresidences.com\/blog\/fr\/ou-se-loger-pour-un-travail-temporaire\/","og_locale":"fr_FR","og_type":"article","og_title":"O\u00f9 se loger pour un travail temporaire? | Blog Alpvision","og_description":"D\u00e9couvrez nos formules de location pour votre travail temporaire. Nos r\u00e9sidences r\u00e9pondent \u00e0 tous vos besoins.","og_url":"https:\/\/www.alpvisionresidences.com\/blog\/fr\/ou-se-loger-pour-un-travail-temporaire\/","og_site_name":"Get Inspired","article_publisher":"https:\/\/www.facebook.com\/AlpvisionResidences\/","article_published_time":"2022-05-18T15:13:11+00:00","article_modified_time":"2022-08-19T08:47:42+00:00","og_image":[{"width":2000,"height":1600,"url":"https:\/\/www.alpvisionresidences.com\/blog\/wp-content\/uploads\/2022\/05\/Be-Cool.jpg","type":"image\/jpeg"}],"author":"alpvision","twitter_card":"summary_large_image","twitter_misc":{"Written by":"alpvision","Est. reading time":"1 minute"},"schema":{"@context":"https:\/\/schema.org","@graph":[{"@type":"Article","@id":"https:\/\/www.alpvisionresidences.com\/blog\/fr\/ou-se-loger-pour-un-travail-temporaire\/#article","isPartOf":{"@id":"https:\/\/www.alpvisionresidences.com\/blog\/fr\/ou-se-loger-pour-un-travail-temporaire\/"},"author":{"name":"alpvision","@id":"https:\/\/www.alpvisionresidences.com\/blog\/fr\/#\/schema\/person\/51ca1eab7ba27fa67ef90f1171928537"},"headline":"O\u00f9 se loger pour un travail temporaire?","datePublished":"2022-05-18T15:13:11+00:00","dateModified":"2022-08-19T08:47:42+00:00","mainEntityOfPage":{"@id":"https:\/\/www.alpvisionresidences.com\/blog\/fr\/ou-se-loger-pour-un-travail-temporaire\/"},"wordCount":159,"publisher":{"@id":"https:\/\/www.alpvisionresidences.com\/blog\/fr\/#organization"},"image":{"@id":"https:\/\/www.alpvisionresidences.com\/blog\/fr\/ou-se-loger-pour-un-travail-temporaire\/#primaryimage"},"thumbnailUrl":"https:\/\/www.alpvisionresidences.com\/blog\/wp-content\/uploads\/2022\/05\/Be-Cool.jpg","articleSection":["Working &amp; Housing"],"inLanguage":"fr"},{"@type":"WebPage","@id":"https:\/\/www.alpvisionresidences.com\/blog\/fr\/ou-se-loger-pour-un-travail-temporaire\/","url":"https:\/\/www.alpvisionresidences.com\/blog\/fr\/ou-se-loger-pour-un-travail-temporaire\/","name":"O\u00f9 se loger pour un travail temporaire? | Blog Alpvision","isPartOf":{"@id":"https:\/\/www.alpvisionresidences.com\/blog\/fr\/#website"},"primaryImageOfPage":{"@id":"https:\/\/www.alpvisionresidences.com\/blog\/fr\/ou-se-loger-pour-un-travail-temporaire\/#primaryimage"},"image":{"@id":"https:\/\/www.alpvisionresidences.com\/blog\/fr\/ou-se-loger-pour-un-travail-temporaire\/#primaryimage"},"thumbnailUrl":"https:\/\/www.alpvisionresidences.com\/blog\/wp-content\/uploads\/2022\/05\/Be-Cool.jpg","datePublished":"2022-05-18T15:13:11+00:00","dateModified":"2022-08-19T08:47:42+00:00","description":"D\u00e9couvrez nos formules de location pour votre travail temporaire. Nos r\u00e9sidences r\u00e9pondent \u00e0 tous vos besoins.","breadcrumb":{"@id":"https:\/\/www.alpvisionresidences.com\/blog\/fr\/ou-se-loger-pour-un-travail-temporaire\/#breadcrumb"},"inLanguage":"fr","potentialAction":[{"@type":"ReadAction","target":["https:\/\/www.alpvisionresidences.com\/blog\/fr\/ou-se-loger-pour-un-travail-temporaire\/"]}]},{"@type":"ImageObject","inLanguage":"fr","@id":"https:\/\/www.alpvisionresidences.com\/blog\/fr\/ou-se-loger-pour-un-travail-temporaire\/#primaryimage","url":"https:\/\/www.alpvisionresidences.com\/blog\/wp-content\/uploads\/2022\/05\/Be-Cool.jpg","contentUrl":"https:\/\/www.alpvisionresidences.com\/blog\/wp-content\/uploads\/2022\/05\/Be-Cool.jpg","width":2000,"height":1600},{"@type":"BreadcrumbList","@id":"https:\/\/www.alpvisionresidences.com\/blog\/fr\/ou-se-loger-pour-un-travail-temporaire\/#breadcrumb","itemListElement":[{"@type":"ListItem","position":1,"name":"Home","item":"https:\/\/www.alpvisionresidences.com\/blog\/fr\/"},{"@type":"ListItem","position":2,"name":"O\u00f9 se loger pour un travail temporaire?"}]},{"@type":"WebSite","@id":"https:\/\/www.alpvisionresidences.com\/blog\/fr\/#website","url":"https:\/\/www.alpvisionresidences.com\/blog\/fr\/","name":"alpvisionresidences.com","description":"Alpvision r\u00e9sidences","publisher":{"@id":"https:\/\/www.alpvisionresidences.com\/blog\/fr\/#organization"},"potentialAction":[{"@type":"SearchAction","target":{"@type":"EntryPoint","urlTemplate":"https:\/\/www.alpvisionresidences.com\/blog\/fr\/?s={search_term_string}"},"query-input":{"@type":"PropertyValueSpecification","valueRequired":true,"valueName":"search_term_string"}}],"inLanguage":"fr"},{"@type":"Organization","@id":"https:\/\/www.alpvisionresidences.com\/blog\/fr\/#organization","name":"Alpvision Residences","url":"https:\/\/www.alpvisionresidences.com\/blog\/fr\/","logo":{"@type":"ImageObject","inLanguage":"fr","@id":"https:\/\/www.alpvisionresidences.com\/blog\/fr\/#\/schema\/logo\/image\/","url":"https:\/\/www.alpvisionresidences.com\/blog\/wp-content\/uploads\/2022\/01\/alpvision_icone1_bleu_negatif-Redimensionne-pour-profil.png","contentUrl":"https:\/\/www.alpvisionresidences.com\/blog\/wp-content\/uploads\/2022\/01\/alpvision_icone1_bleu_negatif-Redimensionne-pour-profil.png","width":522,"height":478,"caption":"Alpvision Residences"},"image":{"@id":"https:\/\/www.alpvisionresidences.com\/blog\/fr\/#\/schema\/logo\/image\/"},"sameAs":["https:\/\/www.facebook.com\/AlpvisionResidences\/","https:\/\/www.instagram.com\/alpvisionresidences\/"]},{"@type":"Person","@id":"https:\/\/www.alpvisionresidences.com\/blog\/fr\/#\/schema\/person\/51ca1eab7ba27fa67ef90f1171928537","name":"alpvision","image":{"@type":"ImageObject","inLanguage":"fr","@id":"https:\/\/secure.gravatar.com\/avatar\/12aed967b3ee801371482470bdc1042c671499c3614a04f8a6980d7e3bbc65d0?s=96&d=mm&r=g","url":"https:\/\/secure.gravatar.com\/avatar\/12aed967b3ee801371482470bdc1042c671499c3614a04f8a6980d7e3bbc65d0?s=96&d=mm&r=g","contentUrl":"https:\/\/secure.gravatar.com\/avatar\/12aed967b3ee801371482470bdc1042c671499c3614a04f8a6980d7e3bbc65d0?s=96&d=mm&r=g","caption":"alpvision"},"url":"https:\/\/www.alpvisionresidences.com\/blog\/fr\/author\/alpvision\/"}]}},"_links":{"self":[{"href":"https:\/\/www.alpvisionresidences.com\/blog\/fr\/wp-json\/wp\/v2\/posts\/2387","targetHints":{"allow":["GET"]}}],"collection":[{"href":"https:\/\/www.alpvisionresidences.com\/blog\/fr\/wp-json\/wp\/v2\/posts"}],"about":[{"href":"https:\/\/www.alpvisionresidences.com\/blog\/fr\/wp-json\/wp\/v2\/types\/post"}],"author":[{"embeddable":true,"href":"https:\/\/www.alpvisionresidences.com\/blog\/fr\/wp-json\/wp\/v2\/users\/2"}],"replies":[{"embeddable":true,"href":"https:\/\/www.alpvisionresidences.com\/blog\/fr\/wp-json\/wp\/v2\/comments?post=2387"}],"version-history":[{"count":17,"href":"https:\/\/www.alpvisionresidences.com\/blog\/fr\/wp-json\/wp\/v2\/posts\/2387\/revisions"}],"predecessor-version":[{"id":2951,"href":"https:\/\/www.alpvisionresidences.com\/blog\/fr\/wp-json\/wp\/v2\/posts\/2387\/revisions\/2951"}],"wp:featuredmedia":[{"embeddable":true,"href":"https:\/\/www.alpvisionresidences.com\/blog\/fr\/wp-json\/wp\/v2\/media\/2935"}],"wp:attachment":[{"href":"https:\/\/www.alpvisionresidences.com\/blog\/fr\/wp-json\/wp\/v2\/media?parent=2387"}],"wp:term":[{"taxonomy":"category","embeddable":true,"href":"https:\/\/www.alpvisionresidences.com\/blog\/fr\/wp-json\/wp\/v2\/categories?post=2387"},{"taxonomy":"post_tag","embeddable":true,"href":"https:\/\/www.alpvisionresidences.com\/blog\/fr\/wp-json\/wp\/v2\/tags?post=2387"}],"curies":[{"name":"wp","href":"https:\/\/api.w.org\/{rel}","templated":true}]}}