{"id":2758,"date":"2022-08-01T14:32:45","date_gmt":"2022-08-01T14:32:45","guid":{"rendered":"https:\/\/www.alpvisionresidences.com\/blog\/?p=2758"},"modified":"2025-02-20T08:27:26","modified_gmt":"2025-02-20T08:27:26","slug":"hiver-epoustouflant-au-domaine-des-3-vallees","status":"publish","type":"post","link":"https:\/\/www.alpvisionresidences.com\/blog\/fr\/hiver-epoustouflant-au-domaine-des-3-vallees\/","title":{"rendered":"Hiver \u00e9poustouflant aux 3 vall\u00e9es"},"content":{"rendered":"\n<p class=\"has-text-align-left\">Le domaine des 3 vall\u00e9es en France, l&#8217;un des plus grands paradis skiable du monde, s\u2019offre \u00e0 vous&nbsp;! Vous r\u00eavez de moments privil\u00e9gi\u00e9s en famille, entre amis ou entre coll\u00e8gues&nbsp;en hiver&nbsp;? Alors, vous \u00eates au bon endroit. D\u00e9couvrez un espace incommensurable aux <strong>multiples attractions<\/strong> et d\u2019une <strong>splendeur \u00e0 couper le souffle<\/strong>.&nbsp;&nbsp;&nbsp;<\/p>\n\n\n\n<h2 class=\"wp-block-heading\">Domaine skiable 3 vall\u00e9es&nbsp;: aper\u00e7u de 3 aires exceptionnelles&nbsp;<\/h2>\n\n\n\n<p>Aux<strong> <a href=\"https:\/\/www.les3vallees.com\/fr\">3 vall\u00e9es<\/a><\/strong>, de nombreux espaces skiables se dressent devant vous. En mati\u00e8re d\u2019activit\u00e9, chacun y trouve son compte&nbsp;: habitu\u00e9s, d\u00e9butants, professionnels. Parcourez des centaines de m\u00e8tres <strong>soigneusement am\u00e9nag\u00e9s et s\u00e9curis\u00e9s<\/strong>, skiez dans<strong> la bonne humeur<\/strong>, seul ou accompagn\u00e9.&nbsp;<\/p>\n\n\n\n<h3 class=\"has-text-align-left wp-block-heading\"><sub><strong>Courchevel et ses 6 villages<\/strong>&nbsp;&nbsp;&nbsp;&nbsp;&nbsp;<\/sub><\/h3>\n\n\n\n<p class=\"has-text-align-left\">Il faut souligner que cette station au c\u0153ur des Alpes fran\u00e7aises c\u00f4toie des for\u00eats et d\u2019impressionnantes montagnes. Compos\u00e9e de 6 villages, Courchevel est l\u2019aire de ski la plus vaste des 3 vall\u00e9es. Ainsi, post\u00e9 en altitude, vous pourrez profiter d\u2019une <strong>vue imprenable sur le mont Blanc et les pics de la Vanoise<\/strong>. Alors, \u00e0 vous de choisir le village que vous souhaiteriez explorer \u00e0 plus de 1&#8217;000&nbsp;m d\u2019altitude.<\/p>\n\n\n\n<h3 class=\"wp-block-heading\"><sub>M\u00e9ribel&nbsp;: la station aux 5 quartiers<\/sub><\/h3>\n\n\n\n<p>Situ\u00e9e au centre des 3 vall\u00e9es, M\u00e9ribel regorge de nombreux atouts. Caract\u00e9ris\u00e9e par des <strong>constructions originales<\/strong> et un <strong>cadre saisissant<\/strong>, la station se d\u00e9voile au rythme de vie de ses quartiers. Vous ne resterez pas indiff\u00e9rent \u00e0 l\u2019\u00e9l\u00e9gance de ses 5 quartiers.<\/p>\n\n\n\n<h3 class=\"wp-block-heading\"><sub>Les Menuires&nbsp;: un accent sur la touche familiale<\/sub><\/h3>\n\n\n\n<p>Les Menuires se distinguent par leur architecture avant-gardiste. Malgr\u00e9 six d\u00e9cennies d\u2019existence, la tendance est aux \u00e9difices somptueux, cr\u00e9ant une ambiance exclusive dans les arcanes de la station. En outre, les am\u00e9nagements pour accueillir les familles t\u00e9moignent de l\u2019attention port\u00e9e \u00e0 ces derni\u00e8res.&nbsp;<\/p>\n\n\n\n<figure class=\"wp-block-image size-full is-resized\"><img fetchpriority=\"high\" decoding=\"async\" src=\"https:\/\/www.alpvisionresidences.com\/blog\/wp-content\/uploads\/2022\/08\/Chalet-min-1.png\" alt=\"\" class=\"wp-image-2879\" width=\"576\" height=\"461\" srcset=\"https:\/\/www.alpvisionresidences.com\/blog\/wp-content\/uploads\/2022\/08\/Chalet-min-1.png 2000w, https:\/\/www.alpvisionresidences.com\/blog\/wp-content\/uploads\/2022\/08\/Chalet-min-1-768x614.png 768w, https:\/\/www.alpvisionresidences.com\/blog\/wp-content\/uploads\/2022\/08\/Chalet-min-1-1536x1229.png 1536w\" sizes=\"(max-width: 576px) 100vw, 576px\" \/><\/figure>\n\n\n\n<h2 class=\"wp-block-heading\">Plan des pistes&nbsp;: des parcours travaill\u00e9s pour vous&nbsp;<\/h2>\n\n\n\n<p>\u00cates-vous par\u00e9 pour d\u00e9valer des m\u00e8tres de neige sans complexe&nbsp;et de vivre des <strong>sensations en grandeur nature<\/strong>? Alors, voici 3 pistes de l\u00e9gende \u00e0 exp\u00e9rimenter seul ou en groupe.&nbsp;<\/p>\n\n\n\n<h3 class=\"wp-block-heading\"><sub>La J\u00e9rusalem&nbsp;: le circuit vedette de Saint-Martin-de-Belleville<\/sub><\/h3>\n\n\n\n<p>Quel plaisir que de fouler une piste facile dans une merveilleuse atmosph\u00e8re&nbsp;! Des demeures en pierres d\u00e9sertes se m\u00ealent au spectacle d\u2019une exploration d\u2019une zone o\u00f9 r\u00e8gne le silence. En principe, enfants et autres d\u00e9butants s\u2019y sentiront dans leur \u00e9l\u00e9ment.&nbsp;&nbsp;&nbsp;&nbsp;<\/p>\n\n\n\n<h3 class=\"wp-block-heading\"><sub>L\u2019\u00c9clipse&nbsp;: la nouveaut\u00e9 de Courchevel-Le Praz<\/sub><\/h3>\n\n\n\n<p>En plus d&#8217;\u00eatre un d\u00e9fi en tant que telle, l\u2019\u00c9clipse est le plus long chemin du domaine des 3 vall\u00e9es. Sans surprise, cette piste a \u00e9t\u00e9 s\u00e9lectionn\u00e9e pour les mondiaux de ski de 2023. Par cons\u00e9quent, il faut avoir l\u2019\u00e9toffe des champions pour braver ce parcours.&nbsp;&nbsp;&nbsp;<\/p>\n\n\n\n<h3 class=\"wp-block-heading\"><sub>La Roc de Fer \u00e0 M\u00e9ribel<\/sub><\/h3>\n\n\n\n<p>Du haut de ses 2&#8217;294&nbsp;m, la sc\u00e8ne est extraordinaire&nbsp;! \u00c0 cette altitude, descente palpitante assur\u00e9e. Heureusement, il s\u2019agit d\u2019une piste facile. Ainsi, peu importe votre niveau, vous pourrez d\u00e9valer une all\u00e9e am\u00e9nag\u00e9e pour la f\u00eate mondiale du ski l\u2019an prochain.&nbsp;&nbsp;<\/p>\n\n\n\n<figure class=\"wp-block-image size-full is-resized\"><img decoding=\"async\" src=\"https:\/\/www.alpvisionresidences.com\/blog\/wp-content\/uploads\/2022\/08\/Filles-min-1.png\" alt=\"\" class=\"wp-image-2883\" width=\"583\" height=\"466\" srcset=\"https:\/\/www.alpvisionresidences.com\/blog\/wp-content\/uploads\/2022\/08\/Filles-min-1.png 2000w, https:\/\/www.alpvisionresidences.com\/blog\/wp-content\/uploads\/2022\/08\/Filles-min-1-768x614.png 768w, https:\/\/www.alpvisionresidences.com\/blog\/wp-content\/uploads\/2022\/08\/Filles-min-1-1536x1229.png 1536w\" sizes=\"(max-width: 583px) 100vw, 583px\" \/><\/figure>\n\n\n\n<h2 class=\"wp-block-heading\">Forfait les 3 vall\u00e9es&nbsp;: plusieurs formules au choix&nbsp;<\/h2>\n\n\n\n<p>Afin de satisfaire une client\u00e8le nombreuse et vari\u00e9e, les offres propos\u00e9es sont flexibles. Elles prennent en compte, entre autre, la dur\u00e9e de votre s\u00e9jour et le nombre de personnes.\u00a0R\u00e9servez vos <a href=\"https:\/\/www.skiresort.fr\/domaine-skiable\/les-3-vallees-val-thorensles-menuiresmeribelcourchevel\/evaluation\/\">forfaits de ski dans les 3 Vall\u00e9es<\/a>.<\/p>\n\n\n\n<h3 class=\"wp-block-heading\"><sub>Forfaits saison&nbsp;<\/sub><\/h3>\n\n\n\n<p>Vous souhaitez skier durant toute la saison sans trop de calculs&nbsp;? Une de ces formules fera l\u2019affaire&nbsp;:<\/p>\n\n\n\n<ul class=\"wp-block-list\"><li>Illimit\u00e9<\/li><li>Libert\u00e9<\/li><li>2\/7<\/li><li>SkiFlex<\/li><\/ul>\n\n\n\n<h3 class=\"wp-block-heading\"><sub>Forfaits \u00e0 la semaine et s\u00e9jours<\/sub><\/h3>\n\n\n\n<p>Vous pr\u00e9voyez un s\u00e9jour de 6 \u00e0 21 jours&nbsp;? Alors, vous pourrez en profiter avec un de ces pass&nbsp;:<\/p>\n\n\n\n<ul class=\"wp-block-list\"><li>Famille<\/li><li>Solo adulte<\/li><li>Tribu<\/li><li>Solo enfant<\/li><li>Solo senior<\/li><\/ul>\n\n\n\n<h3 class=\"wp-block-heading\"><sub>Forfaits pi\u00e9tons hiver<\/sub><\/h3>\n\n\n\n<p>Parce qu\u2019il n\u2019y a pas que le ski pour arpenter des sentiers enneig\u00e9s, deux formules s\u2019adressent aux pi\u00e9tons&nbsp;:<\/p>\n\n\n\n<ul class=\"wp-block-list\"><li>Pass 1 jour<\/li><li>Pass 6 jours<\/li><\/ul>\n\n\n\n<h2 class=\"wp-block-heading\">3 vall\u00e9es immobilier&nbsp;: de magnifiques r\u00e9sidences pour votre confort<\/h2>\n\n\n\n<p>Assurez sur les pistes, nous nous occupons de votre logement. Ainsi, nous fournissons des r\u00e9sidences conviviales sur diff\u00e9rents multiples. \u00c0 titre d\u2019illustration, nos h\u00e9bergements comportent&nbsp;:<\/p>\n\n\n\n<ul class=\"wp-block-list\"><li>Des \u00e9quipements \u00e9lectrom\u00e9nagers divers (micro-onde, r\u00e9frig\u00e9rateur, &#8230;)<\/li><li>Des accessoires multim\u00e9dias (t\u00e9l\u00e9vision, wifi, TNT, &#8230;)<\/li><li>Des am\u00e9nagements (balcon, terrasse, parkings, &#8230;)&nbsp;<\/li><\/ul>\n\n\n\n<p>Profitez de votre s\u00e9jour en toute s\u00e9r\u00e9nit\u00e9, <a href=\"https:\/\/www.alpvisionresidences.com\/fr\/location\/location-locations-p0\/\">Alpvision<\/a> vous accompagne!<\/p>\n\n\n\n<figure class=\"wp-block-image size-full is-resized\"><img decoding=\"async\" src=\"https:\/\/www.alpvisionresidences.com\/blog\/wp-content\/uploads\/2022\/08\/Cafe-min-1.png\" alt=\"\" class=\"wp-image-2891\" width=\"575\" height=\"460\" srcset=\"https:\/\/www.alpvisionresidences.com\/blog\/wp-content\/uploads\/2022\/08\/Cafe-min-1.png 2000w, https:\/\/www.alpvisionresidences.com\/blog\/wp-content\/uploads\/2022\/08\/Cafe-min-1-768x614.png 768w, https:\/\/www.alpvisionresidences.com\/blog\/wp-content\/uploads\/2022\/08\/Cafe-min-1-1536x1229.png 1536w\" sizes=\"(max-width: 575px) 100vw, 575px\" \/><\/figure>\n\n\n\n<h2 class=\"wp-block-heading\">3 vall\u00e9es express&nbsp;: ascension notoire \u00e0 Orelle&nbsp;<\/h2>\n\n\n\n<p>Le remplacement de la t\u00e9l\u00e9cabine 3 vall\u00e9es express \u00e0 Orelle et la cr\u00e9ation d\u2019une nouvelle connectant Orelle et Cime Caron produisent un r\u00e9sultat au sommet. Dor\u00e9navant, les skieurs pourront couvrir de 900&nbsp;m \u00e0 2&#8217;300&nbsp;m d\u2019altitude en 15 minutes.&nbsp;<\/p>\n\n\n\n<p>En somme, les 3 vall\u00e9es vous offrent mille raisons d\u2019y faire un tour&nbsp;: paysages pittoresques, nature brute et pr\u00e9serv\u00e9e, attractions diverses. Alors, si vous preniez de l\u2019avance en d\u00e9couvrant nos <strong>belles r\u00e9sidences<\/strong> dans cette station de ski mondiale&nbsp;?<\/p>\n\n\n\n<h2 class=\"wp-block-heading\"><sub><a href=\"https:\/\/www.alpvisionresidences.com\/fr\/location\/location-locations-p0\/\">D\u00e9couvrez les 4 vall\u00e9es en Suisse<\/a><\/sub><\/h2>\n","protected":false},"excerpt":{"rendered":"<p>Le domaine des 3 vall\u00e9es en France, l&#8217;un des plus grands paradis skiable du monde, s\u2019offre \u00e0 vous&nbsp;! Vous r\u00eavez&#8230;<\/p>\n","protected":false},"author":3,"featured_media":2895,"comment_status":"closed","ping_status":"closed","sticky":false,"template":"","format":"standard","meta":{"footnotes":""},"categories":[438,48,411,473,442,477],"tags":[],"class_list":["post-2758","post","type-post","status-publish","format-standard","has-post-thumbnail","hentry","category-3-vallees-fr","category-activites-en-france","category-alpes-francaises","category-hiver","category-orelle-fr","category-ski"],"yoast_head":"<!-- This site is optimized with the Yoast SEO plugin v27.4 - https:\/\/yoast.com\/product\/yoast-seo-wordpress\/ -->\n<title>L&#039;hiver dans le domaine des 3 vall\u00e9es en France | Blog Alpvision<\/title>\n<meta name=\"description\" content=\"D\u00e9couvrez le domaine des 3 vall\u00e9es et vivez un hiver riche en rebondissements. Pour en savoir plus, cliquez ici!\" \/>\n<meta name=\"robots\" content=\"index, follow, max-snippet:-1, max-image-preview:large, max-video-preview:-1\" \/>\n<link rel=\"canonical\" href=\"https:\/\/www.alpvisionresidences.com\/blog\/fr\/hiver-epoustouflant-au-domaine-des-3-vallees\/\" \/>\n<meta property=\"og:locale\" content=\"fr_FR\" \/>\n<meta property=\"og:type\" content=\"article\" \/>\n<meta property=\"og:title\" content=\"L&#039;hiver dans le domaine des 3 vall\u00e9es en France | Blog Alpvision\" \/>\n<meta property=\"og:description\" content=\"D\u00e9couvrez le domaine des 3 vall\u00e9es et vivez un hiver riche en rebondissements. Pour en savoir plus, cliquez ici!\" \/>\n<meta property=\"og:url\" content=\"https:\/\/www.alpvisionresidences.com\/blog\/fr\/hiver-epoustouflant-au-domaine-des-3-vallees\/\" \/>\n<meta property=\"og:site_name\" content=\"Get Inspired\" \/>\n<meta property=\"article:publisher\" content=\"https:\/\/www.facebook.com\/AlpvisionResidences\/\" \/>\n<meta property=\"article:published_time\" content=\"2022-08-01T14:32:45+00:00\" \/>\n<meta property=\"article:modified_time\" content=\"2025-02-20T08:27:26+00:00\" \/>\n<meta property=\"og:image\" content=\"https:\/\/www.alpvisionresidences.com\/blog\/wp-content\/uploads\/2022\/08\/Panneaux-min-1.png\" \/>\n\t<meta property=\"og:image:width\" content=\"2000\" \/>\n\t<meta property=\"og:image:height\" content=\"1600\" \/>\n\t<meta property=\"og:image:type\" content=\"image\/png\" \/>\n<meta name=\"author\" content=\"digitalservices\" \/>\n<meta name=\"twitter:card\" content=\"summary_large_image\" \/>\n<meta name=\"twitter:label1\" content=\"Written by\" \/>\n\t<meta name=\"twitter:data1\" content=\"digitalservices\" \/>\n\t<meta name=\"twitter:label2\" content=\"Est. reading time\" \/>\n\t<meta name=\"twitter:data2\" content=\"4 minutes\" \/>\n<script type=\"application\/ld+json\" class=\"yoast-schema-graph\">{\"@context\":\"https:\\\/\\\/schema.org\",\"@graph\":[{\"@type\":\"Article\",\"@id\":\"https:\\\/\\\/www.alpvisionresidences.com\\\/blog\\\/fr\\\/hiver-epoustouflant-au-domaine-des-3-vallees\\\/#article\",\"isPartOf\":{\"@id\":\"https:\\\/\\\/www.alpvisionresidences.com\\\/blog\\\/fr\\\/hiver-epoustouflant-au-domaine-des-3-vallees\\\/\"},\"author\":{\"name\":\"digitalservices\",\"@id\":\"https:\\\/\\\/www.alpvisionresidences.com\\\/blog\\\/fr\\\/#\\\/schema\\\/person\\\/6e9d17dd9b9dc7fb1f883ab503416e85\"},\"headline\":\"Hiver \u00e9poustouflant aux 3 vall\u00e9es\",\"datePublished\":\"2022-08-01T14:32:45+00:00\",\"dateModified\":\"2025-02-20T08:27:26+00:00\",\"mainEntityOfPage\":{\"@id\":\"https:\\\/\\\/www.alpvisionresidences.com\\\/blog\\\/fr\\\/hiver-epoustouflant-au-domaine-des-3-vallees\\\/\"},\"wordCount\":889,\"publisher\":{\"@id\":\"https:\\\/\\\/www.alpvisionresidences.com\\\/blog\\\/fr\\\/#organization\"},\"image\":{\"@id\":\"https:\\\/\\\/www.alpvisionresidences.com\\\/blog\\\/fr\\\/hiver-epoustouflant-au-domaine-des-3-vallees\\\/#primaryimage\"},\"thumbnailUrl\":\"https:\\\/\\\/www.alpvisionresidences.com\\\/blog\\\/wp-content\\\/uploads\\\/2022\\\/08\\\/Panneaux-min-1.png\",\"articleSection\":[\"3 Vall\u00e9es\",\"Activit\u00e9s en France\",\"Alpes Fran\u00e7aises\",\"Hiver\",\"Orelle\",\"Ski\"],\"inLanguage\":\"fr\"},{\"@type\":\"WebPage\",\"@id\":\"https:\\\/\\\/www.alpvisionresidences.com\\\/blog\\\/fr\\\/hiver-epoustouflant-au-domaine-des-3-vallees\\\/\",\"url\":\"https:\\\/\\\/www.alpvisionresidences.com\\\/blog\\\/fr\\\/hiver-epoustouflant-au-domaine-des-3-vallees\\\/\",\"name\":\"L'hiver dans le domaine des 3 vall\u00e9es en France | Blog Alpvision\",\"isPartOf\":{\"@id\":\"https:\\\/\\\/www.alpvisionresidences.com\\\/blog\\\/fr\\\/#website\"},\"primaryImageOfPage\":{\"@id\":\"https:\\\/\\\/www.alpvisionresidences.com\\\/blog\\\/fr\\\/hiver-epoustouflant-au-domaine-des-3-vallees\\\/#primaryimage\"},\"image\":{\"@id\":\"https:\\\/\\\/www.alpvisionresidences.com\\\/blog\\\/fr\\\/hiver-epoustouflant-au-domaine-des-3-vallees\\\/#primaryimage\"},\"thumbnailUrl\":\"https:\\\/\\\/www.alpvisionresidences.com\\\/blog\\\/wp-content\\\/uploads\\\/2022\\\/08\\\/Panneaux-min-1.png\",\"datePublished\":\"2022-08-01T14:32:45+00:00\",\"dateModified\":\"2025-02-20T08:27:26+00:00\",\"description\":\"D\u00e9couvrez le domaine des 3 vall\u00e9es et vivez un hiver riche en rebondissements. Pour en savoir plus, cliquez ici!\",\"breadcrumb\":{\"@id\":\"https:\\\/\\\/www.alpvisionresidences.com\\\/blog\\\/fr\\\/hiver-epoustouflant-au-domaine-des-3-vallees\\\/#breadcrumb\"},\"inLanguage\":\"fr\",\"potentialAction\":[{\"@type\":\"ReadAction\",\"target\":[\"https:\\\/\\\/www.alpvisionresidences.com\\\/blog\\\/fr\\\/hiver-epoustouflant-au-domaine-des-3-vallees\\\/\"]}]},{\"@type\":\"ImageObject\",\"inLanguage\":\"fr\",\"@id\":\"https:\\\/\\\/www.alpvisionresidences.com\\\/blog\\\/fr\\\/hiver-epoustouflant-au-domaine-des-3-vallees\\\/#primaryimage\",\"url\":\"https:\\\/\\\/www.alpvisionresidences.com\\\/blog\\\/wp-content\\\/uploads\\\/2022\\\/08\\\/Panneaux-min-1.png\",\"contentUrl\":\"https:\\\/\\\/www.alpvisionresidences.com\\\/blog\\\/wp-content\\\/uploads\\\/2022\\\/08\\\/Panneaux-min-1.png\",\"width\":2000,\"height\":1600},{\"@type\":\"BreadcrumbList\",\"@id\":\"https:\\\/\\\/www.alpvisionresidences.com\\\/blog\\\/fr\\\/hiver-epoustouflant-au-domaine-des-3-vallees\\\/#breadcrumb\",\"itemListElement\":[{\"@type\":\"ListItem\",\"position\":1,\"name\":\"Home\",\"item\":\"https:\\\/\\\/www.alpvisionresidences.com\\\/blog\\\/fr\\\/\"},{\"@type\":\"ListItem\",\"position\":2,\"name\":\"Hiver \u00e9poustouflant aux 3 vall\u00e9es\"}]},{\"@type\":\"WebSite\",\"@id\":\"https:\\\/\\\/www.alpvisionresidences.com\\\/blog\\\/fr\\\/#website\",\"url\":\"https:\\\/\\\/www.alpvisionresidences.com\\\/blog\\\/fr\\\/\",\"name\":\"alpvisionresidences.com\",\"description\":\"Alpvision r\u00e9sidences\",\"publisher\":{\"@id\":\"https:\\\/\\\/www.alpvisionresidences.com\\\/blog\\\/fr\\\/#organization\"},\"potentialAction\":[{\"@type\":\"SearchAction\",\"target\":{\"@type\":\"EntryPoint\",\"urlTemplate\":\"https:\\\/\\\/www.alpvisionresidences.com\\\/blog\\\/fr\\\/?s={search_term_string}\"},\"query-input\":{\"@type\":\"PropertyValueSpecification\",\"valueRequired\":true,\"valueName\":\"search_term_string\"}}],\"inLanguage\":\"fr\"},{\"@type\":\"Organization\",\"@id\":\"https:\\\/\\\/www.alpvisionresidences.com\\\/blog\\\/fr\\\/#organization\",\"name\":\"Alpvision Residences\",\"url\":\"https:\\\/\\\/www.alpvisionresidences.com\\\/blog\\\/fr\\\/\",\"logo\":{\"@type\":\"ImageObject\",\"inLanguage\":\"fr\",\"@id\":\"https:\\\/\\\/www.alpvisionresidences.com\\\/blog\\\/fr\\\/#\\\/schema\\\/logo\\\/image\\\/\",\"url\":\"https:\\\/\\\/www.alpvisionresidences.com\\\/blog\\\/wp-content\\\/uploads\\\/2022\\\/01\\\/alpvision_icone1_bleu_negatif-Redimensionne-pour-profil.png\",\"contentUrl\":\"https:\\\/\\\/www.alpvisionresidences.com\\\/blog\\\/wp-content\\\/uploads\\\/2022\\\/01\\\/alpvision_icone1_bleu_negatif-Redimensionne-pour-profil.png\",\"width\":522,\"height\":478,\"caption\":\"Alpvision Residences\"},\"image\":{\"@id\":\"https:\\\/\\\/www.alpvisionresidences.com\\\/blog\\\/fr\\\/#\\\/schema\\\/logo\\\/image\\\/\"},\"sameAs\":[\"https:\\\/\\\/www.facebook.com\\\/AlpvisionResidences\\\/\",\"https:\\\/\\\/www.instagram.com\\\/alpvisionresidences\\\/\"]},{\"@type\":\"Person\",\"@id\":\"https:\\\/\\\/www.alpvisionresidences.com\\\/blog\\\/fr\\\/#\\\/schema\\\/person\\\/6e9d17dd9b9dc7fb1f883ab503416e85\",\"name\":\"digitalservices\",\"image\":{\"@type\":\"ImageObject\",\"inLanguage\":\"fr\",\"@id\":\"https:\\\/\\\/secure.gravatar.com\\\/avatar\\\/af30f88a1904294c1f3eb09a9d7903eec4ffa18fa2cf40c28a8681014ecdfc20?s=96&d=mm&r=g\",\"url\":\"https:\\\/\\\/secure.gravatar.com\\\/avatar\\\/af30f88a1904294c1f3eb09a9d7903eec4ffa18fa2cf40c28a8681014ecdfc20?s=96&d=mm&r=g\",\"contentUrl\":\"https:\\\/\\\/secure.gravatar.com\\\/avatar\\\/af30f88a1904294c1f3eb09a9d7903eec4ffa18fa2cf40c28a8681014ecdfc20?s=96&d=mm&r=g\",\"caption\":\"digitalservices\"},\"url\":\"https:\\\/\\\/www.alpvisionresidences.com\\\/blog\\\/fr\\\/author\\\/digitalservices\\\/\"}]}<\/script>\n<!-- \/ Yoast SEO plugin. -->","yoast_head_json":{"title":"L'hiver dans le domaine des 3 vall\u00e9es en France | Blog Alpvision","description":"D\u00e9couvrez le domaine des 3 vall\u00e9es et vivez un hiver riche en rebondissements. Pour en savoir plus, cliquez ici!","robots":{"index":"index","follow":"follow","max-snippet":"max-snippet:-1","max-image-preview":"max-image-preview:large","max-video-preview":"max-video-preview:-1"},"canonical":"https:\/\/www.alpvisionresidences.com\/blog\/fr\/hiver-epoustouflant-au-domaine-des-3-vallees\/","og_locale":"fr_FR","og_type":"article","og_title":"L'hiver dans le domaine des 3 vall\u00e9es en France | Blog Alpvision","og_description":"D\u00e9couvrez le domaine des 3 vall\u00e9es et vivez un hiver riche en rebondissements. Pour en savoir plus, cliquez ici!","og_url":"https:\/\/www.alpvisionresidences.com\/blog\/fr\/hiver-epoustouflant-au-domaine-des-3-vallees\/","og_site_name":"Get Inspired","article_publisher":"https:\/\/www.facebook.com\/AlpvisionResidences\/","article_published_time":"2022-08-01T14:32:45+00:00","article_modified_time":"2025-02-20T08:27:26+00:00","og_image":[{"width":2000,"height":1600,"url":"https:\/\/www.alpvisionresidences.com\/blog\/wp-content\/uploads\/2022\/08\/Panneaux-min-1.png","type":"image\/png"}],"author":"digitalservices","twitter_card":"summary_large_image","twitter_misc":{"Written by":"digitalservices","Est. reading time":"4 minutes"},"schema":{"@context":"https:\/\/schema.org","@graph":[{"@type":"Article","@id":"https:\/\/www.alpvisionresidences.com\/blog\/fr\/hiver-epoustouflant-au-domaine-des-3-vallees\/#article","isPartOf":{"@id":"https:\/\/www.alpvisionresidences.com\/blog\/fr\/hiver-epoustouflant-au-domaine-des-3-vallees\/"},"author":{"name":"digitalservices","@id":"https:\/\/www.alpvisionresidences.com\/blog\/fr\/#\/schema\/person\/6e9d17dd9b9dc7fb1f883ab503416e85"},"headline":"Hiver \u00e9poustouflant aux 3 vall\u00e9es","datePublished":"2022-08-01T14:32:45+00:00","dateModified":"2025-02-20T08:27:26+00:00","mainEntityOfPage":{"@id":"https:\/\/www.alpvisionresidences.com\/blog\/fr\/hiver-epoustouflant-au-domaine-des-3-vallees\/"},"wordCount":889,"publisher":{"@id":"https:\/\/www.alpvisionresidences.com\/blog\/fr\/#organization"},"image":{"@id":"https:\/\/www.alpvisionresidences.com\/blog\/fr\/hiver-epoustouflant-au-domaine-des-3-vallees\/#primaryimage"},"thumbnailUrl":"https:\/\/www.alpvisionresidences.com\/blog\/wp-content\/uploads\/2022\/08\/Panneaux-min-1.png","articleSection":["3 Vall\u00e9es","Activit\u00e9s en France","Alpes Fran\u00e7aises","Hiver","Orelle","Ski"],"inLanguage":"fr"},{"@type":"WebPage","@id":"https:\/\/www.alpvisionresidences.com\/blog\/fr\/hiver-epoustouflant-au-domaine-des-3-vallees\/","url":"https:\/\/www.alpvisionresidences.com\/blog\/fr\/hiver-epoustouflant-au-domaine-des-3-vallees\/","name":"L'hiver dans le domaine des 3 vall\u00e9es en France | Blog Alpvision","isPartOf":{"@id":"https:\/\/www.alpvisionresidences.com\/blog\/fr\/#website"},"primaryImageOfPage":{"@id":"https:\/\/www.alpvisionresidences.com\/blog\/fr\/hiver-epoustouflant-au-domaine-des-3-vallees\/#primaryimage"},"image":{"@id":"https:\/\/www.alpvisionresidences.com\/blog\/fr\/hiver-epoustouflant-au-domaine-des-3-vallees\/#primaryimage"},"thumbnailUrl":"https:\/\/www.alpvisionresidences.com\/blog\/wp-content\/uploads\/2022\/08\/Panneaux-min-1.png","datePublished":"2022-08-01T14:32:45+00:00","dateModified":"2025-02-20T08:27:26+00:00","description":"D\u00e9couvrez le domaine des 3 vall\u00e9es et vivez un hiver riche en rebondissements. Pour en savoir plus, cliquez ici!","breadcrumb":{"@id":"https:\/\/www.alpvisionresidences.com\/blog\/fr\/hiver-epoustouflant-au-domaine-des-3-vallees\/#breadcrumb"},"inLanguage":"fr","potentialAction":[{"@type":"ReadAction","target":["https:\/\/www.alpvisionresidences.com\/blog\/fr\/hiver-epoustouflant-au-domaine-des-3-vallees\/"]}]},{"@type":"ImageObject","inLanguage":"fr","@id":"https:\/\/www.alpvisionresidences.com\/blog\/fr\/hiver-epoustouflant-au-domaine-des-3-vallees\/#primaryimage","url":"https:\/\/www.alpvisionresidences.com\/blog\/wp-content\/uploads\/2022\/08\/Panneaux-min-1.png","contentUrl":"https:\/\/www.alpvisionresidences.com\/blog\/wp-content\/uploads\/2022\/08\/Panneaux-min-1.png","width":2000,"height":1600},{"@type":"BreadcrumbList","@id":"https:\/\/www.alpvisionresidences.com\/blog\/fr\/hiver-epoustouflant-au-domaine-des-3-vallees\/#breadcrumb","itemListElement":[{"@type":"ListItem","position":1,"name":"Home","item":"https:\/\/www.alpvisionresidences.com\/blog\/fr\/"},{"@type":"ListItem","position":2,"name":"Hiver \u00e9poustouflant aux 3 vall\u00e9es"}]},{"@type":"WebSite","@id":"https:\/\/www.alpvisionresidences.com\/blog\/fr\/#website","url":"https:\/\/www.alpvisionresidences.com\/blog\/fr\/","name":"alpvisionresidences.com","description":"Alpvision r\u00e9sidences","publisher":{"@id":"https:\/\/www.alpvisionresidences.com\/blog\/fr\/#organization"},"potentialAction":[{"@type":"SearchAction","target":{"@type":"EntryPoint","urlTemplate":"https:\/\/www.alpvisionresidences.com\/blog\/fr\/?s={search_term_string}"},"query-input":{"@type":"PropertyValueSpecification","valueRequired":true,"valueName":"search_term_string"}}],"inLanguage":"fr"},{"@type":"Organization","@id":"https:\/\/www.alpvisionresidences.com\/blog\/fr\/#organization","name":"Alpvision Residences","url":"https:\/\/www.alpvisionresidences.com\/blog\/fr\/","logo":{"@type":"ImageObject","inLanguage":"fr","@id":"https:\/\/www.alpvisionresidences.com\/blog\/fr\/#\/schema\/logo\/image\/","url":"https:\/\/www.alpvisionresidences.com\/blog\/wp-content\/uploads\/2022\/01\/alpvision_icone1_bleu_negatif-Redimensionne-pour-profil.png","contentUrl":"https:\/\/www.alpvisionresidences.com\/blog\/wp-content\/uploads\/2022\/01\/alpvision_icone1_bleu_negatif-Redimensionne-pour-profil.png","width":522,"height":478,"caption":"Alpvision Residences"},"image":{"@id":"https:\/\/www.alpvisionresidences.com\/blog\/fr\/#\/schema\/logo\/image\/"},"sameAs":["https:\/\/www.facebook.com\/AlpvisionResidences\/","https:\/\/www.instagram.com\/alpvisionresidences\/"]},{"@type":"Person","@id":"https:\/\/www.alpvisionresidences.com\/blog\/fr\/#\/schema\/person\/6e9d17dd9b9dc7fb1f883ab503416e85","name":"digitalservices","image":{"@type":"ImageObject","inLanguage":"fr","@id":"https:\/\/secure.gravatar.com\/avatar\/af30f88a1904294c1f3eb09a9d7903eec4ffa18fa2cf40c28a8681014ecdfc20?s=96&d=mm&r=g","url":"https:\/\/secure.gravatar.com\/avatar\/af30f88a1904294c1f3eb09a9d7903eec4ffa18fa2cf40c28a8681014ecdfc20?s=96&d=mm&r=g","contentUrl":"https:\/\/secure.gravatar.com\/avatar\/af30f88a1904294c1f3eb09a9d7903eec4ffa18fa2cf40c28a8681014ecdfc20?s=96&d=mm&r=g","caption":"digitalservices"},"url":"https:\/\/www.alpvisionresidences.com\/blog\/fr\/author\/digitalservices\/"}]}},"_links":{"self":[{"href":"https:\/\/www.alpvisionresidences.com\/blog\/fr\/wp-json\/wp\/v2\/posts\/2758","targetHints":{"allow":["GET"]}}],"collection":[{"href":"https:\/\/www.alpvisionresidences.com\/blog\/fr\/wp-json\/wp\/v2\/posts"}],"about":[{"href":"https:\/\/www.alpvisionresidences.com\/blog\/fr\/wp-json\/wp\/v2\/types\/post"}],"author":[{"embeddable":true,"href":"https:\/\/www.alpvisionresidences.com\/blog\/fr\/wp-json\/wp\/v2\/users\/3"}],"replies":[{"embeddable":true,"href":"https:\/\/www.alpvisionresidences.com\/blog\/fr\/wp-json\/wp\/v2\/comments?post=2758"}],"version-history":[{"count":7,"href":"https:\/\/www.alpvisionresidences.com\/blog\/fr\/wp-json\/wp\/v2\/posts\/2758\/revisions"}],"predecessor-version":[{"id":3065,"href":"https:\/\/www.alpvisionresidences.com\/blog\/fr\/wp-json\/wp\/v2\/posts\/2758\/revisions\/3065"}],"wp:featuredmedia":[{"embeddable":true,"href":"https:\/\/www.alpvisionresidences.com\/blog\/fr\/wp-json\/wp\/v2\/media\/2895"}],"wp:attachment":[{"href":"https:\/\/www.alpvisionresidences.com\/blog\/fr\/wp-json\/wp\/v2\/media?parent=2758"}],"wp:term":[{"taxonomy":"category","embeddable":true,"href":"https:\/\/www.alpvisionresidences.com\/blog\/fr\/wp-json\/wp\/v2\/categories?post=2758"},{"taxonomy":"post_tag","embeddable":true,"href":"https:\/\/www.alpvisionresidences.com\/blog\/fr\/wp-json\/wp\/v2\/tags?post=2758"}],"curies":[{"name":"wp","href":"https:\/\/api.w.org\/{rel}","templated":true}]}}