{"id":4279,"date":"2023-02-10T08:46:10","date_gmt":"2023-02-10T08:46:10","guid":{"rendered":"https:\/\/www.alpvisionresidences.com\/blog\/?p=4279"},"modified":"2025-02-20T10:07:08","modified_gmt":"2025-02-20T10:07:08","slug":"spa-dans-les-alps","status":"publish","type":"post","link":"https:\/\/www.alpvisionresidences.com\/blog\/fr\/spa-dans-les-alps\/","title":{"rendered":"Venez vous ressourcer lors d&#8217;un s\u00e9jour au spa dans les Alpes !"},"content":{"rendered":"\t\t<div data-elementor-type=\"wp-post\" data-elementor-id=\"4279\" class=\"elementor elementor-4279 elementor-3995\" data-elementor-post-type=\"post\">\n\t\t\t\t\t\t<section class=\"elementor-section elementor-top-section elementor-element elementor-element-25e68ea5 elementor-section-boxed elementor-section-height-default elementor-section-height-default\" data-id=\"25e68ea5\" data-element_type=\"section\" data-e-type=\"section\">\n\t\t\t\t\t\t<div class=\"elementor-container elementor-column-gap-default\">\n\t\t\t\t\t<div class=\"elementor-column elementor-col-100 elementor-top-column elementor-element elementor-element-22649fda\" data-id=\"22649fda\" data-element_type=\"column\" data-e-type=\"column\">\n\t\t\t<div class=\"elementor-widget-wrap elementor-element-populated\">\n\t\t\t\t\t\t<div class=\"elementor-element elementor-element-e59b59a elementor-widget elementor-widget-text-editor\" data-id=\"e59b59a\" data-element_type=\"widget\" data-e-type=\"widget\" data-widget_type=\"text-editor.default\">\n\t\t\t\t<div class=\"elementor-widget-container\">\n\t\t\t\t\t\t\t\t\t<p><span style=\"font-weight: 400;\">Quand on passe des vacances \u00e0 la neige, rien de tel que de s\u2019offrir des moments de d\u00e9tente, entour\u00e9 des montagnes de la Savoie. En plus de respirer l\u2019air pur et d\u2019admirer de fantastiques paysages alpins, vous pourrez faire le plein d\u2019\u00e9nergie dans des stations de ski charmantes. Laissez-vous tenter par une vir\u00e9e revigorante \u00e0 la d\u00e9couverte d&#8217;un spa dans les Alpes !<\/span><\/p>\t\t\t\t\t\t\t\t<\/div>\n\t\t\t\t<\/div>\n\t\t\t\t<div class=\"elementor-element elementor-element-2688b1b7 elementor-widget elementor-widget-heading\" data-id=\"2688b1b7\" data-element_type=\"widget\" data-e-type=\"widget\" data-widget_type=\"heading.default\">\n\t\t\t\t<div class=\"elementor-widget-container\">\n\t\t\t\t\t<h2 class=\"elementor-heading-title elementor-size-default\">Passez un moment dans le spa de Veysonnaz\n<\/h2>\t\t\t\t<\/div>\n\t\t\t\t<\/div>\n\t\t\t\t<div class=\"elementor-element elementor-element-120ef0f9 elementor-widget elementor-widget-text-editor\" data-id=\"120ef0f9\" data-element_type=\"widget\" data-e-type=\"widget\" data-widget_type=\"text-editor.default\">\n\t\t\t\t<div class=\"elementor-widget-container\">\n\t\t\t\t\t\t\t\t\t<p><span style=\"font-weight: 400;\">Au c\u0153ur des Alpes Valaisannes, la <\/span><b>station de ski de Veysonnaz<\/b><span style=\"font-weight: 400;\"> charme ses visiteurs par son atmosph\u00e8re conviviale et authentique. Ce petit hameau en altitude dispose de <\/span><b>400 km de pistes <\/b><span style=\"font-weight: 400;\">et s\u2019impose comme un haut lieu pour pratiquer les sports d\u2019hiver. Veysonnaz est \u00e9galement le paradis des randonneurs avec ses <\/span><b>300 km de sentiers de balade<\/b><span style=\"font-weight: 400;\">. Surplombant la vall\u00e9e du Rh\u00f4ne, cette station montagnarde a beaucoup \u00e0 offrir.<\/span><\/p><p><span style=\"font-weight: 400;\">Si vous cherchez un endroit pour vous d\u00e9tendre, ne manquez pour rien au monde la visite du <\/span><a href=\"https:\/\/chaletroyal.ch\/fr\/\"><span style=\"font-weight: 400;\">Spa du Chalet Royal<\/span><\/a><span style=\"font-weight: 400;\">, incontournable. Apr\u00e8s une journ\u00e9e de ski, il vous accueillera comme il se doit et vous fera profiter de son espace d\u00e9tente. Jacuzzi, hammam, sauna\u2026 Vous serez compl\u00e8tement requinqu\u00e9 ! Le spa est ouvert tous les jours et offre des vues \u00e0 couper le souffle sur les Alpes.<\/span><\/p><p><span style=\"font-weight: 400;\">\u00a0<\/span><\/p>\t\t\t\t\t\t\t\t<\/div>\n\t\t\t\t<\/div>\n\t\t\t\t\t<\/div>\n\t\t<\/div>\n\t\t\t\t\t<\/div>\n\t\t<\/section>\n\t\t\t\t<section class=\"elementor-section elementor-top-section elementor-element elementor-element-1ab700f6 elementor-section-boxed elementor-section-height-default elementor-section-height-default\" data-id=\"1ab700f6\" data-element_type=\"section\" data-e-type=\"section\">\n\t\t\t\t\t\t<div class=\"elementor-container elementor-column-gap-default\">\n\t\t\t\t\t<div class=\"elementor-column elementor-col-50 elementor-top-column elementor-element elementor-element-4029cd3f\" data-id=\"4029cd3f\" data-element_type=\"column\" data-e-type=\"column\">\n\t\t\t<div class=\"elementor-widget-wrap elementor-element-populated\">\n\t\t\t\t\t\t<div class=\"elementor-element elementor-element-2dcbe5b2 elementor-widget elementor-widget-image\" data-id=\"2dcbe5b2\" data-element_type=\"widget\" data-e-type=\"widget\" data-widget_type=\"image.default\">\n\t\t\t\t<div class=\"elementor-widget-container\">\n\t\t\t\t\t\t\t\t\t\t\t\t\t\t\t<img fetchpriority=\"high\" decoding=\"async\" width=\"600\" height=\"630\" src=\"https:\/\/www.alpvisionresidences.com\/blog\/wp-content\/uploads\/2023\/02\/spa-chalet-royal-alpes-600x630.jpeg\" class=\"attachment-large size-large wp-image-4128\" alt=\"spa alpes chalet royal\" \/>\t\t\t\t\t\t\t\t\t\t\t\t\t\t\t<\/div>\n\t\t\t\t<\/div>\n\t\t\t\t\t<\/div>\n\t\t<\/div>\n\t\t\t\t<div class=\"elementor-column elementor-col-50 elementor-top-column elementor-element elementor-element-6896f99b\" data-id=\"6896f99b\" data-element_type=\"column\" data-e-type=\"column\">\n\t\t\t<div class=\"elementor-widget-wrap elementor-element-populated\">\n\t\t\t\t\t\t<div class=\"elementor-element elementor-element-2f02cee3 elementor-widget elementor-widget-image\" data-id=\"2f02cee3\" data-element_type=\"widget\" data-e-type=\"widget\" data-widget_type=\"image.default\">\n\t\t\t\t<div class=\"elementor-widget-container\">\n\t\t\t\t\t\t\t\t\t\t\t\t\t\t\t<img decoding=\"async\" width=\"600\" height=\"630\" src=\"https:\/\/www.alpvisionresidences.com\/blog\/wp-content\/uploads\/2023\/02\/spa-alpes-chalet-royal-600x630.jpeg\" class=\"attachment-large size-large wp-image-4124\" alt=\"spa alpes chalet royal\" \/>\t\t\t\t\t\t\t\t\t\t\t\t\t\t\t<\/div>\n\t\t\t\t<\/div>\n\t\t\t\t\t<\/div>\n\t\t<\/div>\n\t\t\t\t\t<\/div>\n\t\t<\/section>\n\t\t\t\t<section class=\"elementor-section elementor-top-section elementor-element elementor-element-9da8ce6 elementor-section-boxed elementor-section-height-default elementor-section-height-default\" data-id=\"9da8ce6\" data-element_type=\"section\" data-e-type=\"section\">\n\t\t\t\t\t\t<div class=\"elementor-container elementor-column-gap-default\">\n\t\t\t\t\t<div class=\"elementor-column elementor-col-100 elementor-top-column elementor-element elementor-element-70fd699\" data-id=\"70fd699\" data-element_type=\"column\" data-e-type=\"column\">\n\t\t\t<div class=\"elementor-widget-wrap elementor-element-populated\">\n\t\t\t\t\t\t<div class=\"elementor-element elementor-element-2f178da elementor-widget elementor-widget-heading\" data-id=\"2f178da\" data-element_type=\"widget\" data-e-type=\"widget\" data-widget_type=\"heading.default\">\n\t\t\t\t<div class=\"elementor-widget-container\">\n\t\t\t\t\t<h2 class=\"elementor-heading-title elementor-size-default\">Le spa de Nendaz vous fera profiter de nombreux bienfaits<\/h2>\t\t\t\t<\/div>\n\t\t\t\t<\/div>\n\t\t\t\t<div class=\"elementor-element elementor-element-54eb1b86 elementor-widget elementor-widget-text-editor\" data-id=\"54eb1b86\" data-element_type=\"widget\" data-e-type=\"widget\" data-widget_type=\"text-editor.default\">\n\t\t\t\t<div class=\"elementor-widget-container\">\n\t\t\t\t\t\t\t\t\t<p><span style=\"font-weight: 400;\">Dans le <b>domaine skiable des 4 Vall\u00e9es<\/b>, la <b>station de ski suisse de Nendaz<\/b> b\u00e9n\u00e9ficie d\u2019une situation privil\u00e9gi\u00e9e pour profiter de la neige. Dans le <b>canton du Valais<\/b>, celle-ci vous r\u00e9serve des exp\u00e9riences m\u00e9morables avec ses <b>410 km de pistes enneig\u00e9es<\/b>. Pour un moment de ressourcement absolu, rendez-vous dans <a href=\"https:\/\/www.hotelnendaz4vallees.ch\">l\u2019H\u00f4tel Nendaz 4 Vall\u00e9es &amp; Spa<\/a>, au Spa des Bisses. Compos\u00e9 de plusieurs saunas, hammam et piscines \u00e0 remous, c\u2019est l\u2019endroit id\u00e9al pour se reposer seul ou en famille.<\/span><span style=\"font-weight: 400;\"><br \/><\/span><\/p>\t\t\t\t\t\t\t\t<\/div>\n\t\t\t\t<\/div>\n\t\t\t\t\t<\/div>\n\t\t<\/div>\n\t\t\t\t\t<\/div>\n\t\t<\/section>\n\t\t\t\t<section class=\"elementor-section elementor-top-section elementor-element elementor-element-55b1d56f elementor-section-boxed elementor-section-height-default elementor-section-height-default\" data-id=\"55b1d56f\" data-element_type=\"section\" data-e-type=\"section\">\n\t\t\t\t\t\t<div class=\"elementor-container elementor-column-gap-default\">\n\t\t\t\t\t<div class=\"elementor-column elementor-col-100 elementor-top-column elementor-element elementor-element-ddd0970\" data-id=\"ddd0970\" data-element_type=\"column\" data-e-type=\"column\">\n\t\t\t<div class=\"elementor-widget-wrap elementor-element-populated\">\n\t\t\t\t\t\t<div class=\"elementor-element elementor-element-4cd82685 elementor-widget elementor-widget-heading\" data-id=\"4cd82685\" data-element_type=\"widget\" data-e-type=\"widget\" data-widget_type=\"heading.default\">\n\t\t\t\t<div class=\"elementor-widget-container\">\n\t\t\t\t\t<h2 class=\"elementor-heading-title elementor-size-default\">Le spa Orelle, une station hivernale d\u2019exception<\/h2>\t\t\t\t<\/div>\n\t\t\t\t<\/div>\n\t\t\t\t<div class=\"elementor-element elementor-element-44f27830 elementor-widget elementor-widget-text-editor\" data-id=\"44f27830\" data-element_type=\"widget\" data-e-type=\"widget\" data-widget_type=\"text-editor.default\">\n\t\t\t\t<div class=\"elementor-widget-container\">\n\t\t\t\t\t\t\t\t\t<p><span style=\"font-weight: 400;\">Si vous souhaitez vous ressourcer en toute s\u00e9r\u00e9nit\u00e9, <\/span><b>la station d\u2019Orelle<\/b><span style=\"font-weight: 400;\"> comblera tous vos besoins ! La <\/span><b>porte des 3 Vall\u00e9es<\/b><span style=\"font-weight: 400;\"> d\u00e9voile un domaine skiable \u00e9tonnant, adapt\u00e9 \u00e0 tous les skieurs. Ce petit village montagnard a su conserver un charme particulier avec son caract\u00e8re rural et pr\u00e9serv\u00e9. \u00c0 2\u202f100 m d\u2019altitude, il comble ses visiteurs avec sa large panoplie d\u2019<\/span><b>activit\u00e9s de sports d\u2019hiver.<\/b><\/p><p><span style=\"font-weight: 400;\">\u00c0 Orelle, <a href=\"https:\/\/www.alpvisionresidences.com\/rentals\/apartment-orelle-hameau-2-211-spa-piscine-appartement-6-pers-323343.html\">profitez d\u2019un s\u00e9jour exceptionnel dans l\u2019un des appartements de la r\u00e9sidence Le Hameau des Eaux d&#8217;Orelle, \u00e0 10 minutes des 3 Vall\u00e9es<\/a>. Au milieu des montagnes, vous serez ravi de vous r<b>elaxer dans son spa, avec sauna, piscine et jacuzzi<\/b> ! Dans son espace bien-\u00eatre, cette r\u00e9sidence vous prodiguera des soins revitalisants et des massages, avec <b>vue sur les montagnes<\/b>. Cela marquera sans aucun doute l&#8217;un des temps forts de votre s\u00e9jour dans les Alpes.<\/span><span style=\"font-weight: 400;\"><br \/><\/span><\/p>\t\t\t\t\t\t\t\t<\/div>\n\t\t\t\t<\/div>\n\t\t\t\t\t<\/div>\n\t\t<\/div>\n\t\t\t\t\t<\/div>\n\t\t<\/section>\n\t\t\t\t<section class=\"elementor-section elementor-top-section elementor-element elementor-element-2926b1e8 elementor-section-boxed elementor-section-height-default elementor-section-height-default\" data-id=\"2926b1e8\" data-element_type=\"section\" data-e-type=\"section\">\n\t\t\t\t\t\t<div class=\"elementor-container elementor-column-gap-default\">\n\t\t\t\t\t<div class=\"elementor-column elementor-col-100 elementor-top-column elementor-element elementor-element-2dbb619\" data-id=\"2dbb619\" data-element_type=\"column\" data-e-type=\"column\">\n\t\t\t<div class=\"elementor-widget-wrap elementor-element-populated\">\n\t\t\t\t\t\t<div class=\"elementor-element elementor-element-17fc1528 elementor-widget elementor-widget-heading\" data-id=\"17fc1528\" data-element_type=\"widget\" data-e-type=\"widget\" data-widget_type=\"heading.default\">\n\t\t\t\t<div class=\"elementor-widget-container\">\n\t\t\t\t\t<h2 class=\"elementor-heading-title elementor-size-default\">Profitez d\u2019un moment dans le spa de Val Cenis\n<\/h2>\t\t\t\t<\/div>\n\t\t\t\t<\/div>\n\t\t\t\t\t<\/div>\n\t\t<\/div>\n\t\t\t\t\t<\/div>\n\t\t<\/section>\n\t\t\t\t<section class=\"elementor-section elementor-top-section elementor-element elementor-element-59e381f7 elementor-section-boxed elementor-section-height-default elementor-section-height-default\" data-id=\"59e381f7\" data-element_type=\"section\" data-e-type=\"section\">\n\t\t\t\t\t\t<div class=\"elementor-container elementor-column-gap-default\">\n\t\t\t\t\t<div class=\"elementor-column elementor-col-50 elementor-top-column elementor-element elementor-element-3b7d2031\" data-id=\"3b7d2031\" data-element_type=\"column\" data-e-type=\"column\">\n\t\t\t<div class=\"elementor-widget-wrap elementor-element-populated\">\n\t\t\t\t\t\t<div class=\"elementor-element elementor-element-61a49adb elementor-widget elementor-widget-text-editor\" data-id=\"61a49adb\" data-element_type=\"widget\" data-e-type=\"widget\" data-widget_type=\"text-editor.default\">\n\t\t\t\t<div class=\"elementor-widget-container\">\n\t\t\t\t\t\t\t\t\t<p><span style=\"font-weight: 400;\">En <\/span><b>Haute Maurienne Vanoise,<\/b> <b>Val Cenis est l\u2019une des meilleures stations de ski de Savoie<\/b><span style=\"font-weight: 400;\">. Appr\u00e9ci\u00e9e pour son atmosph\u00e8re paisible et son altitude parfaite, c\u2019est un lieu de pr\u00e9dilection pour les touristes en qu\u00eate d\u2019<\/span><b>aventure<\/b><span style=\"font-weight: 400;\">, mais aussi de <\/span><b>repos.<\/b><span style=\"font-weight: 400;\"> Au pied du Col du Mont-Cenis, la station de montagne offre <\/span><b>125 kilom\u00e8tres de pistes<\/b><span style=\"font-weight: 400;\"> et des paysages \u00e9poustouflants. Dot\u00e9e d\u2019une nature exceptionnelle, elle vous \u00e9tonnera par sa grande biodiversit\u00e9. Val Cenis abrite \u00e9galement <\/span><b>la plus longue piste verte d\u2019Europe, l\u2019Escargot<\/b><span style=\"font-weight: 400;\">. Si vous avez envie d\u2019<\/span><b>\u00e9vasion<\/b><span style=\"font-weight: 400;\">, laissez-vous emporter par la magie du <\/span><b>Spa de l\u2019H\u00f4tel Saint-Charles<\/b><span style=\"font-weight: 400;\">, d\u00e9di\u00e9 au bien-\u00eatre et propice \u00e0 la d\u00e9tente. Avec son large panel de soins et d\u2019installations (jacuzzi, hammam, sauna, bain japonais), vous en reviendrez absolument combl\u00e9 ! Ouvert de 10h \u00e0 20h, il propose 1 h\u00a030 de relaxation au tarif de 15 \u20ac par personne pour la client\u00e8le interne de l\u2019h\u00f4tel et 20 \u20ac par personne pour la client\u00e8le ext\u00e9rieure de l\u2019h\u00f4tel.<\/span><\/p><p><span style=\"font-weight: 400;\">Pour encore plus de bien-\u00eatre, profitez d\u2019un moment de remise en forme dans le <\/span><b>Spa Les Balcons Platinium de Val Cenis<\/b><span style=\"font-weight: 400;\">, un spa de 850 m\u00b2. Il vous offrira une exp\u00e9rience de d\u00e9tente de qualit\u00e9 avec son immense piscine, son espace bien-\u00eatre et sa carte de soins. Apr\u00e8s une longue journ\u00e9e pass\u00e9e sur les pistes, le <\/span><b>Spa de Valfontaine<\/b><span style=\"font-weight: 400;\"> sera tout aussi agr\u00e9able, alliant <\/span><b>sport et d\u00e9tente<\/b><span style=\"font-weight: 400;\">.<\/span><\/p>\t\t\t\t\t\t\t\t<\/div>\n\t\t\t\t<\/div>\n\t\t\t\t\t<\/div>\n\t\t<\/div>\n\t\t\t\t<div class=\"elementor-column elementor-col-50 elementor-top-column elementor-element elementor-element-676caced\" data-id=\"676caced\" data-element_type=\"column\" data-e-type=\"column\">\n\t\t\t<div class=\"elementor-widget-wrap elementor-element-populated\">\n\t\t\t\t\t\t<div class=\"elementor-element elementor-element-7b4962f1 elementor-widget elementor-widget-spacer\" data-id=\"7b4962f1\" data-element_type=\"widget\" data-e-type=\"widget\" data-widget_type=\"spacer.default\">\n\t\t\t\t<div class=\"elementor-widget-container\">\n\t\t\t\t\t\t\t<div class=\"elementor-spacer\">\n\t\t\t<div class=\"elementor-spacer-inner\"><\/div>\n\t\t<\/div>\n\t\t\t\t\t\t<\/div>\n\t\t\t\t<\/div>\n\t\t\t\t<div class=\"elementor-element elementor-element-69bebe4c elementor-skin-carousel elementor-arrows-yes elementor-pagination-type-bullets elementor-pagination-position-outside elementor-widget elementor-widget-media-carousel\" data-id=\"69bebe4c\" data-element_type=\"widget\" data-e-type=\"widget\" data-settings=\"{&quot;skin&quot;:&quot;carousel&quot;,&quot;effect&quot;:&quot;slide&quot;,&quot;show_arrows&quot;:&quot;yes&quot;,&quot;pagination&quot;:&quot;bullets&quot;,&quot;speed&quot;:500,&quot;autoplay&quot;:&quot;yes&quot;,&quot;autoplay_speed&quot;:5000,&quot;loop&quot;:&quot;yes&quot;,&quot;pause_on_hover&quot;:&quot;yes&quot;,&quot;pause_on_interaction&quot;:&quot;yes&quot;,&quot;space_between&quot;:{&quot;unit&quot;:&quot;px&quot;,&quot;size&quot;:10,&quot;sizes&quot;:[]},&quot;space_between_tablet&quot;:{&quot;unit&quot;:&quot;px&quot;,&quot;size&quot;:10,&quot;sizes&quot;:[]},&quot;space_between_mobile&quot;:{&quot;unit&quot;:&quot;px&quot;,&quot;size&quot;:10,&quot;sizes&quot;:[]}}\" data-widget_type=\"media-carousel.default\">\n\t\t\t\t<div class=\"elementor-widget-container\">\n\t\t\t\t\t\t\t\t\t<div class=\"elementor-swiper\">\n\t\t\t\t\t<div class=\"elementor-main-swiper swiper\" role=\"region\" aria-roledescription=\"carousel\" aria-label=\"Slides\">\n\t\t\t\t<div class=\"swiper-wrapper\">\n\t\t\t\t\t\t\t\t\t\t\t<div class=\"swiper-slide\" role=\"group\" aria-roledescription=\"slide\">\n\t\t\t\t\t\t\t\t\t<div class=\"elementor-carousel-image\" role=\"img\" aria-label=\"Spa Alpes Hotel Charles Val Cenis\" style=\"background-image: url(&#039;https:\/\/www.alpvisionresidences.com\/blog\/wp-content\/uploads\/2023\/02\/hotel-saint-charles-val-spa.jpg&#039;)\">\n\n\t\t\t\n\t\t\t\t\t<\/div>\n\t\t\t\t\t\t\t\t<\/div>\n\t\t\t\t\t\t\t\t\t\t\t<div class=\"swiper-slide\" role=\"group\" aria-roledescription=\"slide\">\n\t\t\t\t\t\t\t\t\t<div class=\"elementor-carousel-image\" role=\"img\" aria-label=\"spa saint charles val cenis alpes\" style=\"background-image: url(&#039;https:\/\/www.alpvisionresidences.com\/blog\/wp-content\/uploads\/2023\/02\/spa-saint-charles-val-cenis.jpg&#039;)\">\n\n\t\t\t\n\t\t\t\t\t<\/div>\n\t\t\t\t\t\t\t\t<\/div>\n\t\t\t\t\t\t\t\t\t\t\t<div class=\"swiper-slide\" role=\"group\" aria-roledescription=\"slide\">\n\t\t\t\t\t\t\t\t\t<div class=\"elementor-carousel-image\" role=\"img\" aria-label=\"spa-alpes-hotel-reservas\" style=\"background-image: url(&#039;https:\/\/www.alpvisionresidences.com\/blog\/wp-content\/uploads\/2023\/02\/spa.jpg&#039;)\">\n\n\t\t\t\n\t\t\t\t\t<\/div>\n\t\t\t\t\t\t\t\t<\/div>\n\t\t\t\t\t\t\t\t\t<\/div>\n\t\t\t\t\t\t\t\t\t\t\t\t\t\t\t<div class=\"elementor-swiper-button elementor-swiper-button-prev\" role=\"button\" tabindex=\"0\" aria-label=\"Previous\">\n\t\t\t\t\t\t\t<i aria-hidden=\"true\" class=\"eicon-chevron-left\"><\/i>\t\t\t\t\t\t<\/div>\n\t\t\t\t\t\t<div class=\"elementor-swiper-button elementor-swiper-button-next\" role=\"button\" tabindex=\"0\" aria-label=\"Next\">\n\t\t\t\t\t\t\t<i aria-hidden=\"true\" class=\"eicon-chevron-right\"><\/i>\t\t\t\t\t\t<\/div>\n\t\t\t\t\t\t\t\t\t\t\t\t\t\t\t\t<div class=\"swiper-pagination\"><\/div>\n\t\t\t\t\t\t\t\t\t\t\t\t<\/div>\n\t\t\t\t<\/div>\n\t\t\t\t\t\t\t\t<\/div>\n\t\t\t\t<\/div>\n\t\t\t\t\t<\/div>\n\t\t<\/div>\n\t\t\t\t\t<\/div>\n\t\t<\/section>\n\t\t\t\t<section class=\"elementor-section elementor-top-section elementor-element elementor-element-641b4df8 elementor-section-boxed elementor-section-height-default elementor-section-height-default\" data-id=\"641b4df8\" data-element_type=\"section\" data-e-type=\"section\">\n\t\t\t\t\t\t<div class=\"elementor-container elementor-column-gap-default\">\n\t\t\t\t\t<div class=\"elementor-column elementor-col-100 elementor-top-column elementor-element elementor-element-696007d3\" data-id=\"696007d3\" data-element_type=\"column\" data-e-type=\"column\">\n\t\t\t<div class=\"elementor-widget-wrap elementor-element-populated\">\n\t\t\t\t\t\t<div class=\"elementor-element elementor-element-42a71803 elementor-widget elementor-widget-heading\" data-id=\"42a71803\" data-element_type=\"widget\" data-e-type=\"widget\" data-widget_type=\"heading.default\">\n\t\t\t\t<div class=\"elementor-widget-container\">\n\t\t\t\t\t<h2 class=\"elementor-heading-title elementor-size-default\">D\u00e9tendez-vous en famille dans le spa de Chamrousse<\/h2>\t\t\t\t<\/div>\n\t\t\t\t<\/div>\n\t\t\t\t\t<\/div>\n\t\t<\/div>\n\t\t\t\t\t<\/div>\n\t\t<\/section>\n\t\t\t\t<section class=\"elementor-section elementor-top-section elementor-element elementor-element-3cbe4849 elementor-section-boxed elementor-section-height-default elementor-section-height-default\" data-id=\"3cbe4849\" data-element_type=\"section\" data-e-type=\"section\">\n\t\t\t\t\t\t<div class=\"elementor-container elementor-column-gap-default\">\n\t\t\t\t\t<div class=\"elementor-column elementor-col-100 elementor-top-column elementor-element elementor-element-3a236bf5\" data-id=\"3a236bf5\" data-element_type=\"column\" data-e-type=\"column\">\n\t\t\t<div class=\"elementor-widget-wrap elementor-element-populated\">\n\t\t\t\t\t\t<div class=\"elementor-element elementor-element-6da8a404 elementor-widget elementor-widget-text-editor\" data-id=\"6da8a404\" data-element_type=\"widget\" data-e-type=\"widget\" data-widget_type=\"text-editor.default\">\n\t\t\t\t<div class=\"elementor-widget-container\">\n\t\t\t\t\t\t\t\t\t<p><span style=\"font-weight: 400;\">Si vous passez un s\u00e9jour dans la station is\u00e9roise de <b>Chamrousse<\/b>, vous serez enchant\u00e9 de d\u00e9couvrir un superbe spa au pied des pistes de ski. En plus du panorama grandiose, cette station montagnarde vous promet des moments uniques, plac\u00e9s sous le signe de la relaxation et de la remise en forme. Venez vivre un pur moment de bien-\u00eatre dans le <b>Spa Les Bains de Chamrousse<\/b>, un v\u00e9ritable <b>havre de paix<\/b>, situ\u00e9 au c\u0153ur d\u2019un merveilleux d\u00e9cor alpin \u00e0 1 650 m d\u2019altitude. <b>Chaleureux et familial<\/b>, il dispose d\u2019un bel espace bien-\u00eatre, avec hammam, sauna, bains \u00e0 remous, piscine chauff\u00e9e. Et, pour vous oxyg\u00e9ner en pleine nature, <a href=\"https:\/\/www.alpvisionresidences.com\/rentals\/studio-chamrousse-vercors-2-052-famille-montagne-studio-4-pers-323842.html\">laissez-vous s\u00e9duire par ce merveilleux chalet de la r\u00e9sidence La Grive \u00e0 Chamrousse, id\u00e9al pour les couples ou les familles. <\/a>Apr\u00e8s avoir profit\u00e9 d&#8217;un spa dans les Alpes, celui-ci vous permettra de vous reposer en toute tranquillit\u00e9.<\/span><\/p>\t\t\t\t\t\t\t\t<\/div>\n\t\t\t\t<\/div>\n\t\t\t\t\t<\/div>\n\t\t<\/div>\n\t\t\t\t\t<\/div>\n\t\t<\/section>\n\t\t\t\t<section class=\"elementor-section elementor-top-section elementor-element elementor-element-11397dcc elementor-section-boxed elementor-section-height-default elementor-section-height-default\" data-id=\"11397dcc\" data-element_type=\"section\" data-e-type=\"section\">\n\t\t\t\t\t\t<div class=\"elementor-container elementor-column-gap-default\">\n\t\t\t\t\t<div class=\"elementor-column elementor-col-100 elementor-top-column elementor-element elementor-element-63054c17\" data-id=\"63054c17\" data-element_type=\"column\" data-e-type=\"column\">\n\t\t\t<div class=\"elementor-widget-wrap elementor-element-populated\">\n\t\t\t\t\t\t<div class=\"elementor-element elementor-element-5c147785 elementor-widget elementor-widget-heading\" data-id=\"5c147785\" data-element_type=\"widget\" data-e-type=\"widget\" data-widget_type=\"heading.default\">\n\t\t\t\t<div class=\"elementor-widget-container\">\n\t\t\t\t\t<h2 class=\"elementor-heading-title elementor-size-default\">Location dans les Alpes - Chalets avec Spa<\/h2>\t\t\t\t<\/div>\n\t\t\t\t<\/div>\n\t\t\t\t\t<\/div>\n\t\t<\/div>\n\t\t\t\t\t<\/div>\n\t\t<\/section>\n\t\t\t\t<section class=\"elementor-section elementor-top-section elementor-element elementor-element-176a0cad elementor-section-boxed elementor-section-height-default elementor-section-height-default\" data-id=\"176a0cad\" data-element_type=\"section\" data-e-type=\"section\">\n\t\t\t\t\t\t<div class=\"elementor-container elementor-column-gap-default\">\n\t\t\t\t\t<div class=\"elementor-column elementor-col-33 elementor-top-column elementor-element elementor-element-751684b0\" data-id=\"751684b0\" data-element_type=\"column\" data-e-type=\"column\">\n\t\t\t<div class=\"elementor-widget-wrap elementor-element-populated\">\n\t\t\t\t\t\t<div class=\"elementor-element elementor-element-4cc74218 elementor-cta--skin-classic elementor-animated-content elementor-bg-transform elementor-bg-transform-zoom-in elementor-widget elementor-widget-call-to-action\" data-id=\"4cc74218\" data-element_type=\"widget\" data-e-type=\"widget\" data-widget_type=\"call-to-action.default\">\n\t\t\t\t<div class=\"elementor-widget-container\">\n\t\t\t\t\t\t\t<a class=\"elementor-cta\" href=\"https:\/\/www.alpvisionresidences.com\/rentals\/chalet-veysonnaz-hirondelle-jacuzzi-luxury-chalet-12-pers-324846.html\">\n\t\t\t\t\t<div class=\"elementor-cta__bg-wrapper\">\n\t\t\t\t<div class=\"elementor-cta__bg elementor-bg\" style=\"background-image: url(https:\/\/www.alpvisionresidences.com\/blog\/wp-content\/uploads\/2023\/01\/Hirondelle-Jacuzzi-Chalet-Veysonnaz-Les-Valais-1920x630.jpg);\" role=\"img\" aria-label=\"Hirondelle Jacuzzi Chalet Veysonnaz Les Valais\"><\/div>\n\t\t\t\t<div class=\"elementor-cta__bg-overlay\"><\/div>\n\t\t\t<\/div>\n\t\t\t\t\t\t\t<div class=\"elementor-cta__content\">\n\t\t\t\t\n\t\t\t\t\t\t\t\t\t<h3 class=\"elementor-cta__title elementor-cta__content-item elementor-content-item\">\n\t\t\t\t\t\tChalet Hirondelle (Veysonnaz)\t\t\t\t\t<\/h3>\n\t\t\t\t\n\t\t\t\t\t\t\t\t\t<div class=\"elementor-cta__description elementor-cta__content-item elementor-content-item\">\n\t\t\t\t\t\t \t\t\t\t\t<\/div>\n\t\t\t\t\n\t\t\t\t\t\t\t\t\t<div class=\"elementor-cta__button-wrapper elementor-cta__content-item elementor-content-item \">\n\t\t\t\t\t<span class=\"elementor-cta__button elementor-button elementor-size-\">\n\t\t\t\t\t\tR\u00e9servez\t\t\t\t\t<\/span>\n\t\t\t\t\t<\/div>\n\t\t\t\t\t\t\t<\/div>\n\t\t\t\t\t\t<\/a>\n\t\t\t\t\t\t<\/div>\n\t\t\t\t<\/div>\n\t\t\t\t\t<\/div>\n\t\t<\/div>\n\t\t\t\t<div class=\"elementor-column elementor-col-33 elementor-top-column elementor-element elementor-element-46013b2a\" data-id=\"46013b2a\" data-element_type=\"column\" data-e-type=\"column\">\n\t\t\t<div class=\"elementor-widget-wrap elementor-element-populated\">\n\t\t\t\t\t\t<div class=\"elementor-element elementor-element-9dd4bf4 elementor-cta--skin-classic elementor-animated-content elementor-bg-transform elementor-bg-transform-zoom-in elementor-widget elementor-widget-call-to-action\" data-id=\"9dd4bf4\" data-element_type=\"widget\" data-e-type=\"widget\" data-widget_type=\"call-to-action.default\">\n\t\t\t\t<div class=\"elementor-widget-container\">\n\t\t\t\t\t\t\t<a class=\"elementor-cta\" href=\"https:\/\/www.alpvisionresidences.com\/rentals\/chalet-heremence-etoiles-des-neiges-luxe-jacuzzi-chalet-12-pers-324847.html\">\n\t\t\t\t\t<div class=\"elementor-cta__bg-wrapper\">\n\t\t\t\t<div class=\"elementor-cta__bg elementor-bg\" style=\"background-image: url(https:\/\/www.alpvisionresidences.com\/blog\/wp-content\/uploads\/2023\/01\/Chalet-Etoiles-des-Neiges-Heremence-Valais-1920x630.jpg);\" role=\"img\" aria-label=\"Chalet-Etoiles-des-Neiges-Heremence-Valais\"><\/div>\n\t\t\t\t<div class=\"elementor-cta__bg-overlay\"><\/div>\n\t\t\t<\/div>\n\t\t\t\t\t\t\t<div class=\"elementor-cta__content\">\n\t\t\t\t\n\t\t\t\t\t\t\t\t\t<h3 class=\"elementor-cta__title elementor-cta__content-item elementor-content-item\">\n\t\t\t\t\t\tChalet Etoiles des Neiges (H\u00e9remence)\t\t\t\t\t<\/h3>\n\t\t\t\t\n\t\t\t\t\t\t\t\t\t<div class=\"elementor-cta__description elementor-cta__content-item elementor-content-item\">\n\t\t\t\t\t\t \t\t\t\t\t<\/div>\n\t\t\t\t\n\t\t\t\t\t\t\t\t\t<div class=\"elementor-cta__button-wrapper elementor-cta__content-item elementor-content-item \">\n\t\t\t\t\t<span class=\"elementor-cta__button elementor-button elementor-size-\">\n\t\t\t\t\t\tR\u00e9servez\t\t\t\t\t<\/span>\n\t\t\t\t\t<\/div>\n\t\t\t\t\t\t\t<\/div>\n\t\t\t\t\t\t<\/a>\n\t\t\t\t\t\t<\/div>\n\t\t\t\t<\/div>\n\t\t\t\t\t<\/div>\n\t\t<\/div>\n\t\t\t\t<div class=\"elementor-column elementor-col-33 elementor-top-column elementor-element elementor-element-9bb7ead\" data-id=\"9bb7ead\" data-element_type=\"column\" data-e-type=\"column\">\n\t\t\t<div class=\"elementor-widget-wrap elementor-element-populated\">\n\t\t\t\t\t\t<div class=\"elementor-element elementor-element-5fc17d2a elementor-cta--skin-classic elementor-animated-content elementor-bg-transform elementor-bg-transform-zoom-in elementor-widget elementor-widget-call-to-action\" data-id=\"5fc17d2a\" data-element_type=\"widget\" data-e-type=\"widget\" data-widget_type=\"call-to-action.default\">\n\t\t\t\t<div class=\"elementor-widget-container\">\n\t\t\t\t\t\t\t<a class=\"elementor-cta\" href=\"https:\/\/www.alpvisionresidences.com\/rentals\/chalet-veysonnaz-egg-sauna-luxury-chalet-16-pers-327625.html\">\n\t\t\t\t\t<div class=\"elementor-cta__bg-wrapper\">\n\t\t\t\t<div class=\"elementor-cta__bg elementor-bg\" style=\"background-image: url(https:\/\/www.alpvisionresidences.com\/blog\/wp-content\/uploads\/2023\/01\/Chalet-egg-Veysonnaz-Les-Valais-1280x630.jpg);\" role=\"img\" aria-label=\"Chalet egg Veysonnaz Les Valais\"><\/div>\n\t\t\t\t<div class=\"elementor-cta__bg-overlay\"><\/div>\n\t\t\t<\/div>\n\t\t\t\t\t\t\t<div class=\"elementor-cta__content\">\n\t\t\t\t\n\t\t\t\t\t\t\t\t\t<h3 class=\"elementor-cta__title elementor-cta__content-item elementor-content-item\">\n\t\t\t\t\t\tChalet Egg <br>(Veysonnaz)\t\t\t\t\t<\/h3>\n\t\t\t\t\n\t\t\t\t\t\t\t\t\t<div class=\"elementor-cta__description elementor-cta__content-item elementor-content-item\">\n\t\t\t\t\t\t \t\t\t\t\t<\/div>\n\t\t\t\t\n\t\t\t\t\t\t\t\t\t<div class=\"elementor-cta__button-wrapper elementor-cta__content-item elementor-content-item \">\n\t\t\t\t\t<span class=\"elementor-cta__button elementor-button elementor-size-\">\n\t\t\t\t\t\tR\u00e9servez\t\t\t\t\t<\/span>\n\t\t\t\t\t<\/div>\n\t\t\t\t\t\t\t<\/div>\n\t\t\t\t\t\t<\/a>\n\t\t\t\t\t\t<\/div>\n\t\t\t\t<\/div>\n\t\t\t\t\t<\/div>\n\t\t<\/div>\n\t\t\t\t\t<\/div>\n\t\t<\/section>\n\t\t\t\t<\/div>\n\t\t","protected":false},"excerpt":{"rendered":"<p>Quand on passe des vacances \u00e0 la neige, rien de tel que de s\u2019offrir des moments de d\u00e9tente, entour\u00e9 des&#8230;<\/p>\n","protected":false},"author":3,"featured_media":4435,"comment_status":"open","ping_status":"open","sticky":false,"template":"","format":"standard","meta":{"footnotes":""},"categories":[48,25,411,415,469,473],"tags":[168,157,154],"class_list":["post-4279","post","type-post","status-publish","format-standard","has-post-thumbnail","hentry","category-activites-en-france","category-activites-en-suisse","category-alpes-francaises","category-alpes-suisses","category-ete","category-hiver","tag-alpes","tag-alpes-france","tag-spa"],"yoast_head":"<!-- This site is optimized with the Yoast SEO plugin v27.4 - https:\/\/yoast.com\/product\/yoast-seo-wordpress\/ -->\n<title>Un spa dans les Alpes vous fera profiter d&#039;un moment de bien-\u00eatre<\/title>\n<meta name=\"description\" content=\"Pour un s\u00e9jour empreint de bien-\u00eatre, de d\u00e9tente et de relaxation, prenez le temps de vous ressourcer dans un spa dans les Alpes\" \/>\n<meta name=\"robots\" content=\"index, follow, max-snippet:-1, max-image-preview:large, max-video-preview:-1\" \/>\n<link rel=\"canonical\" href=\"https:\/\/www.alpvisionresidences.com\/blog\/fr\/spa-dans-les-alps\/\" \/>\n<meta property=\"og:locale\" content=\"fr_FR\" \/>\n<meta property=\"og:type\" content=\"article\" \/>\n<meta property=\"og:title\" content=\"Un spa dans les Alpes vous fera profiter d&#039;un moment de bien-\u00eatre\" \/>\n<meta property=\"og:description\" content=\"Pour un s\u00e9jour empreint de bien-\u00eatre, de d\u00e9tente et de relaxation, prenez le temps de vous ressourcer dans un spa dans les Alpes\" \/>\n<meta property=\"og:url\" content=\"https:\/\/www.alpvisionresidences.com\/blog\/fr\/spa-dans-les-alps\/\" \/>\n<meta property=\"og:site_name\" content=\"Get Inspired\" \/>\n<meta property=\"article:publisher\" content=\"https:\/\/www.facebook.com\/AlpvisionResidences\/\" \/>\n<meta property=\"article:published_time\" content=\"2023-02-10T08:46:10+00:00\" \/>\n<meta property=\"article:modified_time\" content=\"2025-02-20T10:07:08+00:00\" \/>\n<meta property=\"og:image\" content=\"https:\/\/www.alpvisionresidences.com\/blog\/wp-content\/uploads\/2023\/02\/Luxury-spa-alps-1.jpg\" \/>\n\t<meta property=\"og:image:width\" content=\"2400\" \/>\n\t<meta property=\"og:image:height\" content=\"1704\" \/>\n\t<meta property=\"og:image:type\" content=\"image\/jpeg\" \/>\n<meta name=\"author\" content=\"digitalservices\" \/>\n<meta name=\"twitter:card\" content=\"summary_large_image\" \/>\n<meta name=\"twitter:label1\" content=\"Written by\" \/>\n\t<meta name=\"twitter:data1\" content=\"digitalservices\" \/>\n\t<meta name=\"twitter:label2\" content=\"Est. reading time\" \/>\n\t<meta name=\"twitter:data2\" content=\"5 minutes\" \/>\n<script type=\"application\/ld+json\" class=\"yoast-schema-graph\">{\"@context\":\"https:\\\/\\\/schema.org\",\"@graph\":[{\"@type\":\"Article\",\"@id\":\"https:\\\/\\\/www.alpvisionresidences.com\\\/blog\\\/fr\\\/spa-dans-les-alps\\\/#article\",\"isPartOf\":{\"@id\":\"https:\\\/\\\/www.alpvisionresidences.com\\\/blog\\\/fr\\\/spa-dans-les-alps\\\/\"},\"author\":{\"name\":\"digitalservices\",\"@id\":\"https:\\\/\\\/www.alpvisionresidences.com\\\/blog\\\/fr\\\/#\\\/schema\\\/person\\\/6e9d17dd9b9dc7fb1f883ab503416e85\"},\"headline\":\"Venez vous ressourcer lors d&#8217;un s\u00e9jour au spa dans les Alpes !\",\"datePublished\":\"2023-02-10T08:46:10+00:00\",\"dateModified\":\"2025-02-20T10:07:08+00:00\",\"mainEntityOfPage\":{\"@id\":\"https:\\\/\\\/www.alpvisionresidences.com\\\/blog\\\/fr\\\/spa-dans-les-alps\\\/\"},\"wordCount\":947,\"commentCount\":0,\"publisher\":{\"@id\":\"https:\\\/\\\/www.alpvisionresidences.com\\\/blog\\\/fr\\\/#organization\"},\"image\":{\"@id\":\"https:\\\/\\\/www.alpvisionresidences.com\\\/blog\\\/fr\\\/spa-dans-les-alps\\\/#primaryimage\"},\"thumbnailUrl\":\"https:\\\/\\\/www.alpvisionresidences.com\\\/blog\\\/wp-content\\\/uploads\\\/2023\\\/02\\\/Luxury-spa-alps-1.jpg\",\"keywords\":[\"alpes\",\"Alpes France\",\"Spa\"],\"articleSection\":[\"Activit\u00e9s en France\",\"Activit\u00e9s en Suisse\",\"Alpes Fran\u00e7aises\",\"Alpes Suisses\",\"\u00c9t\u00e9\",\"Hiver\"],\"inLanguage\":\"fr\",\"potentialAction\":[{\"@type\":\"CommentAction\",\"name\":\"Comment\",\"target\":[\"https:\\\/\\\/www.alpvisionresidences.com\\\/blog\\\/fr\\\/spa-dans-les-alps\\\/#respond\"]}]},{\"@type\":\"WebPage\",\"@id\":\"https:\\\/\\\/www.alpvisionresidences.com\\\/blog\\\/fr\\\/spa-dans-les-alps\\\/\",\"url\":\"https:\\\/\\\/www.alpvisionresidences.com\\\/blog\\\/fr\\\/spa-dans-les-alps\\\/\",\"name\":\"Un spa dans les Alpes vous fera profiter d'un moment de bien-\u00eatre\",\"isPartOf\":{\"@id\":\"https:\\\/\\\/www.alpvisionresidences.com\\\/blog\\\/fr\\\/#website\"},\"primaryImageOfPage\":{\"@id\":\"https:\\\/\\\/www.alpvisionresidences.com\\\/blog\\\/fr\\\/spa-dans-les-alps\\\/#primaryimage\"},\"image\":{\"@id\":\"https:\\\/\\\/www.alpvisionresidences.com\\\/blog\\\/fr\\\/spa-dans-les-alps\\\/#primaryimage\"},\"thumbnailUrl\":\"https:\\\/\\\/www.alpvisionresidences.com\\\/blog\\\/wp-content\\\/uploads\\\/2023\\\/02\\\/Luxury-spa-alps-1.jpg\",\"datePublished\":\"2023-02-10T08:46:10+00:00\",\"dateModified\":\"2025-02-20T10:07:08+00:00\",\"description\":\"Pour un s\u00e9jour empreint de bien-\u00eatre, de d\u00e9tente et de relaxation, prenez le temps de vous ressourcer dans un spa dans les Alpes\",\"breadcrumb\":{\"@id\":\"https:\\\/\\\/www.alpvisionresidences.com\\\/blog\\\/fr\\\/spa-dans-les-alps\\\/#breadcrumb\"},\"inLanguage\":\"fr\",\"potentialAction\":[{\"@type\":\"ReadAction\",\"target\":[\"https:\\\/\\\/www.alpvisionresidences.com\\\/blog\\\/fr\\\/spa-dans-les-alps\\\/\"]}]},{\"@type\":\"ImageObject\",\"inLanguage\":\"fr\",\"@id\":\"https:\\\/\\\/www.alpvisionresidences.com\\\/blog\\\/fr\\\/spa-dans-les-alps\\\/#primaryimage\",\"url\":\"https:\\\/\\\/www.alpvisionresidences.com\\\/blog\\\/wp-content\\\/uploads\\\/2023\\\/02\\\/Luxury-spa-alps-1.jpg\",\"contentUrl\":\"https:\\\/\\\/www.alpvisionresidences.com\\\/blog\\\/wp-content\\\/uploads\\\/2023\\\/02\\\/Luxury-spa-alps-1.jpg\",\"width\":2400,\"height\":1704,\"caption\":\"Spa de luxe dans les Alpes\"},{\"@type\":\"BreadcrumbList\",\"@id\":\"https:\\\/\\\/www.alpvisionresidences.com\\\/blog\\\/fr\\\/spa-dans-les-alps\\\/#breadcrumb\",\"itemListElement\":[{\"@type\":\"ListItem\",\"position\":1,\"name\":\"Home\",\"item\":\"https:\\\/\\\/www.alpvisionresidences.com\\\/blog\\\/fr\\\/\"},{\"@type\":\"ListItem\",\"position\":2,\"name\":\"Venez vous ressourcer lors d&#8217;un s\u00e9jour au spa dans les Alpes !\"}]},{\"@type\":\"WebSite\",\"@id\":\"https:\\\/\\\/www.alpvisionresidences.com\\\/blog\\\/fr\\\/#website\",\"url\":\"https:\\\/\\\/www.alpvisionresidences.com\\\/blog\\\/fr\\\/\",\"name\":\"alpvisionresidences.com\",\"description\":\"Alpvision r\u00e9sidences\",\"publisher\":{\"@id\":\"https:\\\/\\\/www.alpvisionresidences.com\\\/blog\\\/fr\\\/#organization\"},\"potentialAction\":[{\"@type\":\"SearchAction\",\"target\":{\"@type\":\"EntryPoint\",\"urlTemplate\":\"https:\\\/\\\/www.alpvisionresidences.com\\\/blog\\\/fr\\\/?s={search_term_string}\"},\"query-input\":{\"@type\":\"PropertyValueSpecification\",\"valueRequired\":true,\"valueName\":\"search_term_string\"}}],\"inLanguage\":\"fr\"},{\"@type\":\"Organization\",\"@id\":\"https:\\\/\\\/www.alpvisionresidences.com\\\/blog\\\/fr\\\/#organization\",\"name\":\"Alpvision Residences\",\"url\":\"https:\\\/\\\/www.alpvisionresidences.com\\\/blog\\\/fr\\\/\",\"logo\":{\"@type\":\"ImageObject\",\"inLanguage\":\"fr\",\"@id\":\"https:\\\/\\\/www.alpvisionresidences.com\\\/blog\\\/fr\\\/#\\\/schema\\\/logo\\\/image\\\/\",\"url\":\"https:\\\/\\\/www.alpvisionresidences.com\\\/blog\\\/wp-content\\\/uploads\\\/2022\\\/01\\\/alpvision_icone1_bleu_negatif-Redimensionne-pour-profil.png\",\"contentUrl\":\"https:\\\/\\\/www.alpvisionresidences.com\\\/blog\\\/wp-content\\\/uploads\\\/2022\\\/01\\\/alpvision_icone1_bleu_negatif-Redimensionne-pour-profil.png\",\"width\":522,\"height\":478,\"caption\":\"Alpvision Residences\"},\"image\":{\"@id\":\"https:\\\/\\\/www.alpvisionresidences.com\\\/blog\\\/fr\\\/#\\\/schema\\\/logo\\\/image\\\/\"},\"sameAs\":[\"https:\\\/\\\/www.facebook.com\\\/AlpvisionResidences\\\/\",\"https:\\\/\\\/www.instagram.com\\\/alpvisionresidences\\\/\"]},{\"@type\":\"Person\",\"@id\":\"https:\\\/\\\/www.alpvisionresidences.com\\\/blog\\\/fr\\\/#\\\/schema\\\/person\\\/6e9d17dd9b9dc7fb1f883ab503416e85\",\"name\":\"digitalservices\",\"image\":{\"@type\":\"ImageObject\",\"inLanguage\":\"fr\",\"@id\":\"https:\\\/\\\/secure.gravatar.com\\\/avatar\\\/af30f88a1904294c1f3eb09a9d7903eec4ffa18fa2cf40c28a8681014ecdfc20?s=96&d=mm&r=g\",\"url\":\"https:\\\/\\\/secure.gravatar.com\\\/avatar\\\/af30f88a1904294c1f3eb09a9d7903eec4ffa18fa2cf40c28a8681014ecdfc20?s=96&d=mm&r=g\",\"contentUrl\":\"https:\\\/\\\/secure.gravatar.com\\\/avatar\\\/af30f88a1904294c1f3eb09a9d7903eec4ffa18fa2cf40c28a8681014ecdfc20?s=96&d=mm&r=g\",\"caption\":\"digitalservices\"},\"url\":\"https:\\\/\\\/www.alpvisionresidences.com\\\/blog\\\/fr\\\/author\\\/digitalservices\\\/\"}]}<\/script>\n<!-- \/ Yoast SEO plugin. -->","yoast_head_json":{"title":"Un spa dans les Alpes vous fera profiter d'un moment de bien-\u00eatre","description":"Pour un s\u00e9jour empreint de bien-\u00eatre, de d\u00e9tente et de relaxation, prenez le temps de vous ressourcer dans un spa dans les Alpes","robots":{"index":"index","follow":"follow","max-snippet":"max-snippet:-1","max-image-preview":"max-image-preview:large","max-video-preview":"max-video-preview:-1"},"canonical":"https:\/\/www.alpvisionresidences.com\/blog\/fr\/spa-dans-les-alps\/","og_locale":"fr_FR","og_type":"article","og_title":"Un spa dans les Alpes vous fera profiter d'un moment de bien-\u00eatre","og_description":"Pour un s\u00e9jour empreint de bien-\u00eatre, de d\u00e9tente et de relaxation, prenez le temps de vous ressourcer dans un spa dans les Alpes","og_url":"https:\/\/www.alpvisionresidences.com\/blog\/fr\/spa-dans-les-alps\/","og_site_name":"Get Inspired","article_publisher":"https:\/\/www.facebook.com\/AlpvisionResidences\/","article_published_time":"2023-02-10T08:46:10+00:00","article_modified_time":"2025-02-20T10:07:08+00:00","og_image":[{"width":2400,"height":1704,"url":"https:\/\/www.alpvisionresidences.com\/blog\/wp-content\/uploads\/2023\/02\/Luxury-spa-alps-1.jpg","type":"image\/jpeg"}],"author":"digitalservices","twitter_card":"summary_large_image","twitter_misc":{"Written by":"digitalservices","Est. reading time":"5 minutes"},"schema":{"@context":"https:\/\/schema.org","@graph":[{"@type":"Article","@id":"https:\/\/www.alpvisionresidences.com\/blog\/fr\/spa-dans-les-alps\/#article","isPartOf":{"@id":"https:\/\/www.alpvisionresidences.com\/blog\/fr\/spa-dans-les-alps\/"},"author":{"name":"digitalservices","@id":"https:\/\/www.alpvisionresidences.com\/blog\/fr\/#\/schema\/person\/6e9d17dd9b9dc7fb1f883ab503416e85"},"headline":"Venez vous ressourcer lors d&#8217;un s\u00e9jour au spa dans les Alpes !","datePublished":"2023-02-10T08:46:10+00:00","dateModified":"2025-02-20T10:07:08+00:00","mainEntityOfPage":{"@id":"https:\/\/www.alpvisionresidences.com\/blog\/fr\/spa-dans-les-alps\/"},"wordCount":947,"commentCount":0,"publisher":{"@id":"https:\/\/www.alpvisionresidences.com\/blog\/fr\/#organization"},"image":{"@id":"https:\/\/www.alpvisionresidences.com\/blog\/fr\/spa-dans-les-alps\/#primaryimage"},"thumbnailUrl":"https:\/\/www.alpvisionresidences.com\/blog\/wp-content\/uploads\/2023\/02\/Luxury-spa-alps-1.jpg","keywords":["alpes","Alpes France","Spa"],"articleSection":["Activit\u00e9s en France","Activit\u00e9s en Suisse","Alpes Fran\u00e7aises","Alpes Suisses","\u00c9t\u00e9","Hiver"],"inLanguage":"fr","potentialAction":[{"@type":"CommentAction","name":"Comment","target":["https:\/\/www.alpvisionresidences.com\/blog\/fr\/spa-dans-les-alps\/#respond"]}]},{"@type":"WebPage","@id":"https:\/\/www.alpvisionresidences.com\/blog\/fr\/spa-dans-les-alps\/","url":"https:\/\/www.alpvisionresidences.com\/blog\/fr\/spa-dans-les-alps\/","name":"Un spa dans les Alpes vous fera profiter d'un moment de bien-\u00eatre","isPartOf":{"@id":"https:\/\/www.alpvisionresidences.com\/blog\/fr\/#website"},"primaryImageOfPage":{"@id":"https:\/\/www.alpvisionresidences.com\/blog\/fr\/spa-dans-les-alps\/#primaryimage"},"image":{"@id":"https:\/\/www.alpvisionresidences.com\/blog\/fr\/spa-dans-les-alps\/#primaryimage"},"thumbnailUrl":"https:\/\/www.alpvisionresidences.com\/blog\/wp-content\/uploads\/2023\/02\/Luxury-spa-alps-1.jpg","datePublished":"2023-02-10T08:46:10+00:00","dateModified":"2025-02-20T10:07:08+00:00","description":"Pour un s\u00e9jour empreint de bien-\u00eatre, de d\u00e9tente et de relaxation, prenez le temps de vous ressourcer dans un spa dans les Alpes","breadcrumb":{"@id":"https:\/\/www.alpvisionresidences.com\/blog\/fr\/spa-dans-les-alps\/#breadcrumb"},"inLanguage":"fr","potentialAction":[{"@type":"ReadAction","target":["https:\/\/www.alpvisionresidences.com\/blog\/fr\/spa-dans-les-alps\/"]}]},{"@type":"ImageObject","inLanguage":"fr","@id":"https:\/\/www.alpvisionresidences.com\/blog\/fr\/spa-dans-les-alps\/#primaryimage","url":"https:\/\/www.alpvisionresidences.com\/blog\/wp-content\/uploads\/2023\/02\/Luxury-spa-alps-1.jpg","contentUrl":"https:\/\/www.alpvisionresidences.com\/blog\/wp-content\/uploads\/2023\/02\/Luxury-spa-alps-1.jpg","width":2400,"height":1704,"caption":"Spa de luxe dans les Alpes"},{"@type":"BreadcrumbList","@id":"https:\/\/www.alpvisionresidences.com\/blog\/fr\/spa-dans-les-alps\/#breadcrumb","itemListElement":[{"@type":"ListItem","position":1,"name":"Home","item":"https:\/\/www.alpvisionresidences.com\/blog\/fr\/"},{"@type":"ListItem","position":2,"name":"Venez vous ressourcer lors d&#8217;un s\u00e9jour au spa dans les Alpes !"}]},{"@type":"WebSite","@id":"https:\/\/www.alpvisionresidences.com\/blog\/fr\/#website","url":"https:\/\/www.alpvisionresidences.com\/blog\/fr\/","name":"alpvisionresidences.com","description":"Alpvision r\u00e9sidences","publisher":{"@id":"https:\/\/www.alpvisionresidences.com\/blog\/fr\/#organization"},"potentialAction":[{"@type":"SearchAction","target":{"@type":"EntryPoint","urlTemplate":"https:\/\/www.alpvisionresidences.com\/blog\/fr\/?s={search_term_string}"},"query-input":{"@type":"PropertyValueSpecification","valueRequired":true,"valueName":"search_term_string"}}],"inLanguage":"fr"},{"@type":"Organization","@id":"https:\/\/www.alpvisionresidences.com\/blog\/fr\/#organization","name":"Alpvision Residences","url":"https:\/\/www.alpvisionresidences.com\/blog\/fr\/","logo":{"@type":"ImageObject","inLanguage":"fr","@id":"https:\/\/www.alpvisionresidences.com\/blog\/fr\/#\/schema\/logo\/image\/","url":"https:\/\/www.alpvisionresidences.com\/blog\/wp-content\/uploads\/2022\/01\/alpvision_icone1_bleu_negatif-Redimensionne-pour-profil.png","contentUrl":"https:\/\/www.alpvisionresidences.com\/blog\/wp-content\/uploads\/2022\/01\/alpvision_icone1_bleu_negatif-Redimensionne-pour-profil.png","width":522,"height":478,"caption":"Alpvision Residences"},"image":{"@id":"https:\/\/www.alpvisionresidences.com\/blog\/fr\/#\/schema\/logo\/image\/"},"sameAs":["https:\/\/www.facebook.com\/AlpvisionResidences\/","https:\/\/www.instagram.com\/alpvisionresidences\/"]},{"@type":"Person","@id":"https:\/\/www.alpvisionresidences.com\/blog\/fr\/#\/schema\/person\/6e9d17dd9b9dc7fb1f883ab503416e85","name":"digitalservices","image":{"@type":"ImageObject","inLanguage":"fr","@id":"https:\/\/secure.gravatar.com\/avatar\/af30f88a1904294c1f3eb09a9d7903eec4ffa18fa2cf40c28a8681014ecdfc20?s=96&d=mm&r=g","url":"https:\/\/secure.gravatar.com\/avatar\/af30f88a1904294c1f3eb09a9d7903eec4ffa18fa2cf40c28a8681014ecdfc20?s=96&d=mm&r=g","contentUrl":"https:\/\/secure.gravatar.com\/avatar\/af30f88a1904294c1f3eb09a9d7903eec4ffa18fa2cf40c28a8681014ecdfc20?s=96&d=mm&r=g","caption":"digitalservices"},"url":"https:\/\/www.alpvisionresidences.com\/blog\/fr\/author\/digitalservices\/"}]}},"_links":{"self":[{"href":"https:\/\/www.alpvisionresidences.com\/blog\/fr\/wp-json\/wp\/v2\/posts\/4279","targetHints":{"allow":["GET"]}}],"collection":[{"href":"https:\/\/www.alpvisionresidences.com\/blog\/fr\/wp-json\/wp\/v2\/posts"}],"about":[{"href":"https:\/\/www.alpvisionresidences.com\/blog\/fr\/wp-json\/wp\/v2\/types\/post"}],"author":[{"embeddable":true,"href":"https:\/\/www.alpvisionresidences.com\/blog\/fr\/wp-json\/wp\/v2\/users\/3"}],"replies":[{"embeddable":true,"href":"https:\/\/www.alpvisionresidences.com\/blog\/fr\/wp-json\/wp\/v2\/comments?post=4279"}],"version-history":[{"count":13,"href":"https:\/\/www.alpvisionresidences.com\/blog\/fr\/wp-json\/wp\/v2\/posts\/4279\/revisions"}],"predecessor-version":[{"id":4440,"href":"https:\/\/www.alpvisionresidences.com\/blog\/fr\/wp-json\/wp\/v2\/posts\/4279\/revisions\/4440"}],"wp:featuredmedia":[{"embeddable":true,"href":"https:\/\/www.alpvisionresidences.com\/blog\/fr\/wp-json\/wp\/v2\/media\/4435"}],"wp:attachment":[{"href":"https:\/\/www.alpvisionresidences.com\/blog\/fr\/wp-json\/wp\/v2\/media?parent=4279"}],"wp:term":[{"taxonomy":"category","embeddable":true,"href":"https:\/\/www.alpvisionresidences.com\/blog\/fr\/wp-json\/wp\/v2\/categories?post=4279"},{"taxonomy":"post_tag","embeddable":true,"href":"https:\/\/www.alpvisionresidences.com\/blog\/fr\/wp-json\/wp\/v2\/tags?post=4279"}],"curies":[{"name":"wp","href":"https:\/\/api.w.org\/{rel}","templated":true}]}}