{"id":6242,"date":"2023-09-12T14:32:23","date_gmt":"2023-09-12T14:32:23","guid":{"rendered":"https:\/\/www.alpvisionresidences.com\/blog\/?p=6242"},"modified":"2025-02-20T10:00:04","modified_gmt":"2025-02-20T10:00:04","slug":"glacier-zinal","status":"publish","type":"post","link":"https:\/\/www.alpvisionresidences.com\/blog\/fr\/glacier-zinal\/","title":{"rendered":"D\u00e9couvrez le Glacier de Zinal et ses Grottes spectaculaires"},"content":{"rendered":"\t\t<div data-elementor-type=\"wp-post\" data-elementor-id=\"6242\" class=\"elementor elementor-6242\" data-elementor-post-type=\"post\">\n\t\t\t\t\t\t<section class=\"elementor-section elementor-top-section elementor-element elementor-element-4871f6ee elementor-section-boxed elementor-section-height-default elementor-section-height-default\" data-id=\"4871f6ee\" data-element_type=\"section\" data-e-type=\"section\">\n\t\t\t\t\t\t<div class=\"elementor-container elementor-column-gap-default\">\n\t\t\t\t\t<div class=\"elementor-column elementor-col-100 elementor-top-column elementor-element elementor-element-1af3fe1b\" data-id=\"1af3fe1b\" data-element_type=\"column\" data-e-type=\"column\">\n\t\t\t<div class=\"elementor-widget-wrap elementor-element-populated\">\n\t\t\t\t\t\t<div class=\"elementor-element elementor-element-6cc661e elementor-widget elementor-widget-heading\" data-id=\"6cc661e\" data-element_type=\"widget\" data-e-type=\"widget\" data-widget_type=\"heading.default\">\n\t\t\t\t<div class=\"elementor-widget-container\">\n\t\t\t\t\t<h2 class=\"elementor-heading-title elementor-size-default\">Le Glacier de Zinal : une \u00e9tendue majestueuse au c\u0153ur des Alpes Suisses<\/h2>\t\t\t\t<\/div>\n\t\t\t\t<\/div>\n\t\t\t\t<div class=\"elementor-element elementor-element-1f3d9a6 elementor-widget elementor-widget-text-editor\" data-id=\"1f3d9a6\" data-element_type=\"widget\" data-e-type=\"widget\" data-widget_type=\"text-editor.default\">\n\t\t\t\t<div class=\"elementor-widget-container\">\n\t\t\t\t\t\t\t\t\t<p><span style=\"background-color: transparent;\">Situ\u00e9 dans le canton suisse du Valais, ce glacier spectaculaire qui s&#8217;\u00e9tend sur plusieurs kilom\u00e8tres est n\u00e9 de l\u2019union entre 3 glaciers (Grand Cornier, Durant et Mountet). Un incontournable pour les passionn\u00e9s de randonn\u00e9es, la visite de ce v\u00e9ritable tr\u00e9sor naturel se fait apr\u00e8s une longue marche pour enfin d\u00e9couvrir les <\/span><b style=\"background-color: transparent;\">grottes monumentales de Zinal<\/b><span style=\"background-color: transparent;\">.<\/span><\/p><p><span style=\"font-weight: 400;\">Le Glacier alimente plusieurs cours d&#8217;eau et rivi\u00e8res de la r\u00e9gion, participant ainsi au cycle vital de l&#8217;\u00e9cosyst\u00e8me local. Un <\/span><b>joyau naturel tr\u00e8s pr\u00e9cieux <\/b><span style=\"font-weight: 400;\">en p\u00e9ril en raison du changement climatique.<\/span><\/p><p><span style=\"background-color: transparent;\">Partons \u00e0 la d\u00e9couverte du Glacier de Zinal avec ses paysages incomparables et ses aventures exclusives qui vous attendent !<\/span><\/p>\t\t\t\t\t\t\t\t<\/div>\n\t\t\t\t<\/div>\n\t\t\t\t\t<\/div>\n\t\t<\/div>\n\t\t\t\t\t<\/div>\n\t\t<\/section>\n\t\t\t\t<section class=\"elementor-section elementor-top-section elementor-element elementor-element-db2857b elementor-section-boxed elementor-section-height-default elementor-section-height-default\" data-id=\"db2857b\" data-element_type=\"section\" data-e-type=\"section\">\n\t\t\t\t\t\t<div class=\"elementor-container elementor-column-gap-default\">\n\t\t\t\t\t<div class=\"elementor-column elementor-col-100 elementor-top-column elementor-element elementor-element-445846e\" data-id=\"445846e\" data-element_type=\"column\" data-e-type=\"column\">\n\t\t\t<div class=\"elementor-widget-wrap elementor-element-populated\">\n\t\t\t\t\t\t<div class=\"elementor-element elementor-element-c986ac2 elementor-widget elementor-widget-heading\" data-id=\"c986ac2\" data-element_type=\"widget\" data-e-type=\"widget\" data-widget_type=\"heading.default\">\n\t\t\t\t<div class=\"elementor-widget-container\">\n\t\t\t\t\t<h2 class=\"elementor-heading-title elementor-size-default\">L\u2019acc\u00e8s au Glacier de Zinal : une beaut\u00e9 naturelle et des caract\u00e9ristiques uniques<\/h2>\t\t\t\t<\/div>\n\t\t\t\t<\/div>\n\t\t\t\t<div class=\"elementor-element elementor-element-1d818a6 elementor-widget elementor-widget-text-editor\" data-id=\"1d818a6\" data-element_type=\"widget\" data-e-type=\"widget\" data-widget_type=\"text-editor.default\">\n\t\t\t\t<div class=\"elementor-widget-container\">\n\t\t\t\t\t\t\t\t\t<p><span style=\"font-weight: 400;\">Les paysages qu&#8217;offre le Glacier de Zinal sont tout simplement \u00e0 couper le souffle notamment ses pics alpins aux sommets enneig\u00e9s.<\/span><\/p>\t\t\t\t\t\t\t\t<\/div>\n\t\t\t\t<\/div>\n\t\t\t\t\t<\/div>\n\t\t<\/div>\n\t\t\t\t\t<\/div>\n\t\t<\/section>\n\t\t\t\t<section class=\"elementor-section elementor-top-section elementor-element elementor-element-9f59c81 elementor-section-boxed elementor-section-height-default elementor-section-height-default\" data-id=\"9f59c81\" data-element_type=\"section\" data-e-type=\"section\">\n\t\t\t\t\t\t<div class=\"elementor-container elementor-column-gap-default\">\n\t\t\t\t\t<div class=\"elementor-column elementor-col-50 elementor-top-column elementor-element elementor-element-ac9a260\" data-id=\"ac9a260\" data-element_type=\"column\" data-e-type=\"column\">\n\t\t\t<div class=\"elementor-widget-wrap elementor-element-populated\">\n\t\t\t\t\t\t<div class=\"elementor-element elementor-element-700053a elementor-widget elementor-widget-text-editor\" data-id=\"700053a\" data-element_type=\"widget\" data-e-type=\"widget\" data-widget_type=\"text-editor.default\">\n\t\t\t\t<div class=\"elementor-widget-container\">\n\t\t\t\t\t\t\t\t\t<p><span style=\"background-color: transparent;\">Pour y acc\u00e9der vous profiterez d\u2019une\u00a0<b>balade en pleine nature<\/b>, entour\u00e9e d\u2019\u00e9normes blocs de roche qui vous offrent un panorama unique. Lorsque l&#8217;on atteint l&#8217;immense entr\u00e9e de la grotte, c\u2019est l\u2019apoth\u00e9ose ! Sculpt\u00e9e par le front glaciaire en perp\u00e9tuel mouvement, elle change d\u2019aspect tous les ans et fascine m\u00eame les habitu\u00e9s.<\/span><\/p><p><span style=\"background-color: transparent;\">La grotte se compose de diff\u00e9rentes salles, plus impressionnantes les unes que les autres. Des \u00e9tendues de glace aux nuances bleut\u00e9es, aux vo\u00fbtes colossales cr\u00e9ant un spectacle visuel saisissant. Les formes du glacier poss\u00e8dent des caract\u00e9ristiques uniques, r\u00e9sultant de millions d&#8217;ann\u00e9es de mouvement glaciaire.<\/span><\/p><p><span style=\"font-weight: 400;\">Le glacier de Zinal constitue \u00e9galement un <\/span><b>\u00e9cosyst\u00e8me d&#8217;une grande richesse<\/b><span style=\"font-weight: 400;\"> pour la r\u00e9gion. Sa fonte constante r\u00e9g\u00e9n\u00e8re naturellement les ruisseaux et les rivi\u00e8res, participant ainsi \u00e0 la biodiversit\u00e9 locale. Pour la faune et la flore des montagnes du canton du Valais, le glacier est un v\u00e9ritable habitat.<\/span><\/p>\t\t\t\t\t\t\t\t<\/div>\n\t\t\t\t<\/div>\n\t\t\t\t\t<\/div>\n\t\t<\/div>\n\t\t\t\t<div class=\"elementor-column elementor-col-50 elementor-top-column elementor-element elementor-element-a37a872\" data-id=\"a37a872\" data-element_type=\"column\" data-e-type=\"column\">\n\t\t\t<div class=\"elementor-widget-wrap elementor-element-populated\">\n\t\t\t\t\t\t<div class=\"elementor-element elementor-element-a2d97fb elementor-widget elementor-widget-image\" data-id=\"a2d97fb\" data-element_type=\"widget\" data-e-type=\"widget\" data-widget_type=\"image.default\">\n\t\t\t\t<div class=\"elementor-widget-container\">\n\t\t\t\t\t\t\t\t\t\t\t\t\t\t\t<img fetchpriority=\"high\" decoding=\"async\" width=\"724\" height=\"483\" src=\"https:\/\/www.alpvisionresidences.com\/blog\/wp-content\/uploads\/2023\/08\/Vallais-Glacier-Zinal.jpg\" class=\"attachment-large size-large wp-image-6264\" alt=\"Vallais Glacier Zinal\" \/>\t\t\t\t\t\t\t\t\t\t\t\t\t\t\t<\/div>\n\t\t\t\t<\/div>\n\t\t\t\t\t<\/div>\n\t\t<\/div>\n\t\t\t\t\t<\/div>\n\t\t<\/section>\n\t\t\t\t<section class=\"elementor-section elementor-top-section elementor-element elementor-element-93e008d elementor-section-boxed elementor-section-height-default elementor-section-height-default\" data-id=\"93e008d\" data-element_type=\"section\" data-e-type=\"section\">\n\t\t\t\t\t\t<div class=\"elementor-container elementor-column-gap-default\">\n\t\t\t\t\t<div class=\"elementor-column elementor-col-100 elementor-top-column elementor-element elementor-element-4647417\" data-id=\"4647417\" data-element_type=\"column\" data-e-type=\"column\">\n\t\t\t<div class=\"elementor-widget-wrap elementor-element-populated\">\n\t\t\t\t\t\t<div class=\"elementor-element elementor-element-2df4c1f elementor-widget elementor-widget-heading\" data-id=\"2df4c1f\" data-element_type=\"widget\" data-e-type=\"widget\" data-widget_type=\"heading.default\">\n\t\t\t\t<div class=\"elementor-widget-container\">\n\t\t\t\t\t<h2 class=\"elementor-heading-title elementor-size-default\">Randonn\u00e9es et activit\u00e9s du Glacier de Zinal<\/h2>\t\t\t\t<\/div>\n\t\t\t\t<\/div>\n\t\t\t\t<div class=\"elementor-element elementor-element-e7722b1 elementor-widget elementor-widget-text-editor\" data-id=\"e7722b1\" data-element_type=\"widget\" data-e-type=\"widget\" data-widget_type=\"text-editor.default\">\n\t\t\t\t<div class=\"elementor-widget-container\">\n\t\t\t\t\t\t\t\t\t<p><span style=\"font-weight: 400;\">Un paradis pour les amoureux de la nature, le glacier offre une excursion unique au c\u0153ur de ses entrailles : <\/span><b>les Grottes du Glacier de Zinal<\/b><span style=\"font-weight: 400;\">.<\/span><\/p><p><span style=\"background-color: transparent;\">Partez au c\u0153ur des glaces pour une premi\u00e8re <\/span><b style=\"background-color: transparent;\">randonn\u00e9e en raquettes<\/b><span style=\"background-color: transparent;\"> d\u2019environ 2h30 depuis le village de Zinal. Puis vous acc\u00e9dez aux impressionnantes grottes et continuez l\u2019excursion durant 5 h de randonn\u00e9e glaciaire, un parcours au d\u00e9nivel\u00e9 positif de 500m. Un effort qui en vaut la peine !<\/span><\/p><p><span style=\"font-weight: 400;\">Les visites s\u2019organisent uniquement en hiver en raison des dangers li\u00e9s \u00e0 la fonte des glaces et aux torrents qui coulent abondamment durant l\u2019\u00e9t\u00e9. Les sentiers de randonn\u00e9e sont bien balis\u00e9s pour <\/span><b>se rapprocher du glacier Zinal<\/b><span style=\"font-weight: 400;\"> mais il est fortement recommand\u00e9 d&#8217;\u00eatre accompagn\u00e9 d&#8217;un guide exp\u00e9riment\u00e9 pour toute exp\u00e9dition dans les grottes.<\/span><\/p><p><span style=\"font-weight: 400;\">Autour du Glacier, d\u2019autres activit\u00e9s de plein air sont accessibles telles que des pistes de <\/span><b>ski de fond et des sentiers de randonn\u00e9es p\u00e9destre<\/b><span style=\"font-weight: 400;\">. En \u00e9t\u00e9, les possibilit\u00e9s <\/span><b>d\u2019escalade<\/b><span style=\"font-weight: 400;\"> sont nombreuses en montagne tout comme les <\/span><b>sentiers de VTT<\/b><span style=\"font-weight: 400;\">.<\/span><\/p>\t\t\t\t\t\t\t\t<\/div>\n\t\t\t\t<\/div>\n\t\t\t\t\t<\/div>\n\t\t<\/div>\n\t\t\t\t\t<\/div>\n\t\t<\/section>\n\t\t\t\t<section class=\"elementor-section elementor-top-section elementor-element elementor-element-91171fc elementor-section-boxed elementor-section-height-default elementor-section-height-default\" data-id=\"91171fc\" data-element_type=\"section\" data-e-type=\"section\">\n\t\t\t\t\t\t<div class=\"elementor-container elementor-column-gap-default\">\n\t\t\t\t\t<div class=\"elementor-column elementor-col-100 elementor-top-column elementor-element elementor-element-37b0979\" data-id=\"37b0979\" data-element_type=\"column\" data-e-type=\"column\">\n\t\t\t<div class=\"elementor-widget-wrap elementor-element-populated\">\n\t\t\t\t\t\t<div class=\"elementor-element elementor-element-d38d90e elementor-widget elementor-widget-heading\" data-id=\"d38d90e\" data-element_type=\"widget\" data-e-type=\"widget\" data-widget_type=\"heading.default\">\n\t\t\t\t<div class=\"elementor-widget-container\">\n\t\t\t\t\t<h2 class=\"elementor-heading-title elementor-size-default\">Les efforts de conservation des Glaciers face au changement climatique\n<\/h2>\t\t\t\t<\/div>\n\t\t\t\t<\/div>\n\t\t\t\t<div class=\"elementor-element elementor-element-78f8013 elementor-widget elementor-widget-text-editor\" data-id=\"78f8013\" data-element_type=\"widget\" data-e-type=\"widget\" data-widget_type=\"text-editor.default\">\n\t\t\t\t<div class=\"elementor-widget-container\">\n\t\t\t\t\t\t\t\t\t<p><b>\u00c0 Zinal, le Glacier joue \u00e9galement un r\u00f4le essentiel<\/b><span style=\"font-weight: 400;\"> dans la recherche scientifique li\u00e9e au climat et aux changements environnementaux. Les chercheurs \u00e9tudient le Glacier attentivement pour comprendre l&#8217;impact du <\/span><b>r\u00e9chauffement climatique<\/b><span style=\"font-weight: 400;\"> sur les glaciers alpins, ainsi que sur l&#8217;ensemble de la plan\u00e8te.\u00a0<\/span><span style=\"background-color: transparent;\">Malheureusement, les scientifiques constatent avec inqui\u00e9tude que le Glacier de Zinal r\u00e9tr\u00e9cit \u00e0 un rythme alarmant, laissant derri\u00e8re lui des crevasses b\u00e9antes.\u00a0<\/span><\/p>\t\t\t\t\t\t\t\t<\/div>\n\t\t\t\t<\/div>\n\t\t\t\t\t<\/div>\n\t\t<\/div>\n\t\t\t\t\t<\/div>\n\t\t<\/section>\n\t\t\t\t<section class=\"elementor-section elementor-top-section elementor-element elementor-element-8038f3b elementor-section-boxed elementor-section-height-default elementor-section-height-default\" data-id=\"8038f3b\" data-element_type=\"section\" data-e-type=\"section\">\n\t\t\t\t\t\t<div class=\"elementor-container elementor-column-gap-default\">\n\t\t\t\t\t<div class=\"elementor-column elementor-col-50 elementor-top-column elementor-element elementor-element-6ac3598\" data-id=\"6ac3598\" data-element_type=\"column\" data-e-type=\"column\">\n\t\t\t<div class=\"elementor-widget-wrap elementor-element-populated\">\n\t\t\t\t\t\t<div class=\"elementor-element elementor-element-df1ad84 elementor-widget elementor-widget-image\" data-id=\"df1ad84\" data-element_type=\"widget\" data-e-type=\"widget\" data-widget_type=\"image.default\">\n\t\t\t\t<div class=\"elementor-widget-container\">\n\t\t\t\t\t\t\t\t\t\t\t\t\t\t\t<img decoding=\"async\" width=\"724\" height=\"483\" src=\"https:\/\/www.alpvisionresidences.com\/blog\/wp-content\/uploads\/2023\/08\/Vues-nature-dans-Glacier-unal.jpg\" class=\"attachment-large size-large wp-image-6269\" alt=\"Vues nature dans Glacier unal\" \/>\t\t\t\t\t\t\t\t\t\t\t\t\t\t\t<\/div>\n\t\t\t\t<\/div>\n\t\t\t\t\t<\/div>\n\t\t<\/div>\n\t\t\t\t<div class=\"elementor-column elementor-col-50 elementor-top-column elementor-element elementor-element-15e323e\" data-id=\"15e323e\" data-element_type=\"column\" data-e-type=\"column\">\n\t\t\t<div class=\"elementor-widget-wrap elementor-element-populated\">\n\t\t\t\t\t\t<div class=\"elementor-element elementor-element-cf7aaf9 elementor-widget elementor-widget-text-editor\" data-id=\"cf7aaf9\" data-element_type=\"widget\" data-e-type=\"widget\" data-widget_type=\"text-editor.default\">\n\t\t\t\t<div class=\"elementor-widget-container\">\n\t\t\t\t\t\t\t\t\t<p><span style=\"background-color: transparent;\">Cette situation a des r\u00e9percussions sur l&#8217;approvisionnement en eau de la r\u00e9gion, perturbant l&#8217;\u00e9cosyst\u00e8me d\u00e9licat de la faune et de la flore alpines.<\/span><\/p><p><span style=\"background-color: transparent;\">Face \u00e0 cette menace grandissante, des efforts de conservation ont \u00e9t\u00e9 entrepris pour pr\u00e9server le Glacier de Zinal et d&#8217;autres glaciers alpins. Des <\/span><b style=\"background-color: transparent;\">programmes de sensibilisation<\/b><span style=\"background-color: transparent;\"> sont mis en place pour informer le public sur l&#8217;importance de la protection de ces \u00e9cosyst\u00e8mes uniques. De plus, des mesures sont prises pour<\/span><b style=\"background-color: transparent;\"> r\u00e9duire les \u00e9missions de gaz \u00e0 effet de serre<\/b><span style=\"background-color: transparent;\">, l&#8217;une des principales causes du changement climatique, dans l&#8217;espoir de ralentir le rythme de fonte des glaces.<\/span><\/p><p><span style=\"background-color: transparent;\">Ensemble, en prenant soin de notre plan\u00e8te, nous pouvons pr\u00e9server la beaut\u00e9 du glacier de Zinal et de tous les joyaux naturels du monde, afin que les g\u00e9n\u00e9rations futures puissent \u00e9galement \u00eatre \u00e9merveill\u00e9es par leur splendeur.<\/span><\/p>\t\t\t\t\t\t\t\t<\/div>\n\t\t\t\t<\/div>\n\t\t\t\t\t<\/div>\n\t\t<\/div>\n\t\t\t\t\t<\/div>\n\t\t<\/section>\n\t\t\t\t<section class=\"elementor-section elementor-top-section elementor-element elementor-element-68d11b28 elementor-section-boxed elementor-section-height-default elementor-section-height-default\" data-id=\"68d11b28\" data-element_type=\"section\" data-e-type=\"section\">\n\t\t\t\t\t\t<div class=\"elementor-container elementor-column-gap-default\">\n\t\t\t\t\t<div class=\"elementor-column elementor-col-100 elementor-top-column elementor-element elementor-element-7e2c68f9\" data-id=\"7e2c68f9\" data-element_type=\"column\" data-e-type=\"column\">\n\t\t\t<div class=\"elementor-widget-wrap elementor-element-populated\">\n\t\t\t\t\t\t<div class=\"elementor-element elementor-element-754782ca elementor-widget elementor-widget-heading\" data-id=\"754782ca\" data-element_type=\"widget\" data-e-type=\"widget\" data-widget_type=\"heading.default\">\n\t\t\t\t<div class=\"elementor-widget-container\">\n\t\t\t\t\t<h3 class=\"elementor-heading-title elementor-size-default\">Merveilles naturelles \u00e0 pr\u00e9server\n<\/h3>\t\t\t\t<\/div>\n\t\t\t\t<\/div>\n\t\t\t\t<div class=\"elementor-element elementor-element-77cbfb70 elementor-widget elementor-widget-text-editor\" data-id=\"77cbfb70\" data-element_type=\"widget\" data-e-type=\"widget\" data-widget_type=\"text-editor.default\">\n\t\t\t\t<div class=\"elementor-widget-container\">\n\t\t\t\t\t\t\t\t\t<p><span style=\"font-weight: 400;\">Le Glacier de Zinal nous transporte dans un monde d&#8217;\u00e9merveillement, avec ses paysages de glace et ses sommets enneig\u00e9s. Partez \u00e0 la d\u00e9couverte des grottes monumentales, sculpt\u00e9es naturellement par les torrents, qui \u00e9voluent chaque ann\u00e9e pour vous offrir un spectacle unique.<\/span><\/p><p><span style=\"background-color: transparent;\">Cependant, le Glacier de Zinal subit les cons\u00e9quences du changement climatique qui menace sa survie et celle de nombreux autres glaciers \u00e0 travers le monde. Chacun de nous peut contribuer \u00e0 l\u2019effort collectif de sa protection en adoptant des pratiques respectueuses de l&#8217;environnement et en soutenant les initiatives de conservation.<\/span><\/p><p><span style=\"background-color: transparent;\">En visitant le glacier de Zinal et en d\u00e9couvrant sa beaut\u00e9 fragile, nous sommes inspir\u00e9s \u00e0 agir en \u00e9co-responsable et \u00e0 t\u00e9moigner notre gratitude envers le monde naturel qui nous entoure.<\/span><\/p>\t\t\t\t\t\t\t\t<\/div>\n\t\t\t\t<\/div>\n\t\t\t\t\t<\/div>\n\t\t<\/div>\n\t\t\t\t\t<\/div>\n\t\t<\/section>\n\t\t\t\t<section class=\"elementor-section elementor-top-section elementor-element elementor-element-0c27cc4 elementor-section-boxed elementor-section-height-default elementor-section-height-default\" data-id=\"0c27cc4\" data-element_type=\"section\" data-e-type=\"section\">\n\t\t\t\t\t\t<div class=\"elementor-container elementor-column-gap-default\">\n\t\t\t\t\t<div class=\"elementor-column elementor-col-100 elementor-top-column elementor-element elementor-element-1c12b06\" data-id=\"1c12b06\" data-element_type=\"column\" data-e-type=\"column\">\n\t\t\t<div class=\"elementor-widget-wrap elementor-element-populated\">\n\t\t\t\t\t\t<div class=\"elementor-element elementor-element-f7e15cc elementor-widget elementor-widget-image\" data-id=\"f7e15cc\" data-element_type=\"widget\" data-e-type=\"widget\" data-widget_type=\"image.default\">\n\t\t\t\t<div class=\"elementor-widget-container\">\n\t\t\t\t\t\t\t\t\t\t\t\t\t\t\t<img decoding=\"async\" width=\"1920\" height=\"500\" src=\"https:\/\/www.alpvisionresidences.com\/blog\/wp-content\/uploads\/2023\/08\/Glacier-Zinal.jpg\" class=\"attachment-full size-full wp-image-6274\" alt=\"Glacier Zinal\" srcset=\"https:\/\/www.alpvisionresidences.com\/blog\/wp-content\/uploads\/2023\/08\/Glacier-Zinal.jpg 1920w, https:\/\/www.alpvisionresidences.com\/blog\/wp-content\/uploads\/2023\/08\/Glacier-Zinal-768x200.jpg 768w, https:\/\/www.alpvisionresidences.com\/blog\/wp-content\/uploads\/2023\/08\/Glacier-Zinal-1536x400.jpg 1536w\" sizes=\"(max-width: 1920px) 100vw, 1920px\" \/>\t\t\t\t\t\t\t\t\t\t\t\t\t\t\t<\/div>\n\t\t\t\t<\/div>\n\t\t\t\t\t<\/div>\n\t\t<\/div>\n\t\t\t\t\t<\/div>\n\t\t<\/section>\n\t\t\t\t<section class=\"elementor-section elementor-top-section elementor-element elementor-element-39e852e elementor-section-boxed elementor-section-height-default elementor-section-height-default\" data-id=\"39e852e\" data-element_type=\"section\" data-e-type=\"section\">\n\t\t\t\t\t\t<div class=\"elementor-container elementor-column-gap-default\">\n\t\t\t\t\t<div class=\"elementor-column elementor-col-100 elementor-top-column elementor-element elementor-element-58d9819\" data-id=\"58d9819\" data-element_type=\"column\" data-e-type=\"column\">\n\t\t\t<div class=\"elementor-widget-wrap elementor-element-populated\">\n\t\t\t\t\t\t<div class=\"elementor-element elementor-element-44a6ea4 elementor-widget elementor-widget-heading\" data-id=\"44a6ea4\" data-element_type=\"widget\" data-e-type=\"widget\" data-widget_type=\"heading.default\">\n\t\t\t\t<div class=\"elementor-widget-container\">\n\t\t\t\t\t<h2 class=\"elementor-heading-title elementor-size-default\">Profitez de l'exp\u00e9rience du Glacier de Zinal\n<\/h2>\t\t\t\t<\/div>\n\t\t\t\t<\/div>\n\t\t\t\t<div class=\"elementor-element elementor-element-c4a305b elementor-widget elementor-widget-text-editor\" data-id=\"c4a305b\" data-element_type=\"widget\" data-e-type=\"widget\" data-widget_type=\"text-editor.default\">\n\t\t\t\t<div class=\"elementor-widget-container\">\n\t\t\t\t\t\t\t\t\t<p><span style=\"font-weight: 400;\">Venez vivre une exp\u00e9rience absolument unique en son genre, au c\u0153ur m\u00eame du majestueux Glacier de Zinal, et laissez l&#8217;explorateur qui sommeille en vous se r\u00e9veiller pleinement ! Ne tardez pas \u00e0 r\u00e9server votre s\u00e9jour d\u00e8s \u00e0 pr\u00e9sent pour vous joindre \u00e0 cette aventure extraordinaire. Profitez de cette opportunit\u00e9 exceptionnelle pour plonger au c\u0153ur de la beaut\u00e9 glac\u00e9e de Zinal et laisser une empreinte m\u00e9morable dans les paysages enchanteurs de ce lieu hors du commun.<\/span><\/p>\t\t\t\t\t\t\t\t<\/div>\n\t\t\t\t<\/div>\n\t\t\t\t\t<\/div>\n\t\t<\/div>\n\t\t\t\t\t<\/div>\n\t\t<\/section>\n\t\t\t\t<section class=\"elementor-section elementor-top-section elementor-element elementor-element-c88ce66 elementor-section-boxed elementor-section-height-default elementor-section-height-default\" data-id=\"c88ce66\" data-element_type=\"section\" data-e-type=\"section\">\n\t\t\t\t\t\t<div class=\"elementor-container elementor-column-gap-default\">\n\t\t\t\t\t<div class=\"elementor-column elementor-col-50 elementor-top-column elementor-element elementor-element-7718495\" data-id=\"7718495\" data-element_type=\"column\" data-e-type=\"column\">\n\t\t\t<div class=\"elementor-widget-wrap elementor-element-populated\">\n\t\t\t\t\t\t<div class=\"elementor-element elementor-element-2e8a1298 elementor-align-center elementor-widget elementor-widget-button\" data-id=\"2e8a1298\" data-element_type=\"widget\" data-e-type=\"widget\" data-widget_type=\"button.default\">\n\t\t\t\t<div class=\"elementor-widget-container\">\n\t\t\t\t\t\t\t\t\t<div class=\"elementor-button-wrapper\">\n\t\t\t\t\t<a class=\"elementor-button elementor-button-link elementor-size-lg\" href=\"https:\/\/www.alpvisionresidences.com\/fr\/location\/locations-zinal-d89712\/\">\n\t\t\t\t\t\t<span class=\"elementor-button-content-wrapper\">\n\t\t\t\t\t\t\t\t\t<span class=\"elementor-button-text\">H\u00e9bergements \u00e0 Zinal<\/span>\n\t\t\t\t\t<\/span>\n\t\t\t\t\t<\/a>\n\t\t\t\t<\/div>\n\t\t\t\t\t\t\t\t<\/div>\n\t\t\t\t<\/div>\n\t\t\t\t\t<\/div>\n\t\t<\/div>\n\t\t\t\t<div class=\"elementor-column elementor-col-50 elementor-top-column elementor-element elementor-element-afb00ca\" data-id=\"afb00ca\" data-element_type=\"column\" data-e-type=\"column\">\n\t\t\t<div class=\"elementor-widget-wrap elementor-element-populated\">\n\t\t\t\t\t\t<div class=\"elementor-element elementor-element-1959c25b elementor-align-center elementor-widget elementor-widget-button\" data-id=\"1959c25b\" data-element_type=\"widget\" data-e-type=\"widget\" data-widget_type=\"button.default\">\n\t\t\t\t<div class=\"elementor-widget-container\">\n\t\t\t\t\t\t\t\t\t<div class=\"elementor-button-wrapper\">\n\t\t\t\t\t<a class=\"elementor-button elementor-button-link elementor-size-lg\" href=\"https:\/\/www.alpvisionresidences.com\/fr\/location\/appartements-zinal-c1d89712\/\">\n\t\t\t\t\t\t<span class=\"elementor-button-content-wrapper\">\n\t\t\t\t\t\t\t\t\t<span class=\"elementor-button-text\">Appartement \u00e0 Zinal<\/span>\n\t\t\t\t\t<\/span>\n\t\t\t\t\t<\/a>\n\t\t\t\t<\/div>\n\t\t\t\t\t\t\t\t<\/div>\n\t\t\t\t<\/div>\n\t\t\t\t\t<\/div>\n\t\t<\/div>\n\t\t\t\t\t<\/div>\n\t\t<\/section>\n\t\t\t\t<\/div>\n\t\t","protected":false},"excerpt":{"rendered":"<p>Le Glacier de Zinal : une \u00e9tendue majestueuse au c\u0153ur des Alpes Suisses Situ\u00e9 dans le canton suisse du Valais,&#8230;<\/p>\n","protected":false},"author":3,"featured_media":6279,"comment_status":"open","ping_status":"open","sticky":false,"template":"","format":"standard","meta":{"footnotes":""},"categories":[25,415,430,469,502,426],"tags":[207],"class_list":["post-6242","post","type-post","status-publish","format-standard","has-post-thumbnail","hentry","category-activites-en-suisse","category-alpes-suisses","category-canton-du-valais-fr","category-ete","category-randonnees","category-zinal","tag-termignon"],"yoast_head":"<!-- This site is optimized with the Yoast SEO plugin v27.4 - https:\/\/yoast.com\/product\/yoast-seo-wordpress\/ -->\n<title>Le Glacier de Zinal et ses Grottes spectaculaires<\/title>\n<meta name=\"description\" content=\"Avec ses paysages glac\u00e9s \u00e9poustouflants, le glacier de Zinal est un incontournable pour les passionn\u00e9s d&#039;alpinisme et de nature.\" \/>\n<meta name=\"robots\" content=\"index, follow, max-snippet:-1, max-image-preview:large, max-video-preview:-1\" \/>\n<link rel=\"canonical\" href=\"https:\/\/www.alpvisionresidences.com\/blog\/fr\/glacier-zinal\/\" \/>\n<meta property=\"og:locale\" content=\"fr_FR\" \/>\n<meta property=\"og:type\" content=\"article\" \/>\n<meta property=\"og:title\" content=\"Le Glacier de Zinal et ses Grottes spectaculaires\" \/>\n<meta property=\"og:description\" content=\"Avec ses paysages glac\u00e9s \u00e9poustouflants, le glacier de Zinal est un incontournable pour les passionn\u00e9s d&#039;alpinisme et de nature.\" \/>\n<meta property=\"og:url\" content=\"https:\/\/www.alpvisionresidences.com\/blog\/fr\/glacier-zinal\/\" \/>\n<meta property=\"og:site_name\" content=\"Get Inspired\" \/>\n<meta property=\"article:publisher\" content=\"https:\/\/www.facebook.com\/AlpvisionResidences\/\" \/>\n<meta property=\"article:published_time\" content=\"2023-09-12T14:32:23+00:00\" \/>\n<meta property=\"article:modified_time\" content=\"2025-02-20T10:00:04+00:00\" \/>\n<meta property=\"og:image\" content=\"https:\/\/www.alpvisionresidences.com\/blog\/wp-content\/uploads\/2023\/08\/Glacier-Zinal-sunset.jpg\" \/>\n\t<meta property=\"og:image:width\" content=\"1615\" \/>\n\t<meta property=\"og:image:height\" content=\"648\" \/>\n\t<meta property=\"og:image:type\" content=\"image\/jpeg\" \/>\n<meta name=\"author\" content=\"digitalservices\" \/>\n<meta name=\"twitter:card\" content=\"summary_large_image\" \/>\n<meta name=\"twitter:label1\" content=\"Written by\" \/>\n\t<meta name=\"twitter:data1\" content=\"digitalservices\" \/>\n\t<meta name=\"twitter:label2\" content=\"Est. reading time\" \/>\n\t<meta name=\"twitter:data2\" content=\"6 minutes\" \/>\n<script type=\"application\/ld+json\" class=\"yoast-schema-graph\">{\"@context\":\"https:\\\/\\\/schema.org\",\"@graph\":[{\"@type\":\"Article\",\"@id\":\"https:\\\/\\\/www.alpvisionresidences.com\\\/blog\\\/fr\\\/glacier-zinal\\\/#article\",\"isPartOf\":{\"@id\":\"https:\\\/\\\/www.alpvisionresidences.com\\\/blog\\\/fr\\\/glacier-zinal\\\/\"},\"author\":{\"name\":\"digitalservices\",\"@id\":\"https:\\\/\\\/www.alpvisionresidences.com\\\/blog\\\/fr\\\/#\\\/schema\\\/person\\\/6e9d17dd9b9dc7fb1f883ab503416e85\"},\"headline\":\"D\u00e9couvrez le Glacier de Zinal et ses Grottes spectaculaires\",\"datePublished\":\"2023-09-12T14:32:23+00:00\",\"dateModified\":\"2025-02-20T10:00:04+00:00\",\"mainEntityOfPage\":{\"@id\":\"https:\\\/\\\/www.alpvisionresidences.com\\\/blog\\\/fr\\\/glacier-zinal\\\/\"},\"wordCount\":1013,\"commentCount\":0,\"publisher\":{\"@id\":\"https:\\\/\\\/www.alpvisionresidences.com\\\/blog\\\/fr\\\/#organization\"},\"image\":{\"@id\":\"https:\\\/\\\/www.alpvisionresidences.com\\\/blog\\\/fr\\\/glacier-zinal\\\/#primaryimage\"},\"thumbnailUrl\":\"https:\\\/\\\/www.alpvisionresidences.com\\\/blog\\\/wp-content\\\/uploads\\\/2023\\\/08\\\/Glacier-Zinal-sunset.jpg\",\"keywords\":[\"Termignon\"],\"articleSection\":[\"Activit\u00e9s en Suisse\",\"Alpes Suisses\",\"Canton du Valais\",\"\u00c9t\u00e9\",\"Randonn\u00e9es\",\"Zinal\"],\"inLanguage\":\"fr\",\"potentialAction\":[{\"@type\":\"CommentAction\",\"name\":\"Comment\",\"target\":[\"https:\\\/\\\/www.alpvisionresidences.com\\\/blog\\\/fr\\\/glacier-zinal\\\/#respond\"]}]},{\"@type\":\"WebPage\",\"@id\":\"https:\\\/\\\/www.alpvisionresidences.com\\\/blog\\\/fr\\\/glacier-zinal\\\/\",\"url\":\"https:\\\/\\\/www.alpvisionresidences.com\\\/blog\\\/fr\\\/glacier-zinal\\\/\",\"name\":\"Le Glacier de Zinal et ses Grottes spectaculaires\",\"isPartOf\":{\"@id\":\"https:\\\/\\\/www.alpvisionresidences.com\\\/blog\\\/fr\\\/#website\"},\"primaryImageOfPage\":{\"@id\":\"https:\\\/\\\/www.alpvisionresidences.com\\\/blog\\\/fr\\\/glacier-zinal\\\/#primaryimage\"},\"image\":{\"@id\":\"https:\\\/\\\/www.alpvisionresidences.com\\\/blog\\\/fr\\\/glacier-zinal\\\/#primaryimage\"},\"thumbnailUrl\":\"https:\\\/\\\/www.alpvisionresidences.com\\\/blog\\\/wp-content\\\/uploads\\\/2023\\\/08\\\/Glacier-Zinal-sunset.jpg\",\"datePublished\":\"2023-09-12T14:32:23+00:00\",\"dateModified\":\"2025-02-20T10:00:04+00:00\",\"description\":\"Avec ses paysages glac\u00e9s \u00e9poustouflants, le glacier de Zinal est un incontournable pour les passionn\u00e9s d'alpinisme et de nature.\",\"breadcrumb\":{\"@id\":\"https:\\\/\\\/www.alpvisionresidences.com\\\/blog\\\/fr\\\/glacier-zinal\\\/#breadcrumb\"},\"inLanguage\":\"fr\",\"potentialAction\":[{\"@type\":\"ReadAction\",\"target\":[\"https:\\\/\\\/www.alpvisionresidences.com\\\/blog\\\/fr\\\/glacier-zinal\\\/\"]}]},{\"@type\":\"ImageObject\",\"inLanguage\":\"fr\",\"@id\":\"https:\\\/\\\/www.alpvisionresidences.com\\\/blog\\\/fr\\\/glacier-zinal\\\/#primaryimage\",\"url\":\"https:\\\/\\\/www.alpvisionresidences.com\\\/blog\\\/wp-content\\\/uploads\\\/2023\\\/08\\\/Glacier-Zinal-sunset.jpg\",\"contentUrl\":\"https:\\\/\\\/www.alpvisionresidences.com\\\/blog\\\/wp-content\\\/uploads\\\/2023\\\/08\\\/Glacier-Zinal-sunset.jpg\",\"width\":1615,\"height\":648,\"caption\":\"Glacier Zinal sunset\"},{\"@type\":\"BreadcrumbList\",\"@id\":\"https:\\\/\\\/www.alpvisionresidences.com\\\/blog\\\/fr\\\/glacier-zinal\\\/#breadcrumb\",\"itemListElement\":[{\"@type\":\"ListItem\",\"position\":1,\"name\":\"Home\",\"item\":\"https:\\\/\\\/www.alpvisionresidences.com\\\/blog\\\/fr\\\/\"},{\"@type\":\"ListItem\",\"position\":2,\"name\":\"D\u00e9couvrez le Glacier de Zinal et ses Grottes spectaculaires\"}]},{\"@type\":\"WebSite\",\"@id\":\"https:\\\/\\\/www.alpvisionresidences.com\\\/blog\\\/fr\\\/#website\",\"url\":\"https:\\\/\\\/www.alpvisionresidences.com\\\/blog\\\/fr\\\/\",\"name\":\"alpvisionresidences.com\",\"description\":\"Alpvision r\u00e9sidences\",\"publisher\":{\"@id\":\"https:\\\/\\\/www.alpvisionresidences.com\\\/blog\\\/fr\\\/#organization\"},\"potentialAction\":[{\"@type\":\"SearchAction\",\"target\":{\"@type\":\"EntryPoint\",\"urlTemplate\":\"https:\\\/\\\/www.alpvisionresidences.com\\\/blog\\\/fr\\\/?s={search_term_string}\"},\"query-input\":{\"@type\":\"PropertyValueSpecification\",\"valueRequired\":true,\"valueName\":\"search_term_string\"}}],\"inLanguage\":\"fr\"},{\"@type\":\"Organization\",\"@id\":\"https:\\\/\\\/www.alpvisionresidences.com\\\/blog\\\/fr\\\/#organization\",\"name\":\"Alpvision Residences\",\"url\":\"https:\\\/\\\/www.alpvisionresidences.com\\\/blog\\\/fr\\\/\",\"logo\":{\"@type\":\"ImageObject\",\"inLanguage\":\"fr\",\"@id\":\"https:\\\/\\\/www.alpvisionresidences.com\\\/blog\\\/fr\\\/#\\\/schema\\\/logo\\\/image\\\/\",\"url\":\"https:\\\/\\\/www.alpvisionresidences.com\\\/blog\\\/wp-content\\\/uploads\\\/2022\\\/01\\\/alpvision_icone1_bleu_negatif-Redimensionne-pour-profil.png\",\"contentUrl\":\"https:\\\/\\\/www.alpvisionresidences.com\\\/blog\\\/wp-content\\\/uploads\\\/2022\\\/01\\\/alpvision_icone1_bleu_negatif-Redimensionne-pour-profil.png\",\"width\":522,\"height\":478,\"caption\":\"Alpvision Residences\"},\"image\":{\"@id\":\"https:\\\/\\\/www.alpvisionresidences.com\\\/blog\\\/fr\\\/#\\\/schema\\\/logo\\\/image\\\/\"},\"sameAs\":[\"https:\\\/\\\/www.facebook.com\\\/AlpvisionResidences\\\/\",\"https:\\\/\\\/www.instagram.com\\\/alpvisionresidences\\\/\"]},{\"@type\":\"Person\",\"@id\":\"https:\\\/\\\/www.alpvisionresidences.com\\\/blog\\\/fr\\\/#\\\/schema\\\/person\\\/6e9d17dd9b9dc7fb1f883ab503416e85\",\"name\":\"digitalservices\",\"image\":{\"@type\":\"ImageObject\",\"inLanguage\":\"fr\",\"@id\":\"https:\\\/\\\/secure.gravatar.com\\\/avatar\\\/af30f88a1904294c1f3eb09a9d7903eec4ffa18fa2cf40c28a8681014ecdfc20?s=96&d=mm&r=g\",\"url\":\"https:\\\/\\\/secure.gravatar.com\\\/avatar\\\/af30f88a1904294c1f3eb09a9d7903eec4ffa18fa2cf40c28a8681014ecdfc20?s=96&d=mm&r=g\",\"contentUrl\":\"https:\\\/\\\/secure.gravatar.com\\\/avatar\\\/af30f88a1904294c1f3eb09a9d7903eec4ffa18fa2cf40c28a8681014ecdfc20?s=96&d=mm&r=g\",\"caption\":\"digitalservices\"},\"url\":\"https:\\\/\\\/www.alpvisionresidences.com\\\/blog\\\/fr\\\/author\\\/digitalservices\\\/\"}]}<\/script>\n<!-- \/ Yoast SEO plugin. -->","yoast_head_json":{"title":"Le Glacier de Zinal et ses Grottes spectaculaires","description":"Avec ses paysages glac\u00e9s \u00e9poustouflants, le glacier de Zinal est un incontournable pour les passionn\u00e9s d'alpinisme et de nature.","robots":{"index":"index","follow":"follow","max-snippet":"max-snippet:-1","max-image-preview":"max-image-preview:large","max-video-preview":"max-video-preview:-1"},"canonical":"https:\/\/www.alpvisionresidences.com\/blog\/fr\/glacier-zinal\/","og_locale":"fr_FR","og_type":"article","og_title":"Le Glacier de Zinal et ses Grottes spectaculaires","og_description":"Avec ses paysages glac\u00e9s \u00e9poustouflants, le glacier de Zinal est un incontournable pour les passionn\u00e9s d'alpinisme et de nature.","og_url":"https:\/\/www.alpvisionresidences.com\/blog\/fr\/glacier-zinal\/","og_site_name":"Get Inspired","article_publisher":"https:\/\/www.facebook.com\/AlpvisionResidences\/","article_published_time":"2023-09-12T14:32:23+00:00","article_modified_time":"2025-02-20T10:00:04+00:00","og_image":[{"width":1615,"height":648,"url":"https:\/\/www.alpvisionresidences.com\/blog\/wp-content\/uploads\/2023\/08\/Glacier-Zinal-sunset.jpg","type":"image\/jpeg"}],"author":"digitalservices","twitter_card":"summary_large_image","twitter_misc":{"Written by":"digitalservices","Est. reading time":"6 minutes"},"schema":{"@context":"https:\/\/schema.org","@graph":[{"@type":"Article","@id":"https:\/\/www.alpvisionresidences.com\/blog\/fr\/glacier-zinal\/#article","isPartOf":{"@id":"https:\/\/www.alpvisionresidences.com\/blog\/fr\/glacier-zinal\/"},"author":{"name":"digitalservices","@id":"https:\/\/www.alpvisionresidences.com\/blog\/fr\/#\/schema\/person\/6e9d17dd9b9dc7fb1f883ab503416e85"},"headline":"D\u00e9couvrez le Glacier de Zinal et ses Grottes spectaculaires","datePublished":"2023-09-12T14:32:23+00:00","dateModified":"2025-02-20T10:00:04+00:00","mainEntityOfPage":{"@id":"https:\/\/www.alpvisionresidences.com\/blog\/fr\/glacier-zinal\/"},"wordCount":1013,"commentCount":0,"publisher":{"@id":"https:\/\/www.alpvisionresidences.com\/blog\/fr\/#organization"},"image":{"@id":"https:\/\/www.alpvisionresidences.com\/blog\/fr\/glacier-zinal\/#primaryimage"},"thumbnailUrl":"https:\/\/www.alpvisionresidences.com\/blog\/wp-content\/uploads\/2023\/08\/Glacier-Zinal-sunset.jpg","keywords":["Termignon"],"articleSection":["Activit\u00e9s en Suisse","Alpes Suisses","Canton du Valais","\u00c9t\u00e9","Randonn\u00e9es","Zinal"],"inLanguage":"fr","potentialAction":[{"@type":"CommentAction","name":"Comment","target":["https:\/\/www.alpvisionresidences.com\/blog\/fr\/glacier-zinal\/#respond"]}]},{"@type":"WebPage","@id":"https:\/\/www.alpvisionresidences.com\/blog\/fr\/glacier-zinal\/","url":"https:\/\/www.alpvisionresidences.com\/blog\/fr\/glacier-zinal\/","name":"Le Glacier de Zinal et ses Grottes spectaculaires","isPartOf":{"@id":"https:\/\/www.alpvisionresidences.com\/blog\/fr\/#website"},"primaryImageOfPage":{"@id":"https:\/\/www.alpvisionresidences.com\/blog\/fr\/glacier-zinal\/#primaryimage"},"image":{"@id":"https:\/\/www.alpvisionresidences.com\/blog\/fr\/glacier-zinal\/#primaryimage"},"thumbnailUrl":"https:\/\/www.alpvisionresidences.com\/blog\/wp-content\/uploads\/2023\/08\/Glacier-Zinal-sunset.jpg","datePublished":"2023-09-12T14:32:23+00:00","dateModified":"2025-02-20T10:00:04+00:00","description":"Avec ses paysages glac\u00e9s \u00e9poustouflants, le glacier de Zinal est un incontournable pour les passionn\u00e9s d'alpinisme et de nature.","breadcrumb":{"@id":"https:\/\/www.alpvisionresidences.com\/blog\/fr\/glacier-zinal\/#breadcrumb"},"inLanguage":"fr","potentialAction":[{"@type":"ReadAction","target":["https:\/\/www.alpvisionresidences.com\/blog\/fr\/glacier-zinal\/"]}]},{"@type":"ImageObject","inLanguage":"fr","@id":"https:\/\/www.alpvisionresidences.com\/blog\/fr\/glacier-zinal\/#primaryimage","url":"https:\/\/www.alpvisionresidences.com\/blog\/wp-content\/uploads\/2023\/08\/Glacier-Zinal-sunset.jpg","contentUrl":"https:\/\/www.alpvisionresidences.com\/blog\/wp-content\/uploads\/2023\/08\/Glacier-Zinal-sunset.jpg","width":1615,"height":648,"caption":"Glacier Zinal sunset"},{"@type":"BreadcrumbList","@id":"https:\/\/www.alpvisionresidences.com\/blog\/fr\/glacier-zinal\/#breadcrumb","itemListElement":[{"@type":"ListItem","position":1,"name":"Home","item":"https:\/\/www.alpvisionresidences.com\/blog\/fr\/"},{"@type":"ListItem","position":2,"name":"D\u00e9couvrez le Glacier de Zinal et ses Grottes spectaculaires"}]},{"@type":"WebSite","@id":"https:\/\/www.alpvisionresidences.com\/blog\/fr\/#website","url":"https:\/\/www.alpvisionresidences.com\/blog\/fr\/","name":"alpvisionresidences.com","description":"Alpvision r\u00e9sidences","publisher":{"@id":"https:\/\/www.alpvisionresidences.com\/blog\/fr\/#organization"},"potentialAction":[{"@type":"SearchAction","target":{"@type":"EntryPoint","urlTemplate":"https:\/\/www.alpvisionresidences.com\/blog\/fr\/?s={search_term_string}"},"query-input":{"@type":"PropertyValueSpecification","valueRequired":true,"valueName":"search_term_string"}}],"inLanguage":"fr"},{"@type":"Organization","@id":"https:\/\/www.alpvisionresidences.com\/blog\/fr\/#organization","name":"Alpvision Residences","url":"https:\/\/www.alpvisionresidences.com\/blog\/fr\/","logo":{"@type":"ImageObject","inLanguage":"fr","@id":"https:\/\/www.alpvisionresidences.com\/blog\/fr\/#\/schema\/logo\/image\/","url":"https:\/\/www.alpvisionresidences.com\/blog\/wp-content\/uploads\/2022\/01\/alpvision_icone1_bleu_negatif-Redimensionne-pour-profil.png","contentUrl":"https:\/\/www.alpvisionresidences.com\/blog\/wp-content\/uploads\/2022\/01\/alpvision_icone1_bleu_negatif-Redimensionne-pour-profil.png","width":522,"height":478,"caption":"Alpvision Residences"},"image":{"@id":"https:\/\/www.alpvisionresidences.com\/blog\/fr\/#\/schema\/logo\/image\/"},"sameAs":["https:\/\/www.facebook.com\/AlpvisionResidences\/","https:\/\/www.instagram.com\/alpvisionresidences\/"]},{"@type":"Person","@id":"https:\/\/www.alpvisionresidences.com\/blog\/fr\/#\/schema\/person\/6e9d17dd9b9dc7fb1f883ab503416e85","name":"digitalservices","image":{"@type":"ImageObject","inLanguage":"fr","@id":"https:\/\/secure.gravatar.com\/avatar\/af30f88a1904294c1f3eb09a9d7903eec4ffa18fa2cf40c28a8681014ecdfc20?s=96&d=mm&r=g","url":"https:\/\/secure.gravatar.com\/avatar\/af30f88a1904294c1f3eb09a9d7903eec4ffa18fa2cf40c28a8681014ecdfc20?s=96&d=mm&r=g","contentUrl":"https:\/\/secure.gravatar.com\/avatar\/af30f88a1904294c1f3eb09a9d7903eec4ffa18fa2cf40c28a8681014ecdfc20?s=96&d=mm&r=g","caption":"digitalservices"},"url":"https:\/\/www.alpvisionresidences.com\/blog\/fr\/author\/digitalservices\/"}]}},"_links":{"self":[{"href":"https:\/\/www.alpvisionresidences.com\/blog\/fr\/wp-json\/wp\/v2\/posts\/6242","targetHints":{"allow":["GET"]}}],"collection":[{"href":"https:\/\/www.alpvisionresidences.com\/blog\/fr\/wp-json\/wp\/v2\/posts"}],"about":[{"href":"https:\/\/www.alpvisionresidences.com\/blog\/fr\/wp-json\/wp\/v2\/types\/post"}],"author":[{"embeddable":true,"href":"https:\/\/www.alpvisionresidences.com\/blog\/fr\/wp-json\/wp\/v2\/users\/3"}],"replies":[{"embeddable":true,"href":"https:\/\/www.alpvisionresidences.com\/blog\/fr\/wp-json\/wp\/v2\/comments?post=6242"}],"version-history":[{"count":17,"href":"https:\/\/www.alpvisionresidences.com\/blog\/fr\/wp-json\/wp\/v2\/posts\/6242\/revisions"}],"predecessor-version":[{"id":6379,"href":"https:\/\/www.alpvisionresidences.com\/blog\/fr\/wp-json\/wp\/v2\/posts\/6242\/revisions\/6379"}],"wp:featuredmedia":[{"embeddable":true,"href":"https:\/\/www.alpvisionresidences.com\/blog\/fr\/wp-json\/wp\/v2\/media\/6279"}],"wp:attachment":[{"href":"https:\/\/www.alpvisionresidences.com\/blog\/fr\/wp-json\/wp\/v2\/media?parent=6242"}],"wp:term":[{"taxonomy":"category","embeddable":true,"href":"https:\/\/www.alpvisionresidences.com\/blog\/fr\/wp-json\/wp\/v2\/categories?post=6242"},{"taxonomy":"post_tag","embeddable":true,"href":"https:\/\/www.alpvisionresidences.com\/blog\/fr\/wp-json\/wp\/v2\/tags?post=6242"}],"curies":[{"name":"wp","href":"https:\/\/api.w.org\/{rel}","templated":true}]}}