{"id":725,"date":"2021-04-21T12:57:04","date_gmt":"2021-04-21T12:57:04","guid":{"rendered":"https:\/\/www.alpvisionresidences.com\/blog\/?p=725"},"modified":"2021-09-27T12:55:21","modified_gmt":"2021-09-27T12:55:21","slug":"les-bienfaits-du-teletravail-en-montagne","status":"publish","type":"post","link":"https:\/\/www.alpvisionresidences.com\/blog\/fr\/les-bienfaits-du-teletravail-en-montagne\/","title":{"rendered":"Les bienfaits du t\u00e9l\u00e9travail en montagne"},"content":{"rendered":"\n<p><\/p>\n\n\n<h2 style=\"text-align: center;\"><span style=\"color: #0b529e;\">Combinez travail, voyage et nature<\/span><\/h2>\n<p><\/p>\n\n\n<figure class=\"wp-block-image size-large\"><img fetchpriority=\"high\" decoding=\"async\" width=\"772\" height=\"437\" src=\"https:\/\/www.alpvisionresidences.com\/blog\/wp-content\/uploads\/2021\/04\/guy-2618928_1920-4.jpg\" alt=\"\" class=\"wp-image-744\" srcset=\"https:\/\/www.alpvisionresidences.com\/blog\/wp-content\/uploads\/2021\/04\/guy-2618928_1920-4.jpg 772w, https:\/\/www.alpvisionresidences.com\/blog\/wp-content\/uploads\/2021\/04\/guy-2618928_1920-4-768x435.jpg 768w\" sizes=\"(max-width: 772px) 100vw, 772px\" \/><\/figure>\n\n\n<h3 style=\"text-align: center;\">&nbsp;<\/h3>\n\n\n<hr class=\"wp-block-separator\"\/>\n\n\n\n<p align=\"justify\">Nous avons tous v\u00e9cu depuis maintenant une ann\u00e9e, des changements particuliers et un mode de vie g\u00e9n\u00e9ralisant le t\u00e9l\u00e9travail. Pourquoi pas en faire une opportunit\u00e9 pour travailler autre part que chez vous ? Nous proposons notamment une offre de s\u00e9jour avec le wifi haut d\u00e9bit gratuit afin de pouvoir allier voyage, travail et l\u2019air de la montagne. Pour plus d\u2019info c\u2019est par <a href=\"https:\/\/www.alpvisionresidences.com\/fr\/location\/offre-wifi-haut-debit-offert--10-de-rabais-18055.html\" target=\"_blank\" rel=\"noreferrer noopener\">ici<\/a> ! <\/p>\n\n\n\n<hr class=\"wp-block-separator\"\/>\n\n\n\n<p align=\"justify\">Alpvision Residence vous propose donc tous types de logements dans nos destinations en France et en Suisse. Il est possible de se divertir et d\u2019avoir acc\u00e8s \u00e0 ses activit\u00e9s en pleine nature, tout en augmentant sa productivit\u00e9 et son d\u00e9sir de travailler. \n<\/p>\n\n\n\n<hr class=\"wp-block-separator\"\/>\n\n\n\n<figure class=\"wp-block-image size-large\"><img decoding=\"async\" width=\"772\" height=\"437\" src=\"https:\/\/www.alpvisionresidences.com\/blog\/wp-content\/uploads\/2021\/04\/mountains-4966553_1920-1.jpg\" alt=\"\" class=\"wp-image-757\" srcset=\"https:\/\/www.alpvisionresidences.com\/blog\/wp-content\/uploads\/2021\/04\/mountains-4966553_1920-1.jpg 772w, https:\/\/www.alpvisionresidences.com\/blog\/wp-content\/uploads\/2021\/04\/mountains-4966553_1920-1-768x435.jpg 768w\" sizes=\"(max-width: 772px) 100vw, 772px\" \/><\/figure>\n\n\n<h3 style=\"text-align: center;\">Am\u00e9liorez votre productivit\u00e9<\/h3>\n\n\n<p align=\"justify\"> L\u2019air de la montagne agit positivement sur notre bien-\u00eatre et donc sur notre productivit\u00e9. Ce n\u2019est pas une l\u00e9gende, la montagne agit bien favorablement sur notre corps. La montagne fait du bien. \nT\u00e9l\u00e9travailler dans un environnement naturel permet de se ressourcer et de retrouver des \u00e9nergies positives, de d\u00e9livrer de meilleurs r\u00e9sultats, en \u00e9tant plus serein. C\u2019est ce sentiment d\u2019espace, d\u2019authenticit\u00e9 et de bien-\u00eatre qui nous donne envie de nous enfuit du stress de la vie urbaine. En plus de cela, vous savez qu&#8217;a la fin de votre journ\u00e9e, vous pourrez profiter de moments r\u00e9cr\u00e9atifs. Quoi de plus motivant ?\n<\/p>\n\n\n<h3 style=\"text-align: center;\">Prenez des pauses en plein air<\/h3>\n\n\n<p align=\"justify\"> Que vous soyez fan de ski, adepte du trail ou admiratif sur les chemins de randonn\u00e9e, les pauses en t\u00e9l\u00e9travail permettent de faire le plein de ressources !  Profitez d&#8217;un d\u00e9jeuner au soleil, sur votre terrasse ou dans votre jardin, et pourquoi pas pr\u00e9parer un barbecue entre amis? De nombreuses possibilit\u00e9s s&#8217;offrent \u00e0 vous et permettent de faire une vraie coupure avec le quotidien. \n<\/p>\n\n\n<h3 style=\"text-align: center;\">Logez dans un cadre magnifique<\/h3>\n\n\n<p align=\"justify\"> Que ce soit en \u00e9t\u00e9 ou en hiver, les paysages alpins sont exceptionnels. Les logements d&#8217;Alpvision Residence sont souvent dot\u00e9s d&#8217;un ext\u00e9rieur pour que vous puissiez vous d\u00e9tendre ou m\u00eame travailler avec une vue imprenable. Imaginez-vous prendre votre caf\u00e9 le matin devant une montagne enneig\u00e9. B\u00e9n\u00e9ficiez de prix r\u00e9duits par rapport \u00e0 l&#8217;ordinaire et utilisez cette belle occasion pour vous faire plaisir et bouleverser vos habitudes.\n<\/p>\n\n\n\n<iframe src=\"https:\/\/www.facebook.com\/plugins\/like.php?href=https%3A%2F%2Fwww.facebook.com%2FAlpvisionResidences&amp;width=450&amp;layout=standard&amp;action=like&amp;size=large&amp;share=true&amp;height=35&amp;appId\" width=\"450\" height=\"35\" style=\"border:none;overflow:hidden\" scrolling=\"no\" frameborder=\"0\" allowfullscreen=\"true\" allow=\"autoplay; clipboard-write; encrypted-media; picture-in-picture; web-share\"><\/iframe>\n\n\n\n<iframe src=\"https:\/\/www.facebook.com\/plugins\/page.php?href=https%3A%2F%2Fwww.facebook.com%2FAlpvisionResidences%2F&#038;tabs&#038;width=340&#038;height=130&#038;small_header=false&#038;adapt_container_width=true&#038;hide_cover=false&#038;show_facepile=true&#038;appId\" width=\"340\" height=\"130\" style=\"border:none;overflow:hidden\" scrolling=\"no\" frameborder=\"0\" allowfullscreen=\"true\" allow=\"autoplay; clipboard-write; encrypted-media; picture-in-picture; web-share\"><\/iframe>\n","protected":false},"excerpt":{"rendered":"<p>Combinez travail, voyage et nature &nbsp; Nous avons tous v\u00e9cu depuis maintenant une ann\u00e9e, des changements particuliers et un mode&#8230;<\/p>\n","protected":false},"author":2,"featured_media":0,"comment_status":"open","ping_status":"open","sticky":false,"template":"","format":"standard","meta":{"footnotes":""},"categories":[35],"tags":[],"class_list":["post-725","post","type-post","status-publish","format-standard","hentry","category-miscellaneous"],"yoast_head":"<!-- This site is optimized with the Yoast SEO plugin v27.4 - https:\/\/yoast.com\/product\/yoast-seo-wordpress\/ -->\n<title>Les bienfaits du t\u00e9l\u00e9travail en montagne - Get Inspired<\/title>\n<meta name=\"robots\" content=\"index, follow, max-snippet:-1, max-image-preview:large, max-video-preview:-1\" \/>\n<link rel=\"canonical\" href=\"https:\/\/www.alpvisionresidences.com\/blog\/fr\/les-bienfaits-du-teletravail-en-montagne\/\" \/>\n<meta property=\"og:locale\" content=\"fr_FR\" \/>\n<meta property=\"og:type\" content=\"article\" \/>\n<meta property=\"og:title\" content=\"Les bienfaits du t\u00e9l\u00e9travail en montagne - Get Inspired\" \/>\n<meta property=\"og:description\" content=\"Combinez travail, voyage et nature &nbsp; Nous avons tous v\u00e9cu depuis maintenant une ann\u00e9e, des changements particuliers et un mode...\" \/>\n<meta property=\"og:url\" content=\"https:\/\/www.alpvisionresidences.com\/blog\/fr\/les-bienfaits-du-teletravail-en-montagne\/\" \/>\n<meta property=\"og:site_name\" content=\"Get Inspired\" \/>\n<meta property=\"article:publisher\" content=\"https:\/\/www.facebook.com\/AlpvisionResidences\/\" \/>\n<meta property=\"article:published_time\" content=\"2021-04-21T12:57:04+00:00\" \/>\n<meta property=\"article:modified_time\" content=\"2021-09-27T12:55:21+00:00\" \/>\n<meta property=\"og:image\" content=\"https:\/\/www.alpvisionresidences.com\/blog\/wp-content\/uploads\/2021\/04\/guy-2618928_1920-4.jpg\" \/>\n<meta name=\"author\" content=\"alpvision\" \/>\n<meta name=\"twitter:card\" content=\"summary_large_image\" \/>\n<meta name=\"twitter:label1\" content=\"Written by\" \/>\n\t<meta name=\"twitter:data1\" content=\"alpvision\" \/>\n\t<meta name=\"twitter:label2\" content=\"Est. reading time\" \/>\n\t<meta name=\"twitter:data2\" content=\"2 minutes\" \/>\n<script type=\"application\/ld+json\" class=\"yoast-schema-graph\">{\"@context\":\"https:\\\/\\\/schema.org\",\"@graph\":[{\"@type\":\"Article\",\"@id\":\"https:\\\/\\\/www.alpvisionresidences.com\\\/blog\\\/fr\\\/les-bienfaits-du-teletravail-en-montagne\\\/#article\",\"isPartOf\":{\"@id\":\"https:\\\/\\\/www.alpvisionresidences.com\\\/blog\\\/fr\\\/les-bienfaits-du-teletravail-en-montagne\\\/\"},\"author\":{\"name\":\"alpvision\",\"@id\":\"https:\\\/\\\/www.alpvisionresidences.com\\\/blog\\\/fr\\\/#\\\/schema\\\/person\\\/51ca1eab7ba27fa67ef90f1171928537\"},\"headline\":\"Les bienfaits du t\u00e9l\u00e9travail en montagne\",\"datePublished\":\"2021-04-21T12:57:04+00:00\",\"dateModified\":\"2021-09-27T12:55:21+00:00\",\"mainEntityOfPage\":{\"@id\":\"https:\\\/\\\/www.alpvisionresidences.com\\\/blog\\\/fr\\\/les-bienfaits-du-teletravail-en-montagne\\\/\"},\"wordCount\":407,\"commentCount\":0,\"publisher\":{\"@id\":\"https:\\\/\\\/www.alpvisionresidences.com\\\/blog\\\/fr\\\/#organization\"},\"image\":{\"@id\":\"https:\\\/\\\/www.alpvisionresidences.com\\\/blog\\\/fr\\\/les-bienfaits-du-teletravail-en-montagne\\\/#primaryimage\"},\"thumbnailUrl\":\"https:\\\/\\\/www.alpvisionresidences.com\\\/blog\\\/wp-content\\\/uploads\\\/2021\\\/04\\\/guy-2618928_1920-4.jpg\",\"articleSection\":[\"Miscellaneous\"],\"inLanguage\":\"fr\",\"potentialAction\":[{\"@type\":\"CommentAction\",\"name\":\"Comment\",\"target\":[\"https:\\\/\\\/www.alpvisionresidences.com\\\/blog\\\/fr\\\/les-bienfaits-du-teletravail-en-montagne\\\/#respond\"]}]},{\"@type\":\"WebPage\",\"@id\":\"https:\\\/\\\/www.alpvisionresidences.com\\\/blog\\\/fr\\\/les-bienfaits-du-teletravail-en-montagne\\\/\",\"url\":\"https:\\\/\\\/www.alpvisionresidences.com\\\/blog\\\/fr\\\/les-bienfaits-du-teletravail-en-montagne\\\/\",\"name\":\"Les bienfaits du t\u00e9l\u00e9travail en montagne - Get Inspired\",\"isPartOf\":{\"@id\":\"https:\\\/\\\/www.alpvisionresidences.com\\\/blog\\\/fr\\\/#website\"},\"primaryImageOfPage\":{\"@id\":\"https:\\\/\\\/www.alpvisionresidences.com\\\/blog\\\/fr\\\/les-bienfaits-du-teletravail-en-montagne\\\/#primaryimage\"},\"image\":{\"@id\":\"https:\\\/\\\/www.alpvisionresidences.com\\\/blog\\\/fr\\\/les-bienfaits-du-teletravail-en-montagne\\\/#primaryimage\"},\"thumbnailUrl\":\"https:\\\/\\\/www.alpvisionresidences.com\\\/blog\\\/wp-content\\\/uploads\\\/2021\\\/04\\\/guy-2618928_1920-4.jpg\",\"datePublished\":\"2021-04-21T12:57:04+00:00\",\"dateModified\":\"2021-09-27T12:55:21+00:00\",\"breadcrumb\":{\"@id\":\"https:\\\/\\\/www.alpvisionresidences.com\\\/blog\\\/fr\\\/les-bienfaits-du-teletravail-en-montagne\\\/#breadcrumb\"},\"inLanguage\":\"fr\",\"potentialAction\":[{\"@type\":\"ReadAction\",\"target\":[\"https:\\\/\\\/www.alpvisionresidences.com\\\/blog\\\/fr\\\/les-bienfaits-du-teletravail-en-montagne\\\/\"]}]},{\"@type\":\"ImageObject\",\"inLanguage\":\"fr\",\"@id\":\"https:\\\/\\\/www.alpvisionresidences.com\\\/blog\\\/fr\\\/les-bienfaits-du-teletravail-en-montagne\\\/#primaryimage\",\"url\":\"https:\\\/\\\/www.alpvisionresidences.com\\\/blog\\\/wp-content\\\/uploads\\\/2021\\\/04\\\/guy-2618928_1920-4.jpg\",\"contentUrl\":\"https:\\\/\\\/www.alpvisionresidences.com\\\/blog\\\/wp-content\\\/uploads\\\/2021\\\/04\\\/guy-2618928_1920-4.jpg\"},{\"@type\":\"BreadcrumbList\",\"@id\":\"https:\\\/\\\/www.alpvisionresidences.com\\\/blog\\\/fr\\\/les-bienfaits-du-teletravail-en-montagne\\\/#breadcrumb\",\"itemListElement\":[{\"@type\":\"ListItem\",\"position\":1,\"name\":\"Home\",\"item\":\"https:\\\/\\\/www.alpvisionresidences.com\\\/blog\\\/fr\\\/\"},{\"@type\":\"ListItem\",\"position\":2,\"name\":\"Les bienfaits du t\u00e9l\u00e9travail en montagne\"}]},{\"@type\":\"WebSite\",\"@id\":\"https:\\\/\\\/www.alpvisionresidences.com\\\/blog\\\/fr\\\/#website\",\"url\":\"https:\\\/\\\/www.alpvisionresidences.com\\\/blog\\\/fr\\\/\",\"name\":\"alpvisionresidences.com\",\"description\":\"Alpvision r\u00e9sidences\",\"publisher\":{\"@id\":\"https:\\\/\\\/www.alpvisionresidences.com\\\/blog\\\/fr\\\/#organization\"},\"potentialAction\":[{\"@type\":\"SearchAction\",\"target\":{\"@type\":\"EntryPoint\",\"urlTemplate\":\"https:\\\/\\\/www.alpvisionresidences.com\\\/blog\\\/fr\\\/?s={search_term_string}\"},\"query-input\":{\"@type\":\"PropertyValueSpecification\",\"valueRequired\":true,\"valueName\":\"search_term_string\"}}],\"inLanguage\":\"fr\"},{\"@type\":\"Organization\",\"@id\":\"https:\\\/\\\/www.alpvisionresidences.com\\\/blog\\\/fr\\\/#organization\",\"name\":\"Alpvision Residences\",\"url\":\"https:\\\/\\\/www.alpvisionresidences.com\\\/blog\\\/fr\\\/\",\"logo\":{\"@type\":\"ImageObject\",\"inLanguage\":\"fr\",\"@id\":\"https:\\\/\\\/www.alpvisionresidences.com\\\/blog\\\/fr\\\/#\\\/schema\\\/logo\\\/image\\\/\",\"url\":\"https:\\\/\\\/www.alpvisionresidences.com\\\/blog\\\/wp-content\\\/uploads\\\/2022\\\/01\\\/alpvision_icone1_bleu_negatif-Redimensionne-pour-profil.png\",\"contentUrl\":\"https:\\\/\\\/www.alpvisionresidences.com\\\/blog\\\/wp-content\\\/uploads\\\/2022\\\/01\\\/alpvision_icone1_bleu_negatif-Redimensionne-pour-profil.png\",\"width\":522,\"height\":478,\"caption\":\"Alpvision Residences\"},\"image\":{\"@id\":\"https:\\\/\\\/www.alpvisionresidences.com\\\/blog\\\/fr\\\/#\\\/schema\\\/logo\\\/image\\\/\"},\"sameAs\":[\"https:\\\/\\\/www.facebook.com\\\/AlpvisionResidences\\\/\",\"https:\\\/\\\/www.instagram.com\\\/alpvisionresidences\\\/\"]},{\"@type\":\"Person\",\"@id\":\"https:\\\/\\\/www.alpvisionresidences.com\\\/blog\\\/fr\\\/#\\\/schema\\\/person\\\/51ca1eab7ba27fa67ef90f1171928537\",\"name\":\"alpvision\",\"image\":{\"@type\":\"ImageObject\",\"inLanguage\":\"fr\",\"@id\":\"https:\\\/\\\/secure.gravatar.com\\\/avatar\\\/12aed967b3ee801371482470bdc1042c671499c3614a04f8a6980d7e3bbc65d0?s=96&d=mm&r=g\",\"url\":\"https:\\\/\\\/secure.gravatar.com\\\/avatar\\\/12aed967b3ee801371482470bdc1042c671499c3614a04f8a6980d7e3bbc65d0?s=96&d=mm&r=g\",\"contentUrl\":\"https:\\\/\\\/secure.gravatar.com\\\/avatar\\\/12aed967b3ee801371482470bdc1042c671499c3614a04f8a6980d7e3bbc65d0?s=96&d=mm&r=g\",\"caption\":\"alpvision\"},\"url\":\"https:\\\/\\\/www.alpvisionresidences.com\\\/blog\\\/fr\\\/author\\\/alpvision\\\/\"}]}<\/script>\n<!-- \/ Yoast SEO plugin. -->","yoast_head_json":{"title":"Les bienfaits du t\u00e9l\u00e9travail en montagne - Get Inspired","robots":{"index":"index","follow":"follow","max-snippet":"max-snippet:-1","max-image-preview":"max-image-preview:large","max-video-preview":"max-video-preview:-1"},"canonical":"https:\/\/www.alpvisionresidences.com\/blog\/fr\/les-bienfaits-du-teletravail-en-montagne\/","og_locale":"fr_FR","og_type":"article","og_title":"Les bienfaits du t\u00e9l\u00e9travail en montagne - Get Inspired","og_description":"Combinez travail, voyage et nature &nbsp; Nous avons tous v\u00e9cu depuis maintenant une ann\u00e9e, des changements particuliers et un mode...","og_url":"https:\/\/www.alpvisionresidences.com\/blog\/fr\/les-bienfaits-du-teletravail-en-montagne\/","og_site_name":"Get Inspired","article_publisher":"https:\/\/www.facebook.com\/AlpvisionResidences\/","article_published_time":"2021-04-21T12:57:04+00:00","article_modified_time":"2021-09-27T12:55:21+00:00","og_image":[{"url":"https:\/\/www.alpvisionresidences.com\/blog\/wp-content\/uploads\/2021\/04\/guy-2618928_1920-4.jpg","type":"","width":"","height":""}],"author":"alpvision","twitter_card":"summary_large_image","twitter_misc":{"Written by":"alpvision","Est. reading time":"2 minutes"},"schema":{"@context":"https:\/\/schema.org","@graph":[{"@type":"Article","@id":"https:\/\/www.alpvisionresidences.com\/blog\/fr\/les-bienfaits-du-teletravail-en-montagne\/#article","isPartOf":{"@id":"https:\/\/www.alpvisionresidences.com\/blog\/fr\/les-bienfaits-du-teletravail-en-montagne\/"},"author":{"name":"alpvision","@id":"https:\/\/www.alpvisionresidences.com\/blog\/fr\/#\/schema\/person\/51ca1eab7ba27fa67ef90f1171928537"},"headline":"Les bienfaits du t\u00e9l\u00e9travail en montagne","datePublished":"2021-04-21T12:57:04+00:00","dateModified":"2021-09-27T12:55:21+00:00","mainEntityOfPage":{"@id":"https:\/\/www.alpvisionresidences.com\/blog\/fr\/les-bienfaits-du-teletravail-en-montagne\/"},"wordCount":407,"commentCount":0,"publisher":{"@id":"https:\/\/www.alpvisionresidences.com\/blog\/fr\/#organization"},"image":{"@id":"https:\/\/www.alpvisionresidences.com\/blog\/fr\/les-bienfaits-du-teletravail-en-montagne\/#primaryimage"},"thumbnailUrl":"https:\/\/www.alpvisionresidences.com\/blog\/wp-content\/uploads\/2021\/04\/guy-2618928_1920-4.jpg","articleSection":["Miscellaneous"],"inLanguage":"fr","potentialAction":[{"@type":"CommentAction","name":"Comment","target":["https:\/\/www.alpvisionresidences.com\/blog\/fr\/les-bienfaits-du-teletravail-en-montagne\/#respond"]}]},{"@type":"WebPage","@id":"https:\/\/www.alpvisionresidences.com\/blog\/fr\/les-bienfaits-du-teletravail-en-montagne\/","url":"https:\/\/www.alpvisionresidences.com\/blog\/fr\/les-bienfaits-du-teletravail-en-montagne\/","name":"Les bienfaits du t\u00e9l\u00e9travail en montagne - Get Inspired","isPartOf":{"@id":"https:\/\/www.alpvisionresidences.com\/blog\/fr\/#website"},"primaryImageOfPage":{"@id":"https:\/\/www.alpvisionresidences.com\/blog\/fr\/les-bienfaits-du-teletravail-en-montagne\/#primaryimage"},"image":{"@id":"https:\/\/www.alpvisionresidences.com\/blog\/fr\/les-bienfaits-du-teletravail-en-montagne\/#primaryimage"},"thumbnailUrl":"https:\/\/www.alpvisionresidences.com\/blog\/wp-content\/uploads\/2021\/04\/guy-2618928_1920-4.jpg","datePublished":"2021-04-21T12:57:04+00:00","dateModified":"2021-09-27T12:55:21+00:00","breadcrumb":{"@id":"https:\/\/www.alpvisionresidences.com\/blog\/fr\/les-bienfaits-du-teletravail-en-montagne\/#breadcrumb"},"inLanguage":"fr","potentialAction":[{"@type":"ReadAction","target":["https:\/\/www.alpvisionresidences.com\/blog\/fr\/les-bienfaits-du-teletravail-en-montagne\/"]}]},{"@type":"ImageObject","inLanguage":"fr","@id":"https:\/\/www.alpvisionresidences.com\/blog\/fr\/les-bienfaits-du-teletravail-en-montagne\/#primaryimage","url":"https:\/\/www.alpvisionresidences.com\/blog\/wp-content\/uploads\/2021\/04\/guy-2618928_1920-4.jpg","contentUrl":"https:\/\/www.alpvisionresidences.com\/blog\/wp-content\/uploads\/2021\/04\/guy-2618928_1920-4.jpg"},{"@type":"BreadcrumbList","@id":"https:\/\/www.alpvisionresidences.com\/blog\/fr\/les-bienfaits-du-teletravail-en-montagne\/#breadcrumb","itemListElement":[{"@type":"ListItem","position":1,"name":"Home","item":"https:\/\/www.alpvisionresidences.com\/blog\/fr\/"},{"@type":"ListItem","position":2,"name":"Les bienfaits du t\u00e9l\u00e9travail en montagne"}]},{"@type":"WebSite","@id":"https:\/\/www.alpvisionresidences.com\/blog\/fr\/#website","url":"https:\/\/www.alpvisionresidences.com\/blog\/fr\/","name":"alpvisionresidences.com","description":"Alpvision r\u00e9sidences","publisher":{"@id":"https:\/\/www.alpvisionresidences.com\/blog\/fr\/#organization"},"potentialAction":[{"@type":"SearchAction","target":{"@type":"EntryPoint","urlTemplate":"https:\/\/www.alpvisionresidences.com\/blog\/fr\/?s={search_term_string}"},"query-input":{"@type":"PropertyValueSpecification","valueRequired":true,"valueName":"search_term_string"}}],"inLanguage":"fr"},{"@type":"Organization","@id":"https:\/\/www.alpvisionresidences.com\/blog\/fr\/#organization","name":"Alpvision Residences","url":"https:\/\/www.alpvisionresidences.com\/blog\/fr\/","logo":{"@type":"ImageObject","inLanguage":"fr","@id":"https:\/\/www.alpvisionresidences.com\/blog\/fr\/#\/schema\/logo\/image\/","url":"https:\/\/www.alpvisionresidences.com\/blog\/wp-content\/uploads\/2022\/01\/alpvision_icone1_bleu_negatif-Redimensionne-pour-profil.png","contentUrl":"https:\/\/www.alpvisionresidences.com\/blog\/wp-content\/uploads\/2022\/01\/alpvision_icone1_bleu_negatif-Redimensionne-pour-profil.png","width":522,"height":478,"caption":"Alpvision Residences"},"image":{"@id":"https:\/\/www.alpvisionresidences.com\/blog\/fr\/#\/schema\/logo\/image\/"},"sameAs":["https:\/\/www.facebook.com\/AlpvisionResidences\/","https:\/\/www.instagram.com\/alpvisionresidences\/"]},{"@type":"Person","@id":"https:\/\/www.alpvisionresidences.com\/blog\/fr\/#\/schema\/person\/51ca1eab7ba27fa67ef90f1171928537","name":"alpvision","image":{"@type":"ImageObject","inLanguage":"fr","@id":"https:\/\/secure.gravatar.com\/avatar\/12aed967b3ee801371482470bdc1042c671499c3614a04f8a6980d7e3bbc65d0?s=96&d=mm&r=g","url":"https:\/\/secure.gravatar.com\/avatar\/12aed967b3ee801371482470bdc1042c671499c3614a04f8a6980d7e3bbc65d0?s=96&d=mm&r=g","contentUrl":"https:\/\/secure.gravatar.com\/avatar\/12aed967b3ee801371482470bdc1042c671499c3614a04f8a6980d7e3bbc65d0?s=96&d=mm&r=g","caption":"alpvision"},"url":"https:\/\/www.alpvisionresidences.com\/blog\/fr\/author\/alpvision\/"}]}},"_links":{"self":[{"href":"https:\/\/www.alpvisionresidences.com\/blog\/fr\/wp-json\/wp\/v2\/posts\/725","targetHints":{"allow":["GET"]}}],"collection":[{"href":"https:\/\/www.alpvisionresidences.com\/blog\/fr\/wp-json\/wp\/v2\/posts"}],"about":[{"href":"https:\/\/www.alpvisionresidences.com\/blog\/fr\/wp-json\/wp\/v2\/types\/post"}],"author":[{"embeddable":true,"href":"https:\/\/www.alpvisionresidences.com\/blog\/fr\/wp-json\/wp\/v2\/users\/2"}],"replies":[{"embeddable":true,"href":"https:\/\/www.alpvisionresidences.com\/blog\/fr\/wp-json\/wp\/v2\/comments?post=725"}],"version-history":[{"count":19,"href":"https:\/\/www.alpvisionresidences.com\/blog\/fr\/wp-json\/wp\/v2\/posts\/725\/revisions"}],"predecessor-version":[{"id":1180,"href":"https:\/\/www.alpvisionresidences.com\/blog\/fr\/wp-json\/wp\/v2\/posts\/725\/revisions\/1180"}],"wp:attachment":[{"href":"https:\/\/www.alpvisionresidences.com\/blog\/fr\/wp-json\/wp\/v2\/media?parent=725"}],"wp:term":[{"taxonomy":"category","embeddable":true,"href":"https:\/\/www.alpvisionresidences.com\/blog\/fr\/wp-json\/wp\/v2\/categories?post=725"},{"taxonomy":"post_tag","embeddable":true,"href":"https:\/\/www.alpvisionresidences.com\/blog\/fr\/wp-json\/wp\/v2\/tags?post=725"}],"curies":[{"name":"wp","href":"https:\/\/api.w.org\/{rel}","templated":true}]}}