{"id":8536,"date":"2024-03-22T12:36:34","date_gmt":"2024-03-22T12:36:34","guid":{"rendered":"https:\/\/www.alpvisionresidences.com\/blog\/?p=8536"},"modified":"2025-02-20T09:46:39","modified_gmt":"2025-02-20T09:46:39","slug":"vallee-la-maurienne","status":"publish","type":"post","link":"https:\/\/www.alpvisionresidences.com\/blog\/fr\/vallee-la-maurienne\/","title":{"rendered":"La vall\u00e9e de la Maurienne : le guide ultime pour votre escapade alpine"},"content":{"rendered":"\t\t<div data-elementor-type=\"wp-post\" data-elementor-id=\"8536\" class=\"elementor elementor-8536 elementor-8464\" data-elementor-post-type=\"post\">\n\t\t\t\t\t\t<section class=\"elementor-section elementor-top-section elementor-element elementor-element-3dfec8bb elementor-section-boxed elementor-section-height-default elementor-section-height-default\" data-id=\"3dfec8bb\" data-element_type=\"section\" data-e-type=\"section\">\n\t\t\t\t\t\t<div class=\"elementor-container elementor-column-gap-default\">\n\t\t\t\t\t<div class=\"elementor-column elementor-col-100 elementor-top-column elementor-element elementor-element-74ff2db6\" data-id=\"74ff2db6\" data-element_type=\"column\" data-e-type=\"column\">\n\t\t\t<div class=\"elementor-widget-wrap elementor-element-populated\">\n\t\t\t\t\t\t<div class=\"elementor-element elementor-element-a72a909 elementor-widget elementor-widget-text-editor\" data-id=\"a72a909\" data-element_type=\"widget\" data-e-type=\"widget\" data-widget_type=\"text-editor.default\">\n\t\t\t\t<div class=\"elementor-widget-container\">\n\t\t\t\t\t\t\t\t\t<p>Pour ceux qui recherchent une exp\u00e9rience de vacances unique, la <strong>vall\u00e9e de la Maurienne<\/strong> est une excellente option pour les couples, les groupes d&#8217;amis et les familles. Parfait pour skier en hiver ou pour faire de la randonn\u00e9e en \u00e9t\u00e9 et au d\u00e9but de l&#8217;automne, il y en a pour tous les go\u00fbts.<\/p><p>Avec <strong>Alpvision Residences <\/strong>, vous avez le logement id\u00e9al \u00e0 port\u00e9e de main afin d\u2019aller explorer la vall\u00e9e de la Maurienne en Savoie. Avec des chambres confortables et des \u00e9quipements haut de gamme, c&#8217;est le choix id\u00e9al pour se d\u00e9tendre et partir \u00e0 l&#8217;aventure. Rejoignez-nous pour d\u00e9couvrir tous les lieux incontournables et les activit\u00e9s \u00e0 ne pas manquer dans ce bel endroit des Alpes fran\u00e7aises.<\/p>\t\t\t\t\t\t\t\t<\/div>\n\t\t\t\t<\/div>\n\t\t\t\t\t<\/div>\n\t\t<\/div>\n\t\t\t\t\t<\/div>\n\t\t<\/section>\n\t\t\t\t<section class=\"elementor-section elementor-top-section elementor-element elementor-element-41ae528c elementor-section-boxed elementor-section-height-default elementor-section-height-default\" data-id=\"41ae528c\" data-element_type=\"section\" data-e-type=\"section\">\n\t\t\t\t\t\t<div class=\"elementor-container elementor-column-gap-default\">\n\t\t\t\t\t<div class=\"elementor-column elementor-col-100 elementor-top-column elementor-element elementor-element-51f13fe7\" data-id=\"51f13fe7\" data-element_type=\"column\" data-e-type=\"column\">\n\t\t\t<div class=\"elementor-widget-wrap elementor-element-populated\">\n\t\t\t\t\t\t<div class=\"elementor-element elementor-element-1fabe1fa elementor-widget elementor-widget-table-of-contents\" data-id=\"1fabe1fa\" data-element_type=\"widget\" data-e-type=\"widget\" data-settings=\"{&quot;headings_by_tags&quot;:[&quot;h2&quot;,&quot;h3&quot;],&quot;exclude_headings_by_selector&quot;:[],&quot;marker_view&quot;:&quot;bullets&quot;,&quot;icon&quot;:{&quot;value&quot;:&quot;&quot;,&quot;library&quot;:&quot;&quot;},&quot;no_headings_message&quot;:&quot;No headings were found on this page.&quot;,&quot;hierarchical_view&quot;:&quot;yes&quot;,&quot;min_height&quot;:{&quot;unit&quot;:&quot;px&quot;,&quot;size&quot;:&quot;&quot;,&quot;sizes&quot;:[]},&quot;min_height_tablet&quot;:{&quot;unit&quot;:&quot;px&quot;,&quot;size&quot;:&quot;&quot;,&quot;sizes&quot;:[]},&quot;min_height_mobile&quot;:{&quot;unit&quot;:&quot;px&quot;,&quot;size&quot;:&quot;&quot;,&quot;sizes&quot;:[]}}\" data-widget_type=\"table-of-contents.default\">\n\t\t\t\t<div class=\"elementor-widget-container\">\n\t\t\t\t\t\t\t\t\t<div class=\"elementor-toc__header\">\n\t\t\t\t\t\t<div class=\"elementor-toc__header-title\">\n\t\t\t\tSommaire\t\t\t<\/div>\n\t\t\t\t\t\t\t\t<\/div>\n\t\t\t\t<div id=\"elementor-toc__1fabe1fa\" class=\"elementor-toc__body\">\n\t\t\t<div class=\"elementor-toc__spinner-container\">\n\t\t\t\t<i class=\"elementor-toc__spinner eicon-animation-spin eicon-loading\" aria-hidden=\"true\"><\/i>\t\t\t<\/div>\n\t\t<\/div>\n\t\t\t\t\t\t<\/div>\n\t\t\t\t<\/div>\n\t\t\t\t\t<\/div>\n\t\t<\/div>\n\t\t\t\t\t<\/div>\n\t\t<\/section>\n\t\t\t\t<section class=\"elementor-section elementor-top-section elementor-element elementor-element-38cc3884 elementor-section-boxed elementor-section-height-default elementor-section-height-default\" data-id=\"38cc3884\" data-element_type=\"section\" data-e-type=\"section\">\n\t\t\t\t\t\t<div class=\"elementor-container elementor-column-gap-default\">\n\t\t\t\t\t<div class=\"elementor-column elementor-col-100 elementor-top-column elementor-element elementor-element-4c2da3e6\" data-id=\"4c2da3e6\" data-element_type=\"column\" data-e-type=\"column\">\n\t\t\t<div class=\"elementor-widget-wrap elementor-element-populated\">\n\t\t\t\t\t\t<div class=\"elementor-element elementor-element-fed1ea7 elementor-widget elementor-widget-heading\" data-id=\"fed1ea7\" data-element_type=\"widget\" data-e-type=\"widget\" data-widget_type=\"heading.default\">\n\t\t\t\t<div class=\"elementor-widget-container\">\n\t\t\t\t\t<h2 class=\"elementor-heading-title elementor-size-default\">La majestueuse vall\u00e9e de la Maurienne<\/h2>\t\t\t\t<\/div>\n\t\t\t\t<\/div>\n\t\t\t\t\t<\/div>\n\t\t<\/div>\n\t\t\t\t\t<\/div>\n\t\t<\/section>\n\t\t\t\t<section class=\"elementor-section elementor-top-section elementor-element elementor-element-e5b65fc elementor-section-boxed elementor-section-height-default elementor-section-height-default\" data-id=\"e5b65fc\" data-element_type=\"section\" data-e-type=\"section\">\n\t\t\t\t\t\t<div class=\"elementor-container elementor-column-gap-default\">\n\t\t\t\t\t<div class=\"elementor-column elementor-col-50 elementor-top-column elementor-element elementor-element-b218e4b\" data-id=\"b218e4b\" data-element_type=\"column\" data-e-type=\"column\">\n\t\t\t<div class=\"elementor-widget-wrap elementor-element-populated\">\n\t\t\t\t\t\t<div class=\"elementor-element elementor-element-103acd18 elementor-widget elementor-widget-text-editor\" data-id=\"103acd18\" data-element_type=\"widget\" data-e-type=\"widget\" data-widget_type=\"text-editor.default\">\n\t\t\t\t<div class=\"elementor-widget-container\">\n\t\t\t\t\t\t\t\t\t<p>La vall\u00e9e de la Maurienne est connue pour sa beaut\u00e9 naturelle, ses sentiers d&#8217;aventure et sa richesse culturelle. Elle s&#8217;\u00e9tend de la charmante ville de Saint-Jean-de-Maurienne aux glaciers \u00e9poustouflants du parc national de la Vanoise.<\/p><p><br \/>Avec plus de 1 680 kilom\u00e8tres de pistes et 396 remont\u00e9es m\u00e9caniques \u00e9parpill\u00e9es dans la vall\u00e9e, vous avez l\u2019embarras du choix en ce qui concerne le ski et le snowboard !<\/p><p><br \/>Explorons cette r\u00e9gion pleine de vari\u00e9t\u00e9s du sud-est de la France.<\/p>\t\t\t\t\t\t\t\t<\/div>\n\t\t\t\t<\/div>\n\t\t\t\t\t<\/div>\n\t\t<\/div>\n\t\t\t\t<div class=\"elementor-column elementor-col-50 elementor-top-column elementor-element elementor-element-a0d194f\" data-id=\"a0d194f\" data-element_type=\"column\" data-e-type=\"column\">\n\t\t\t<div class=\"elementor-widget-wrap elementor-element-populated\">\n\t\t\t\t\t\t<div class=\"elementor-element elementor-element-068c003 elementor-widget elementor-widget-google_maps\" data-id=\"068c003\" data-element_type=\"widget\" data-e-type=\"widget\" data-widget_type=\"google_maps.default\">\n\t\t\t\t<div class=\"elementor-widget-container\">\n\t\t\t\t\t\t\t<div class=\"elementor-custom-embed\">\n\t\t\t<iframe loading=\"lazy\"\n\t\t\t\t\tsrc=\"https:\/\/maps.google.com\/maps?q=Maurienne%20Valley&#038;t=m&#038;z=8&#038;output=embed&#038;iwloc=near\"\n\t\t\t\t\ttitle=\"Maurienne Valley\"\n\t\t\t\t\taria-label=\"Maurienne Valley\"\n\t\t\t><\/iframe>\n\t\t<\/div>\n\t\t\t\t\t\t<\/div>\n\t\t\t\t<\/div>\n\t\t\t\t\t<\/div>\n\t\t<\/div>\n\t\t\t\t\t<\/div>\n\t\t<\/section>\n\t\t\t\t<section class=\"elementor-section elementor-top-section elementor-element elementor-element-5600bb95 elementor-section-boxed elementor-section-height-default elementor-section-height-default\" data-id=\"5600bb95\" data-element_type=\"section\" data-e-type=\"section\">\n\t\t\t\t\t\t<div class=\"elementor-container elementor-column-gap-default\">\n\t\t\t\t\t<div class=\"elementor-column elementor-col-100 elementor-top-column elementor-element elementor-element-59293b1a\" data-id=\"59293b1a\" data-element_type=\"column\" data-e-type=\"column\">\n\t\t\t<div class=\"elementor-widget-wrap elementor-element-populated\">\n\t\t\t\t\t\t<div class=\"elementor-element elementor-element-790ab986 elementor-widget elementor-widget-heading\" data-id=\"790ab986\" data-element_type=\"widget\" data-e-type=\"widget\" data-widget_type=\"heading.default\">\n\t\t\t\t<div class=\"elementor-widget-container\">\n\t\t\t\t\t<h3 class=\"elementor-heading-title elementor-size-default\">Les meilleures stations de ski de la vall\u00e9e de la Maurienne<\/h3>\t\t\t\t<\/div>\n\t\t\t\t<\/div>\n\t\t\t\t<div class=\"elementor-element elementor-element-61ef0af5 elementor-widget elementor-widget-text-editor\" data-id=\"61ef0af5\" data-element_type=\"widget\" data-e-type=\"widget\" data-widget_type=\"text-editor.default\">\n\t\t\t\t<div class=\"elementor-widget-container\">\n\t\t\t\t\t\t\t\t\t<p>Les Sybelles est le quatri\u00e8me plus grand <strong>domaine skiable reli\u00e9<\/strong> en France, reliant six stations, dont le Corbier, la Toussuire, Saint-Sorlin-d&#8217;Arves, Saint-Jean-d&#8217;Arves, les Botti\u00e8res et Saint-Colomban-des-Villards. Elle est connue comme \u00e9tant une station familiale et propose un m\u00e9lange de pistes vertes et bleues pour les d\u00e9butants, ainsi que des pistes rouges et noires pour les skieurs plus exp\u00e9riment\u00e9s. La r\u00e9gion est connue pour sa vue imprenable sur les aiguilles d&#8217;Arves et la cha\u00eene de Belledonne. Nous recommandons fortement cette station de ski si vous avez un groupe compos\u00e9 de diff\u00e9rents niveaux, car chacun peut choisir les pentes de son choix. Les stations de Valmeinier et de Valloire sont deux stations de ski interconnect\u00e9es qui offrent une plus grande diversit\u00e9 aux skieurs. Elles conviennent aussi bien aux d\u00e9butants qu&#8217;aux skieurs plus exp\u00e9riment\u00e9s. La station de ski de Valmeinier se situe \u00e0 une altitude plus \u00e9lev\u00e9e, ce qui peut rendre les pistes les plus difficiles encore plus exigeantes ! La station de ski de Valloire, quant \u00e0 elle, a une atmosph\u00e8re de village alpin plus &#8220;traditionnelle&#8221; et offre un \u00e9ventail de pistes pour tous les niveaux. \u00c0 elles seules, elles proposent plus de 160 kilom\u00e8tres de pistes de ski.<\/p><p>Pour ceux qui sont int\u00e9ress\u00e9s par une exp\u00e9rience de ski diff\u00e9rente, la vall\u00e9e dispose \u00e9galement quelques pistes de <strong>ski de fond<\/strong>. L\u2019espace nordique du Grand coin, entre Montaimont et Saint Fran\u00e7ois Longchamp, compte plus de 40 km de sentiers qui serpentent \u00e0 travers les for\u00eats et les alpages. Un v\u00e9ritable paradis hivernal !<\/p><p>La vall\u00e9e de la Maurienne n&#8217;est pas seulement un lieu d\u00e9di\u00e9 au ski ; elle propose d&#8217;autres activit\u00e9s hivernales pour tous les \u00e2ges et toutes les envies, y compris <strong>les raquettes \u00e0 neige<\/strong> dans la r\u00e9gion d&#8217;Aussois, <strong>le tra\u00eeneau \u00e0 chiens<\/strong> et m\u00eame <strong>l&#8217;escalade sur glace<\/strong> pour les plus t\u00e9m\u00e9raires. Pour ceux qui cherchent \u00e0 se d\u00e9tendre, de nombreux <strong>spas<\/strong>, <strong>saunas<\/strong> et <strong>piscines chauff\u00e9es<\/strong> sont disponibles.<\/p>\t\t\t\t\t\t\t\t<\/div>\n\t\t\t\t<\/div>\n\t\t\t\t\t<\/div>\n\t\t<\/div>\n\t\t\t\t\t<\/div>\n\t\t<\/section>\n\t\t\t\t<section class=\"elementor-section elementor-top-section elementor-element elementor-element-412f14b elementor-section-boxed elementor-section-height-default elementor-section-height-default\" data-id=\"412f14b\" data-element_type=\"section\" data-e-type=\"section\">\n\t\t\t\t\t\t<div class=\"elementor-container elementor-column-gap-default\">\n\t\t\t\t\t<div class=\"elementor-column elementor-col-100 elementor-top-column elementor-element elementor-element-0db1e1c\" data-id=\"0db1e1c\" data-element_type=\"column\" data-e-type=\"column\">\n\t\t\t<div class=\"elementor-widget-wrap elementor-element-populated\">\n\t\t\t\t\t\t<div class=\"elementor-element elementor-element-8d8ad14 elementor-widget elementor-widget-image\" data-id=\"8d8ad14\" data-element_type=\"widget\" data-e-type=\"widget\" data-widget_type=\"image.default\">\n\t\t\t\t<div class=\"elementor-widget-container\">\n\t\t\t\t\t\t\t\t\t\t\t\t\t\t\t<img fetchpriority=\"high\" decoding=\"async\" width=\"2048\" height=\"1024\" src=\"https:\/\/www.alpvisionresidences.com\/blog\/wp-content\/uploads\/2024\/03\/Sky-maurienne-valley-.jpg\" class=\"attachment-full size-full wp-image-8517\" alt=\"Ski-maurienne-valley-\" srcset=\"https:\/\/www.alpvisionresidences.com\/blog\/wp-content\/uploads\/2024\/03\/Sky-maurienne-valley-.jpg 2048w, https:\/\/www.alpvisionresidences.com\/blog\/wp-content\/uploads\/2024\/03\/Sky-maurienne-valley--768x384.jpg 768w, https:\/\/www.alpvisionresidences.com\/blog\/wp-content\/uploads\/2024\/03\/Sky-maurienne-valley--1536x768.jpg 1536w\" sizes=\"(max-width: 2048px) 100vw, 2048px\" \/>\t\t\t\t\t\t\t\t\t\t\t\t\t\t\t<\/div>\n\t\t\t\t<\/div>\n\t\t\t\t\t<\/div>\n\t\t<\/div>\n\t\t\t\t\t<\/div>\n\t\t<\/section>\n\t\t\t\t<section class=\"elementor-section elementor-top-section elementor-element elementor-element-044ba25 elementor-section-boxed elementor-section-height-default elementor-section-height-default\" data-id=\"044ba25\" data-element_type=\"section\" data-e-type=\"section\">\n\t\t\t\t\t\t<div class=\"elementor-container elementor-column-gap-default\">\n\t\t\t\t\t<div class=\"elementor-column elementor-col-100 elementor-top-column elementor-element elementor-element-56aff5b\" data-id=\"56aff5b\" data-element_type=\"column\" data-e-type=\"column\">\n\t\t\t<div class=\"elementor-widget-wrap elementor-element-populated\">\n\t\t\t\t\t\t<div class=\"elementor-element elementor-element-84ca15a elementor-widget elementor-widget-heading\" data-id=\"84ca15a\" data-element_type=\"widget\" data-e-type=\"widget\" data-widget_type=\"heading.default\">\n\t\t\t\t<div class=\"elementor-widget-container\">\n\t\t\t\t\t<h3 class=\"elementor-heading-title elementor-size-default\">Les randonn\u00e9es p\u00e9destres et le cyclisme dans la vall\u00e9e pour une aventure estivale<\/h3>\t\t\t\t<\/div>\n\t\t\t\t<\/div>\n\t\t\t\t<div class=\"elementor-element elementor-element-503b0d0 elementor-widget elementor-widget-text-editor\" data-id=\"503b0d0\" data-element_type=\"widget\" data-e-type=\"widget\" data-widget_type=\"text-editor.default\">\n\t\t\t\t<div class=\"elementor-widget-container\">\n\t\t\t\t\t\t\t\t\t<p>\u00c0 la fonte des neiges, la vall\u00e9e de la Maurienne passe d&#8217;un terrain de jeu hivernal pour les skieurs et les snowboardeurs \u00e0 une vall\u00e9e tranquille pleine de verdure, d&#8217;animaux de ferme et d&#8217;autres animaux sauvages.<\/p><p>Ainsi, nous vous sugg\u00e9rons le <strong>lac de la Grande L\u00e9ch\u00e8re<\/strong>, un sentier facile et pour toute la famille. Il commence au village pittoresque de <strong>Montaimont<\/strong> et vous m\u00e8ne au lac de la Grande L\u00e9ch\u00e8re. C&#8217;est une option id\u00e9ale pour les familles, en particulier celles qui ont de jeunes enfants, car elle offre des vues \u00e0 couper le souffle sans n\u00e9cessiter beaucoup d&#8217;efforts. Le sentier est clairement balis\u00e9 et facile \u00e0 parcourir. C&#8217;est l&#8217;endroit id\u00e9al pour profiter du grand air et faire un pique-nique ! <strong>Le chemin du Petit Bonheur<\/strong> est une autre option int\u00e9ressante pour les randonneurs de tous niveaux. Ce sentier facile relie plusieurs villages entre eux le long de la vall\u00e9e. C&#8217;est un excellent moyen de d\u00e9couvrir d&#8217;autres villages et d&#8217;en apprendre davantage sur l&#8217;histoire et l&#8217;architecture de la r\u00e9gion. Au cours de votre promenade, vous trouverez des panneaux d&#8217;information expliquant l&#8217;importance naturelle et historique de la r\u00e9gion. Pour les amateurs de randonn\u00e9e et d&#8217;histoire, nous recommandons le <b>sentier des Forts<\/b> \u00e0 Aussois. Il s&#8217;agit d&#8217;une randonn\u00e9e int\u00e9ressante qui vous fait passer \u00e0 c\u00f4t\u00e9 de forts militaires datant du 19e si\u00e8cle. Une autre option int\u00e9ressante pour les niveaux mod\u00e9r\u00e9s est le <b>col de la Madeleine<\/b>, rendu c\u00e9l\u00e8bre par l&#8217;une des ascensions l\u00e9gendaires du <i>Tour de France<\/i>. Les randonneurs peuvent \u00e9galement profiter de cet itin\u00e9raire en grimpant pour acc\u00e9der \u00e0 des vues splendides donnant sur le <b>massif du Mont-Blanc<\/b> et sur les paysages alpins \u00e9poustouflants qui l&#8217;entourent.<\/p><p>Pour les plus exigeants, le Tour des glaciers de <strong>la Vanoise<\/strong> reste une excellente option. Cette randonn\u00e9e vous emm\u00e8ne au c\u0153ur du<b> parc national de la Vanoise<\/b> pour un voyage de plusieurs jours \u00e0 travers les glaciers. Il s&#8217;agit d&#8217;une randonn\u00e9e exigeante qui n\u00e9cessite beaucoup d&#8217;organisation \u00e0 l&#8217;avance. Le mieux est donc de s&#8217;inscrire aupr\u00e8s d&#8217;un groupe d&#8217;excursionnistes pour vous faciliter l&#8217;aventure.<\/p>\t\t\t\t\t\t\t\t<\/div>\n\t\t\t\t<\/div>\n\t\t\t\t\t<\/div>\n\t\t<\/div>\n\t\t\t\t\t<\/div>\n\t\t<\/section>\n\t\t\t\t<section class=\"elementor-section elementor-top-section elementor-element elementor-element-2ebac9c elementor-section-boxed elementor-section-height-default elementor-section-height-default\" data-id=\"2ebac9c\" data-element_type=\"section\" data-e-type=\"section\">\n\t\t\t\t\t\t<div class=\"elementor-container elementor-column-gap-default\">\n\t\t\t\t\t<div class=\"elementor-column elementor-col-100 elementor-top-column elementor-element elementor-element-b7b4a33\" data-id=\"b7b4a33\" data-element_type=\"column\" data-e-type=\"column\">\n\t\t\t<div class=\"elementor-widget-wrap elementor-element-populated\">\n\t\t\t\t\t\t<div class=\"elementor-element elementor-element-25a5678 elementor-widget elementor-widget-image\" data-id=\"25a5678\" data-element_type=\"widget\" data-e-type=\"widget\" data-widget_type=\"image.default\">\n\t\t\t\t<div class=\"elementor-widget-container\">\n\t\t\t\t\t\t\t\t\t\t\t\t\t\t\t<img decoding=\"async\" width=\"1540\" height=\"770\" src=\"https:\/\/www.alpvisionresidences.com\/blog\/wp-content\/uploads\/2024\/03\/maurienne-valley-la-norma.jpg\" class=\"attachment-full size-full wp-image-8522\" alt=\"maurienne-valley-la-norma\" srcset=\"https:\/\/www.alpvisionresidences.com\/blog\/wp-content\/uploads\/2024\/03\/maurienne-valley-la-norma.jpg 1540w, https:\/\/www.alpvisionresidences.com\/blog\/wp-content\/uploads\/2024\/03\/maurienne-valley-la-norma-768x384.jpg 768w, https:\/\/www.alpvisionresidences.com\/blog\/wp-content\/uploads\/2024\/03\/maurienne-valley-la-norma-1536x768.jpg 1536w\" sizes=\"(max-width: 1540px) 100vw, 1540px\" \/>\t\t\t\t\t\t\t\t\t\t\t\t\t\t\t<\/div>\n\t\t\t\t<\/div>\n\t\t\t\t\t<\/div>\n\t\t<\/div>\n\t\t\t\t\t<\/div>\n\t\t<\/section>\n\t\t\t\t<section class=\"elementor-section elementor-top-section elementor-element elementor-element-f0b999b elementor-section-boxed elementor-section-height-default elementor-section-height-default\" data-id=\"f0b999b\" data-element_type=\"section\" data-e-type=\"section\">\n\t\t\t\t\t\t<div class=\"elementor-container elementor-column-gap-default\">\n\t\t\t\t\t<div class=\"elementor-column elementor-col-100 elementor-top-column elementor-element elementor-element-7e913be\" data-id=\"7e913be\" data-element_type=\"column\" data-e-type=\"column\">\n\t\t\t<div class=\"elementor-widget-wrap elementor-element-populated\">\n\t\t\t\t\t\t<div class=\"elementor-element elementor-element-0a78f10 elementor-widget elementor-widget-heading\" data-id=\"0a78f10\" data-element_type=\"widget\" data-e-type=\"widget\" data-widget_type=\"heading.default\">\n\t\t\t\t<div class=\"elementor-widget-container\">\n\t\t\t\t\t<h3 class=\"elementor-heading-title elementor-size-default\">Son patrimoine culturel : \u00e0 la d\u00e9couverte de l'histoire et des villages de Maurienne<\/h3>\t\t\t\t<\/div>\n\t\t\t\t<\/div>\n\t\t\t\t<div class=\"elementor-element elementor-element-e2f0f52 elementor-widget elementor-widget-text-editor\" data-id=\"e2f0f52\" data-element_type=\"widget\" data-e-type=\"widget\" data-widget_type=\"text-editor.default\">\n\t\t\t\t<div class=\"elementor-widget-container\">\n\t\t\t\t\t\t\t\t\t<p>On ne s&#8217;attendrait pas \u00e0 ce qu&#8217;une r\u00e9gion c\u00e9l\u00e8bre pour le ski comme la vall\u00e9e de la Maurienne soit aussi riche en culture et en histoire, mais cette derni\u00e8re a beaucoup \u00e0 offrir \u00e0 ceux qui aiment d\u00e9couvrir le pass\u00e9. L&#8217;un des monuments incontournables de la Maurienne reste la cath\u00e9drale de Saint-Jean-de-Maurienne : elle est ouverte tous les jours et son entr\u00e9e est gratuite. Vous pouvez \u00e9galement b\u00e9n\u00e9ficier d&#8217;une visite guid\u00e9e si vous le souhaitez, mais nous vous recommandons d&#8217;appeler \u00e0 l&#8217;avance pour r\u00e9server votre place. Non loin de la cath\u00e9drale se trouve le mus\u00e9e Opinel, situ\u00e9 dans la m\u00eame ville que le couteau du m\u00eame nom, un outil bien connu des randonneurs et des amateurs d&#8217;activit\u00e9s de plein air.<br \/>Pour les amateurs de culture viticole, les vignobles et les caves de la vall\u00e9e de la Maurienne restent incontournables. Il existe des circuits qui ne se limitent pas \u00e0 la d\u00e9gustation des vins locaux, mais qui permettent \u00e9galement de comprendre les traditions viticoles de la r\u00e9gion.<\/p>\t\t\t\t\t\t\t\t<\/div>\n\t\t\t\t<\/div>\n\t\t\t\t\t<\/div>\n\t\t<\/div>\n\t\t\t\t\t<\/div>\n\t\t<\/section>\n\t\t\t\t<section class=\"elementor-section elementor-top-section elementor-element elementor-element-23e0534 elementor-section-boxed elementor-section-height-default elementor-section-height-default\" data-id=\"23e0534\" data-element_type=\"section\" data-e-type=\"section\">\n\t\t\t\t\t\t<div class=\"elementor-container elementor-column-gap-default\">\n\t\t\t\t\t<div class=\"elementor-column elementor-col-100 elementor-top-column elementor-element elementor-element-3d8c7cf\" data-id=\"3d8c7cf\" data-element_type=\"column\" data-e-type=\"column\">\n\t\t\t<div class=\"elementor-widget-wrap elementor-element-populated\">\n\t\t\t\t\t\t<div class=\"elementor-element elementor-element-c78927b elementor-widget elementor-widget-heading\" data-id=\"c78927b\" data-element_type=\"widget\" data-e-type=\"widget\" data-widget_type=\"heading.default\">\n\t\t\t\t<div class=\"elementor-widget-container\">\n\t\t\t\t\t<h3 class=\"elementor-heading-title elementor-size-default\">Les d\u00e9lices culinaires : Savourez les saveurs de la vall\u00e9e<\/h3>\t\t\t\t<\/div>\n\t\t\t\t<\/div>\n\t\t\t\t<div class=\"elementor-element elementor-element-02d0fdf elementor-widget elementor-widget-text-editor\" data-id=\"02d0fdf\" data-element_type=\"widget\" data-e-type=\"widget\" data-widget_type=\"text-editor.default\">\n\t\t\t\t<div class=\"elementor-widget-container\">\n\t\t\t\t\t\t\t\t\t<p>Dans la vall\u00e9e de la Maurienne-Savoie, les sp\u00e9cialit\u00e9s locales comprennent les <em>diots<\/em> (saucisses savoyardes), les <em>crozets<\/em> (petites p\u00e2tes de forme carr\u00e9e) et le fameux Beaufort, un fromage local. Si vous cherchez des restaurants traditionnels dans la r\u00e9gion, essayez <em>le Grill du Savoy <\/em>ou <em>L\u2019encas<\/em>. Ces deux \u00e9tablissements pr\u00e9sentent une atmosph\u00e8re chaleureuse et proposent sur leur carte des sp\u00e9cialit\u00e9s alpines comme la fondue.\u00a0<\/p>\t\t\t\t\t\t\t\t<\/div>\n\t\t\t\t<\/div>\n\t\t\t\t\t<\/div>\n\t\t<\/div>\n\t\t\t\t\t<\/div>\n\t\t<\/section>\n\t\t\t\t<section class=\"elementor-section elementor-top-section elementor-element elementor-element-32b2997 elementor-section-boxed elementor-section-height-default elementor-section-height-default\" data-id=\"32b2997\" data-element_type=\"section\" data-e-type=\"section\">\n\t\t\t\t\t\t<div class=\"elementor-container elementor-column-gap-default\">\n\t\t\t\t\t<div class=\"elementor-column elementor-col-100 elementor-top-column elementor-element elementor-element-c88a7f5\" data-id=\"c88a7f5\" data-element_type=\"column\" data-e-type=\"column\">\n\t\t\t<div class=\"elementor-widget-wrap elementor-element-populated\">\n\t\t\t\t\t\t<div class=\"elementor-element elementor-element-458f89f elementor-widget elementor-widget-image\" data-id=\"458f89f\" data-element_type=\"widget\" data-e-type=\"widget\" data-widget_type=\"image.default\">\n\t\t\t\t<div class=\"elementor-widget-container\">\n\t\t\t\t\t\t\t\t\t\t\t\t\t\t\t<img decoding=\"async\" width=\"1254\" height=\"627\" src=\"https:\/\/www.alpvisionresidences.com\/blog\/wp-content\/uploads\/2024\/03\/manger-maurienne-valley-.jpg\" class=\"attachment-full size-full wp-image-8527\" alt=\"manger-maurienne-valley-\" srcset=\"https:\/\/www.alpvisionresidences.com\/blog\/wp-content\/uploads\/2024\/03\/manger-maurienne-valley-.jpg 1254w, https:\/\/www.alpvisionresidences.com\/blog\/wp-content\/uploads\/2024\/03\/manger-maurienne-valley--768x384.jpg 768w\" sizes=\"(max-width: 1254px) 100vw, 1254px\" \/>\t\t\t\t\t\t\t\t\t\t\t\t\t\t\t<\/div>\n\t\t\t\t<\/div>\n\t\t\t\t\t<\/div>\n\t\t<\/div>\n\t\t\t\t\t<\/div>\n\t\t<\/section>\n\t\t\t\t<section class=\"elementor-section elementor-top-section elementor-element elementor-element-6a76e01 elementor-section-boxed elementor-section-height-default elementor-section-height-default\" data-id=\"6a76e01\" data-element_type=\"section\" data-e-type=\"section\">\n\t\t\t\t\t\t<div class=\"elementor-container elementor-column-gap-default\">\n\t\t\t\t\t<div class=\"elementor-column elementor-col-100 elementor-top-column elementor-element elementor-element-c078314\" data-id=\"c078314\" data-element_type=\"column\" data-e-type=\"column\">\n\t\t\t<div class=\"elementor-widget-wrap elementor-element-populated\">\n\t\t\t\t\t\t<div class=\"elementor-element elementor-element-5630cff elementor-widget elementor-widget-heading\" data-id=\"5630cff\" data-element_type=\"widget\" data-e-type=\"widget\" data-widget_type=\"heading.default\">\n\t\t\t\t<div class=\"elementor-widget-container\">\n\t\t\t\t\t<h2 class=\"elementor-heading-title elementor-size-default\">Planifiez votre visite : quelques conseils et recommandations pour la vall\u00e9e de la Maurienne<\/h2>\t\t\t\t<\/div>\n\t\t\t\t<\/div>\n\t\t\t\t<div class=\"elementor-element elementor-element-287f597 elementor-widget elementor-widget-text-editor\" data-id=\"287f597\" data-element_type=\"widget\" data-e-type=\"widget\" data-widget_type=\"text-editor.default\">\n\t\t\t\t<div class=\"elementor-widget-container\">\n\t\t\t\t\t\t\t\t\t<p>Pour ceux qui pr\u00e9voient un voyage dans la vall\u00e9e de la Maurienne, nous vous sugg\u00e9rons de vous y rendre en dehors de la haute saison afin de profiter de la r\u00e9gion en toute tranquillit\u00e9. N&#8217;oubliez pas de toujours v\u00e9rifier les conditions m\u00e9t\u00e9orologiques et l&#8217;\u00e9tat des sentiers avant de partir en randonn\u00e9e ou en excursion en montagne. Bien que les zones de <b>glissement de terrain de la vall\u00e9e de la Maurienne<\/b> soient bien g\u00e9r\u00e9es, il est toujours judicieux de v\u00e9rifier les conditions m\u00e9t\u00e9orologiques et de se tenir inform\u00e9.<\/p>\t\t\t\t\t\t\t\t<\/div>\n\t\t\t\t<\/div>\n\t\t\t\t\t<\/div>\n\t\t<\/div>\n\t\t\t\t\t<\/div>\n\t\t<\/section>\n\t\t\t\t<section class=\"elementor-section elementor-top-section elementor-element elementor-element-5d24a76 elementor-section-boxed elementor-section-height-default elementor-section-height-default\" data-id=\"5d24a76\" data-element_type=\"section\" data-e-type=\"section\">\n\t\t\t\t\t\t<div class=\"elementor-container elementor-column-gap-default\">\n\t\t\t\t\t<div class=\"elementor-column elementor-col-100 elementor-top-column elementor-element elementor-element-bea5137\" data-id=\"bea5137\" data-element_type=\"column\" data-e-type=\"column\">\n\t\t\t<div class=\"elementor-widget-wrap elementor-element-populated\">\n\t\t\t\t\t\t<div class=\"elementor-element elementor-element-5661716 elementor-widget elementor-widget-heading\" data-id=\"5661716\" data-element_type=\"widget\" data-e-type=\"widget\" data-widget_type=\"heading.default\">\n\t\t\t\t<div class=\"elementor-widget-container\">\n\t\t\t\t\t<h2 class=\"elementor-heading-title elementor-size-default\">D\u00e9couvrez les merveilles de la vall\u00e9e de la Maurienne<\/h2>\t\t\t\t<\/div>\n\t\t\t\t<\/div>\n\t\t\t\t<div class=\"elementor-element elementor-element-63ffa31 elementor-widget elementor-widget-text-editor\" data-id=\"63ffa31\" data-element_type=\"widget\" data-e-type=\"widget\" data-widget_type=\"text-editor.default\">\n\t\t\t\t<div class=\"elementor-widget-container\">\n\t\t\t\t\t\t\t\t\t<p>Des pistes de ski aux sentiers de randonn\u00e9e, en passant par l&#8217;histoire et la d\u00e9licieuse cuisine, la vall\u00e9e de la Maurienne est une destination id\u00e9ale pour \u00e9chapper \u00e0 l&#8217;agitation des villes et se d\u00e9tendre en pleine nature.<\/p><p><a href=\"https:\/\/www.alpvisionresidences.com\/\">Alpvision Residences<\/a> est fier d&#8217;offrir des locations confortables et accueillantes dans la vall\u00e9e de la Maurienne-Savoie. R\u00e9servez votre s\u00e9jour avec nous et d\u00e9couvrez les merveilles de la vall\u00e9e de la Maurienne \u2013 votre aventure commence ici.<\/p>\t\t\t\t\t\t\t\t<\/div>\n\t\t\t\t<\/div>\n\t\t\t\t\t<\/div>\n\t\t<\/div>\n\t\t\t\t\t<\/div>\n\t\t<\/section>\n\t\t\t\t<section class=\"elementor-section elementor-top-section elementor-element elementor-element-66f004af elementor-section-boxed elementor-section-height-default elementor-section-height-default\" data-id=\"66f004af\" data-element_type=\"section\" data-e-type=\"section\">\n\t\t\t\t\t\t<div class=\"elementor-container elementor-column-gap-default\">\n\t\t\t\t\t<div class=\"elementor-column elementor-col-33 elementor-top-column elementor-element elementor-element-37c6f77f\" data-id=\"37c6f77f\" data-element_type=\"column\" data-e-type=\"column\">\n\t\t\t<div class=\"elementor-widget-wrap elementor-element-populated\">\n\t\t\t\t\t\t<div class=\"elementor-element elementor-element-1a938188 elementor-align-center elementor-widget elementor-widget-button\" data-id=\"1a938188\" data-element_type=\"widget\" data-e-type=\"widget\" data-widget_type=\"button.default\">\n\t\t\t\t<div class=\"elementor-widget-container\">\n\t\t\t\t\t\t\t\t\t<div class=\"elementor-button-wrapper\">\n\t\t\t\t\t<a class=\"elementor-button elementor-button-link elementor-size-lg\" href=\"https:\/\/www.alpvisionresidences.com\/rentals\/rentals-orelle-d36537\/\">\n\t\t\t\t\t\t<span class=\"elementor-button-content-wrapper\">\n\t\t\t\t\t\t\t\t\t<span class=\"elementor-button-text\">H\u00e9bergements \u00e0 Orelle<\/span>\n\t\t\t\t\t<\/span>\n\t\t\t\t\t<\/a>\n\t\t\t\t<\/div>\n\t\t\t\t\t\t\t\t<\/div>\n\t\t\t\t<\/div>\n\t\t\t\t\t<\/div>\n\t\t<\/div>\n\t\t\t\t<div class=\"elementor-column elementor-col-33 elementor-top-column elementor-element elementor-element-3f0492ee\" data-id=\"3f0492ee\" data-element_type=\"column\" data-e-type=\"column\">\n\t\t\t<div class=\"elementor-widget-wrap elementor-element-populated\">\n\t\t\t\t\t\t<div class=\"elementor-element elementor-element-2dfa49da elementor-align-center elementor-widget elementor-widget-button\" data-id=\"2dfa49da\" data-element_type=\"widget\" data-e-type=\"widget\" data-widget_type=\"button.default\">\n\t\t\t\t<div class=\"elementor-widget-container\">\n\t\t\t\t\t\t\t\t\t<div class=\"elementor-button-wrapper\">\n\t\t\t\t\t<a class=\"elementor-button elementor-button-link elementor-size-lg\" href=\"https:\/\/www.alpvisionresidences.com\/rentals\/apartments-orelle-c1d36537\/\">\n\t\t\t\t\t\t<span class=\"elementor-button-content-wrapper\">\n\t\t\t\t\t\t\t\t\t<span class=\"elementor-button-text\">Appartement \u00e0 Orelle<\/span>\n\t\t\t\t\t<\/span>\n\t\t\t\t\t<\/a>\n\t\t\t\t<\/div>\n\t\t\t\t\t\t\t\t<\/div>\n\t\t\t\t<\/div>\n\t\t\t\t\t<\/div>\n\t\t<\/div>\n\t\t\t\t<div class=\"elementor-column elementor-col-33 elementor-top-column elementor-element elementor-element-9067ce\" data-id=\"9067ce\" data-element_type=\"column\" data-e-type=\"column\">\n\t\t\t<div class=\"elementor-widget-wrap elementor-element-populated\">\n\t\t\t\t\t\t<div class=\"elementor-element elementor-element-670b7271 elementor-align-center elementor-widget elementor-widget-button\" data-id=\"670b7271\" data-element_type=\"widget\" data-e-type=\"widget\" data-widget_type=\"button.default\">\n\t\t\t\t<div class=\"elementor-widget-container\">\n\t\t\t\t\t\t\t\t\t<div class=\"elementor-button-wrapper\">\n\t\t\t\t\t<a class=\"elementor-button elementor-button-link elementor-size-lg\" href=\"https:\/\/www.alpvisionresidences.com\/rentals\/studios-orelle-c14d36537\/\">\n\t\t\t\t\t\t<span class=\"elementor-button-content-wrapper\">\n\t\t\t\t\t\t\t\t\t<span class=\"elementor-button-text\">Studio \u00e0 Orelle<\/span>\n\t\t\t\t\t<\/span>\n\t\t\t\t\t<\/a>\n\t\t\t\t<\/div>\n\t\t\t\t\t\t\t\t<\/div>\n\t\t\t\t<\/div>\n\t\t\t\t\t<\/div>\n\t\t<\/div>\n\t\t\t\t\t<\/div>\n\t\t<\/section>\n\t\t\t\t<\/div>\n\t\t","protected":false},"excerpt":{"rendered":"<p>Pour ceux qui recherchent une exp\u00e9rience de vacances unique, la vall\u00e9e de la Maurienne est une excellente option pour les&#8230;<\/p>\n","protected":false},"author":3,"featured_media":8512,"comment_status":"open","ping_status":"open","sticky":false,"template":"","format":"standard","meta":{"footnotes":""},"categories":[438,48,411,469,473,457,442,502],"tags":[],"class_list":["post-8536","post","type-post","status-publish","format-standard","has-post-thumbnail","hentry","category-3-vallees-fr","category-activites-en-france","category-alpes-francaises","category-ete","category-hiver","category-itineraires-cyclables","category-orelle-fr","category-randonnees"],"yoast_head":"<!-- This site is optimized with the Yoast SEO plugin v27.4 - https:\/\/yoast.com\/product\/yoast-seo-wordpress\/ -->\n<title>La vall\u00e9e de la Maurienne - Get Inspired<\/title>\n<meta name=\"description\" content=\"Explorez la Vall\u00e9e de la Maurienne. D\u00e9couvrez des paysages de r\u00eave et des aventures inoubliables. En savoir plus ici.\" \/>\n<meta name=\"robots\" content=\"index, follow, max-snippet:-1, max-image-preview:large, max-video-preview:-1\" \/>\n<link rel=\"canonical\" href=\"https:\/\/www.alpvisionresidences.com\/blog\/fr\/vallee-la-maurienne\/\" \/>\n<meta property=\"og:locale\" content=\"fr_FR\" \/>\n<meta property=\"og:type\" content=\"article\" \/>\n<meta property=\"og:title\" content=\"La vall\u00e9e de la Maurienne - Get Inspired\" \/>\n<meta property=\"og:description\" content=\"Explorez la Vall\u00e9e de la Maurienne. D\u00e9couvrez des paysages de r\u00eave et des aventures inoubliables. En savoir plus ici.\" \/>\n<meta property=\"og:url\" content=\"https:\/\/www.alpvisionresidences.com\/blog\/fr\/vallee-la-maurienne\/\" \/>\n<meta property=\"og:site_name\" content=\"Get Inspired\" \/>\n<meta property=\"article:publisher\" content=\"https:\/\/www.facebook.com\/AlpvisionResidences\/\" \/>\n<meta property=\"article:published_time\" content=\"2024-03-22T12:36:34+00:00\" \/>\n<meta property=\"article:modified_time\" content=\"2025-02-20T09:46:39+00:00\" \/>\n<meta property=\"og:image\" content=\"https:\/\/www.alpvisionresidences.com\/blog\/wp-content\/uploads\/2024\/03\/maurienne-valley-french-alps.jpg\" \/>\n\t<meta property=\"og:image:width\" content=\"2190\" \/>\n\t<meta property=\"og:image:height\" content=\"683\" \/>\n\t<meta property=\"og:image:type\" content=\"image\/jpeg\" \/>\n<meta name=\"author\" content=\"digitalservices\" \/>\n<meta name=\"twitter:card\" content=\"summary_large_image\" \/>\n<meta name=\"twitter:label1\" content=\"Written by\" \/>\n\t<meta name=\"twitter:data1\" content=\"digitalservices\" \/>\n\t<meta name=\"twitter:label2\" content=\"Est. reading time\" \/>\n\t<meta name=\"twitter:data2\" content=\"8 minutes\" \/>\n<script type=\"application\/ld+json\" class=\"yoast-schema-graph\">{\"@context\":\"https:\\\/\\\/schema.org\",\"@graph\":[{\"@type\":\"Article\",\"@id\":\"https:\\\/\\\/www.alpvisionresidences.com\\\/blog\\\/fr\\\/vallee-la-maurienne\\\/#article\",\"isPartOf\":{\"@id\":\"https:\\\/\\\/www.alpvisionresidences.com\\\/blog\\\/fr\\\/vallee-la-maurienne\\\/\"},\"author\":{\"name\":\"digitalservices\",\"@id\":\"https:\\\/\\\/www.alpvisionresidences.com\\\/blog\\\/fr\\\/#\\\/schema\\\/person\\\/6e9d17dd9b9dc7fb1f883ab503416e85\"},\"headline\":\"La vall\u00e9e de la Maurienne : le guide ultime pour votre escapade alpine\",\"datePublished\":\"2024-03-22T12:36:34+00:00\",\"dateModified\":\"2025-02-20T09:46:39+00:00\",\"mainEntityOfPage\":{\"@id\":\"https:\\\/\\\/www.alpvisionresidences.com\\\/blog\\\/fr\\\/vallee-la-maurienne\\\/\"},\"wordCount\":1505,\"commentCount\":0,\"publisher\":{\"@id\":\"https:\\\/\\\/www.alpvisionresidences.com\\\/blog\\\/fr\\\/#organization\"},\"image\":{\"@id\":\"https:\\\/\\\/www.alpvisionresidences.com\\\/blog\\\/fr\\\/vallee-la-maurienne\\\/#primaryimage\"},\"thumbnailUrl\":\"https:\\\/\\\/www.alpvisionresidences.com\\\/blog\\\/wp-content\\\/uploads\\\/2024\\\/03\\\/maurienne-valley-french-alps.jpg\",\"articleSection\":[\"3 Vall\u00e9es\",\"Activit\u00e9s en France\",\"Alpes Fran\u00e7aises\",\"\u00c9t\u00e9\",\"Hiver\",\"Itin\u00e9raires Cyclables\",\"Orelle\",\"Randonn\u00e9es\"],\"inLanguage\":\"fr\",\"potentialAction\":[{\"@type\":\"CommentAction\",\"name\":\"Comment\",\"target\":[\"https:\\\/\\\/www.alpvisionresidences.com\\\/blog\\\/fr\\\/vallee-la-maurienne\\\/#respond\"]}]},{\"@type\":\"WebPage\",\"@id\":\"https:\\\/\\\/www.alpvisionresidences.com\\\/blog\\\/fr\\\/vallee-la-maurienne\\\/\",\"url\":\"https:\\\/\\\/www.alpvisionresidences.com\\\/blog\\\/fr\\\/vallee-la-maurienne\\\/\",\"name\":\"La vall\u00e9e de la Maurienne - Get Inspired\",\"isPartOf\":{\"@id\":\"https:\\\/\\\/www.alpvisionresidences.com\\\/blog\\\/fr\\\/#website\"},\"primaryImageOfPage\":{\"@id\":\"https:\\\/\\\/www.alpvisionresidences.com\\\/blog\\\/fr\\\/vallee-la-maurienne\\\/#primaryimage\"},\"image\":{\"@id\":\"https:\\\/\\\/www.alpvisionresidences.com\\\/blog\\\/fr\\\/vallee-la-maurienne\\\/#primaryimage\"},\"thumbnailUrl\":\"https:\\\/\\\/www.alpvisionresidences.com\\\/blog\\\/wp-content\\\/uploads\\\/2024\\\/03\\\/maurienne-valley-french-alps.jpg\",\"datePublished\":\"2024-03-22T12:36:34+00:00\",\"dateModified\":\"2025-02-20T09:46:39+00:00\",\"description\":\"Explorez la Vall\u00e9e de la Maurienne. D\u00e9couvrez des paysages de r\u00eave et des aventures inoubliables. En savoir plus ici.\",\"breadcrumb\":{\"@id\":\"https:\\\/\\\/www.alpvisionresidences.com\\\/blog\\\/fr\\\/vallee-la-maurienne\\\/#breadcrumb\"},\"inLanguage\":\"fr\",\"potentialAction\":[{\"@type\":\"ReadAction\",\"target\":[\"https:\\\/\\\/www.alpvisionresidences.com\\\/blog\\\/fr\\\/vallee-la-maurienne\\\/\"]}]},{\"@type\":\"ImageObject\",\"inLanguage\":\"fr\",\"@id\":\"https:\\\/\\\/www.alpvisionresidences.com\\\/blog\\\/fr\\\/vallee-la-maurienne\\\/#primaryimage\",\"url\":\"https:\\\/\\\/www.alpvisionresidences.com\\\/blog\\\/wp-content\\\/uploads\\\/2024\\\/03\\\/maurienne-valley-french-alps.jpg\",\"contentUrl\":\"https:\\\/\\\/www.alpvisionresidences.com\\\/blog\\\/wp-content\\\/uploads\\\/2024\\\/03\\\/maurienne-valley-french-alps.jpg\",\"width\":2190,\"height\":683,\"caption\":\"maurienne-valley-french-alps\"},{\"@type\":\"BreadcrumbList\",\"@id\":\"https:\\\/\\\/www.alpvisionresidences.com\\\/blog\\\/fr\\\/vallee-la-maurienne\\\/#breadcrumb\",\"itemListElement\":[{\"@type\":\"ListItem\",\"position\":1,\"name\":\"Home\",\"item\":\"https:\\\/\\\/www.alpvisionresidences.com\\\/blog\\\/fr\\\/\"},{\"@type\":\"ListItem\",\"position\":2,\"name\":\"La vall\u00e9e de la Maurienne : le guide ultime pour votre escapade alpine\"}]},{\"@type\":\"WebSite\",\"@id\":\"https:\\\/\\\/www.alpvisionresidences.com\\\/blog\\\/fr\\\/#website\",\"url\":\"https:\\\/\\\/www.alpvisionresidences.com\\\/blog\\\/fr\\\/\",\"name\":\"alpvisionresidences.com\",\"description\":\"Alpvision r\u00e9sidences\",\"publisher\":{\"@id\":\"https:\\\/\\\/www.alpvisionresidences.com\\\/blog\\\/fr\\\/#organization\"},\"potentialAction\":[{\"@type\":\"SearchAction\",\"target\":{\"@type\":\"EntryPoint\",\"urlTemplate\":\"https:\\\/\\\/www.alpvisionresidences.com\\\/blog\\\/fr\\\/?s={search_term_string}\"},\"query-input\":{\"@type\":\"PropertyValueSpecification\",\"valueRequired\":true,\"valueName\":\"search_term_string\"}}],\"inLanguage\":\"fr\"},{\"@type\":\"Organization\",\"@id\":\"https:\\\/\\\/www.alpvisionresidences.com\\\/blog\\\/fr\\\/#organization\",\"name\":\"Alpvision Residences\",\"url\":\"https:\\\/\\\/www.alpvisionresidences.com\\\/blog\\\/fr\\\/\",\"logo\":{\"@type\":\"ImageObject\",\"inLanguage\":\"fr\",\"@id\":\"https:\\\/\\\/www.alpvisionresidences.com\\\/blog\\\/fr\\\/#\\\/schema\\\/logo\\\/image\\\/\",\"url\":\"https:\\\/\\\/www.alpvisionresidences.com\\\/blog\\\/wp-content\\\/uploads\\\/2022\\\/01\\\/alpvision_icone1_bleu_negatif-Redimensionne-pour-profil.png\",\"contentUrl\":\"https:\\\/\\\/www.alpvisionresidences.com\\\/blog\\\/wp-content\\\/uploads\\\/2022\\\/01\\\/alpvision_icone1_bleu_negatif-Redimensionne-pour-profil.png\",\"width\":522,\"height\":478,\"caption\":\"Alpvision Residences\"},\"image\":{\"@id\":\"https:\\\/\\\/www.alpvisionresidences.com\\\/blog\\\/fr\\\/#\\\/schema\\\/logo\\\/image\\\/\"},\"sameAs\":[\"https:\\\/\\\/www.facebook.com\\\/AlpvisionResidences\\\/\",\"https:\\\/\\\/www.instagram.com\\\/alpvisionresidences\\\/\"]},{\"@type\":\"Person\",\"@id\":\"https:\\\/\\\/www.alpvisionresidences.com\\\/blog\\\/fr\\\/#\\\/schema\\\/person\\\/6e9d17dd9b9dc7fb1f883ab503416e85\",\"name\":\"digitalservices\",\"image\":{\"@type\":\"ImageObject\",\"inLanguage\":\"fr\",\"@id\":\"https:\\\/\\\/secure.gravatar.com\\\/avatar\\\/af30f88a1904294c1f3eb09a9d7903eec4ffa18fa2cf40c28a8681014ecdfc20?s=96&d=mm&r=g\",\"url\":\"https:\\\/\\\/secure.gravatar.com\\\/avatar\\\/af30f88a1904294c1f3eb09a9d7903eec4ffa18fa2cf40c28a8681014ecdfc20?s=96&d=mm&r=g\",\"contentUrl\":\"https:\\\/\\\/secure.gravatar.com\\\/avatar\\\/af30f88a1904294c1f3eb09a9d7903eec4ffa18fa2cf40c28a8681014ecdfc20?s=96&d=mm&r=g\",\"caption\":\"digitalservices\"},\"url\":\"https:\\\/\\\/www.alpvisionresidences.com\\\/blog\\\/fr\\\/author\\\/digitalservices\\\/\"}]}<\/script>\n<!-- \/ Yoast SEO plugin. -->","yoast_head_json":{"title":"La vall\u00e9e de la Maurienne - Get Inspired","description":"Explorez la Vall\u00e9e de la Maurienne. D\u00e9couvrez des paysages de r\u00eave et des aventures inoubliables. En savoir plus ici.","robots":{"index":"index","follow":"follow","max-snippet":"max-snippet:-1","max-image-preview":"max-image-preview:large","max-video-preview":"max-video-preview:-1"},"canonical":"https:\/\/www.alpvisionresidences.com\/blog\/fr\/vallee-la-maurienne\/","og_locale":"fr_FR","og_type":"article","og_title":"La vall\u00e9e de la Maurienne - Get Inspired","og_description":"Explorez la Vall\u00e9e de la Maurienne. D\u00e9couvrez des paysages de r\u00eave et des aventures inoubliables. En savoir plus ici.","og_url":"https:\/\/www.alpvisionresidences.com\/blog\/fr\/vallee-la-maurienne\/","og_site_name":"Get Inspired","article_publisher":"https:\/\/www.facebook.com\/AlpvisionResidences\/","article_published_time":"2024-03-22T12:36:34+00:00","article_modified_time":"2025-02-20T09:46:39+00:00","og_image":[{"width":2190,"height":683,"url":"https:\/\/www.alpvisionresidences.com\/blog\/wp-content\/uploads\/2024\/03\/maurienne-valley-french-alps.jpg","type":"image\/jpeg"}],"author":"digitalservices","twitter_card":"summary_large_image","twitter_misc":{"Written by":"digitalservices","Est. reading time":"8 minutes"},"schema":{"@context":"https:\/\/schema.org","@graph":[{"@type":"Article","@id":"https:\/\/www.alpvisionresidences.com\/blog\/fr\/vallee-la-maurienne\/#article","isPartOf":{"@id":"https:\/\/www.alpvisionresidences.com\/blog\/fr\/vallee-la-maurienne\/"},"author":{"name":"digitalservices","@id":"https:\/\/www.alpvisionresidences.com\/blog\/fr\/#\/schema\/person\/6e9d17dd9b9dc7fb1f883ab503416e85"},"headline":"La vall\u00e9e de la Maurienne : le guide ultime pour votre escapade alpine","datePublished":"2024-03-22T12:36:34+00:00","dateModified":"2025-02-20T09:46:39+00:00","mainEntityOfPage":{"@id":"https:\/\/www.alpvisionresidences.com\/blog\/fr\/vallee-la-maurienne\/"},"wordCount":1505,"commentCount":0,"publisher":{"@id":"https:\/\/www.alpvisionresidences.com\/blog\/fr\/#organization"},"image":{"@id":"https:\/\/www.alpvisionresidences.com\/blog\/fr\/vallee-la-maurienne\/#primaryimage"},"thumbnailUrl":"https:\/\/www.alpvisionresidences.com\/blog\/wp-content\/uploads\/2024\/03\/maurienne-valley-french-alps.jpg","articleSection":["3 Vall\u00e9es","Activit\u00e9s en France","Alpes Fran\u00e7aises","\u00c9t\u00e9","Hiver","Itin\u00e9raires Cyclables","Orelle","Randonn\u00e9es"],"inLanguage":"fr","potentialAction":[{"@type":"CommentAction","name":"Comment","target":["https:\/\/www.alpvisionresidences.com\/blog\/fr\/vallee-la-maurienne\/#respond"]}]},{"@type":"WebPage","@id":"https:\/\/www.alpvisionresidences.com\/blog\/fr\/vallee-la-maurienne\/","url":"https:\/\/www.alpvisionresidences.com\/blog\/fr\/vallee-la-maurienne\/","name":"La vall\u00e9e de la Maurienne - Get Inspired","isPartOf":{"@id":"https:\/\/www.alpvisionresidences.com\/blog\/fr\/#website"},"primaryImageOfPage":{"@id":"https:\/\/www.alpvisionresidences.com\/blog\/fr\/vallee-la-maurienne\/#primaryimage"},"image":{"@id":"https:\/\/www.alpvisionresidences.com\/blog\/fr\/vallee-la-maurienne\/#primaryimage"},"thumbnailUrl":"https:\/\/www.alpvisionresidences.com\/blog\/wp-content\/uploads\/2024\/03\/maurienne-valley-french-alps.jpg","datePublished":"2024-03-22T12:36:34+00:00","dateModified":"2025-02-20T09:46:39+00:00","description":"Explorez la Vall\u00e9e de la Maurienne. D\u00e9couvrez des paysages de r\u00eave et des aventures inoubliables. En savoir plus ici.","breadcrumb":{"@id":"https:\/\/www.alpvisionresidences.com\/blog\/fr\/vallee-la-maurienne\/#breadcrumb"},"inLanguage":"fr","potentialAction":[{"@type":"ReadAction","target":["https:\/\/www.alpvisionresidences.com\/blog\/fr\/vallee-la-maurienne\/"]}]},{"@type":"ImageObject","inLanguage":"fr","@id":"https:\/\/www.alpvisionresidences.com\/blog\/fr\/vallee-la-maurienne\/#primaryimage","url":"https:\/\/www.alpvisionresidences.com\/blog\/wp-content\/uploads\/2024\/03\/maurienne-valley-french-alps.jpg","contentUrl":"https:\/\/www.alpvisionresidences.com\/blog\/wp-content\/uploads\/2024\/03\/maurienne-valley-french-alps.jpg","width":2190,"height":683,"caption":"maurienne-valley-french-alps"},{"@type":"BreadcrumbList","@id":"https:\/\/www.alpvisionresidences.com\/blog\/fr\/vallee-la-maurienne\/#breadcrumb","itemListElement":[{"@type":"ListItem","position":1,"name":"Home","item":"https:\/\/www.alpvisionresidences.com\/blog\/fr\/"},{"@type":"ListItem","position":2,"name":"La vall\u00e9e de la Maurienne : le guide ultime pour votre escapade alpine"}]},{"@type":"WebSite","@id":"https:\/\/www.alpvisionresidences.com\/blog\/fr\/#website","url":"https:\/\/www.alpvisionresidences.com\/blog\/fr\/","name":"alpvisionresidences.com","description":"Alpvision r\u00e9sidences","publisher":{"@id":"https:\/\/www.alpvisionresidences.com\/blog\/fr\/#organization"},"potentialAction":[{"@type":"SearchAction","target":{"@type":"EntryPoint","urlTemplate":"https:\/\/www.alpvisionresidences.com\/blog\/fr\/?s={search_term_string}"},"query-input":{"@type":"PropertyValueSpecification","valueRequired":true,"valueName":"search_term_string"}}],"inLanguage":"fr"},{"@type":"Organization","@id":"https:\/\/www.alpvisionresidences.com\/blog\/fr\/#organization","name":"Alpvision Residences","url":"https:\/\/www.alpvisionresidences.com\/blog\/fr\/","logo":{"@type":"ImageObject","inLanguage":"fr","@id":"https:\/\/www.alpvisionresidences.com\/blog\/fr\/#\/schema\/logo\/image\/","url":"https:\/\/www.alpvisionresidences.com\/blog\/wp-content\/uploads\/2022\/01\/alpvision_icone1_bleu_negatif-Redimensionne-pour-profil.png","contentUrl":"https:\/\/www.alpvisionresidences.com\/blog\/wp-content\/uploads\/2022\/01\/alpvision_icone1_bleu_negatif-Redimensionne-pour-profil.png","width":522,"height":478,"caption":"Alpvision Residences"},"image":{"@id":"https:\/\/www.alpvisionresidences.com\/blog\/fr\/#\/schema\/logo\/image\/"},"sameAs":["https:\/\/www.facebook.com\/AlpvisionResidences\/","https:\/\/www.instagram.com\/alpvisionresidences\/"]},{"@type":"Person","@id":"https:\/\/www.alpvisionresidences.com\/blog\/fr\/#\/schema\/person\/6e9d17dd9b9dc7fb1f883ab503416e85","name":"digitalservices","image":{"@type":"ImageObject","inLanguage":"fr","@id":"https:\/\/secure.gravatar.com\/avatar\/af30f88a1904294c1f3eb09a9d7903eec4ffa18fa2cf40c28a8681014ecdfc20?s=96&d=mm&r=g","url":"https:\/\/secure.gravatar.com\/avatar\/af30f88a1904294c1f3eb09a9d7903eec4ffa18fa2cf40c28a8681014ecdfc20?s=96&d=mm&r=g","contentUrl":"https:\/\/secure.gravatar.com\/avatar\/af30f88a1904294c1f3eb09a9d7903eec4ffa18fa2cf40c28a8681014ecdfc20?s=96&d=mm&r=g","caption":"digitalservices"},"url":"https:\/\/www.alpvisionresidences.com\/blog\/fr\/author\/digitalservices\/"}]}},"_links":{"self":[{"href":"https:\/\/www.alpvisionresidences.com\/blog\/fr\/wp-json\/wp\/v2\/posts\/8536","targetHints":{"allow":["GET"]}}],"collection":[{"href":"https:\/\/www.alpvisionresidences.com\/blog\/fr\/wp-json\/wp\/v2\/posts"}],"about":[{"href":"https:\/\/www.alpvisionresidences.com\/blog\/fr\/wp-json\/wp\/v2\/types\/post"}],"author":[{"embeddable":true,"href":"https:\/\/www.alpvisionresidences.com\/blog\/fr\/wp-json\/wp\/v2\/users\/3"}],"replies":[{"embeddable":true,"href":"https:\/\/www.alpvisionresidences.com\/blog\/fr\/wp-json\/wp\/v2\/comments?post=8536"}],"version-history":[{"count":10,"href":"https:\/\/www.alpvisionresidences.com\/blog\/fr\/wp-json\/wp\/v2\/posts\/8536\/revisions"}],"predecessor-version":[{"id":13458,"href":"https:\/\/www.alpvisionresidences.com\/blog\/fr\/wp-json\/wp\/v2\/posts\/8536\/revisions\/13458"}],"wp:featuredmedia":[{"embeddable":true,"href":"https:\/\/www.alpvisionresidences.com\/blog\/fr\/wp-json\/wp\/v2\/media\/8512"}],"wp:attachment":[{"href":"https:\/\/www.alpvisionresidences.com\/blog\/fr\/wp-json\/wp\/v2\/media?parent=8536"}],"wp:term":[{"taxonomy":"category","embeddable":true,"href":"https:\/\/www.alpvisionresidences.com\/blog\/fr\/wp-json\/wp\/v2\/categories?post=8536"},{"taxonomy":"post_tag","embeddable":true,"href":"https:\/\/www.alpvisionresidences.com\/blog\/fr\/wp-json\/wp\/v2\/tags?post=8536"}],"curies":[{"name":"wp","href":"https:\/\/api.w.org\/{rel}","templated":true}]}}