{"id":883,"date":"2021-06-21T12:20:17","date_gmt":"2021-06-21T12:20:17","guid":{"rendered":"https:\/\/www.alpvisionresidences.com\/blog\/?p=883"},"modified":"2021-09-27T12:49:05","modified_gmt":"2021-09-27T12:49:05","slug":"cols-suisses-sans-voitures-pour-les-fans-de-velos","status":"publish","type":"post","link":"https:\/\/www.alpvisionresidences.com\/blog\/fr\/cols-suisses-sans-voitures-pour-les-fans-de-velos\/","title":{"rendered":"Cols suisses sans voitures pour les fans de v\u00e9los"},"content":{"rendered":"<h1 style=\"text-align: center;\"><span style=\"color: #0c76aa;\"><strong>En selle !<\/strong><\/span><\/h1>\n<h2 style=\"text-align: center;\">Des journ\u00e9es rien que pour les cyclistes cet \u00e9t\u00e9 2021<\/h2>\n\n\n<figure class=\"wp-block-image size-large\"><img fetchpriority=\"high\" decoding=\"async\" width=\"772\" height=\"437\" src=\"https:\/\/www.alpvisionresidences.com\/blog\/wp-content\/uploads\/2021\/06\/cycling-1938927_1920.jpg\" alt=\"\" class=\"wp-image-886\" srcset=\"https:\/\/www.alpvisionresidences.com\/blog\/wp-content\/uploads\/2021\/06\/cycling-1938927_1920.jpg 772w, https:\/\/www.alpvisionresidences.com\/blog\/wp-content\/uploads\/2021\/06\/cycling-1938927_1920-768x435.jpg 768w\" sizes=\"(max-width: 772px) 100vw, 772px\" \/><\/figure>\n\n\n\n<pre class=\"wp-block-preformatted\"><\/pre>\n\n\n\n<p align=\"align\">Sillonner les cols Suisses \u00e0 v\u00e9lo sans \u00eatre d\u00e9rang\u00e9s par les voitures ou les motos ? C&#8217;est le r\u00eave de tous cyclistes. Cet \u00e9t\u00e9, profitez d&#8217;une route parfaitement d\u00e9gag\u00e9e pour rouler dans les meilleures conditions et en toute s\u00e9curit\u00e9. Un s\u00e9jour en suisse garanti en \u00e9motions ! <\/p>\n\n\n<h3 style=\"text-align: center;\">Place \u00e0 la mobilit\u00e9 douce pour quelques week-ends&nbsp;<\/h3>\n\n\n<p align=\"align\"> En collaboration avec le Services de la mobilit\u00e9 et Valais\/Wallis Promotion, la F\u00e9d\u00e9ration cycliste valaisanne et R&amp;D Cycling ont d\u00e9velopp\u00e9 un concept f\u00e9d\u00e9rateur pour cet \u00e9t\u00e9 et les cyclistes pourront se mesurer \u00e0 plusieurs grands cols valaisans sur route ferm\u00e9e.\n\nR\u00e9servez votre logement et pr\u00e9parez vous \u00e0 vivre une exp\u00e9rience m\u00e9morable en famille ou entre amis !  <\/p>\n\n\n\n<pre class=\"wp-block-preformatted\"><\/pre>\n\n\n<h4 style=\"text-align: center;\"><a href=\"https:\/\/www.valais.ch\/fr\/touren\/velo\/itineraires\/col-du-sanetsch-cols-mythiques\">Sanetsch<\/a> &#8211; Vendredi 25 juin 2021&nbsp;<\/h4>\n\n\n<figure class=\"wp-block-image size-large\"><img decoding=\"async\" width=\"772\" height=\"437\" src=\"https:\/\/www.alpvisionresidences.com\/blog\/wp-content\/uploads\/2021\/06\/HR-Crans-Montana-05560-1024x682-1.jpg\" alt=\"\" class=\"wp-image-897\" srcset=\"https:\/\/www.alpvisionresidences.com\/blog\/wp-content\/uploads\/2021\/06\/HR-Crans-Montana-05560-1024x682-1.jpg 772w, https:\/\/www.alpvisionresidences.com\/blog\/wp-content\/uploads\/2021\/06\/HR-Crans-Montana-05560-1024x682-1-768x435.jpg 768w\" sizes=\"(max-width: 772px) 100vw, 772px\" \/><\/figure>\n\n\n<h4 style=\"text-align: center;\"><span style=\"color: #9dd0ed;\">D\u00e9part<\/span><\/h4>\n\n\n<p align=\"center\"> Conthey <\/p>\n\n\n<h4 style=\"text-align: center;\"><span style=\"color: #9dd0ed;\">Parcours<\/span><\/h4>\n\n\n<p align=\"center\"> 27 km  de 9:00 \u00e0 15:00 <\/p>\n\n\n<h4 style=\"text-align: center;\"><span style=\"color: #9dd0ed;\">Arriv\u00e9e&nbsp;<\/span><\/h4>\n\n\n<p align=\"center\"> Col de Sanetsch (2252m d&#8217;altitude) <\/p>\n\n\n<p style=\"text-align: center;\">Pour plus d&#8217;informations : cliquez<a href=\"http:\/\/\n\n\n\n<p>Pour plus d&#8217;informations c&#8217;est par <a href=&quot;https:\/\/www.ochsnersport.ch\/fr\/shop\/cp\/events\/Ride%20the%20Alps\/ridethealps-senin.html&quot;>ici<\/a>&nbsp;<\/p>\n<p>&#8221; data-wplink-url-error=&#8221;true&#8221; data-wplink-edit=&#8221;true&#8221;>&nbsp;ici<\/a>.<\/p>\n\n\n<hr class=\"wp-block-separator\"\/>\n\n\n<h4 style=\"text-align: center;\"><strong><a href=\"https:\/\/www.valais.ch\/fr\/touren\/velo\/itineraires\/nufenen-cols-mythiques\">Nufenen<\/a> &#8211; Dimanche 12 septembre 2021<\/strong><\/h4>\n\n\n<figure class=\"wp-block-image size-large\"><img decoding=\"async\" width=\"772\" height=\"437\" src=\"https:\/\/www.alpvisionresidences.com\/blog\/wp-content\/uploads\/2021\/06\/Andermatt_200613-01400.jpg\" alt=\"\" class=\"wp-image-912\" srcset=\"https:\/\/www.alpvisionresidences.com\/blog\/wp-content\/uploads\/2021\/06\/Andermatt_200613-01400.jpg 772w, https:\/\/www.alpvisionresidences.com\/blog\/wp-content\/uploads\/2021\/06\/Andermatt_200613-01400-768x435.jpg 768w\" sizes=\"(max-width: 772px) 100vw, 772px\" \/><\/figure>\n\n\n<h4 style=\"text-align: center;\"><span style=\"color: #9dd0ed;\">D\u00e9part<\/span><\/h4>\n\n\n<p align=\"center\"> Ulrichen (Flugplatz) et Cioss Prato (Tessin) <\/p>\n\n\n<h4 style=\"text-align: center;\"><span style=\"color: #9dd0ed;\">Parcours<\/span><\/h4>\n\n\n<p align=\"center\"> 26km  de 10h00 \u00e0 15h00 <\/p>\n\n\n<h4 style=\"text-align: center;\"><span style=\"color: #9dd0ed;\">Arriv\u00e9e<\/span><\/h4>\n\n\n<p align=\"center\"> Col du Nufenen (2479m) <\/p>\n\n\n<p style=\"text-align: center;\">Pour plus d&#8217;informations : cliquez<a href=\"https:\/\/www.ochsnersport.ch\/fr\/shop\/cp\/events\/Ride%20the%20Alps\/ridethealps-nufenen.html\">&nbsp;ici<\/a>.<\/p>\n<h3 style=\"text-align: center;\"><span style=\"color: #0c76aa;\"><a style=\"color: #0c76aa;\" href=\"https:\/\/www.alpvisionresidences.com\/fr\/location\/locations-suisse-p20\/vue-liste\/\">Je r\u00e9serve mon logement !<\/a><\/span><\/h3>\n\n\n<iframe src=\"https:\/\/www.facebook.com\/plugins\/like.php?href=https%3A%2F%2Fwww.facebook.com%2FAlpvisionResidences&amp;width=450&amp;layout=standard&amp;action=like&amp;size=large&amp;share=true&amp;height=35&amp;appId\" width=\"450\" height=\"35\" style=\"border:none;overflow:hidden\" scrolling=\"no\" frameborder=\"0\" allowfullscreen=\"true\" allow=\"autoplay; clipboard-write; encrypted-media; picture-in-picture; web-share\"><\/iframe>\n\n\n\n<iframe src=\"https:\/\/www.facebook.com\/plugins\/page.php?href=https%3A%2F%2Fwww.facebook.com%2FAlpvisionResidences%2F&#038;tabs&#038;width=340&#038;height=130&#038;small_header=false&#038;adapt_container_width=true&#038;hide_cover=false&#038;show_facepile=true&#038;appId\" width=\"340\" height=\"130\" style=\"border:none;overflow:hidden\" scrolling=\"no\" frameborder=\"0\" allowfullscreen=\"true\" allow=\"autoplay; clipboard-write; encrypted-media; picture-in-picture; web-share\"><\/iframe>\n","protected":false},"excerpt":{"rendered":"<p>En selle ! Des journ\u00e9es rien que pour les cyclistes cet \u00e9t\u00e9 2021 Sillonner les cols Suisses \u00e0 v\u00e9lo sans&#8230;<\/p>\n","protected":false},"author":2,"featured_media":0,"comment_status":"open","ping_status":"open","sticky":false,"template":"","format":"standard","meta":{"footnotes":""},"categories":[31],"tags":[],"class_list":["post-883","post","type-post","status-publish","format-standard","hentry","category-activities-in-switzerland"],"yoast_head":"<!-- This site is optimized with the Yoast SEO plugin v27.4 - https:\/\/yoast.com\/product\/yoast-seo-wordpress\/ -->\n<title>Cols suisses sans voitures pour les fans de v\u00e9los - Get Inspired<\/title>\n<meta name=\"robots\" content=\"index, follow, max-snippet:-1, max-image-preview:large, max-video-preview:-1\" \/>\n<link rel=\"canonical\" href=\"https:\/\/www.alpvisionresidences.com\/blog\/fr\/cols-suisses-sans-voitures-pour-les-fans-de-velos\/\" \/>\n<meta property=\"og:locale\" content=\"fr_FR\" \/>\n<meta property=\"og:type\" content=\"article\" \/>\n<meta property=\"og:title\" content=\"Cols suisses sans voitures pour les fans de v\u00e9los - Get Inspired\" \/>\n<meta property=\"og:description\" content=\"En selle ! Des journ\u00e9es rien que pour les cyclistes cet \u00e9t\u00e9 2021 Sillonner les cols Suisses \u00e0 v\u00e9lo sans...\" \/>\n<meta property=\"og:url\" content=\"https:\/\/www.alpvisionresidences.com\/blog\/fr\/cols-suisses-sans-voitures-pour-les-fans-de-velos\/\" \/>\n<meta property=\"og:site_name\" content=\"Get Inspired\" \/>\n<meta property=\"article:publisher\" content=\"https:\/\/www.facebook.com\/AlpvisionResidences\/\" \/>\n<meta property=\"article:published_time\" content=\"2021-06-21T12:20:17+00:00\" \/>\n<meta property=\"article:modified_time\" content=\"2021-09-27T12:49:05+00:00\" \/>\n<meta property=\"og:image\" content=\"https:\/\/www.alpvisionresidences.com\/blog\/wp-content\/uploads\/2021\/06\/cycling-1938927_1920.jpg\" \/>\n<meta name=\"author\" content=\"alpvision\" \/>\n<meta name=\"twitter:card\" content=\"summary_large_image\" \/>\n<meta name=\"twitter:label1\" content=\"Written by\" \/>\n\t<meta name=\"twitter:data1\" content=\"alpvision\" \/>\n\t<meta name=\"twitter:label2\" content=\"Est. reading time\" \/>\n\t<meta name=\"twitter:data2\" content=\"1 minute\" \/>\n<script type=\"application\/ld+json\" class=\"yoast-schema-graph\">{\"@context\":\"https:\\\/\\\/schema.org\",\"@graph\":[{\"@type\":\"Article\",\"@id\":\"https:\\\/\\\/www.alpvisionresidences.com\\\/blog\\\/fr\\\/cols-suisses-sans-voitures-pour-les-fans-de-velos\\\/#article\",\"isPartOf\":{\"@id\":\"https:\\\/\\\/www.alpvisionresidences.com\\\/blog\\\/fr\\\/cols-suisses-sans-voitures-pour-les-fans-de-velos\\\/\"},\"author\":{\"name\":\"alpvision\",\"@id\":\"https:\\\/\\\/www.alpvisionresidences.com\\\/blog\\\/fr\\\/#\\\/schema\\\/person\\\/51ca1eab7ba27fa67ef90f1171928537\"},\"headline\":\"Cols suisses sans voitures pour les fans de v\u00e9los\",\"datePublished\":\"2021-06-21T12:20:17+00:00\",\"dateModified\":\"2021-09-27T12:49:05+00:00\",\"mainEntityOfPage\":{\"@id\":\"https:\\\/\\\/www.alpvisionresidences.com\\\/blog\\\/fr\\\/cols-suisses-sans-voitures-pour-les-fans-de-velos\\\/\"},\"wordCount\":213,\"commentCount\":0,\"publisher\":{\"@id\":\"https:\\\/\\\/www.alpvisionresidences.com\\\/blog\\\/fr\\\/#organization\"},\"image\":{\"@id\":\"https:\\\/\\\/www.alpvisionresidences.com\\\/blog\\\/fr\\\/cols-suisses-sans-voitures-pour-les-fans-de-velos\\\/#primaryimage\"},\"thumbnailUrl\":\"https:\\\/\\\/www.alpvisionresidences.com\\\/blog\\\/wp-content\\\/uploads\\\/2021\\\/06\\\/cycling-1938927_1920.jpg\",\"articleSection\":[\"Activities in Switzerland\"],\"inLanguage\":\"fr\",\"potentialAction\":[{\"@type\":\"CommentAction\",\"name\":\"Comment\",\"target\":[\"https:\\\/\\\/www.alpvisionresidences.com\\\/blog\\\/fr\\\/cols-suisses-sans-voitures-pour-les-fans-de-velos\\\/#respond\"]}]},{\"@type\":\"WebPage\",\"@id\":\"https:\\\/\\\/www.alpvisionresidences.com\\\/blog\\\/fr\\\/cols-suisses-sans-voitures-pour-les-fans-de-velos\\\/\",\"url\":\"https:\\\/\\\/www.alpvisionresidences.com\\\/blog\\\/fr\\\/cols-suisses-sans-voitures-pour-les-fans-de-velos\\\/\",\"name\":\"Cols suisses sans voitures pour les fans de v\u00e9los - Get Inspired\",\"isPartOf\":{\"@id\":\"https:\\\/\\\/www.alpvisionresidences.com\\\/blog\\\/fr\\\/#website\"},\"primaryImageOfPage\":{\"@id\":\"https:\\\/\\\/www.alpvisionresidences.com\\\/blog\\\/fr\\\/cols-suisses-sans-voitures-pour-les-fans-de-velos\\\/#primaryimage\"},\"image\":{\"@id\":\"https:\\\/\\\/www.alpvisionresidences.com\\\/blog\\\/fr\\\/cols-suisses-sans-voitures-pour-les-fans-de-velos\\\/#primaryimage\"},\"thumbnailUrl\":\"https:\\\/\\\/www.alpvisionresidences.com\\\/blog\\\/wp-content\\\/uploads\\\/2021\\\/06\\\/cycling-1938927_1920.jpg\",\"datePublished\":\"2021-06-21T12:20:17+00:00\",\"dateModified\":\"2021-09-27T12:49:05+00:00\",\"breadcrumb\":{\"@id\":\"https:\\\/\\\/www.alpvisionresidences.com\\\/blog\\\/fr\\\/cols-suisses-sans-voitures-pour-les-fans-de-velos\\\/#breadcrumb\"},\"inLanguage\":\"fr\",\"potentialAction\":[{\"@type\":\"ReadAction\",\"target\":[\"https:\\\/\\\/www.alpvisionresidences.com\\\/blog\\\/fr\\\/cols-suisses-sans-voitures-pour-les-fans-de-velos\\\/\"]}]},{\"@type\":\"ImageObject\",\"inLanguage\":\"fr\",\"@id\":\"https:\\\/\\\/www.alpvisionresidences.com\\\/blog\\\/fr\\\/cols-suisses-sans-voitures-pour-les-fans-de-velos\\\/#primaryimage\",\"url\":\"https:\\\/\\\/www.alpvisionresidences.com\\\/blog\\\/wp-content\\\/uploads\\\/2021\\\/06\\\/cycling-1938927_1920.jpg\",\"contentUrl\":\"https:\\\/\\\/www.alpvisionresidences.com\\\/blog\\\/wp-content\\\/uploads\\\/2021\\\/06\\\/cycling-1938927_1920.jpg\"},{\"@type\":\"BreadcrumbList\",\"@id\":\"https:\\\/\\\/www.alpvisionresidences.com\\\/blog\\\/fr\\\/cols-suisses-sans-voitures-pour-les-fans-de-velos\\\/#breadcrumb\",\"itemListElement\":[{\"@type\":\"ListItem\",\"position\":1,\"name\":\"Home\",\"item\":\"https:\\\/\\\/www.alpvisionresidences.com\\\/blog\\\/fr\\\/\"},{\"@type\":\"ListItem\",\"position\":2,\"name\":\"Cols suisses sans voitures pour les fans de v\u00e9los\"}]},{\"@type\":\"WebSite\",\"@id\":\"https:\\\/\\\/www.alpvisionresidences.com\\\/blog\\\/fr\\\/#website\",\"url\":\"https:\\\/\\\/www.alpvisionresidences.com\\\/blog\\\/fr\\\/\",\"name\":\"alpvisionresidences.com\",\"description\":\"Alpvision r\u00e9sidences\",\"publisher\":{\"@id\":\"https:\\\/\\\/www.alpvisionresidences.com\\\/blog\\\/fr\\\/#organization\"},\"potentialAction\":[{\"@type\":\"SearchAction\",\"target\":{\"@type\":\"EntryPoint\",\"urlTemplate\":\"https:\\\/\\\/www.alpvisionresidences.com\\\/blog\\\/fr\\\/?s={search_term_string}\"},\"query-input\":{\"@type\":\"PropertyValueSpecification\",\"valueRequired\":true,\"valueName\":\"search_term_string\"}}],\"inLanguage\":\"fr\"},{\"@type\":\"Organization\",\"@id\":\"https:\\\/\\\/www.alpvisionresidences.com\\\/blog\\\/fr\\\/#organization\",\"name\":\"Alpvision Residences\",\"url\":\"https:\\\/\\\/www.alpvisionresidences.com\\\/blog\\\/fr\\\/\",\"logo\":{\"@type\":\"ImageObject\",\"inLanguage\":\"fr\",\"@id\":\"https:\\\/\\\/www.alpvisionresidences.com\\\/blog\\\/fr\\\/#\\\/schema\\\/logo\\\/image\\\/\",\"url\":\"https:\\\/\\\/www.alpvisionresidences.com\\\/blog\\\/wp-content\\\/uploads\\\/2022\\\/01\\\/alpvision_icone1_bleu_negatif-Redimensionne-pour-profil.png\",\"contentUrl\":\"https:\\\/\\\/www.alpvisionresidences.com\\\/blog\\\/wp-content\\\/uploads\\\/2022\\\/01\\\/alpvision_icone1_bleu_negatif-Redimensionne-pour-profil.png\",\"width\":522,\"height\":478,\"caption\":\"Alpvision Residences\"},\"image\":{\"@id\":\"https:\\\/\\\/www.alpvisionresidences.com\\\/blog\\\/fr\\\/#\\\/schema\\\/logo\\\/image\\\/\"},\"sameAs\":[\"https:\\\/\\\/www.facebook.com\\\/AlpvisionResidences\\\/\",\"https:\\\/\\\/www.instagram.com\\\/alpvisionresidences\\\/\"]},{\"@type\":\"Person\",\"@id\":\"https:\\\/\\\/www.alpvisionresidences.com\\\/blog\\\/fr\\\/#\\\/schema\\\/person\\\/51ca1eab7ba27fa67ef90f1171928537\",\"name\":\"alpvision\",\"image\":{\"@type\":\"ImageObject\",\"inLanguage\":\"fr\",\"@id\":\"https:\\\/\\\/secure.gravatar.com\\\/avatar\\\/12aed967b3ee801371482470bdc1042c671499c3614a04f8a6980d7e3bbc65d0?s=96&d=mm&r=g\",\"url\":\"https:\\\/\\\/secure.gravatar.com\\\/avatar\\\/12aed967b3ee801371482470bdc1042c671499c3614a04f8a6980d7e3bbc65d0?s=96&d=mm&r=g\",\"contentUrl\":\"https:\\\/\\\/secure.gravatar.com\\\/avatar\\\/12aed967b3ee801371482470bdc1042c671499c3614a04f8a6980d7e3bbc65d0?s=96&d=mm&r=g\",\"caption\":\"alpvision\"},\"url\":\"https:\\\/\\\/www.alpvisionresidences.com\\\/blog\\\/fr\\\/author\\\/alpvision\\\/\"}]}<\/script>\n<!-- \/ Yoast SEO plugin. -->","yoast_head_json":{"title":"Cols suisses sans voitures pour les fans de v\u00e9los - Get Inspired","robots":{"index":"index","follow":"follow","max-snippet":"max-snippet:-1","max-image-preview":"max-image-preview:large","max-video-preview":"max-video-preview:-1"},"canonical":"https:\/\/www.alpvisionresidences.com\/blog\/fr\/cols-suisses-sans-voitures-pour-les-fans-de-velos\/","og_locale":"fr_FR","og_type":"article","og_title":"Cols suisses sans voitures pour les fans de v\u00e9los - Get Inspired","og_description":"En selle ! Des journ\u00e9es rien que pour les cyclistes cet \u00e9t\u00e9 2021 Sillonner les cols Suisses \u00e0 v\u00e9lo sans...","og_url":"https:\/\/www.alpvisionresidences.com\/blog\/fr\/cols-suisses-sans-voitures-pour-les-fans-de-velos\/","og_site_name":"Get Inspired","article_publisher":"https:\/\/www.facebook.com\/AlpvisionResidences\/","article_published_time":"2021-06-21T12:20:17+00:00","article_modified_time":"2021-09-27T12:49:05+00:00","og_image":[{"url":"https:\/\/www.alpvisionresidences.com\/blog\/wp-content\/uploads\/2021\/06\/cycling-1938927_1920.jpg","type":"","width":"","height":""}],"author":"alpvision","twitter_card":"summary_large_image","twitter_misc":{"Written by":"alpvision","Est. reading time":"1 minute"},"schema":{"@context":"https:\/\/schema.org","@graph":[{"@type":"Article","@id":"https:\/\/www.alpvisionresidences.com\/blog\/fr\/cols-suisses-sans-voitures-pour-les-fans-de-velos\/#article","isPartOf":{"@id":"https:\/\/www.alpvisionresidences.com\/blog\/fr\/cols-suisses-sans-voitures-pour-les-fans-de-velos\/"},"author":{"name":"alpvision","@id":"https:\/\/www.alpvisionresidences.com\/blog\/fr\/#\/schema\/person\/51ca1eab7ba27fa67ef90f1171928537"},"headline":"Cols suisses sans voitures pour les fans de v\u00e9los","datePublished":"2021-06-21T12:20:17+00:00","dateModified":"2021-09-27T12:49:05+00:00","mainEntityOfPage":{"@id":"https:\/\/www.alpvisionresidences.com\/blog\/fr\/cols-suisses-sans-voitures-pour-les-fans-de-velos\/"},"wordCount":213,"commentCount":0,"publisher":{"@id":"https:\/\/www.alpvisionresidences.com\/blog\/fr\/#organization"},"image":{"@id":"https:\/\/www.alpvisionresidences.com\/blog\/fr\/cols-suisses-sans-voitures-pour-les-fans-de-velos\/#primaryimage"},"thumbnailUrl":"https:\/\/www.alpvisionresidences.com\/blog\/wp-content\/uploads\/2021\/06\/cycling-1938927_1920.jpg","articleSection":["Activities in Switzerland"],"inLanguage":"fr","potentialAction":[{"@type":"CommentAction","name":"Comment","target":["https:\/\/www.alpvisionresidences.com\/blog\/fr\/cols-suisses-sans-voitures-pour-les-fans-de-velos\/#respond"]}]},{"@type":"WebPage","@id":"https:\/\/www.alpvisionresidences.com\/blog\/fr\/cols-suisses-sans-voitures-pour-les-fans-de-velos\/","url":"https:\/\/www.alpvisionresidences.com\/blog\/fr\/cols-suisses-sans-voitures-pour-les-fans-de-velos\/","name":"Cols suisses sans voitures pour les fans de v\u00e9los - Get Inspired","isPartOf":{"@id":"https:\/\/www.alpvisionresidences.com\/blog\/fr\/#website"},"primaryImageOfPage":{"@id":"https:\/\/www.alpvisionresidences.com\/blog\/fr\/cols-suisses-sans-voitures-pour-les-fans-de-velos\/#primaryimage"},"image":{"@id":"https:\/\/www.alpvisionresidences.com\/blog\/fr\/cols-suisses-sans-voitures-pour-les-fans-de-velos\/#primaryimage"},"thumbnailUrl":"https:\/\/www.alpvisionresidences.com\/blog\/wp-content\/uploads\/2021\/06\/cycling-1938927_1920.jpg","datePublished":"2021-06-21T12:20:17+00:00","dateModified":"2021-09-27T12:49:05+00:00","breadcrumb":{"@id":"https:\/\/www.alpvisionresidences.com\/blog\/fr\/cols-suisses-sans-voitures-pour-les-fans-de-velos\/#breadcrumb"},"inLanguage":"fr","potentialAction":[{"@type":"ReadAction","target":["https:\/\/www.alpvisionresidences.com\/blog\/fr\/cols-suisses-sans-voitures-pour-les-fans-de-velos\/"]}]},{"@type":"ImageObject","inLanguage":"fr","@id":"https:\/\/www.alpvisionresidences.com\/blog\/fr\/cols-suisses-sans-voitures-pour-les-fans-de-velos\/#primaryimage","url":"https:\/\/www.alpvisionresidences.com\/blog\/wp-content\/uploads\/2021\/06\/cycling-1938927_1920.jpg","contentUrl":"https:\/\/www.alpvisionresidences.com\/blog\/wp-content\/uploads\/2021\/06\/cycling-1938927_1920.jpg"},{"@type":"BreadcrumbList","@id":"https:\/\/www.alpvisionresidences.com\/blog\/fr\/cols-suisses-sans-voitures-pour-les-fans-de-velos\/#breadcrumb","itemListElement":[{"@type":"ListItem","position":1,"name":"Home","item":"https:\/\/www.alpvisionresidences.com\/blog\/fr\/"},{"@type":"ListItem","position":2,"name":"Cols suisses sans voitures pour les fans de v\u00e9los"}]},{"@type":"WebSite","@id":"https:\/\/www.alpvisionresidences.com\/blog\/fr\/#website","url":"https:\/\/www.alpvisionresidences.com\/blog\/fr\/","name":"alpvisionresidences.com","description":"Alpvision r\u00e9sidences","publisher":{"@id":"https:\/\/www.alpvisionresidences.com\/blog\/fr\/#organization"},"potentialAction":[{"@type":"SearchAction","target":{"@type":"EntryPoint","urlTemplate":"https:\/\/www.alpvisionresidences.com\/blog\/fr\/?s={search_term_string}"},"query-input":{"@type":"PropertyValueSpecification","valueRequired":true,"valueName":"search_term_string"}}],"inLanguage":"fr"},{"@type":"Organization","@id":"https:\/\/www.alpvisionresidences.com\/blog\/fr\/#organization","name":"Alpvision Residences","url":"https:\/\/www.alpvisionresidences.com\/blog\/fr\/","logo":{"@type":"ImageObject","inLanguage":"fr","@id":"https:\/\/www.alpvisionresidences.com\/blog\/fr\/#\/schema\/logo\/image\/","url":"https:\/\/www.alpvisionresidences.com\/blog\/wp-content\/uploads\/2022\/01\/alpvision_icone1_bleu_negatif-Redimensionne-pour-profil.png","contentUrl":"https:\/\/www.alpvisionresidences.com\/blog\/wp-content\/uploads\/2022\/01\/alpvision_icone1_bleu_negatif-Redimensionne-pour-profil.png","width":522,"height":478,"caption":"Alpvision Residences"},"image":{"@id":"https:\/\/www.alpvisionresidences.com\/blog\/fr\/#\/schema\/logo\/image\/"},"sameAs":["https:\/\/www.facebook.com\/AlpvisionResidences\/","https:\/\/www.instagram.com\/alpvisionresidences\/"]},{"@type":"Person","@id":"https:\/\/www.alpvisionresidences.com\/blog\/fr\/#\/schema\/person\/51ca1eab7ba27fa67ef90f1171928537","name":"alpvision","image":{"@type":"ImageObject","inLanguage":"fr","@id":"https:\/\/secure.gravatar.com\/avatar\/12aed967b3ee801371482470bdc1042c671499c3614a04f8a6980d7e3bbc65d0?s=96&d=mm&r=g","url":"https:\/\/secure.gravatar.com\/avatar\/12aed967b3ee801371482470bdc1042c671499c3614a04f8a6980d7e3bbc65d0?s=96&d=mm&r=g","contentUrl":"https:\/\/secure.gravatar.com\/avatar\/12aed967b3ee801371482470bdc1042c671499c3614a04f8a6980d7e3bbc65d0?s=96&d=mm&r=g","caption":"alpvision"},"url":"https:\/\/www.alpvisionresidences.com\/blog\/fr\/author\/alpvision\/"}]}},"_links":{"self":[{"href":"https:\/\/www.alpvisionresidences.com\/blog\/fr\/wp-json\/wp\/v2\/posts\/883","targetHints":{"allow":["GET"]}}],"collection":[{"href":"https:\/\/www.alpvisionresidences.com\/blog\/fr\/wp-json\/wp\/v2\/posts"}],"about":[{"href":"https:\/\/www.alpvisionresidences.com\/blog\/fr\/wp-json\/wp\/v2\/types\/post"}],"author":[{"embeddable":true,"href":"https:\/\/www.alpvisionresidences.com\/blog\/fr\/wp-json\/wp\/v2\/users\/2"}],"replies":[{"embeddable":true,"href":"https:\/\/www.alpvisionresidences.com\/blog\/fr\/wp-json\/wp\/v2\/comments?post=883"}],"version-history":[{"count":25,"href":"https:\/\/www.alpvisionresidences.com\/blog\/fr\/wp-json\/wp\/v2\/posts\/883\/revisions"}],"predecessor-version":[{"id":1168,"href":"https:\/\/www.alpvisionresidences.com\/blog\/fr\/wp-json\/wp\/v2\/posts\/883\/revisions\/1168"}],"wp:attachment":[{"href":"https:\/\/www.alpvisionresidences.com\/blog\/fr\/wp-json\/wp\/v2\/media?parent=883"}],"wp:term":[{"taxonomy":"category","embeddable":true,"href":"https:\/\/www.alpvisionresidences.com\/blog\/fr\/wp-json\/wp\/v2\/categories?post=883"},{"taxonomy":"post_tag","embeddable":true,"href":"https:\/\/www.alpvisionresidences.com\/blog\/fr\/wp-json\/wp\/v2\/tags?post=883"}],"curies":[{"name":"wp","href":"https:\/\/api.w.org\/{rel}","templated":true}]}}