{"id":14771,"date":"2025-06-23T11:27:10","date_gmt":"2025-06-23T11:27:10","guid":{"rendered":"https:\/\/www.alpvisionresidences.com\/blog\/?p=14771"},"modified":"2025-06-26T13:54:56","modified_gmt":"2025-06-26T13:54:56","slug":"chateau-de-sechilienne","status":"publish","type":"post","link":"https:\/\/www.alpvisionresidences.com\/blog\/chateau-de-sechilienne\/","title":{"rendered":"Visit the Ch\u00e2teau de S\u00e9chilienne"},"content":{"rendered":"\t\t<div data-elementor-type=\"wp-post\" data-elementor-id=\"14771\" class=\"elementor elementor-14771\" data-elementor-post-type=\"post\">\n\t\t\t\t<div class=\"elementor-element elementor-element-cf8dd55 e-flex e-con-boxed e-con e-parent\" data-id=\"cf8dd55\" data-element_type=\"container\" data-e-type=\"container\">\n\t\t\t\t\t<div class=\"e-con-inner\">\n\t\t\t\t<div class=\"elementor-element elementor-element-bd89d37 elementor-widget elementor-widget-text-editor\" data-id=\"bd89d37\" data-element_type=\"widget\" data-e-type=\"widget\" data-widget_type=\"text-editor.default\">\n\t\t\t\t<div class=\"elementor-widget-container\">\n\t\t\t\t\t\t\t\t\t<p><\/p>\n<p>Tucked away in the scenic Is\u00e8re region, near Grenoble, the <strong>Ch\u00e2teau de S\u00e9chilienne<\/strong> is a beautiful spot to visit. Along the hillside at the base of the Belledonne mountains, the castle is surrounded by forests and alpine views.\u00a0<\/p>\n<p> <\/p>\n<p>In this article, we\u2019ll explore the fascinating history of the<strong> Ch\u00e2teau de S\u00e9chilienne<\/strong>, how to get to <strong>S\u00e9chilienne Castle<\/strong>, what activities you can enjoy nearby, and helpful tips for making the most of your visit. Whether you&#8217;re a history lover, a hiker, or a photographer looking for a unique landscape, the <strong>Ch\u00e2teau de S\u00e9chilienne<\/strong> is a great hidden location.\u00a0<\/p>\n<p><\/p>\t\t\t\t\t\t\t\t<\/div>\n\t\t\t\t<\/div>\n\t\t\t\t\t<\/div>\n\t\t\t\t<\/div>\n\t\t\t\t<section class=\"elementor-section elementor-top-section elementor-element elementor-element-4ffe3c6e elementor-section-boxed elementor-section-height-default elementor-section-height-default\" data-id=\"4ffe3c6e\" data-element_type=\"section\" data-e-type=\"section\">\n\t\t\t\t\t\t<div class=\"elementor-container elementor-column-gap-default\">\n\t\t\t\t\t<div class=\"elementor-column elementor-col-100 elementor-top-column elementor-element elementor-element-3992f74a\" data-id=\"3992f74a\" data-element_type=\"column\" data-e-type=\"column\">\n\t\t\t<div class=\"elementor-widget-wrap elementor-element-populated\">\n\t\t\t\t\t\t<div class=\"elementor-element elementor-element-69091bb8 elementor-widget elementor-widget-table-of-contents\" data-id=\"69091bb8\" data-element_type=\"widget\" data-e-type=\"widget\" data-settings=\"{&quot;headings_by_tags&quot;:[&quot;h2&quot;],&quot;exclude_headings_by_selector&quot;:[],&quot;marker_view&quot;:&quot;bullets&quot;,&quot;icon&quot;:{&quot;value&quot;:&quot;&quot;,&quot;library&quot;:&quot;&quot;},&quot;no_headings_message&quot;:&quot;No headings were found on this page.&quot;,&quot;hierarchical_view&quot;:&quot;yes&quot;,&quot;min_height&quot;:{&quot;unit&quot;:&quot;px&quot;,&quot;size&quot;:&quot;&quot;,&quot;sizes&quot;:[]},&quot;min_height_tablet&quot;:{&quot;unit&quot;:&quot;px&quot;,&quot;size&quot;:&quot;&quot;,&quot;sizes&quot;:[]},&quot;min_height_mobile&quot;:{&quot;unit&quot;:&quot;px&quot;,&quot;size&quot;:&quot;&quot;,&quot;sizes&quot;:[]}}\" data-widget_type=\"table-of-contents.default\">\n\t\t\t\t<div class=\"elementor-widget-container\">\n\t\t\t\t\t\t\t\t\t<div class=\"elementor-toc__header\">\n\t\t\t\t\t\t<div class=\"elementor-toc__header-title\">\n\t\t\t\tTable of Content\t\t\t<\/div>\n\t\t\t\t\t\t\t\t<\/div>\n\t\t\t\t<div id=\"elementor-toc__69091bb8\" class=\"elementor-toc__body\">\n\t\t\t<div class=\"elementor-toc__spinner-container\">\n\t\t\t\t<i class=\"elementor-toc__spinner eicon-animation-spin eicon-loading\" aria-hidden=\"true\"><\/i>\t\t\t<\/div>\n\t\t<\/div>\n\t\t\t\t\t\t<\/div>\n\t\t\t\t<\/div>\n\t\t\t\t\t<\/div>\n\t\t<\/div>\n\t\t\t\t\t<\/div>\n\t\t<\/section>\n\t\t<div class=\"elementor-element elementor-element-684987ac e-flex e-con-boxed e-con e-parent\" data-id=\"684987ac\" data-element_type=\"container\" data-e-type=\"container\">\n\t\t\t\t\t<div class=\"e-con-inner\">\n\t\t\t\t<div class=\"elementor-element elementor-element-75d6315c elementor-widget elementor-widget-text-editor\" data-id=\"75d6315c\" data-element_type=\"widget\" data-e-type=\"widget\" data-widget_type=\"text-editor.default\">\n\t\t\t\t<div class=\"elementor-widget-container\">\n\t\t\t\t\t\t\t\t\t\n<p><\/p>\n\n\n\n<figure class=\"wp-block-image size-large\"><img fetchpriority=\"high\" decoding=\"async\" width=\"1360\" height=\"630\" src=\"https:\/\/www.alpvisionresidences.com\/blog\/wp-content\/uploads\/2025\/06\/castle-Sechilienne-1360x630.webp\" alt=\"castle S\u00e9chilienne\" class=\"wp-image-14784\"\/><\/figure>\n\n\n\n<h2 class=\"wp-block-heading\">The history of the Ch\u00e2teau de S\u00e9chilienne<\/h2>\n\n\n\n<p>The<strong> Ch\u00e2teau de S\u00e9chilienne<\/strong> has a rich and tumultuous history reflecting the times of southeastern France. The castle&#8217;s origins date back to the early 13th century when <strong>Aymar Alleman<\/strong>, a member of the influential <strong>Alleman family<\/strong>, acquired the lands of S\u00e9chilienne in 1226. This transaction was made through an exchange with <strong>Dauphin Andr\u00e9 of Bourgogne<\/strong>.&nbsp;<\/p>\n\n\n\n<p>The castle was originally built as a medieval fortress but has gone through some major changes over the centuries. In the 15th century, renovations and enhancements were made to include a new tower with a unique spiral staircase. This is one of the <strong>Ch\u00e2teau de S\u00e9chilienne<\/strong>&#8216;s main attractions today. In the 19th century, further modifications were added. However, during World War II, German forces set fire to the castle to prevent the French resistance fighters from using it as shelter. This left the ch\u00e2teau in ruins.&nbsp;<\/p>\n\n\n\n<h3 class=\"wp-block-heading\">Preservation<\/h3>\n\n\n\n<p>Recognising its historical significance in the region, the commune of S\u00e9chilienne acquired the ch\u00e2teau in 1949. Recently, efforts to restore the castle have begun. In 2019, students from <strong>Grenoble \u00c9cole de Management<\/strong> started a crowdfunding campaign, raising \u20ac20,000 to begin the restoration project.<\/p>\n\n\n\n<figure class=\"wp-block-image size-large\"><img decoding=\"async\" width=\"1360\" height=\"630\" src=\"https:\/\/www.alpvisionresidences.com\/blog\/wp-content\/uploads\/2025\/06\/Chateau-de-Sechilienne-1360x630.webp\" alt=\"\" class=\"wp-image-14772\"\/><\/figure>\n\n\n\n<p><\/p>\n\n\n\n<h2 class=\"wp-block-heading\">What to do near the Ch\u00e2teau de S\u00e9chilienne<\/h2>\n\n\n\n<p>The <strong>Ch\u00e2teau de S\u00e9chilienne<\/strong> itself is a must-see. The castle&#8217;s ruins set against the backdrop of the <strong>Belledonne mountains<\/strong> are a beautiful sight. Only a short walk from the village leads you to the castle.&nbsp;<\/p>\n\n\n\n<p>Another must-see in the area is the <strong>R\u00e9serve Naturelle Nationale du Lac Luitel<\/strong>. Only a short drive from S\u00e9chilienne, this protected area has diverse vegetation and scenic trails perfect for casual walks and hiking. In the summer, there are guided tours, and in the winter, snowshoeing is a popular activity.&nbsp;<\/p>\n\n\n\n<p>Next, the <strong>Mus\u00e9e de la R\u00e9volution fran\u00e7aise<\/strong>, located approximately 5 km from S\u00e9chilienne, is an important stop if you want to learn more about French history. Housed within the historic Ch\u00e2teau de Vizille, this museum is dedicated to the French Revolution.&nbsp;<\/p>\n\n\n\n<p>Finally, there are plenty of other hiking trails and mountain biking excursions all around the region. From early spring to autumn, you can take advantage of the natural environment for plenty of outdoor fun before the ski season begins.&nbsp;<\/p>\n\n\n\n<figure class=\"wp-block-image size-large\"><img decoding=\"async\" width=\"1360\" height=\"630\" src=\"https:\/\/www.alpvisionresidences.com\/blog\/wp-content\/uploads\/2025\/06\/Chateau-de-Sechilienne-castle-1360x630.webp\" alt=\"\" class=\"wp-image-14776\"\/><\/figure>\n\n\n\n<p><\/p>\n\n\n\n<h2 class=\"wp-block-heading\">How to get to S\u00e9chilienne Castle<\/h2>\n\n\n\n<p>Visiting the <strong>Ch\u00e2teau de S\u00e9chilienne<\/strong> is easy, whether you&#8217;re coming by car, public transport, or on foot. The castle is located just southeast of Grenoble in the Is\u00e8re department, making it a quick and easy day trip from many of the surrounding cities like <a href=\"https:\/\/www.alpvisionresidences.com\/blog\/alpe-dhuez-chamrousse\/\">Chamrousse<\/a> and <a href=\"https:\/\/www.alpvisionresidences.com\/blog\/chalet-arnold-thyon-les-collons\/\">Ch\u00e2tel<\/a>.<\/p>\n\n\n\n<h3 class=\"wp-block-heading\">By Car<\/h3>\n\n\n\n<p>From Grenoble, take the D1091 towards Bourg-d\u2019Oisans. After about 20 km, you&#8217;ll reach the village of S\u00e9chilienne. The drive takes roughly 30 minutes and offers scenic views of the Romanche valley. Parking is available in the village, a short walk from the castle site.<\/p>\n\n\n\n<h3 class=\"wp-block-heading\">By Bus<\/h3>\n\n\n\n<p>Public transport is also a convenient option. The T75 Transis\u00e8re bus line connects Grenoble (Gare Routi\u00e8re) to S\u00e9chilienne. Get off at the &#8220;S\u00e9chilienne, La Gare&#8221; stop, which is just a 5-minute walk from the castle trailhead. Buses run several times a day. You can check current schedules on the <a href=\"https:\/\/www.reso-m.fr\/\">TAG website<\/a>.<\/p>\n\n\n\n<h3 class=\"wp-block-heading\">On Foot<\/h3>\n\n\n\n<p>If you are already in the village, the castle is only a short walk. Starting from the S\u00e9chilienne town hall, follow the road toward Col du Luitel. After about 50 metres, take the left-hand trail that climbs gently uphill through woodland. This path leads straight to the castle&#8217;s ruins.<\/p>\n\n\n\n<iframe src=\"https:\/\/www.google.com\/maps\/embed?pb=!1m18!1m12!1m3!1d2818.4058152556795!2d5.830317976081508!3d45.057278271070146!2m3!1f0!2f0!3f0!3m2!1i1024!2i768!4f13.1!3m3!1m2!1s0x478a63217624e059%3A0xcb04be3bdd7cce02!2sCh%C3%A2teau%20de%20S%C3%A9chilienne!5e0!3m2!1ses!2ses!4v1750676915857!5m2!1ses!2ses\" width=\"1200\" height=\"600\" style=\"border:0;\" allowfullscreen=\"\" loading=\"lazy\" referrerpolicy=\"no-referrer-when-downgrade\"><\/iframe>\n\n\n\n<p><\/p>\n\n\n\n<h2 class=\"wp-block-heading\">Tips for visiting the Ch\u00e2teau de S\u00e9chilienne<\/h2>\n\n\n\n<p>A visit to the <strong>Ch\u00e2teau de S\u00e9chilienne<\/strong> is a great day trip, but it\u2019s good to come prepared. Here are a few practical tips to help you make the most of your trip:<\/p>\n\n\n\n<ul class=\"wp-block-list\">\n<li>While the castle interior is not open to the public, the surrounding grounds are accessible year-round. Feel free to explore the hiking paths along the way.&nbsp;<\/li>\n\n\n\n<li>There are plenty of information panels along the trail that explain the history of the castle and insights into the restoration efforts.<\/li>\n\n\n\n<li>The best time to visit is the spring, <a href=\"https:\/\/www.alpvisionresidences.com\/blog\/summer-holidays-in-the-alps\/\">summer<\/a> or autumn, as the weather is mild and the surrounding forests are full of colour and wildflowers.&nbsp;<\/li>\n\n\n\n<li>There are no visitor facilities along the trail or at the castle itself, so bring water and snacks.&nbsp;<\/li>\n\n\n\n<li>Terrain around the castle is uneven and can be slippery if raining, so wear sturdy hiking shoes and stay on the marked paths.&nbsp;<\/li>\n\n\n\n<li>The trail is well-marked and is easy to follow, making it great for families with children to explore.&nbsp;<\/li>\n<\/ul>\n\n\n\n<h2 class=\"wp-block-heading\">Why visit the Ch\u00e2teau de S\u00e9chilienne?<\/h2>\n\n\n\n<p>The <strong>Ch\u00e2teau de S\u00e9chilienne<\/strong> is a great and easy excursion where you can discover French history, surrounded by the natural beauty of the Belledonne foothills. Enjoy exploring its scenic trails, learning about its medieval origins, or simply taking in the charm of the Is\u00e8re region.&nbsp;<\/p>\n\n\n\n<p>If you&#8217;re planning a stay in the Alps, book your accommodation with <a href=\"https:\/\/www.alpvisionresidences.com\/\">Alpvision Residences<\/a>. We offer a range of comfortable, well-located holiday accommodations perfect for discovering the <strong>S\u00e9chilienne Castle<\/strong> and the French Alps.&nbsp;<\/p>\n\n\n\n<p><\/p>\n\t\t\t\t\t\t\t\t<\/div>\n\t\t\t\t<\/div>\n\t\t\t\t\t<\/div>\n\t\t\t\t<\/div>\n\t\t<div class=\"elementor-element elementor-element-dc0e2ef e-flex e-con-boxed e-con e-parent\" data-id=\"dc0e2ef\" data-element_type=\"container\" data-e-type=\"container\">\n\t\t\t\t\t<div class=\"e-con-inner\">\n\t\t\t\t<div class=\"elementor-element elementor-element-228f93f elementor-widget elementor-widget-grid\" data-id=\"228f93f\" data-element_type=\"widget\" data-e-type=\"widget\" data-widget_type=\"grid.default\">\n\t\t\t\t<div class=\"elementor-widget-container\">\n\t\t\t\t\t\t\t<div class=\"its--row alojamientos-recomendados\">\n\n\t\t\t<div class=\"alojamientos-recomendados-container\">\n\n\t\t\t\t\t\n\t\t\t\t\t<a href=\"https:\/\/www.alpvisionresidences.com\/rentals\/studio-chamrousse-vercors-1-034-famille-montagne-studio-4-pers-323821.html\" rel=\"nofollow\" style=\"width: 23%;\">\n\t\t\t\t\t\t<div class=\"apartamento-box\">\n\t\t\t\t\t\t\t<div class=\"imagen_recomendados\">\n\t\t\t\t\t\t\t\t<img decoding=\"async\" src=\"https:\/\/crs.avantio.com\/fotos\/2\/1597048971a035587afefe8f3e6a1a12906f24a149\/big1599138151c797312100d3486e35d8d9370493f77f.jpg\" alt=\"Vercors Studio 4 persons 1 034\">\n\t\t\t\t\t\t\t<\/div>\n\t\t\t\t\t\t\t<div class=\"info\">\n\t\t\t\t\t\t\t\t<div class=\"ubicacion\">\n\t\t\t\t\t\t\t\t\t<i class=\"fa-solid fa-location-dot icono-mapa\"><\/i><span class=\"ubicacion-texto\">Chamrousse - Is\u00e8re <\/span>\n\t\t\t\t\t\t\t\t<\/div>\n\t\t\t\t\t\t\t\t<H4 class=\"titulo-alojamiento\">\n\t\t\t\t\t\t\t\t\tVercors Studio 4 persons 1 034\t\t\t\t\t\t\t\t<\/H4>\n\t\t\t\t\t\t\t\t<p class=\"precio-alojamiento\">From <span class=\"precio\">96.00\u20ac<\/span> per night<\/p>\n\t\t\t\t\t\t\t<\/div>\n\t\t\t\t\t\t<\/div>\n\t\t\t\t\t<\/a> \n\t\t\t\t\t\t\n\t\t\t\t\t<a href=\"https:\/\/www.alpvisionresidences.com\/rentals\/apartment-chamrousse-vercors-1-035-famille-montagne-appart-6-pers-323822.html\" rel=\"nofollow\" style=\"width: 23%;\">\n\t\t\t\t\t\t<div class=\"apartamento-box\">\n\t\t\t\t\t\t\t<div class=\"imagen_recomendados\">\n\t\t\t\t\t\t\t\t<img decoding=\"async\" src=\"https:\/\/crs.avantio.com\/fotos\/2\/15970499272e6095a442143fa408564aaefedd8445\/big17557610033926faa02090223e803237e8ce9dc376.jpg\" alt=\"Vercors Apartment 6 persons 1 035\">\n\t\t\t\t\t\t\t<\/div>\n\t\t\t\t\t\t\t<div class=\"info\">\n\t\t\t\t\t\t\t\t<div class=\"ubicacion\">\n\t\t\t\t\t\t\t\t\t<i class=\"fa-solid fa-location-dot icono-mapa\"><\/i><span class=\"ubicacion-texto\">Chamrousse - Is\u00e8re <\/span>\n\t\t\t\t\t\t\t\t<\/div>\n\t\t\t\t\t\t\t\t<H4 class=\"titulo-alojamiento\">\n\t\t\t\t\t\t\t\t\tVercors Apartment 6 persons 1 035\t\t\t\t\t\t\t\t<\/H4>\n\t\t\t\t\t\t\t\t<p class=\"precio-alojamiento\">From <span class=\"precio\">104.00\u20ac<\/span> per night<\/p>\n\t\t\t\t\t\t\t<\/div>\n\t\t\t\t\t\t<\/div>\n\t\t\t\t\t<\/a> \n\t\t\t\t\t\t\n\t\t\t\t\t<a href=\"https:\/\/www.alpvisionresidences.com\/rentals\/apartment-chamrousse-vercors-2-009-famille-montagne-appart-6-pers-323827.html\" rel=\"nofollow\" style=\"width: 23%;\">\n\t\t\t\t\t\t<div class=\"apartamento-box\">\n\t\t\t\t\t\t\t<div class=\"imagen_recomendados\">\n\t\t\t\t\t\t\t\t<img decoding=\"async\" src=\"https:\/\/crs.avantio.com\/fotos\/2\/1597050599349b5fd28a21c0d66598b586365ab0b3\/big17320309270d6d0ae597436cbf0a39c60c146c248b.jpg\" alt=\"Vercors Renovated apartment 6 persons 2 009\">\n\t\t\t\t\t\t\t<\/div>\n\t\t\t\t\t\t\t<div class=\"info\">\n\t\t\t\t\t\t\t\t<div class=\"ubicacion\">\n\t\t\t\t\t\t\t\t\t<i class=\"fa-solid fa-location-dot icono-mapa\"><\/i><span class=\"ubicacion-texto\">Chamrousse - Is\u00e8re <\/span>\n\t\t\t\t\t\t\t\t<\/div>\n\t\t\t\t\t\t\t\t<H4 class=\"titulo-alojamiento\">\n\t\t\t\t\t\t\t\t\tVercors Renovated apartment 6 persons 2 009\t\t\t\t\t\t\t\t<\/H4>\n\t\t\t\t\t\t\t\t<p class=\"precio-alojamiento\">From <span class=\"precio\">104.00\u20ac<\/span> per night<\/p>\n\t\t\t\t\t\t\t<\/div>\n\t\t\t\t\t\t<\/div>\n\t\t\t\t\t<\/a> \n\t\t\t\t\t\t\n\t\t\t\t\t<a href=\"https:\/\/www.alpvisionresidences.com\/rentals\/apartment-chamrousse-vercors-2-020-famille-montagne-appart-6-pers-323830.html\" rel=\"nofollow\" style=\"width: 23%;\">\n\t\t\t\t\t\t<div class=\"apartamento-box\">\n\t\t\t\t\t\t\t<div class=\"imagen_recomendados\">\n\t\t\t\t\t\t\t\t<img decoding=\"async\" src=\"https:\/\/crs.avantio.com\/fotos\/2\/1597052130a66cebdae6cbec1abf690822f4888467\/big1665500300ab3f356bbbd11128da23a128d372ba64.jpg\" alt=\"Vercors Apartment 6 persons 2 020\">\n\t\t\t\t\t\t\t<\/div>\n\t\t\t\t\t\t\t<div class=\"info\">\n\t\t\t\t\t\t\t\t<div class=\"ubicacion\">\n\t\t\t\t\t\t\t\t\t<i class=\"fa-solid fa-location-dot icono-mapa\"><\/i><span class=\"ubicacion-texto\">Chamrousse - Is\u00e8re <\/span>\n\t\t\t\t\t\t\t\t<\/div>\n\t\t\t\t\t\t\t\t<H4 class=\"titulo-alojamiento\">\n\t\t\t\t\t\t\t\t\tVercors Apartment 6 persons 2 020\t\t\t\t\t\t\t\t<\/H4>\n\t\t\t\t\t\t\t\t<p class=\"precio-alojamiento\">From <span class=\"precio\">104.00\u20ac<\/span> per night<\/p>\n\t\t\t\t\t\t\t<\/div>\n\t\t\t\t\t\t<\/div>\n\t\t\t\t\t<\/a> \n\t\t\t\t\t\t\t\t<\/div>\n\t\t\t<\/div>\n\t\t\t\t\t\t<\/div>\n\t\t\t\t<\/div>\n\t\t\t\t\t<\/div>\n\t\t\t\t<\/div>\n\t\t\t\t<section class=\"elementor-section elementor-top-section elementor-element elementor-element-2d8c3db2 elementor-section-boxed elementor-section-height-default elementor-section-height-default\" data-id=\"2d8c3db2\" data-element_type=\"section\" data-e-type=\"section\">\n\t\t\t\t\t\t<div class=\"elementor-container elementor-column-gap-default\">\n\t\t\t\t\t<div class=\"elementor-column elementor-col-100 elementor-top-column elementor-element elementor-element-111eca0e\" data-id=\"111eca0e\" data-element_type=\"column\" data-e-type=\"column\">\n\t\t\t<div class=\"elementor-widget-wrap elementor-element-populated\">\n\t\t\t\t\t\t<div class=\"elementor-element elementor-element-77c88e8d elementor-widget elementor-widget-shortcode\" data-id=\"77c88e8d\" data-element_type=\"widget\" data-e-type=\"widget\" data-widget_type=\"shortcode.default\">\n\t\t\t\t<div class=\"elementor-widget-container\">\n\t\t\t\t\t\t\t<div class=\"elementor-shortcode\">\t\t<div data-elementor-type=\"section\" data-elementor-id=\"5643\" class=\"elementor elementor-5643 elementor-5641 elementor-5641\" data-elementor-post-type=\"elementor_library\">\n\t\t\t\t\t<section class=\"elementor-section elementor-top-section elementor-element elementor-element-731b452d elementor-section-boxed elementor-section-height-default elementor-section-height-default\" data-id=\"731b452d\" data-element_type=\"section\" data-e-type=\"section\">\n\t\t\t\t\t\t<div class=\"elementor-container elementor-column-gap-default\">\n\t\t\t\t\t<div class=\"elementor-column elementor-col-33 elementor-top-column elementor-element elementor-element-53afae\" data-id=\"53afae\" data-element_type=\"column\" data-e-type=\"column\">\n\t\t\t<div class=\"elementor-widget-wrap elementor-element-populated\">\n\t\t\t\t\t\t<div class=\"elementor-element elementor-element-2629b7 elementor-align-center elementor-widget elementor-widget-button\" data-id=\"2629b7\" data-element_type=\"widget\" data-e-type=\"widget\" data-widget_type=\"button.default\">\n\t\t\t\t<div class=\"elementor-widget-container\">\n\t\t\t\t\t\t\t\t\t<div class=\"elementor-button-wrapper\">\n\t\t\t\t\t<a class=\"elementor-button elementor-button-link elementor-size-lg\" href=\"https:\/\/www.alpvisionresidences.com\/holiday-accommodation-chamrousse\/\">\n\t\t\t\t\t\t<span class=\"elementor-button-content-wrapper\">\n\t\t\t\t\t\t\t\t\t<span class=\"elementor-button-text\">Accommodation Chamrousse<\/span>\n\t\t\t\t\t<\/span>\n\t\t\t\t\t<\/a>\n\t\t\t\t<\/div>\n\t\t\t\t\t\t\t\t<\/div>\n\t\t\t\t<\/div>\n\t\t\t\t\t<\/div>\n\t\t<\/div>\n\t\t\t\t<div class=\"elementor-column elementor-col-33 elementor-top-column elementor-element elementor-element-752c921b\" data-id=\"752c921b\" data-element_type=\"column\" data-e-type=\"column\">\n\t\t\t<div class=\"elementor-widget-wrap elementor-element-populated\">\n\t\t\t\t\t\t<div class=\"elementor-element elementor-element-1defd512 elementor-align-center elementor-widget elementor-widget-button\" data-id=\"1defd512\" data-element_type=\"widget\" data-e-type=\"widget\" data-widget_type=\"button.default\">\n\t\t\t\t<div class=\"elementor-widget-container\">\n\t\t\t\t\t\t\t\t\t<div class=\"elementor-button-wrapper\">\n\t\t\t\t\t<a class=\"elementor-button elementor-button-link elementor-size-lg\" href=\"https:\/\/www.alpvisionresidences.com\/rentals\/apartments-chamrousse-c1d35233\/\">\n\t\t\t\t\t\t<span class=\"elementor-button-content-wrapper\">\n\t\t\t\t\t\t\t\t\t<span class=\"elementor-button-text\">Apartment Chamrousse<\/span>\n\t\t\t\t\t<\/span>\n\t\t\t\t\t<\/a>\n\t\t\t\t<\/div>\n\t\t\t\t\t\t\t\t<\/div>\n\t\t\t\t<\/div>\n\t\t\t\t\t<\/div>\n\t\t<\/div>\n\t\t\t\t<div class=\"elementor-column elementor-col-33 elementor-top-column elementor-element elementor-element-e27bb72\" data-id=\"e27bb72\" data-element_type=\"column\" data-e-type=\"column\">\n\t\t\t<div class=\"elementor-widget-wrap elementor-element-populated\">\n\t\t\t\t\t\t<div class=\"elementor-element elementor-element-74d2be72 elementor-align-center elementor-widget elementor-widget-button\" data-id=\"74d2be72\" data-element_type=\"widget\" data-e-type=\"widget\" data-widget_type=\"button.default\">\n\t\t\t\t<div class=\"elementor-widget-container\">\n\t\t\t\t\t\t\t\t\t<div class=\"elementor-button-wrapper\">\n\t\t\t\t\t<a class=\"elementor-button elementor-button-link elementor-size-lg\" href=\"https:\/\/www.alpvisionresidences.com\/rentals\/studios-chamrousse-c14d35233\/\">\n\t\t\t\t\t\t<span class=\"elementor-button-content-wrapper\">\n\t\t\t\t\t\t\t\t\t<span class=\"elementor-button-text\">Studio Chamrousse<\/span>\n\t\t\t\t\t<\/span>\n\t\t\t\t\t<\/a>\n\t\t\t\t<\/div>\n\t\t\t\t\t\t\t\t<\/div>\n\t\t\t\t<\/div>\n\t\t\t\t\t<\/div>\n\t\t<\/div>\n\t\t\t\t\t<\/div>\n\t\t<\/section>\n\t\t\t\t<\/div>\n\t\t<\/div>\n\t\t\t\t\t\t<\/div>\n\t\t\t\t<\/div>\n\t\t\t\t\t<\/div>\n\t\t<\/div>\n\t\t\t\t\t<\/div>\n\t\t<\/section>\n\t\t\t\t<\/div>\n\t\t","protected":false},"excerpt":{"rendered":"<p>Tucked away in the scenic Is\u00e8re region, near Grenoble, the Ch\u00e2teau de S\u00e9chilienne is a beautiful spot to visit. Along&#8230;<\/p>\n","protected":false},"author":3,"featured_media":14780,"comment_status":"open","ping_status":"open","sticky":false,"template":"","format":"standard","meta":{"footnotes":""},"categories":[410],"tags":[],"class_list":["post-14771","post","type-post","status-publish","format-standard","has-post-thumbnail","hentry","category-french-alps"],"yoast_head":"<!-- This site is optimized with the Yoast SEO plugin v27.4 - https:\/\/yoast.com\/product\/yoast-seo-wordpress\/ -->\n<title>Visit the Ch\u00e2teau de S\u00e9chilienne - Get Inspired<\/title>\n<meta name=\"description\" content=\"Visit the Ch\u00e2teau de S\u00e9chilienne and immerse yourself in French Alpine history.\" \/>\n<meta name=\"robots\" content=\"index, follow, max-snippet:-1, max-image-preview:large, max-video-preview:-1\" \/>\n<link rel=\"canonical\" href=\"https:\/\/www.alpvisionresidences.com\/blog\/chateau-de-sechilienne\/\" \/>\n<meta property=\"og:locale\" content=\"en_US\" \/>\n<meta property=\"og:type\" content=\"article\" \/>\n<meta property=\"og:title\" content=\"Visit the Ch\u00e2teau de S\u00e9chilienne - Get Inspired\" \/>\n<meta property=\"og:description\" content=\"Visit the Ch\u00e2teau de S\u00e9chilienne and immerse yourself in French Alpine history.\" \/>\n<meta property=\"og:url\" content=\"https:\/\/www.alpvisionresidences.com\/blog\/chateau-de-sechilienne\/\" \/>\n<meta property=\"og:site_name\" content=\"Get Inspired\" \/>\n<meta property=\"article:publisher\" content=\"https:\/\/www.facebook.com\/AlpvisionResidences\/\" \/>\n<meta property=\"article:published_time\" content=\"2025-06-23T11:27:10+00:00\" \/>\n<meta property=\"article:modified_time\" content=\"2025-06-26T13:54:56+00:00\" \/>\n<meta property=\"og:image\" content=\"https:\/\/www.alpvisionresidences.com\/blog\/wp-content\/uploads\/2025\/06\/castle-Sechilienne-.jpg\" \/>\n\t<meta property=\"og:image:width\" content=\"1920\" \/>\n\t<meta property=\"og:image:height\" content=\"881\" \/>\n\t<meta property=\"og:image:type\" content=\"image\/jpeg\" \/>\n<meta name=\"author\" content=\"digitalservices\" \/>\n<meta name=\"twitter:card\" content=\"summary_large_image\" \/>\n<meta name=\"twitter:label1\" content=\"Written by\" \/>\n\t<meta name=\"twitter:data1\" content=\"digitalservices\" \/>\n\t<meta name=\"twitter:label2\" content=\"Est. reading time\" \/>\n\t<meta name=\"twitter:data2\" content=\"6 minutes\" \/>\n<script type=\"application\/ld+json\" class=\"yoast-schema-graph\">{\"@context\":\"https:\\\/\\\/schema.org\",\"@graph\":[{\"@type\":\"Article\",\"@id\":\"https:\\\/\\\/www.alpvisionresidences.com\\\/blog\\\/chateau-de-sechilienne\\\/#article\",\"isPartOf\":{\"@id\":\"https:\\\/\\\/www.alpvisionresidences.com\\\/blog\\\/chateau-de-sechilienne\\\/\"},\"author\":{\"name\":\"digitalservices\",\"@id\":\"https:\\\/\\\/www.alpvisionresidences.com\\\/blog\\\/#\\\/schema\\\/person\\\/6e9d17dd9b9dc7fb1f883ab503416e85\"},\"headline\":\"Visit the Ch\u00e2teau de S\u00e9chilienne\",\"datePublished\":\"2025-06-23T11:27:10+00:00\",\"dateModified\":\"2025-06-26T13:54:56+00:00\",\"mainEntityOfPage\":{\"@id\":\"https:\\\/\\\/www.alpvisionresidences.com\\\/blog\\\/chateau-de-sechilienne\\\/\"},\"wordCount\":1041,\"commentCount\":0,\"publisher\":{\"@id\":\"https:\\\/\\\/www.alpvisionresidences.com\\\/blog\\\/#organization\"},\"image\":{\"@id\":\"https:\\\/\\\/www.alpvisionresidences.com\\\/blog\\\/chateau-de-sechilienne\\\/#primaryimage\"},\"thumbnailUrl\":\"https:\\\/\\\/www.alpvisionresidences.com\\\/blog\\\/wp-content\\\/uploads\\\/2025\\\/06\\\/castle-Sechilienne-.jpg\",\"articleSection\":[\"French Alps\"],\"inLanguage\":\"en\",\"potentialAction\":[{\"@type\":\"CommentAction\",\"name\":\"Comment\",\"target\":[\"https:\\\/\\\/www.alpvisionresidences.com\\\/blog\\\/chateau-de-sechilienne\\\/#respond\"]}]},{\"@type\":\"WebPage\",\"@id\":\"https:\\\/\\\/www.alpvisionresidences.com\\\/blog\\\/chateau-de-sechilienne\\\/\",\"url\":\"https:\\\/\\\/www.alpvisionresidences.com\\\/blog\\\/chateau-de-sechilienne\\\/\",\"name\":\"Visit the Ch\u00e2teau de S\u00e9chilienne - Get Inspired\",\"isPartOf\":{\"@id\":\"https:\\\/\\\/www.alpvisionresidences.com\\\/blog\\\/#website\"},\"primaryImageOfPage\":{\"@id\":\"https:\\\/\\\/www.alpvisionresidences.com\\\/blog\\\/chateau-de-sechilienne\\\/#primaryimage\"},\"image\":{\"@id\":\"https:\\\/\\\/www.alpvisionresidences.com\\\/blog\\\/chateau-de-sechilienne\\\/#primaryimage\"},\"thumbnailUrl\":\"https:\\\/\\\/www.alpvisionresidences.com\\\/blog\\\/wp-content\\\/uploads\\\/2025\\\/06\\\/castle-Sechilienne-.jpg\",\"datePublished\":\"2025-06-23T11:27:10+00:00\",\"dateModified\":\"2025-06-26T13:54:56+00:00\",\"description\":\"Visit the Ch\u00e2teau de S\u00e9chilienne and immerse yourself in French Alpine history.\",\"breadcrumb\":{\"@id\":\"https:\\\/\\\/www.alpvisionresidences.com\\\/blog\\\/chateau-de-sechilienne\\\/#breadcrumb\"},\"inLanguage\":\"en\",\"potentialAction\":[{\"@type\":\"ReadAction\",\"target\":[\"https:\\\/\\\/www.alpvisionresidences.com\\\/blog\\\/chateau-de-sechilienne\\\/\"]}]},{\"@type\":\"ImageObject\",\"inLanguage\":\"en\",\"@id\":\"https:\\\/\\\/www.alpvisionresidences.com\\\/blog\\\/chateau-de-sechilienne\\\/#primaryimage\",\"url\":\"https:\\\/\\\/www.alpvisionresidences.com\\\/blog\\\/wp-content\\\/uploads\\\/2025\\\/06\\\/castle-Sechilienne-.jpg\",\"contentUrl\":\"https:\\\/\\\/www.alpvisionresidences.com\\\/blog\\\/wp-content\\\/uploads\\\/2025\\\/06\\\/castle-Sechilienne-.jpg\",\"width\":1920,\"height\":881,\"caption\":\"castle S\u00e9chilienne\"},{\"@type\":\"BreadcrumbList\",\"@id\":\"https:\\\/\\\/www.alpvisionresidences.com\\\/blog\\\/chateau-de-sechilienne\\\/#breadcrumb\",\"itemListElement\":[{\"@type\":\"ListItem\",\"position\":1,\"name\":\"Home\",\"item\":\"https:\\\/\\\/www.alpvisionresidences.com\\\/blog\\\/\"},{\"@type\":\"ListItem\",\"position\":2,\"name\":\"Visit the Ch\u00e2teau de S\u00e9chilienne\"}]},{\"@type\":\"WebSite\",\"@id\":\"https:\\\/\\\/www.alpvisionresidences.com\\\/blog\\\/#website\",\"url\":\"https:\\\/\\\/www.alpvisionresidences.com\\\/blog\\\/\",\"name\":\"alpvisionresidences.com\",\"description\":\"Alpvision r\u00e9sidences\",\"publisher\":{\"@id\":\"https:\\\/\\\/www.alpvisionresidences.com\\\/blog\\\/#organization\"},\"potentialAction\":[{\"@type\":\"SearchAction\",\"target\":{\"@type\":\"EntryPoint\",\"urlTemplate\":\"https:\\\/\\\/www.alpvisionresidences.com\\\/blog\\\/?s={search_term_string}\"},\"query-input\":{\"@type\":\"PropertyValueSpecification\",\"valueRequired\":true,\"valueName\":\"search_term_string\"}}],\"inLanguage\":\"en\"},{\"@type\":\"Organization\",\"@id\":\"https:\\\/\\\/www.alpvisionresidences.com\\\/blog\\\/#organization\",\"name\":\"Alpvision Residences\",\"url\":\"https:\\\/\\\/www.alpvisionresidences.com\\\/blog\\\/\",\"logo\":{\"@type\":\"ImageObject\",\"inLanguage\":\"en\",\"@id\":\"https:\\\/\\\/www.alpvisionresidences.com\\\/blog\\\/#\\\/schema\\\/logo\\\/image\\\/\",\"url\":\"https:\\\/\\\/www.alpvisionresidences.com\\\/blog\\\/wp-content\\\/uploads\\\/2022\\\/01\\\/alpvision_icone1_bleu_negatif-Redimensionne-pour-profil.png\",\"contentUrl\":\"https:\\\/\\\/www.alpvisionresidences.com\\\/blog\\\/wp-content\\\/uploads\\\/2022\\\/01\\\/alpvision_icone1_bleu_negatif-Redimensionne-pour-profil.png\",\"width\":522,\"height\":478,\"caption\":\"Alpvision Residences\"},\"image\":{\"@id\":\"https:\\\/\\\/www.alpvisionresidences.com\\\/blog\\\/#\\\/schema\\\/logo\\\/image\\\/\"},\"sameAs\":[\"https:\\\/\\\/www.facebook.com\\\/AlpvisionResidences\\\/\",\"https:\\\/\\\/www.instagram.com\\\/alpvisionresidences\\\/\"]},{\"@type\":\"Person\",\"@id\":\"https:\\\/\\\/www.alpvisionresidences.com\\\/blog\\\/#\\\/schema\\\/person\\\/6e9d17dd9b9dc7fb1f883ab503416e85\",\"name\":\"digitalservices\",\"image\":{\"@type\":\"ImageObject\",\"inLanguage\":\"en\",\"@id\":\"https:\\\/\\\/secure.gravatar.com\\\/avatar\\\/af30f88a1904294c1f3eb09a9d7903eec4ffa18fa2cf40c28a8681014ecdfc20?s=96&d=mm&r=g\",\"url\":\"https:\\\/\\\/secure.gravatar.com\\\/avatar\\\/af30f88a1904294c1f3eb09a9d7903eec4ffa18fa2cf40c28a8681014ecdfc20?s=96&d=mm&r=g\",\"contentUrl\":\"https:\\\/\\\/secure.gravatar.com\\\/avatar\\\/af30f88a1904294c1f3eb09a9d7903eec4ffa18fa2cf40c28a8681014ecdfc20?s=96&d=mm&r=g\",\"caption\":\"digitalservices\"},\"url\":\"https:\\\/\\\/www.alpvisionresidences.com\\\/blog\\\/author\\\/digitalservices\\\/\"}]}<\/script>\n<!-- \/ Yoast SEO plugin. -->","yoast_head_json":{"title":"Visit the Ch\u00e2teau de S\u00e9chilienne - Get Inspired","description":"Visit the Ch\u00e2teau de S\u00e9chilienne and immerse yourself in French Alpine history.","robots":{"index":"index","follow":"follow","max-snippet":"max-snippet:-1","max-image-preview":"max-image-preview:large","max-video-preview":"max-video-preview:-1"},"canonical":"https:\/\/www.alpvisionresidences.com\/blog\/chateau-de-sechilienne\/","og_locale":"en_US","og_type":"article","og_title":"Visit the Ch\u00e2teau de S\u00e9chilienne - Get Inspired","og_description":"Visit the Ch\u00e2teau de S\u00e9chilienne and immerse yourself in French Alpine history.","og_url":"https:\/\/www.alpvisionresidences.com\/blog\/chateau-de-sechilienne\/","og_site_name":"Get Inspired","article_publisher":"https:\/\/www.facebook.com\/AlpvisionResidences\/","article_published_time":"2025-06-23T11:27:10+00:00","article_modified_time":"2025-06-26T13:54:56+00:00","og_image":[{"width":1920,"height":881,"url":"https:\/\/www.alpvisionresidences.com\/blog\/wp-content\/uploads\/2025\/06\/castle-Sechilienne-.jpg","type":"image\/jpeg"}],"author":"digitalservices","twitter_card":"summary_large_image","twitter_misc":{"Written by":"digitalservices","Est. reading time":"6 minutes"},"schema":{"@context":"https:\/\/schema.org","@graph":[{"@type":"Article","@id":"https:\/\/www.alpvisionresidences.com\/blog\/chateau-de-sechilienne\/#article","isPartOf":{"@id":"https:\/\/www.alpvisionresidences.com\/blog\/chateau-de-sechilienne\/"},"author":{"name":"digitalservices","@id":"https:\/\/www.alpvisionresidences.com\/blog\/#\/schema\/person\/6e9d17dd9b9dc7fb1f883ab503416e85"},"headline":"Visit the Ch\u00e2teau de S\u00e9chilienne","datePublished":"2025-06-23T11:27:10+00:00","dateModified":"2025-06-26T13:54:56+00:00","mainEntityOfPage":{"@id":"https:\/\/www.alpvisionresidences.com\/blog\/chateau-de-sechilienne\/"},"wordCount":1041,"commentCount":0,"publisher":{"@id":"https:\/\/www.alpvisionresidences.com\/blog\/#organization"},"image":{"@id":"https:\/\/www.alpvisionresidences.com\/blog\/chateau-de-sechilienne\/#primaryimage"},"thumbnailUrl":"https:\/\/www.alpvisionresidences.com\/blog\/wp-content\/uploads\/2025\/06\/castle-Sechilienne-.jpg","articleSection":["French Alps"],"inLanguage":"en","potentialAction":[{"@type":"CommentAction","name":"Comment","target":["https:\/\/www.alpvisionresidences.com\/blog\/chateau-de-sechilienne\/#respond"]}]},{"@type":"WebPage","@id":"https:\/\/www.alpvisionresidences.com\/blog\/chateau-de-sechilienne\/","url":"https:\/\/www.alpvisionresidences.com\/blog\/chateau-de-sechilienne\/","name":"Visit the Ch\u00e2teau de S\u00e9chilienne - Get Inspired","isPartOf":{"@id":"https:\/\/www.alpvisionresidences.com\/blog\/#website"},"primaryImageOfPage":{"@id":"https:\/\/www.alpvisionresidences.com\/blog\/chateau-de-sechilienne\/#primaryimage"},"image":{"@id":"https:\/\/www.alpvisionresidences.com\/blog\/chateau-de-sechilienne\/#primaryimage"},"thumbnailUrl":"https:\/\/www.alpvisionresidences.com\/blog\/wp-content\/uploads\/2025\/06\/castle-Sechilienne-.jpg","datePublished":"2025-06-23T11:27:10+00:00","dateModified":"2025-06-26T13:54:56+00:00","description":"Visit the Ch\u00e2teau de S\u00e9chilienne and immerse yourself in French Alpine history.","breadcrumb":{"@id":"https:\/\/www.alpvisionresidences.com\/blog\/chateau-de-sechilienne\/#breadcrumb"},"inLanguage":"en","potentialAction":[{"@type":"ReadAction","target":["https:\/\/www.alpvisionresidences.com\/blog\/chateau-de-sechilienne\/"]}]},{"@type":"ImageObject","inLanguage":"en","@id":"https:\/\/www.alpvisionresidences.com\/blog\/chateau-de-sechilienne\/#primaryimage","url":"https:\/\/www.alpvisionresidences.com\/blog\/wp-content\/uploads\/2025\/06\/castle-Sechilienne-.jpg","contentUrl":"https:\/\/www.alpvisionresidences.com\/blog\/wp-content\/uploads\/2025\/06\/castle-Sechilienne-.jpg","width":1920,"height":881,"caption":"castle S\u00e9chilienne"},{"@type":"BreadcrumbList","@id":"https:\/\/www.alpvisionresidences.com\/blog\/chateau-de-sechilienne\/#breadcrumb","itemListElement":[{"@type":"ListItem","position":1,"name":"Home","item":"https:\/\/www.alpvisionresidences.com\/blog\/"},{"@type":"ListItem","position":2,"name":"Visit the Ch\u00e2teau de S\u00e9chilienne"}]},{"@type":"WebSite","@id":"https:\/\/www.alpvisionresidences.com\/blog\/#website","url":"https:\/\/www.alpvisionresidences.com\/blog\/","name":"alpvisionresidences.com","description":"Alpvision r\u00e9sidences","publisher":{"@id":"https:\/\/www.alpvisionresidences.com\/blog\/#organization"},"potentialAction":[{"@type":"SearchAction","target":{"@type":"EntryPoint","urlTemplate":"https:\/\/www.alpvisionresidences.com\/blog\/?s={search_term_string}"},"query-input":{"@type":"PropertyValueSpecification","valueRequired":true,"valueName":"search_term_string"}}],"inLanguage":"en"},{"@type":"Organization","@id":"https:\/\/www.alpvisionresidences.com\/blog\/#organization","name":"Alpvision Residences","url":"https:\/\/www.alpvisionresidences.com\/blog\/","logo":{"@type":"ImageObject","inLanguage":"en","@id":"https:\/\/www.alpvisionresidences.com\/blog\/#\/schema\/logo\/image\/","url":"https:\/\/www.alpvisionresidences.com\/blog\/wp-content\/uploads\/2022\/01\/alpvision_icone1_bleu_negatif-Redimensionne-pour-profil.png","contentUrl":"https:\/\/www.alpvisionresidences.com\/blog\/wp-content\/uploads\/2022\/01\/alpvision_icone1_bleu_negatif-Redimensionne-pour-profil.png","width":522,"height":478,"caption":"Alpvision Residences"},"image":{"@id":"https:\/\/www.alpvisionresidences.com\/blog\/#\/schema\/logo\/image\/"},"sameAs":["https:\/\/www.facebook.com\/AlpvisionResidences\/","https:\/\/www.instagram.com\/alpvisionresidences\/"]},{"@type":"Person","@id":"https:\/\/www.alpvisionresidences.com\/blog\/#\/schema\/person\/6e9d17dd9b9dc7fb1f883ab503416e85","name":"digitalservices","image":{"@type":"ImageObject","inLanguage":"en","@id":"https:\/\/secure.gravatar.com\/avatar\/af30f88a1904294c1f3eb09a9d7903eec4ffa18fa2cf40c28a8681014ecdfc20?s=96&d=mm&r=g","url":"https:\/\/secure.gravatar.com\/avatar\/af30f88a1904294c1f3eb09a9d7903eec4ffa18fa2cf40c28a8681014ecdfc20?s=96&d=mm&r=g","contentUrl":"https:\/\/secure.gravatar.com\/avatar\/af30f88a1904294c1f3eb09a9d7903eec4ffa18fa2cf40c28a8681014ecdfc20?s=96&d=mm&r=g","caption":"digitalservices"},"url":"https:\/\/www.alpvisionresidences.com\/blog\/author\/digitalservices\/"}]}},"_links":{"self":[{"href":"https:\/\/www.alpvisionresidences.com\/blog\/wp-json\/wp\/v2\/posts\/14771","targetHints":{"allow":["GET"]}}],"collection":[{"href":"https:\/\/www.alpvisionresidences.com\/blog\/wp-json\/wp\/v2\/posts"}],"about":[{"href":"https:\/\/www.alpvisionresidences.com\/blog\/wp-json\/wp\/v2\/types\/post"}],"author":[{"embeddable":true,"href":"https:\/\/www.alpvisionresidences.com\/blog\/wp-json\/wp\/v2\/users\/3"}],"replies":[{"embeddable":true,"href":"https:\/\/www.alpvisionresidences.com\/blog\/wp-json\/wp\/v2\/comments?post=14771"}],"version-history":[{"count":8,"href":"https:\/\/www.alpvisionresidences.com\/blog\/wp-json\/wp\/v2\/posts\/14771\/revisions"}],"predecessor-version":[{"id":14829,"href":"https:\/\/www.alpvisionresidences.com\/blog\/wp-json\/wp\/v2\/posts\/14771\/revisions\/14829"}],"wp:featuredmedia":[{"embeddable":true,"href":"https:\/\/www.alpvisionresidences.com\/blog\/wp-json\/wp\/v2\/media\/14780"}],"wp:attachment":[{"href":"https:\/\/www.alpvisionresidences.com\/blog\/wp-json\/wp\/v2\/media?parent=14771"}],"wp:term":[{"taxonomy":"category","embeddable":true,"href":"https:\/\/www.alpvisionresidences.com\/blog\/wp-json\/wp\/v2\/categories?post=14771"},{"taxonomy":"post_tag","embeddable":true,"href":"https:\/\/www.alpvisionresidences.com\/blog\/wp-json\/wp\/v2\/tags?post=14771"}],"curies":[{"name":"wp","href":"https:\/\/api.w.org\/{rel}","templated":true}]}}